{"id":100268,"date":"2020-04-10T15:23:25","date_gmt":"2020-04-10T13:23:25","guid":{"rendered":"https:\/\/likemetkovic.hr\/?p=100268"},"modified":"2020-04-10T15:29:31","modified_gmt":"2020-04-10T13:29:31","slug":"zupanijski-stozer-zarazena-je-sticenica-doma-za-starije-u-plocama-tri-sticenika-su-u-ob-dubrovnik","status":"publish","type":"post","link":"https:\/\/likemetkovic.hr\/portal\/zupanijski-stozer-zarazena-je-sticenica-doma-za-starije-u-plocama-tri-sticenika-su-u-ob-dubrovnik\/","title":{"rendered":"\u017dUPANIJSKI STO\u017dER: Zara\u017eena je \u0161ti\u0107enica doma za starije u Plo\u010dama, tri \u0161ti\u0107enika su u OB DUbrovnik"},"content":{"rendered":"<p>Na izvanrednoj konferenciji za medije Sto\u017eera civilne za\u0161tite DN\u017d-a danas u 15 sati ispred OD Dubrovnik objavljeni su podaci o prilikama u domu za starije i nemo\u0107ne u Plo\u010dama.<\/p>\n<p>&#8211;<em> Imamo 1 pozitivnu osobu koja je \u0161ti\u0107enica privatnog doma za starije osobe u Plo\u010dama, u kojeme je ve\u0107 evidentirana COVID-pozitivna njegovateljica. U domu je smje\u0161teno 12 \u0161ti\u0107enika od kojih su ju\u010der popodne dva prevezena u OB Dubrovnik, a prijevoz tre\u0107e \u0161ti\u0107enice je u tijeku. Ostali devet je u domu u samoizolaciji. U tijeku je njihovo testiranje,a bit \u0107e testirani i svi djelatnici doma. U ovom trenutku je na podru\u010dju \u017dupanije COVID-pozitivo 70 osoba a \u010dekaju se jo\u0161 34 nalaza iz Zagreba,<\/em> rekao je na\u010delnik Sto\u017eera \u017eupan Jo\u0161ko Cebalo.<\/p>\n<p>&#8211;<em> \u0160ti\u0107enica doma je pozitivna na COVID-19. \u010cim smo doznali za ovu njegovateljicu, imali smo izvid. Odmah smo pristupili izolaciji svih u domu i uzimanje uzoraka \u0161ti\u0107enika i zaposlenika. Sve rezultate \u0107emo znati za dan ili dva,<\/em> rekao je ravnatelj Zavoda za javno zdravstvo DN\u017d-a Mato Laki\u0107<\/p>\n<p>Voditelj Odjela za infektologiju Stijepan \u0110uri\u0107i\u0107 rekao je kako su dvoje starijih \u0161ti\u0107enika u bolnici, a jo\u0161 jedna osoba \u0107e biti hospitalizirana.<\/p>\n<p><em>&#8211; Ova dva pacijenta iz spomenutoga doma koji su u bolnicu do\u0161li ju\u010der popodne imaju upale plu\u0107a i terapiju. Oni su testirani i \u010dekamo rezultate iz Zagreba. U OB Dubrovnik se lije\u010di sedam pozitivnih na koronavirus, a u tijeku je obrada drugih nalaza. Ljudi tre\u0107e \u017eivotne dobi mogu biti jako ugro\u017eeni. Ostali pacijenti su u studentskom domu stabilni, a neki od njih imaju negativne trestove, <\/em>kazao je \u0110uri\u0107i\u0107.<\/p>\n","protected":false},"excerpt":{"rendered":"<p>Na izvanrednoj konferenciji za medije Sto\u017eera civilne za\u0161tite DN\u017d-a danas u 15 sati ispred OD Dubrovnik objavljeni su podaci o prilikama u domu za starije i nemo\u0107ne u Plo\u010dama. &#8211; Imamo 1 pozitivnu osobu koja je \u0161ti\u0107enica privatnog doma za starije osobe u Plo\u010dama, u kojeme je ve\u0107 evidentirana COVID-pozitivna njegovateljica. U domu je smje\u0161teno [&hellip;]<\/p>\n","protected":false},"author":9,"featured_media":91232,"comment_status":"open","ping_status":"open","sticky":false,"template":"","format":"standard","meta":{"footnotes":""},"categories":[283,300],"tags":[6820,7107],"class_list":{"0":"post-100268","1":"post","2":"type-post","3":"status-publish","4":"format-standard","5":"has-post-thumbnail","7":"category-a","8":"category-zupanija","9":"tag-koronavirus","10":"tag-stozer-civilne-zastite-dnz"},"yoast_head":"<!-- This site is optimized with the Yoast SEO plugin v25.2 - https:\/\/yoast.com\/wordpress\/plugins\/seo\/ -->\n<title>\u017dUPANIJSKI STO\u017dER: Zara\u017eena je \u0161ti\u0107enica doma za starije u Plo\u010dama, tri \u0161ti\u0107enika su u OB DUbrovnik - likemetkovic.hr<\/title>\n<meta name=\"robots\" content=\"index, follow, max-snippet:-1, max-image-preview:large, max-video-preview:-1\" \/>\n<link rel=\"canonical\" href=\"https:\/\/likemetkovic.hr\/zupanijski-stozer-zarazena-je-sticenica-doma-za-starije-u-plocama-tri-sticenika-su-u-ob-dubrovnik\/\" \/>\n<meta property=\"og:locale\" content=\"hr_HR\" \/>\n<meta property=\"og:type\" content=\"article\" \/>\n<meta property=\"og:title\" content=\"\u017dUPANIJSKI STO\u017dER: Zara\u017eena je \u0161ti\u0107enica doma za starije u Plo\u010dama, tri \u0161ti\u0107enika su u OB DUbrovnik - likemetkovic.hr\" \/>\n<meta property=\"og:description\" content=\"Na izvanrednoj konferenciji za medije Sto\u017eera civilne za\u0161tite DN\u017d-a danas u 15 sati ispred OD Dubrovnik objavljeni su podaci o prilikama u domu za starije i nemo\u0107ne u Plo\u010dama. &#8211; Imamo 1 pozitivnu osobu koja je \u0161ti\u0107enica privatnog doma za starije osobe u Plo\u010dama, u kojeme je ve\u0107 evidentirana COVID-pozitivna njegovateljica. U domu je smje\u0161teno [&hellip;]\" \/>\n<meta property=\"og:url\" content=\"https:\/\/likemetkovic.hr\/zupanijski-stozer-zarazena-je-sticenica-doma-za-starije-u-plocama-tri-sticenika-su-u-ob-dubrovnik\/\" \/>\n<meta property=\"og:site_name\" content=\"likemetkovic.hr\" \/>\n<meta property=\"article:publisher\" content=\"https:\/\/www.facebook.com\/likemetkovic.hr\/\" \/>\n<meta property=\"article:published_time\" content=\"2020-04-10T13:23:25+00:00\" \/>\n<meta property=\"article:modified_time\" content=\"2020-04-10T13:29:31+00:00\" \/>\n<meta property=\"og:image\" content=\"https:\/\/likemetkovic.hr\/wp-content\/uploads\/2019\/10\/ploce-riva_edited.jpg\" \/>\n\t<meta property=\"og:image:width\" content=\"800\" \/>\n\t<meta property=\"og:image:height\" content=\"533\" \/>\n\t<meta property=\"og:image:type\" content=\"image\/jpeg\" \/>\n<meta name=\"author\" content=\"K. J.\" \/>\n<meta name=\"twitter:card\" content=\"summary_large_image\" \/>\n<meta name=\"twitter:label1\" content=\"Napisao\/la\" \/>\n\t<meta name=\"twitter:data1\" content=\"K. J.\" \/>\n\t<meta name=\"twitter:label2\" content=\"Procijenjeno vrijeme \u010ditanja\" \/>\n\t<meta name=\"twitter:data2\" content=\"1 minuta\" \/>\n<script type=\"application\/ld+json\" class=\"yoast-schema-graph\">{\"@context\":\"https:\/\/schema.org\",\"@graph\":[{\"@type\":\"WebPage\",\"@id\":\"https:\/\/likemetkovic.hr\/zupanijski-stozer-zarazena-je-sticenica-doma-za-starije-u-plocama-tri-sticenika-su-u-ob-dubrovnik\/\",\"url\":\"https:\/\/likemetkovic.hr\/zupanijski-stozer-zarazena-je-sticenica-doma-za-starije-u-plocama-tri-sticenika-su-u-ob-dubrovnik\/\",\"name\":\"\u017dUPANIJSKI STO\u017dER: Zara\u017eena je \u0161ti\u0107enica doma za starije u Plo\u010dama, tri \u0161ti\u0107enika su u OB DUbrovnik - likemetkovic.hr\",\"isPartOf\":{\"@id\":\"https:\/\/likemetkovic.hr\/#website\"},\"primaryImageOfPage\":{\"@id\":\"https:\/\/likemetkovic.hr\/zupanijski-stozer-zarazena-je-sticenica-doma-za-starije-u-plocama-tri-sticenika-su-u-ob-dubrovnik\/#primaryimage\"},\"image\":{\"@id\":\"https:\/\/likemetkovic.hr\/zupanijski-stozer-zarazena-je-sticenica-doma-za-starije-u-plocama-tri-sticenika-su-u-ob-dubrovnik\/#primaryimage\"},\"thumbnailUrl\":\"https:\/\/likemetkovic.hr\/portal\/wp-content\/uploads\/2019\/10\/ploce-riva_edited.jpg\",\"datePublished\":\"2020-04-10T13:23:25+00:00\",\"dateModified\":\"2020-04-10T13:29:31+00:00\",\"author\":{\"@id\":\"https:\/\/likemetkovic.hr\/#\/schema\/person\/0a8b4ebfdfe1ff01192dccda40c5da0c\"},\"breadcrumb\":{\"@id\":\"https:\/\/likemetkovic.hr\/zupanijski-stozer-zarazena-je-sticenica-doma-za-starije-u-plocama-tri-sticenika-su-u-ob-dubrovnik\/#breadcrumb\"},\"inLanguage\":\"hr\",\"potentialAction\":[{\"@type\":\"ReadAction\",\"target\":[\"https:\/\/likemetkovic.hr\/zupanijski-stozer-zarazena-je-sticenica-doma-za-starije-u-plocama-tri-sticenika-su-u-ob-dubrovnik\/\"]}]},{\"@type\":\"ImageObject\",\"inLanguage\":\"hr\",\"@id\":\"https:\/\/likemetkovic.hr\/zupanijski-stozer-zarazena-je-sticenica-doma-za-starije-u-plocama-tri-sticenika-su-u-ob-dubrovnik\/#primaryimage\",\"url\":\"https:\/\/likemetkovic.hr\/portal\/wp-content\/uploads\/2019\/10\/ploce-riva_edited.jpg\",\"contentUrl\":\"https:\/\/likemetkovic.hr\/portal\/wp-content\/uploads\/2019\/10\/ploce-riva_edited.jpg\",\"width\":800,\"height\":533},{\"@type\":\"BreadcrumbList\",\"@id\":\"https:\/\/likemetkovic.hr\/zupanijski-stozer-zarazena-je-sticenica-doma-za-starije-u-plocama-tri-sticenika-su-u-ob-dubrovnik\/#breadcrumb\",\"itemListElement\":[{\"@type\":\"ListItem\",\"position\":1,\"name\":\"Po\u010detna stranica\",\"item\":\"https:\/\/likemetkovic.hr\/portal\/\"},{\"@type\":\"ListItem\",\"position\":2,\"name\":\"\u017dUPANIJSKI STO\u017dER: Zara\u017eena je \u0161ti\u0107enica doma za starije u Plo\u010dama, tri \u0161ti\u0107enika su u OB DUbrovnik\"}]},{\"@type\":\"WebSite\",\"@id\":\"https:\/\/likemetkovic.hr\/#website\",\"url\":\"https:\/\/likemetkovic.hr\/\",\"name\":\"likemetkovic.hr\",\"description\":\"Misli pozitivno... \u010ditaj LIKE\",\"potentialAction\":[{\"@type\":\"SearchAction\",\"target\":{\"@type\":\"EntryPoint\",\"urlTemplate\":\"https:\/\/likemetkovic.hr\/?s={search_term_string}\"},\"query-input\":{\"@type\":\"PropertyValueSpecification\",\"valueRequired\":true,\"valueName\":\"search_term_string\"}}],\"inLanguage\":\"hr\"},{\"@type\":\"Person\",\"@id\":\"https:\/\/likemetkovic.hr\/#\/schema\/person\/0a8b4ebfdfe1ff01192dccda40c5da0c\",\"name\":\"K. J.\",\"url\":\"https:\/\/likemetkovic.hr\/portal\/author\/likemetkovic\/\"}]}<\/script>\n<!-- \/ Yoast SEO plugin. -->","yoast_head_json":{"title":"\u017dUPANIJSKI STO\u017dER: Zara\u017eena je \u0161ti\u0107enica doma za starije u Plo\u010dama, tri \u0161ti\u0107enika su u OB DUbrovnik - likemetkovic.hr","robots":{"index":"index","follow":"follow","max-snippet":"max-snippet:-1","max-image-preview":"max-image-preview:large","max-video-preview":"max-video-preview:-1"},"canonical":"https:\/\/likemetkovic.hr\/zupanijski-stozer-zarazena-je-sticenica-doma-za-starije-u-plocama-tri-sticenika-su-u-ob-dubrovnik\/","og_locale":"hr_HR","og_type":"article","og_title":"\u017dUPANIJSKI STO\u017dER: Zara\u017eena je \u0161ti\u0107enica doma za starije u Plo\u010dama, tri \u0161ti\u0107enika su u OB DUbrovnik - likemetkovic.hr","og_description":"Na izvanrednoj konferenciji za medije Sto\u017eera civilne za\u0161tite DN\u017d-a danas u 15 sati ispred OD Dubrovnik objavljeni su podaci o prilikama u domu za starije i nemo\u0107ne u Plo\u010dama. &#8211; Imamo 1 pozitivnu osobu koja je \u0161ti\u0107enica privatnog doma za starije osobe u Plo\u010dama, u kojeme je ve\u0107 evidentirana COVID-pozitivna njegovateljica. U domu je smje\u0161teno [&hellip;]","og_url":"https:\/\/likemetkovic.hr\/zupanijski-stozer-zarazena-je-sticenica-doma-za-starije-u-plocama-tri-sticenika-su-u-ob-dubrovnik\/","og_site_name":"likemetkovic.hr","article_publisher":"https:\/\/www.facebook.com\/likemetkovic.hr\/","article_published_time":"2020-04-10T13:23:25+00:00","article_modified_time":"2020-04-10T13:29:31+00:00","og_image":[{"width":800,"height":533,"url":"https:\/\/likemetkovic.hr\/wp-content\/uploads\/2019\/10\/ploce-riva_edited.jpg","type":"image\/jpeg"}],"author":"K. J.","twitter_card":"summary_large_image","twitter_misc":{"Napisao\/la":"K. J.","Procijenjeno vrijeme \u010ditanja":"1 minuta"},"schema":{"@context":"https:\/\/schema.org","@graph":[{"@type":"WebPage","@id":"https:\/\/likemetkovic.hr\/zupanijski-stozer-zarazena-je-sticenica-doma-za-starije-u-plocama-tri-sticenika-su-u-ob-dubrovnik\/","url":"https:\/\/likemetkovic.hr\/zupanijski-stozer-zarazena-je-sticenica-doma-za-starije-u-plocama-tri-sticenika-su-u-ob-dubrovnik\/","name":"\u017dUPANIJSKI STO\u017dER: Zara\u017eena je \u0161ti\u0107enica doma za starije u Plo\u010dama, tri \u0161ti\u0107enika su u OB DUbrovnik - likemetkovic.hr","isPartOf":{"@id":"https:\/\/likemetkovic.hr\/#website"},"primaryImageOfPage":{"@id":"https:\/\/likemetkovic.hr\/zupanijski-stozer-zarazena-je-sticenica-doma-za-starije-u-plocama-tri-sticenika-su-u-ob-dubrovnik\/#primaryimage"},"image":{"@id":"https:\/\/likemetkovic.hr\/zupanijski-stozer-zarazena-je-sticenica-doma-za-starije-u-plocama-tri-sticenika-su-u-ob-dubrovnik\/#primaryimage"},"thumbnailUrl":"https:\/\/likemetkovic.hr\/portal\/wp-content\/uploads\/2019\/10\/ploce-riva_edited.jpg","datePublished":"2020-04-10T13:23:25+00:00","dateModified":"2020-04-10T13:29:31+00:00","author":{"@id":"https:\/\/likemetkovic.hr\/#\/schema\/person\/0a8b4ebfdfe1ff01192dccda40c5da0c"},"breadcrumb":{"@id":"https:\/\/likemetkovic.hr\/zupanijski-stozer-zarazena-je-sticenica-doma-za-starije-u-plocama-tri-sticenika-su-u-ob-dubrovnik\/#breadcrumb"},"inLanguage":"hr","potentialAction":[{"@type":"ReadAction","target":["https:\/\/likemetkovic.hr\/zupanijski-stozer-zarazena-je-sticenica-doma-za-starije-u-plocama-tri-sticenika-su-u-ob-dubrovnik\/"]}]},{"@type":"ImageObject","inLanguage":"hr","@id":"https:\/\/likemetkovic.hr\/zupanijski-stozer-zarazena-je-sticenica-doma-za-starije-u-plocama-tri-sticenika-su-u-ob-dubrovnik\/#primaryimage","url":"https:\/\/likemetkovic.hr\/portal\/wp-content\/uploads\/2019\/10\/ploce-riva_edited.jpg","contentUrl":"https:\/\/likemetkovic.hr\/portal\/wp-content\/uploads\/2019\/10\/ploce-riva_edited.jpg","width":800,"height":533},{"@type":"BreadcrumbList","@id":"https:\/\/likemetkovic.hr\/zupanijski-stozer-zarazena-je-sticenica-doma-za-starije-u-plocama-tri-sticenika-su-u-ob-dubrovnik\/#breadcrumb","itemListElement":[{"@type":"ListItem","position":1,"name":"Po\u010detna stranica","item":"https:\/\/likemetkovic.hr\/portal\/"},{"@type":"ListItem","position":2,"name":"\u017dUPANIJSKI STO\u017dER: Zara\u017eena je \u0161ti\u0107enica doma za starije u Plo\u010dama, tri \u0161ti\u0107enika su u OB DUbrovnik"}]},{"@type":"WebSite","@id":"https:\/\/likemetkovic.hr\/#website","url":"https:\/\/likemetkovic.hr\/","name":"likemetkovic.hr","description":"Misli pozitivno... \u010ditaj LIKE","potentialAction":[{"@type":"SearchAction","target":{"@type":"EntryPoint","urlTemplate":"https:\/\/likemetkovic.hr\/?s={search_term_string}"},"query-input":{"@type":"PropertyValueSpecification","valueRequired":true,"valueName":"search_term_string"}}],"inLanguage":"hr"},{"@type":"Person","@id":"https:\/\/likemetkovic.hr\/#\/schema\/person\/0a8b4ebfdfe1ff01192dccda40c5da0c","name":"K. J.","url":"https:\/\/likemetkovic.hr\/portal\/author\/likemetkovic\/"}]}},"_links":{"self":[{"href":"https:\/\/likemetkovic.hr\/portal\/wp-json\/wp\/v2\/posts\/100268","targetHints":{"allow":["GET"]}}],"collection":[{"href":"https:\/\/likemetkovic.hr\/portal\/wp-json\/wp\/v2\/posts"}],"about":[{"href":"https:\/\/likemetkovic.hr\/portal\/wp-json\/wp\/v2\/types\/post"}],"author":[{"embeddable":true,"href":"https:\/\/likemetkovic.hr\/portal\/wp-json\/wp\/v2\/users\/9"}],"replies":[{"embeddable":true,"href":"https:\/\/likemetkovic.hr\/portal\/wp-json\/wp\/v2\/comments?post=100268"}],"version-history":[{"count":0,"href":"https:\/\/likemetkovic.hr\/portal\/wp-json\/wp\/v2\/posts\/100268\/revisions"}],"wp:featuredmedia":[{"embeddable":true,"href":"https:\/\/likemetkovic.hr\/portal\/wp-json\/wp\/v2\/media\/91232"}],"wp:attachment":[{"href":"https:\/\/likemetkovic.hr\/portal\/wp-json\/wp\/v2\/media?parent=100268"}],"wp:term":[{"taxonomy":"category","embeddable":true,"href":"https:\/\/likemetkovic.hr\/portal\/wp-json\/wp\/v2\/categories?post=100268"},{"taxonomy":"post_tag","embeddable":true,"href":"https:\/\/likemetkovic.hr\/portal\/wp-json\/wp\/v2\/tags?post=100268"}],"curies":[{"name":"wp","href":"https:\/\/api.w.org\/{rel}","templated":true}]}}