{"id":100412,"date":"2020-04-13T13:06:50","date_gmt":"2020-04-13T11:06:50","guid":{"rendered":"https:\/\/likemetkovic.hr\/?p=100412"},"modified":"2020-04-13T13:24:51","modified_gmt":"2020-04-13T11:24:51","slug":"zupanijski-stozer-slucaj-preminulog-iz-rogotina-nije-povezan-sa-koronavirusom","status":"publish","type":"post","link":"https:\/\/likemetkovic.hr\/portal\/zupanijski-stozer-slucaj-preminulog-iz-rogotina-nije-povezan-sa-koronavirusom\/","title":{"rendered":"\u017dUPANIJSKI STO\u017dER: Slu\u010daj preminulog iz Rogotina nije povezan sa koronavirusom"},"content":{"rendered":"<p>Danas u 12:30 na konferencija za medije u Dubrovniku Sto\u017eera civilne za\u0161tite DN\u017d-a je iznesen podatak da je \u0161est novih slu\u010dajeva koronavirusa u \u017dupaniji te pojedinosti o slu\u010daju preminule osobe u Rogotinu.<\/p>\n<p>&#8211;<em> Novih je 6 pozitivnih na koronavirus \u0161to ocjenjujemo jo\u0161 uvijek stabilnim stanjem. Situacija je ozbiljna. Moramo se pridr\u017eavati svih mjera. Posebno se zahvaljujem zdravstvenom osoblju, oni su na prvoj liniji&#8230; ne stigmatiziramo one koji su pozitivni, svi mo\u017eemo biti zara\u017eeni, ono na \u0161to pozivamo je da se otkriju\u00a0svi kontakti i pridr\u017eavanje mjera samoizolacije<\/em>\u00a0rekao je \u017eupan Nikola Dobroslavi\u0107.<\/p>\n<p>&#8211; Do danas je upu\u0107eno 889, a pozitivnih je 98, \u0161est novih od ju\u010der. Ne \u010dekamo nijedan nalaz iz Zagreba. Dobra je vijest dvije nove osobe koje su ozdravile. Dopustite mi da izrazim su\u0107ut obitelji preminulog s podru\u010dja Grada Plo\u010da.<strong> Ta smrt nije povezana sa infekcijom COVID-19.<\/strong> Zatra\u017eili smo izvje\u0161\u0107a svih koji su povezani s tim slu\u010dajem, izjavio je na\u010delnik Sto\u017eera <strong>Jo\u0161ko Cebalo<\/strong>.<\/p>\n<p>&#8211; U ovom trenutku u OB Dubrovnik se nalazi 35 osoba, od toga 22 na odjelu za zarazne bolesti, \u010detiri na intenzivnoj, a jedna je te\u017eeg stanja te je intubirana. U studentskom domu je devet pozitivnih pacijenata. Jo\u0161 je \u017eivotno ugro\u017eena osoba iz KBC Split. Pet lije\u010dnika, sedam medicinskih sestara i jedan nemedicinski djelatnik je u izolaciji,&#8221; kazao je ravnatelj OB Dubrovnik <strong>Marijo Beki\u0107<\/strong>.<\/p>\n<p>&#8211; \u0160est je novozara\u017eenih, svih \u0161est je iz Doma za starije Dubrovnik: pet je \u0161ti\u0107enika i jedna je djelatnica Doma, izjavio je ravnatelj \u017dZJZ-a <strong>Mato Laki\u0107<\/strong>.<\/p>\n<p>&#8211; Izra\u017eavam su\u0107ut obitelji pokojnika iz Rogotina. Hitna odgovorno obavlja svoj posao. Broj intervencija je isti kao i pro\u0161le godine. Za\u0161titna oprema nam je i vi\u0161e nego dostatna. U Dolini Neretve imamo i pove\u0107ani broj vozila tako da tvrdnje da zbog toga ne izlazimo je deplasirana. Pokrenuo sam izvanredni stru\u010dni nadzor, ali imamo dovoljno spoznaja: poziv je upu\u0107en od policijskog slu\u017ebenika Plo\u010de u nedjelju u 0:29 na\u0161em ordiniraju\u0107em lije\u010dniku u Plo\u010dama. <strong>On (policijski slu\u017ebenik) je na njegov privatni mobitel objasnio da ima sumnjivog COVID-pozitivnog bolesnika, a ne o hitni slu\u010daj.<\/strong> Na\u0161 djelatnik je izdiktirao broj COVID-ambulante u Plo\u010dama. Nakon 19 minuta je policijski slu\u017ebenik ponovno nazvao da je pacijent umro. U 0:42 smo dobili poziv na 112 vijest da je pacijent preminuo. Nije se dogodilo da lije\u010dnik odbio ili se pravdao da nije imao opreme ili sli\u010dno. Na\u017ealost, \u010dovjek iz Rogotina je zvao prvo policiju, a ne 112 \u0161to opet ne mijenja stvar. &#8211; rekao je ravnatelj Zavoda za hitnu medicinu DN\u017d-a <strong>Luka Luli\u0107.<\/strong><\/p>\n<p>Odgovaraju\u0107i na pitanja, Mato Laki\u0107 je kazao kako je osoba iz Rogotina preminula tako \u0161to je pala i udarila glavom dakle kako je preminula nasilnom smr\u0107u. Dalje nije obja\u0161njavao ovaj podatak. Nema podataka o tome je li izvr\u0161ena obdukcija pokojnika.<\/p>\n<p>&#8211; U 0:26 je zaprimljena dojava iz Rogotina kako je njegov susjed pokucao na vrata da mu je lo\u0161e. U 00.31 je informacija prenesena ophodnji koja je na mjesto iza\u0161la u 0:40, u 0:41 je ophodnja je izvijestila o smrti&#8230; Mrtvozornik je utvrdio nasilnu smrt, udarac u glavu, najvjerojatnije zbog op\u0107e slabosti je <strong>preminuli pao i udario glavom, dakle, preminula je nasilnom smr\u0107u&#8230;<\/strong> Mi sve smrti koje nisu prirodne vodimo kao nasilnu smrt. Obdukcija nije obavljena, izjavio na na\u010delni PU Ivan Pavli\u010devi\u0107.<\/p>\n<p>Pavli\u010devi\u0107 je kazao kako je rije\u010d o osobi koja je imala vi\u0161e kroni\u010dnih bolesti. Tako\u0111er, odgovaraju\u0107i na novinarska pitanja, potvrdio je da su tri osobe u prosincu, o\u017eujku i travnju po\u010dinile suicid u Domu za starije u Dubrovniku.<\/p>\n","protected":false},"excerpt":{"rendered":"<p>Danas u 12:30 na konferencija za medije u Dubrovniku Sto\u017eera civilne za\u0161tite DN\u017d-a je iznesen podatak da je \u0161est novih slu\u010dajeva koronavirusa u \u017dupaniji te pojedinosti o slu\u010daju preminule osobe u Rogotinu. &#8211; Novih je 6 pozitivnih na koronavirus \u0161to ocjenjujemo jo\u0161 uvijek stabilnim stanjem. Situacija je ozbiljna. Moramo se pridr\u017eavati svih mjera. Posebno se [&hellip;]<\/p>\n","protected":false},"author":9,"featured_media":99199,"comment_status":"open","ping_status":"open","sticky":false,"template":"","format":"standard","meta":{"footnotes":""},"categories":[283,300],"tags":[7148,666,7107],"class_list":{"0":"post-100412","1":"post","2":"type-post","3":"status-publish","4":"format-standard","5":"has-post-thumbnail","7":"category-a","8":"category-zupanija","9":"tag-epidemija-koronavirusa","10":"tag-rogotin","11":"tag-stozer-civilne-zastite-dnz"},"yoast_head":"<!-- This site is optimized with the Yoast SEO plugin v25.2 - https:\/\/yoast.com\/wordpress\/plugins\/seo\/ -->\n<title>\u017dUPANIJSKI STO\u017dER: Slu\u010daj preminulog iz Rogotina nije povezan sa koronavirusom - likemetkovic.hr<\/title>\n<meta name=\"robots\" content=\"index, follow, max-snippet:-1, max-image-preview:large, max-video-preview:-1\" \/>\n<link rel=\"canonical\" href=\"https:\/\/likemetkovic.hr\/zupanijski-stozer-slucaj-preminulog-iz-rogotina-nije-povezan-sa-koronavirusom\/\" \/>\n<meta property=\"og:locale\" content=\"hr_HR\" \/>\n<meta property=\"og:type\" content=\"article\" \/>\n<meta property=\"og:title\" content=\"\u017dUPANIJSKI STO\u017dER: Slu\u010daj preminulog iz Rogotina nije povezan sa koronavirusom - likemetkovic.hr\" \/>\n<meta property=\"og:description\" content=\"Danas u 12:30 na konferencija za medije u Dubrovniku Sto\u017eera civilne za\u0161tite DN\u017d-a je iznesen podatak da je \u0161est novih slu\u010dajeva koronavirusa u \u017dupaniji te pojedinosti o slu\u010daju preminule osobe u Rogotinu. &#8211; Novih je 6 pozitivnih na koronavirus \u0161to ocjenjujemo jo\u0161 uvijek stabilnim stanjem. Situacija je ozbiljna. Moramo se pridr\u017eavati svih mjera. Posebno se [&hellip;]\" \/>\n<meta property=\"og:url\" content=\"https:\/\/likemetkovic.hr\/zupanijski-stozer-slucaj-preminulog-iz-rogotina-nije-povezan-sa-koronavirusom\/\" \/>\n<meta property=\"og:site_name\" content=\"likemetkovic.hr\" \/>\n<meta property=\"article:publisher\" content=\"https:\/\/www.facebook.com\/likemetkovic.hr\/\" \/>\n<meta property=\"article:published_time\" content=\"2020-04-13T11:06:50+00:00\" \/>\n<meta property=\"article:modified_time\" content=\"2020-04-13T11:24:51+00:00\" \/>\n<meta property=\"og:image\" content=\"https:\/\/likemetkovic.hr\/wp-content\/uploads\/2020\/03\/stozer-dnz.jpg\" \/>\n\t<meta property=\"og:image:width\" content=\"800\" \/>\n\t<meta property=\"og:image:height\" content=\"533\" \/>\n\t<meta property=\"og:image:type\" content=\"image\/jpeg\" \/>\n<meta name=\"author\" content=\"K. J.\" \/>\n<meta name=\"twitter:card\" content=\"summary_large_image\" \/>\n<meta name=\"twitter:label1\" content=\"Napisao\/la\" \/>\n\t<meta name=\"twitter:data1\" content=\"K. J.\" \/>\n\t<meta name=\"twitter:label2\" content=\"Procijenjeno vrijeme \u010ditanja\" \/>\n\t<meta name=\"twitter:data2\" content=\"3 minute\" \/>\n<script type=\"application\/ld+json\" class=\"yoast-schema-graph\">{\"@context\":\"https:\/\/schema.org\",\"@graph\":[{\"@type\":\"WebPage\",\"@id\":\"https:\/\/likemetkovic.hr\/zupanijski-stozer-slucaj-preminulog-iz-rogotina-nije-povezan-sa-koronavirusom\/\",\"url\":\"https:\/\/likemetkovic.hr\/zupanijski-stozer-slucaj-preminulog-iz-rogotina-nije-povezan-sa-koronavirusom\/\",\"name\":\"\u017dUPANIJSKI STO\u017dER: Slu\u010daj preminulog iz Rogotina nije povezan sa koronavirusom - likemetkovic.hr\",\"isPartOf\":{\"@id\":\"https:\/\/likemetkovic.hr\/#website\"},\"primaryImageOfPage\":{\"@id\":\"https:\/\/likemetkovic.hr\/zupanijski-stozer-slucaj-preminulog-iz-rogotina-nije-povezan-sa-koronavirusom\/#primaryimage\"},\"image\":{\"@id\":\"https:\/\/likemetkovic.hr\/zupanijski-stozer-slucaj-preminulog-iz-rogotina-nije-povezan-sa-koronavirusom\/#primaryimage\"},\"thumbnailUrl\":\"https:\/\/likemetkovic.hr\/portal\/wp-content\/uploads\/2020\/03\/stozer-dnz.jpg\",\"datePublished\":\"2020-04-13T11:06:50+00:00\",\"dateModified\":\"2020-04-13T11:24:51+00:00\",\"author\":{\"@id\":\"https:\/\/likemetkovic.hr\/#\/schema\/person\/0a8b4ebfdfe1ff01192dccda40c5da0c\"},\"breadcrumb\":{\"@id\":\"https:\/\/likemetkovic.hr\/zupanijski-stozer-slucaj-preminulog-iz-rogotina-nije-povezan-sa-koronavirusom\/#breadcrumb\"},\"inLanguage\":\"hr\",\"potentialAction\":[{\"@type\":\"ReadAction\",\"target\":[\"https:\/\/likemetkovic.hr\/zupanijski-stozer-slucaj-preminulog-iz-rogotina-nije-povezan-sa-koronavirusom\/\"]}]},{\"@type\":\"ImageObject\",\"inLanguage\":\"hr\",\"@id\":\"https:\/\/likemetkovic.hr\/zupanijski-stozer-slucaj-preminulog-iz-rogotina-nije-povezan-sa-koronavirusom\/#primaryimage\",\"url\":\"https:\/\/likemetkovic.hr\/portal\/wp-content\/uploads\/2020\/03\/stozer-dnz.jpg\",\"contentUrl\":\"https:\/\/likemetkovic.hr\/portal\/wp-content\/uploads\/2020\/03\/stozer-dnz.jpg\",\"width\":800,\"height\":533},{\"@type\":\"BreadcrumbList\",\"@id\":\"https:\/\/likemetkovic.hr\/zupanijski-stozer-slucaj-preminulog-iz-rogotina-nije-povezan-sa-koronavirusom\/#breadcrumb\",\"itemListElement\":[{\"@type\":\"ListItem\",\"position\":1,\"name\":\"Po\u010detna stranica\",\"item\":\"https:\/\/likemetkovic.hr\/portal\/\"},{\"@type\":\"ListItem\",\"position\":2,\"name\":\"\u017dUPANIJSKI STO\u017dER: Slu\u010daj preminulog iz Rogotina nije povezan sa koronavirusom\"}]},{\"@type\":\"WebSite\",\"@id\":\"https:\/\/likemetkovic.hr\/#website\",\"url\":\"https:\/\/likemetkovic.hr\/\",\"name\":\"likemetkovic.hr\",\"description\":\"Misli pozitivno... \u010ditaj LIKE\",\"potentialAction\":[{\"@type\":\"SearchAction\",\"target\":{\"@type\":\"EntryPoint\",\"urlTemplate\":\"https:\/\/likemetkovic.hr\/?s={search_term_string}\"},\"query-input\":{\"@type\":\"PropertyValueSpecification\",\"valueRequired\":true,\"valueName\":\"search_term_string\"}}],\"inLanguage\":\"hr\"},{\"@type\":\"Person\",\"@id\":\"https:\/\/likemetkovic.hr\/#\/schema\/person\/0a8b4ebfdfe1ff01192dccda40c5da0c\",\"name\":\"K. J.\",\"url\":\"https:\/\/likemetkovic.hr\/portal\/author\/likemetkovic\/\"}]}<\/script>\n<!-- \/ Yoast SEO plugin. -->","yoast_head_json":{"title":"\u017dUPANIJSKI STO\u017dER: Slu\u010daj preminulog iz Rogotina nije povezan sa koronavirusom - likemetkovic.hr","robots":{"index":"index","follow":"follow","max-snippet":"max-snippet:-1","max-image-preview":"max-image-preview:large","max-video-preview":"max-video-preview:-1"},"canonical":"https:\/\/likemetkovic.hr\/zupanijski-stozer-slucaj-preminulog-iz-rogotina-nije-povezan-sa-koronavirusom\/","og_locale":"hr_HR","og_type":"article","og_title":"\u017dUPANIJSKI STO\u017dER: Slu\u010daj preminulog iz Rogotina nije povezan sa koronavirusom - likemetkovic.hr","og_description":"Danas u 12:30 na konferencija za medije u Dubrovniku Sto\u017eera civilne za\u0161tite DN\u017d-a je iznesen podatak da je \u0161est novih slu\u010dajeva koronavirusa u \u017dupaniji te pojedinosti o slu\u010daju preminule osobe u Rogotinu. &#8211; Novih je 6 pozitivnih na koronavirus \u0161to ocjenjujemo jo\u0161 uvijek stabilnim stanjem. Situacija je ozbiljna. Moramo se pridr\u017eavati svih mjera. Posebno se [&hellip;]","og_url":"https:\/\/likemetkovic.hr\/zupanijski-stozer-slucaj-preminulog-iz-rogotina-nije-povezan-sa-koronavirusom\/","og_site_name":"likemetkovic.hr","article_publisher":"https:\/\/www.facebook.com\/likemetkovic.hr\/","article_published_time":"2020-04-13T11:06:50+00:00","article_modified_time":"2020-04-13T11:24:51+00:00","og_image":[{"width":800,"height":533,"url":"https:\/\/likemetkovic.hr\/wp-content\/uploads\/2020\/03\/stozer-dnz.jpg","type":"image\/jpeg"}],"author":"K. J.","twitter_card":"summary_large_image","twitter_misc":{"Napisao\/la":"K. J.","Procijenjeno vrijeme \u010ditanja":"3 minute"},"schema":{"@context":"https:\/\/schema.org","@graph":[{"@type":"WebPage","@id":"https:\/\/likemetkovic.hr\/zupanijski-stozer-slucaj-preminulog-iz-rogotina-nije-povezan-sa-koronavirusom\/","url":"https:\/\/likemetkovic.hr\/zupanijski-stozer-slucaj-preminulog-iz-rogotina-nije-povezan-sa-koronavirusom\/","name":"\u017dUPANIJSKI STO\u017dER: Slu\u010daj preminulog iz Rogotina nije povezan sa koronavirusom - likemetkovic.hr","isPartOf":{"@id":"https:\/\/likemetkovic.hr\/#website"},"primaryImageOfPage":{"@id":"https:\/\/likemetkovic.hr\/zupanijski-stozer-slucaj-preminulog-iz-rogotina-nije-povezan-sa-koronavirusom\/#primaryimage"},"image":{"@id":"https:\/\/likemetkovic.hr\/zupanijski-stozer-slucaj-preminulog-iz-rogotina-nije-povezan-sa-koronavirusom\/#primaryimage"},"thumbnailUrl":"https:\/\/likemetkovic.hr\/portal\/wp-content\/uploads\/2020\/03\/stozer-dnz.jpg","datePublished":"2020-04-13T11:06:50+00:00","dateModified":"2020-04-13T11:24:51+00:00","author":{"@id":"https:\/\/likemetkovic.hr\/#\/schema\/person\/0a8b4ebfdfe1ff01192dccda40c5da0c"},"breadcrumb":{"@id":"https:\/\/likemetkovic.hr\/zupanijski-stozer-slucaj-preminulog-iz-rogotina-nije-povezan-sa-koronavirusom\/#breadcrumb"},"inLanguage":"hr","potentialAction":[{"@type":"ReadAction","target":["https:\/\/likemetkovic.hr\/zupanijski-stozer-slucaj-preminulog-iz-rogotina-nije-povezan-sa-koronavirusom\/"]}]},{"@type":"ImageObject","inLanguage":"hr","@id":"https:\/\/likemetkovic.hr\/zupanijski-stozer-slucaj-preminulog-iz-rogotina-nije-povezan-sa-koronavirusom\/#primaryimage","url":"https:\/\/likemetkovic.hr\/portal\/wp-content\/uploads\/2020\/03\/stozer-dnz.jpg","contentUrl":"https:\/\/likemetkovic.hr\/portal\/wp-content\/uploads\/2020\/03\/stozer-dnz.jpg","width":800,"height":533},{"@type":"BreadcrumbList","@id":"https:\/\/likemetkovic.hr\/zupanijski-stozer-slucaj-preminulog-iz-rogotina-nije-povezan-sa-koronavirusom\/#breadcrumb","itemListElement":[{"@type":"ListItem","position":1,"name":"Po\u010detna stranica","item":"https:\/\/likemetkovic.hr\/portal\/"},{"@type":"ListItem","position":2,"name":"\u017dUPANIJSKI STO\u017dER: Slu\u010daj preminulog iz Rogotina nije povezan sa koronavirusom"}]},{"@type":"WebSite","@id":"https:\/\/likemetkovic.hr\/#website","url":"https:\/\/likemetkovic.hr\/","name":"likemetkovic.hr","description":"Misli pozitivno... \u010ditaj LIKE","potentialAction":[{"@type":"SearchAction","target":{"@type":"EntryPoint","urlTemplate":"https:\/\/likemetkovic.hr\/?s={search_term_string}"},"query-input":{"@type":"PropertyValueSpecification","valueRequired":true,"valueName":"search_term_string"}}],"inLanguage":"hr"},{"@type":"Person","@id":"https:\/\/likemetkovic.hr\/#\/schema\/person\/0a8b4ebfdfe1ff01192dccda40c5da0c","name":"K. J.","url":"https:\/\/likemetkovic.hr\/portal\/author\/likemetkovic\/"}]}},"_links":{"self":[{"href":"https:\/\/likemetkovic.hr\/portal\/wp-json\/wp\/v2\/posts\/100412","targetHints":{"allow":["GET"]}}],"collection":[{"href":"https:\/\/likemetkovic.hr\/portal\/wp-json\/wp\/v2\/posts"}],"about":[{"href":"https:\/\/likemetkovic.hr\/portal\/wp-json\/wp\/v2\/types\/post"}],"author":[{"embeddable":true,"href":"https:\/\/likemetkovic.hr\/portal\/wp-json\/wp\/v2\/users\/9"}],"replies":[{"embeddable":true,"href":"https:\/\/likemetkovic.hr\/portal\/wp-json\/wp\/v2\/comments?post=100412"}],"version-history":[{"count":0,"href":"https:\/\/likemetkovic.hr\/portal\/wp-json\/wp\/v2\/posts\/100412\/revisions"}],"wp:featuredmedia":[{"embeddable":true,"href":"https:\/\/likemetkovic.hr\/portal\/wp-json\/wp\/v2\/media\/99199"}],"wp:attachment":[{"href":"https:\/\/likemetkovic.hr\/portal\/wp-json\/wp\/v2\/media?parent=100412"}],"wp:term":[{"taxonomy":"category","embeddable":true,"href":"https:\/\/likemetkovic.hr\/portal\/wp-json\/wp\/v2\/categories?post=100412"},{"taxonomy":"post_tag","embeddable":true,"href":"https:\/\/likemetkovic.hr\/portal\/wp-json\/wp\/v2\/tags?post=100412"}],"curies":[{"name":"wp","href":"https:\/\/api.w.org\/{rel}","templated":true}]}}