{"id":100611,"date":"2020-04-18T12:04:45","date_gmt":"2020-04-18T10:04:45","guid":{"rendered":"https:\/\/likemetkovic.hr\/?p=100611"},"modified":"2020-04-18T12:04:45","modified_gmt":"2020-04-18T10:04:45","slug":"tonci-matulic-stvarni-utjecaj-pandemije-koronavirusa-na-duhovni-zivot-vjernika","status":"publish","type":"post","link":"https:\/\/likemetkovic.hr\/portal\/tonci-matulic-stvarni-utjecaj-pandemije-koronavirusa-na-duhovni-zivot-vjernika\/","title":{"rendered":"Ton\u010di Matuli\u0107: Stvarni utjecaj pandemije koronavirusa na duhovni \u017eivot vjernika"},"content":{"rendered":"<p>Posljednjih su se dana umno\u017eili javno izra\u017eena nezadovoljstva s odlukom crkvene hijerarhije o <strong>privremenoj<\/strong> <strong>obustavi svih liturgijskih slavlja s narodom<\/strong> zbog pandemije koronavirusa. Budu\u0107i da su imena mrska, osvrnut \u0107emo se samo na neke ideje odnosno pristupe.<\/p>\n<p>Prvo, iz nekih nezadovoljstava je sasvim jasno da se i ovu otu\u017enu situaciju mo\u017ee iskoristiti za<strong> suvi\u0161nu polarizaciju<\/strong> u Crkvi. Dolaze mi rije\u010di apostola Pavla: <em>O bezumni Gala\u0107ani, tko li vas op\u010dara? A pred o\u010dima vam je Isus Krist bio ocrtan kao Raspeti.<\/em> (Gal 3, 1). Kad bismo doista prihvatili Krista Raspetoga u sili i snazi njegove otkupiteljske istine, onda bismo se barem na Veliki petak ustezali od skretanja pogleda s Raspetoga na monstrancu. Zvu\u010di li to zajedljivo, mo\u017eda bogohulno!? Posrijedi je svojevrsno anesteziranje vjere ljep\u0161im, ugodnijim i sve\u010danijim prizorom Presvetoga Oltarskoga Sakramenta u odnosu na izranjeno, savinuto, bespomo\u0107no i umoreno tijelo raspetoga Sina Bo\u017ejega na kri\u017eu. S time se aludira na vrijednost i mo\u0107 duhovne pri\u010desti, na sposobnost sjedinjenja s na\u0161im Gospodinom Isusom Kristom i onda kad ga ne mo\u017eemo primiti u euharistijskoj pri\u010desti. Upu\u0107ujem i na \u010dinjenicu Njegove realne prisutnosti u Bo\u017ejoj rije\u010di &#8211; Svetome pismu.<strong> A<\/strong> <strong>Crkva \u010dasti Sveto pismo kao i samo tijelo Gospodinovo<\/strong>. Stoga nije sasvim razumljivo, a niti opravdano prozivanje odluke na\u0161e crkvene hijerarhije o uskra\u0107ivanju sakramenata, napose pri\u010desti, puku Bo\u017ejemu. Ta je \u010dinjenica samo djelomi\u010dno to\u010dna, dakle uskra\u0107ivanje je samo radi izbjegavanja masovnog okupljanja koje prijeti \u0161irenjem zaraze te tako ugro\u017eavanjem \u017eivota i zdravlja.<\/p>\n<p><img decoding=\"async\" class=\"size-full wp-image-100285 aligncenter\" src=\"https:\/\/likemetkovic.hr\/wp-content\/uploads\/2020\/04\/veliki-petak-2020-008.jpg\" alt=\"\" width=\"533\" height=\"800\" srcset=\"https:\/\/likemetkovic.hr\/portal\/wp-content\/uploads\/2020\/04\/veliki-petak-2020-008.jpg 533w, https:\/\/likemetkovic.hr\/portal\/wp-content\/uploads\/2020\/04\/veliki-petak-2020-008-280x420.jpg 280w\" sizes=\"(max-width: 533px) 100vw, 533px\" \/><\/p>\n<p>Bilo bi vjerski daleko pou\u010dljivije i duhovno daleko korisnije pitati se <strong>kako to da djelovanje Crkve<\/strong>, pored svega duhovnoga blaga \u0161to ga je Bog polo\u017eio u njezine duhovne trezore, <strong>isklju\u010divo promatramo kroz sakramentizaciju?<\/strong> Opet se i pored toga \u010desto \u017ealimo neovisno od pandemije koronavirusa, ali ovisno o pandemiji pastoralne povr\u0161nosti, da sveprisutnoj sakramentizaciji ne prethode ni temeljita evangelizacija ni sustavna katehizacija. O u\u010dincima takvoga pastorala suvi\u0161no je govoriti. Dovoljno je spomenuti fenomen doslovnog nestanka potvr\u0111enika iz crkve, \u010desto i iz Crkve, nakon primanja sakramenta svete Potvrde. Tako se pojedina\u010dni i kriti\u010dki glasovi o uskrati pri\u010desti \u010dine ako ve\u0107 ne proma\u0161enima, onda svakako neprimjerenima, jer ispada da <em>masovno pri\u010de\u0161\u0107ivanje<\/em> automatski stvara obra\u0107eno srce i donosi Bo\u017eje kraljevstvo u svijet. Ali vidimo i znamo da tomu nije tako.<\/p>\n<p>Teolo\u0161ki izobra\u017eena osoba bi trebala iskoristiti ovo vrijeme, upravo<strong> kao vrijeme milosti i vrijeme spasa<\/strong>, i doprinijeti tome da vjernici prepoznaju i upoznaju koliko duhovnoga blaga ina\u010de propu\u0161taju \u0161to ga Crkva skriva u svojim duhovnim tabernakulima, pritom polaze\u0107i dakako najprije od rasvjetljavanja i produbljivanja zahtjeva evangelizacije, a neka bude napisano takozvane nove evangelizacije, nastavljaju\u0107i zatim na promi\u0161ljeno i kvalitetno kori\u0161tenje suvremenih komunikacijskih sredstava <strong>za obnovljenu i sustavnu katehizaciju i vjersku pouku u punome njihovom opsegu<\/strong>, dakle i u akademsko-teolo\u0161kome, a \u0161to se i o\u010dekuje od akademski izobra\u017eenih teologa. I to\u010dka. Posrijedi stoga nisu druk\u010dija mi\u0161ljenja o odluci hijerarhije glede pastoralnoga djelovanja u vremenu pandemije, u smislu, neka mi nitko ne zamjeri, djetinjega zapomaganja za uskra\u0107enom pri\u010desti, nego o sposobnosti da se pandemiju prepozna kao istinski znak vremena i protuma\u010di u svjetlu evan\u0111elja i Utjelovljene Rije\u010di (usp. <em>Gaudium et spes<\/em>, 4; 44), a to najprije i elementarno zna\u010di <em>hic et nunc<\/em> <strong>prepoznati da se na\u0161 pastoral uglavnom i isklju\u010divo svodi na povr\u0161nu i \u010desto<em> rutinsku<\/em> sakramentizaciju<\/strong> bez prethodne temeljite evangelizacije i sustavne katehizacije.<\/p>\n<p><img decoding=\"async\" class=\"alignnone size-full wp-image-100276\" src=\"https:\/\/likemetkovic.hr\/wp-content\/uploads\/2020\/04\/veliki-petak-2020-zupa-sv-ilija-004.jpg\" alt=\"\" width=\"800\" height=\"532\" srcset=\"https:\/\/likemetkovic.hr\/portal\/wp-content\/uploads\/2020\/04\/veliki-petak-2020-zupa-sv-ilija-004.jpg 800w, https:\/\/likemetkovic.hr\/portal\/wp-content\/uploads\/2020\/04\/veliki-petak-2020-zupa-sv-ilija-004-768x511.jpg 768w, https:\/\/likemetkovic.hr\/portal\/wp-content\/uploads\/2020\/04\/veliki-petak-2020-zupa-sv-ilija-004-696x463.jpg 696w, https:\/\/likemetkovic.hr\/portal\/wp-content\/uploads\/2020\/04\/veliki-petak-2020-zupa-sv-ilija-004-632x420.jpg 632w\" sizes=\"(max-width: 800px) 100vw, 800px\" \/><\/p>\n<p>U tom smislu, dr\u017eim da iz sklopa zapomaganja, neovisno o izra\u017eenoj duhovnoj izo\u0161trenosti za vrijednost euharistijske pri\u010desti, koja je neupitna, dolaze onda i kritike na ra\u010dun hijerarhije i njezine odluke o obustavi liturgijskih sastanaka po crkvama, a koju odluku dr\u017eim razboritom i mudrom i ne samo zato \u0161to \u010dovjek nije stvoren radi subote, nego i zato \u0161to nitko od biskupa pa ni sama Crkva nije ovla\u0161tena raspolagati individualnim ljudskim \u017eivotom. Treba kona\u010dno povjerovati u rije\u010di euharistijske pjesme: &#8230;<em> i kap njena mo\u017ee svijet da spasi cijel&#8217;<\/em> odnosno u mo\u0107 i snagu Kristove krsne milosti te u mo\u0107 i snagu pomazanja Duhom Svetim. <strong>Vjernik je po svetim sakramentima primio toliko milosti<\/strong> da je teolo\u0161ki zabrinjavaju\u0107e i posve neutemeljeno kad ih se naknadno uvjerava da su zbog privremene uskrate euharistijske pri\u010desti doslovno isklju\u010deni iz zajedni\u0161tva \u017eivota s Kristom. Da su ostavljeni kao siro\u010dad. Da su ostavljeni na milost i nemilost silama zla ovoga svijeta. Tko je imalo pou\u010den u katoli\u010dko shva\u0107anje sakramenata zna da tomu nije tako. <em>Uvjeren sam doista: ni smrt, ni \u017eivot, ni an\u0111eli, ni vlasti, ni sada\u0161njost, ni budu\u0107nost, ni sile, bi dubina bi visina, ni ikoji drugi stvor, <strong>ne\u0107e nas mo\u0107i rastaviti od ljubavi Bo\u017eje u Kristu Isusu Gospodinu na\u0161em<\/strong><\/em> (Rim 8, 38-39).\u00a0 Nitko, apsolutno nitko nas ne mo\u017ee rastaviti od ljubavi Bo\u017eje u Kristu Isusu pa onda to ne\u0107e ni pandemija koronavirusa ni odluka hijerarhije da privremeno ne primamo sakramente, a da bismo savjesno i odgovorno \u0161titili vlastite \u017eivote i zdravlje koje nitko nije na\u0161ao na grani, nego ih je primio na dar iz same Bo\u017eje ruke.<\/p>\n<p>Kad se povjeruje u mo\u0107 i snagu sakramenata spontano se prepoznaje da nam <strong>biskupi ni\u0161ta nisu uskratili, a najmanje zabranili<\/strong>, nego kao da su nam poru\u010dili sljede\u0107e: <em>Drage sestre i bra\u0107o, tamo vani postoji jedna ozbiljna prijetnja po va\u0161e zdravlje i \u017eivot. Dr\u017eimo da se nije razborito izlagati, jer posrijedi nije prijetnja &#8216;in odium fidei&#8217; da biste time zaslu\u017eili kr\u0161\u0107ansko mu\u010deni\u0161tvo, nego biste se suvi\u0161nim izlaganjem pokazali kao nerazboriti ljudi, podjednako prema sebi i prema bli\u017enjima. Stoga \u010duvajte svoje zdravlje i zdravlje svojih bli\u017enjih, jer time \u010duvate svoj \u017eivot i \u017eivot svojih bli\u017enjih, taj dragocjeni Bo\u017eji dar s kojim se nikada ne smijemo neodgovorno pona\u0161ati i postupati. <strong>Stoga privremeno ostanite doma i zajedno molite, \u010ditajte i razmatrajte Sveto pismo &#8211; Bo\u017eju rije\u010d, me\u0111usobno se poma\u017eite koliko god mo\u017eete.<\/strong> Duhovno se sjedinjujte s Crkvom. Duhovno se pri\u010de\u0161\u0107ujte Gospodinom Isusom Kristom u zajedni\u0161tvu ku\u0107ne Crkve. Radite na svome osobnom obra\u0107enju. Uzmite korisno duhovno i katehetsko \u0161tivo i pou\u010davajte se u vjerskim i duhovnim stvarima da biste rasli u mudrosti i milosti vjere, nade i ljubavi.<\/em><\/p>\n<p><img decoding=\"async\" class=\"alignnone size-full wp-image-100355\" src=\"https:\/\/likemetkovic.hr\/wp-content\/uploads\/2020\/04\/uskrsno-bdjenje-2020-13.jpg\" alt=\"\" width=\"800\" height=\"533\" srcset=\"https:\/\/likemetkovic.hr\/portal\/wp-content\/uploads\/2020\/04\/uskrsno-bdjenje-2020-13.jpg 800w, https:\/\/likemetkovic.hr\/portal\/wp-content\/uploads\/2020\/04\/uskrsno-bdjenje-2020-13-768x512.jpg 768w, https:\/\/likemetkovic.hr\/portal\/wp-content\/uploads\/2020\/04\/uskrsno-bdjenje-2020-13-696x464.jpg 696w, https:\/\/likemetkovic.hr\/portal\/wp-content\/uploads\/2020\/04\/uskrsno-bdjenje-2020-13-630x420.jpg 630w\" sizes=\"(max-width: 800px) 100vw, 800px\" \/><\/p>\n<p>Eto, tako bi nekako trebalo shvatiti odluku i poruku hijerarhije. Umjesto da poma\u017eu jedni drugima duhovno rasti i osobno se obratiti i u ovim bremenitim vremenima, <strong>neki svojim natpisima, osvrtima i kritikama na ra\u010dun hijerarhije samo unose nepotrebne zabune me\u0111u vjernike<\/strong> i \u0161tovi\u0161e podilaze im na na\u010din kako je to krivo i neprimjereno \u010dinio apostol Petar, odvra\u0107aju\u0107i Isusa od muke i smrti, a zbog \u010dega ga je Isus strogo prekorio: <em>Otada po\u010de Isus upu\u0107ivati u\u010denike kako treba da po\u0111e u Jeruzalem, da mnogo pretrpi od starje\u0161ina, glavara sve\u0107eni\u010dkih i pismoznanaca, da bude ubijen i tre\u0107i dan da uskrsne. Petar ga uze na stranu i po\u010de odvra\u0107ati: &#8216;Bo\u017ee sa\u010duvaj, Gospodine! Ne, to se tebi ne smije dogoditi!&#8217; Isus se okrene i re\u010de Petru. &#8216;Nosi se od mene, sotono! Sablazan si mi jer ti nije na pameti \u0161to je Bo\u017eje, nego \u0161to je ljudsko!<\/em> (Mt 16, 21-23). Tra\u017ei se ne samo dobra upu\u0107enost u vjerske stvari, nego i <strong>osobna zrelost vjere<\/strong> da bi se fenomeni mogli ispravno teolo\u0161ki prosu\u0111ivati. Apostolima na \u010delu s Petrom \u0107e trebati vjersko sazrijevanje sve do dana Pedesetnice \u2013 Duhova, iako su tri godine svakodnevno i\u0161li za Isusom, slu\u0161aju\u0107i njegovu bo\u017eansku rije\u010d i gledaju\u0107i njegova eshatolo\u0161ka znamenja. Revnost za Boga se treba neprestano (samo)preispitivati <strong>nije li posrijedi farizejska obrana onoga \u0161to je ljudsko<\/strong>, a ne Bo\u017eje. Lako se upadne u napast da se na mjesto Bo\u017ejih stvarnosti podmetnu ljudske.<\/p>\n<p><img decoding=\"async\" class=\"alignnone size-full wp-image-100361\" src=\"https:\/\/likemetkovic.hr\/wp-content\/uploads\/2020\/04\/crkva-sv-ilije-jozepovic-1.jpg\" alt=\"\" width=\"800\" height=\"533\" srcset=\"https:\/\/likemetkovic.hr\/portal\/wp-content\/uploads\/2020\/04\/crkva-sv-ilije-jozepovic-1.jpg 800w, https:\/\/likemetkovic.hr\/portal\/wp-content\/uploads\/2020\/04\/crkva-sv-ilije-jozepovic-1-768x512.jpg 768w, https:\/\/likemetkovic.hr\/portal\/wp-content\/uploads\/2020\/04\/crkva-sv-ilije-jozepovic-1-696x464.jpg 696w, https:\/\/likemetkovic.hr\/portal\/wp-content\/uploads\/2020\/04\/crkva-sv-ilije-jozepovic-1-630x420.jpg 630w\" sizes=\"(max-width: 800px) 100vw, 800px\" \/><\/p>\n<p>Drugo, a nastavno na prvo, kad ve\u0107 Raspetome neki ho\u0107e poru\u010diti da mu je u njegovoj Crkvi bolje da i na samu svetkovinu njegove muke i smrti, na Veliki Petak, bude prikazan radije u dojmljivom i ugla\u0111enijem Presvetom Oltarskom Sakramentu, negoli da ga <em>pustimo na miru<\/em> u njegovom otkupiteljskom nemiru radi nas ljudi i radi na\u0161ega spasenja, dakle u njegovoj muci i smrti na kri\u017eu, onda nas ne trebaju iznenaditi suvi\u0161ne i besplodne rasprave o jednoj prigodnoj odluci hijerarhije da se do daljnjega obustave misna slavlja s narodom radi opasnosti od zaraze koronavirusom i od \u0161irenja zaraze. <strong>Posrijedi je dr\u017eimo razborita odluka.<\/strong> Razborita s obzirom na sadr\u017eaj, jer \u0161titi zdravlje i \u017eivot i to najugro\u017eenijih vjernika, jer su nam osobe starije \u017eivotne dobi ipak najrevnije u crkvama, ali je dr\u017eimo tako\u0111er i formalno razborita, jer su biskupi to u\u010dinili na vrijeme i s vlastitom pobudom, a ne pod pritiskom zdravoga razuma ili nekoga \u010dimbenika iz svjetskoga foruma. <strong>Time se pokazalo da vjera i razum trebaju jedno drugo da bi se cjelovito izrazili.<\/strong> Time se pokazalo da Crkva nije tek jedan dru\u0161tveni sustav nadle\u017ean za sakralne stvari, nego da je Crkva Kristova doista temelj i smisao svekolikoga ljudskog \u017eivota. <strong>Crkva se doista pokazuje najizvrsnije Crkvom u liturgijskome slavlju<\/strong>, neosporna je to \u010dinjenica, a naro\u010dito u euharistijskome slavlju, tom izvoru i vrhuncu svekolikoga crkvenoga i uop\u0107e kr\u0161\u0107anskoga \u017eivota, <strong>ali se Crkva pokazuje tako\u0111er Crkvom u svakome svome udu, doti\u010dno u svakoj svojoj k\u0107eri i sinu, dakle u svakoj vjernici i svakome vjerniku.<\/strong> Stoga je dr\u017eimo suvi\u0161na i teolo\u0161ki sasvim neumjesna rasprava o tome \u0161to je onda va\u017enije i vrjednije. Zaista je suvi\u0161no i neumjesno sva\u0111ati euharistiju i ljudski \u017eivot, a \u0161to je, ponavljamo, posljedica u pozadini posva\u0111anih vjere i razuma. <strong>Euharistija je u slu\u017ebi ljudskoga \u017eivota.<\/strong> Ljudski \u017eivot svoj kona\u010dni smisao, svoj izvor i vrhunac pronalazi upravo u euharistiji. <strong>Treba se stoga kloniti napasti da euharistija ikome<em> radi o glavi.<\/em><\/strong><\/p>\n<p><img decoding=\"async\" class=\"alignnone size-full wp-image-100206\" src=\"https:\/\/likemetkovic.hr\/wp-content\/uploads\/2020\/04\/845veliki-\u010detvrtak-2020.jpg\" alt=\"\" width=\"800\" height=\"533\" srcset=\"https:\/\/likemetkovic.hr\/portal\/wp-content\/uploads\/2020\/04\/845veliki-\u010detvrtak-2020.jpg 800w, https:\/\/likemetkovic.hr\/portal\/wp-content\/uploads\/2020\/04\/845veliki-\u010detvrtak-2020-768x512.jpg 768w, https:\/\/likemetkovic.hr\/portal\/wp-content\/uploads\/2020\/04\/845veliki-\u010detvrtak-2020-696x464.jpg 696w, https:\/\/likemetkovic.hr\/portal\/wp-content\/uploads\/2020\/04\/845veliki-\u010detvrtak-2020-630x420.jpg 630w\" sizes=\"(max-width: 800px) 100vw, 800px\" \/>Tre\u0107e, netko \u0107e se \u010dudom \u010duditi za\u0161to potpisani ovim natpisom brani hijerarhiju. Takav prigovor odbacujemo, jer ako se istina name\u0107e jedino snagom same istine, onda se istina i jedino brani snagom same istine. Prema tome, hijerarhiji ne treba nikakva obrana, ako su uvjereni, a osobno dr\u017eimo da mogu mirno spavati, da su ispravno i po istini postupili. Ovim natpisom smo htjeli <strong>upozoriti na silno veliku va\u017enost ispravnog vrednovanja odnosa vjere i razuma<\/strong>, doti\u010dno da vjera i razum nisu u me\u0111usobnom proturje\u010dju, jer imaju zajedni\u010dkoga tvorca i zajedni\u010dki izvor \u2013 Gospodina Boga. Pandemija koronavirusa je zbilja nado\u0161la <strong>poput eshatolo\u0161koga znaka<\/strong> koji je na ku\u0161nju stavio upravo odnos vjere i razuma. Neki na\u017ealost nisu odoljeli toj ku\u0161nji. Bilo je bolje da su \u0161tedjeli tintu i papir. Bili bi po\u0161tedjeli mnoge suvi\u0161nih pitanja i zbunjenosti.<\/p>\n<p>Pi\u0161e: prof. dr. sc. Ton\u010di Matuli\u0107, hvarski prezbiter, profesor na Katoli\u010dkom bogoslovnom fakultetu Sveu\u010dili\u0161ta u Zagrebu<\/p>\n","protected":false},"excerpt":{"rendered":"<p>Posljednjih su se dana umno\u017eili javno izra\u017eena nezadovoljstva s odlukom crkvene hijerarhije o privremenoj obustavi svih liturgijskih slavlja s narodom zbog pandemije koronavirusa. Budu\u0107i da su imena mrska, osvrnut \u0107emo se samo na neke ideje odnosno pristupe. Prvo, iz nekih nezadovoljstava je sasvim jasno da se i ovu otu\u017enu situaciju mo\u017ee iskoristiti za suvi\u0161nu polarizaciju [&hellip;]<\/p>\n","protected":false},"author":7,"featured_media":100355,"comment_status":"open","ping_status":"open","sticky":false,"template":"","format":"standard","meta":{"footnotes":""},"categories":[283,27],"tags":[2640,7298,6820,7296,7297],"class_list":{"0":"post-100611","1":"post","2":"type-post","3":"status-publish","4":"format-standard","5":"has-post-thumbnail","7":"category-a","8":"category-vjera-i-zivot","9":"tag-crkva","10":"tag-euharistija","11":"tag-koronavirus","12":"tag-tonci-matilic","13":"tag-vjerska-okupljanja"},"yoast_head":"<!-- This site is optimized with the Yoast SEO plugin v25.2 - https:\/\/yoast.com\/wordpress\/plugins\/seo\/ -->\n<title>Ton\u010di Matuli\u0107: Stvarni utjecaj pandemije koronavirusa na duhovni \u017eivot vjernika - likemetkovic.hr<\/title>\n<meta name=\"robots\" content=\"index, follow, max-snippet:-1, max-image-preview:large, max-video-preview:-1\" \/>\n<link rel=\"canonical\" href=\"https:\/\/likemetkovic.hr\/tonci-matulic-stvarni-utjecaj-pandemije-koronavirusa-na-duhovni-zivot-vjernika\/\" \/>\n<meta property=\"og:locale\" content=\"hr_HR\" \/>\n<meta property=\"og:type\" content=\"article\" \/>\n<meta property=\"og:title\" content=\"Ton\u010di Matuli\u0107: Stvarni utjecaj pandemije koronavirusa na duhovni \u017eivot vjernika - likemetkovic.hr\" \/>\n<meta property=\"og:description\" content=\"Posljednjih su se dana umno\u017eili javno izra\u017eena nezadovoljstva s odlukom crkvene hijerarhije o privremenoj obustavi svih liturgijskih slavlja s narodom zbog pandemije koronavirusa. Budu\u0107i da su imena mrska, osvrnut \u0107emo se samo na neke ideje odnosno pristupe. Prvo, iz nekih nezadovoljstava je sasvim jasno da se i ovu otu\u017enu situaciju mo\u017ee iskoristiti za suvi\u0161nu polarizaciju [&hellip;]\" \/>\n<meta property=\"og:url\" content=\"https:\/\/likemetkovic.hr\/tonci-matulic-stvarni-utjecaj-pandemije-koronavirusa-na-duhovni-zivot-vjernika\/\" \/>\n<meta property=\"og:site_name\" content=\"likemetkovic.hr\" \/>\n<meta property=\"article:publisher\" content=\"https:\/\/www.facebook.com\/likemetkovic.hr\/\" \/>\n<meta property=\"article:published_time\" content=\"2020-04-18T10:04:45+00:00\" \/>\n<meta property=\"og:image\" content=\"https:\/\/likemetkovic.hr\/wp-content\/uploads\/2020\/04\/uskrsno-bdjenje-2020-13.jpg\" \/>\n\t<meta property=\"og:image:width\" content=\"800\" \/>\n\t<meta property=\"og:image:height\" content=\"533\" \/>\n\t<meta property=\"og:image:type\" content=\"image\/jpeg\" \/>\n<meta name=\"author\" content=\"LIKEmetkovic.hr\" \/>\n<meta name=\"twitter:card\" content=\"summary_large_image\" \/>\n<meta name=\"twitter:label1\" content=\"Napisao\/la\" \/>\n\t<meta name=\"twitter:data1\" content=\"LIKEmetkovic.hr\" \/>\n\t<meta name=\"twitter:label2\" content=\"Procijenjeno vrijeme \u010ditanja\" \/>\n\t<meta name=\"twitter:data2\" content=\"9 minuta\" \/>\n<script type=\"application\/ld+json\" class=\"yoast-schema-graph\">{\"@context\":\"https:\/\/schema.org\",\"@graph\":[{\"@type\":\"WebPage\",\"@id\":\"https:\/\/likemetkovic.hr\/tonci-matulic-stvarni-utjecaj-pandemije-koronavirusa-na-duhovni-zivot-vjernika\/\",\"url\":\"https:\/\/likemetkovic.hr\/tonci-matulic-stvarni-utjecaj-pandemije-koronavirusa-na-duhovni-zivot-vjernika\/\",\"name\":\"Ton\u010di Matuli\u0107: Stvarni utjecaj pandemije koronavirusa na duhovni \u017eivot vjernika - likemetkovic.hr\",\"isPartOf\":{\"@id\":\"https:\/\/likemetkovic.hr\/#website\"},\"primaryImageOfPage\":{\"@id\":\"https:\/\/likemetkovic.hr\/tonci-matulic-stvarni-utjecaj-pandemije-koronavirusa-na-duhovni-zivot-vjernika\/#primaryimage\"},\"image\":{\"@id\":\"https:\/\/likemetkovic.hr\/tonci-matulic-stvarni-utjecaj-pandemije-koronavirusa-na-duhovni-zivot-vjernika\/#primaryimage\"},\"thumbnailUrl\":\"https:\/\/likemetkovic.hr\/portal\/wp-content\/uploads\/2020\/04\/uskrsno-bdjenje-2020-13.jpg\",\"datePublished\":\"2020-04-18T10:04:45+00:00\",\"author\":{\"@id\":\"https:\/\/likemetkovic.hr\/#\/schema\/person\/a42711f3385a0e2be6f7e0443bfb28f0\"},\"breadcrumb\":{\"@id\":\"https:\/\/likemetkovic.hr\/tonci-matulic-stvarni-utjecaj-pandemije-koronavirusa-na-duhovni-zivot-vjernika\/#breadcrumb\"},\"inLanguage\":\"hr\",\"potentialAction\":[{\"@type\":\"ReadAction\",\"target\":[\"https:\/\/likemetkovic.hr\/tonci-matulic-stvarni-utjecaj-pandemije-koronavirusa-na-duhovni-zivot-vjernika\/\"]}]},{\"@type\":\"ImageObject\",\"inLanguage\":\"hr\",\"@id\":\"https:\/\/likemetkovic.hr\/tonci-matulic-stvarni-utjecaj-pandemije-koronavirusa-na-duhovni-zivot-vjernika\/#primaryimage\",\"url\":\"https:\/\/likemetkovic.hr\/portal\/wp-content\/uploads\/2020\/04\/uskrsno-bdjenje-2020-13.jpg\",\"contentUrl\":\"https:\/\/likemetkovic.hr\/portal\/wp-content\/uploads\/2020\/04\/uskrsno-bdjenje-2020-13.jpg\",\"width\":800,\"height\":533},{\"@type\":\"BreadcrumbList\",\"@id\":\"https:\/\/likemetkovic.hr\/tonci-matulic-stvarni-utjecaj-pandemije-koronavirusa-na-duhovni-zivot-vjernika\/#breadcrumb\",\"itemListElement\":[{\"@type\":\"ListItem\",\"position\":1,\"name\":\"Po\u010detna stranica\",\"item\":\"https:\/\/likemetkovic.hr\/portal\/\"},{\"@type\":\"ListItem\",\"position\":2,\"name\":\"Ton\u010di Matuli\u0107: Stvarni utjecaj pandemije koronavirusa na duhovni \u017eivot vjernika\"}]},{\"@type\":\"WebSite\",\"@id\":\"https:\/\/likemetkovic.hr\/#website\",\"url\":\"https:\/\/likemetkovic.hr\/\",\"name\":\"likemetkovic.hr\",\"description\":\"Misli pozitivno... \u010ditaj LIKE\",\"potentialAction\":[{\"@type\":\"SearchAction\",\"target\":{\"@type\":\"EntryPoint\",\"urlTemplate\":\"https:\/\/likemetkovic.hr\/?s={search_term_string}\"},\"query-input\":{\"@type\":\"PropertyValueSpecification\",\"valueRequired\":true,\"valueName\":\"search_term_string\"}}],\"inLanguage\":\"hr\"},{\"@type\":\"Person\",\"@id\":\"https:\/\/likemetkovic.hr\/#\/schema\/person\/a42711f3385a0e2be6f7e0443bfb28f0\",\"name\":\"LIKEmetkovic.hr\",\"sameAs\":[\"http:\/\/likemetkovic.hr\"],\"url\":\"https:\/\/likemetkovic.hr\/portal\/author\/likemetkovic-hr\/\"}]}<\/script>\n<!-- \/ Yoast SEO plugin. -->","yoast_head_json":{"title":"Ton\u010di Matuli\u0107: Stvarni utjecaj pandemije koronavirusa na duhovni \u017eivot vjernika - likemetkovic.hr","robots":{"index":"index","follow":"follow","max-snippet":"max-snippet:-1","max-image-preview":"max-image-preview:large","max-video-preview":"max-video-preview:-1"},"canonical":"https:\/\/likemetkovic.hr\/tonci-matulic-stvarni-utjecaj-pandemije-koronavirusa-na-duhovni-zivot-vjernika\/","og_locale":"hr_HR","og_type":"article","og_title":"Ton\u010di Matuli\u0107: Stvarni utjecaj pandemije koronavirusa na duhovni \u017eivot vjernika - likemetkovic.hr","og_description":"Posljednjih su se dana umno\u017eili javno izra\u017eena nezadovoljstva s odlukom crkvene hijerarhije o privremenoj obustavi svih liturgijskih slavlja s narodom zbog pandemije koronavirusa. Budu\u0107i da su imena mrska, osvrnut \u0107emo se samo na neke ideje odnosno pristupe. Prvo, iz nekih nezadovoljstava je sasvim jasno da se i ovu otu\u017enu situaciju mo\u017ee iskoristiti za suvi\u0161nu polarizaciju [&hellip;]","og_url":"https:\/\/likemetkovic.hr\/tonci-matulic-stvarni-utjecaj-pandemije-koronavirusa-na-duhovni-zivot-vjernika\/","og_site_name":"likemetkovic.hr","article_publisher":"https:\/\/www.facebook.com\/likemetkovic.hr\/","article_published_time":"2020-04-18T10:04:45+00:00","og_image":[{"width":800,"height":533,"url":"https:\/\/likemetkovic.hr\/wp-content\/uploads\/2020\/04\/uskrsno-bdjenje-2020-13.jpg","type":"image\/jpeg"}],"author":"LIKEmetkovic.hr","twitter_card":"summary_large_image","twitter_misc":{"Napisao\/la":"LIKEmetkovic.hr","Procijenjeno vrijeme \u010ditanja":"9 minuta"},"schema":{"@context":"https:\/\/schema.org","@graph":[{"@type":"WebPage","@id":"https:\/\/likemetkovic.hr\/tonci-matulic-stvarni-utjecaj-pandemije-koronavirusa-na-duhovni-zivot-vjernika\/","url":"https:\/\/likemetkovic.hr\/tonci-matulic-stvarni-utjecaj-pandemije-koronavirusa-na-duhovni-zivot-vjernika\/","name":"Ton\u010di Matuli\u0107: Stvarni utjecaj pandemije koronavirusa na duhovni \u017eivot vjernika - likemetkovic.hr","isPartOf":{"@id":"https:\/\/likemetkovic.hr\/#website"},"primaryImageOfPage":{"@id":"https:\/\/likemetkovic.hr\/tonci-matulic-stvarni-utjecaj-pandemije-koronavirusa-na-duhovni-zivot-vjernika\/#primaryimage"},"image":{"@id":"https:\/\/likemetkovic.hr\/tonci-matulic-stvarni-utjecaj-pandemije-koronavirusa-na-duhovni-zivot-vjernika\/#primaryimage"},"thumbnailUrl":"https:\/\/likemetkovic.hr\/portal\/wp-content\/uploads\/2020\/04\/uskrsno-bdjenje-2020-13.jpg","datePublished":"2020-04-18T10:04:45+00:00","author":{"@id":"https:\/\/likemetkovic.hr\/#\/schema\/person\/a42711f3385a0e2be6f7e0443bfb28f0"},"breadcrumb":{"@id":"https:\/\/likemetkovic.hr\/tonci-matulic-stvarni-utjecaj-pandemije-koronavirusa-na-duhovni-zivot-vjernika\/#breadcrumb"},"inLanguage":"hr","potentialAction":[{"@type":"ReadAction","target":["https:\/\/likemetkovic.hr\/tonci-matulic-stvarni-utjecaj-pandemije-koronavirusa-na-duhovni-zivot-vjernika\/"]}]},{"@type":"ImageObject","inLanguage":"hr","@id":"https:\/\/likemetkovic.hr\/tonci-matulic-stvarni-utjecaj-pandemije-koronavirusa-na-duhovni-zivot-vjernika\/#primaryimage","url":"https:\/\/likemetkovic.hr\/portal\/wp-content\/uploads\/2020\/04\/uskrsno-bdjenje-2020-13.jpg","contentUrl":"https:\/\/likemetkovic.hr\/portal\/wp-content\/uploads\/2020\/04\/uskrsno-bdjenje-2020-13.jpg","width":800,"height":533},{"@type":"BreadcrumbList","@id":"https:\/\/likemetkovic.hr\/tonci-matulic-stvarni-utjecaj-pandemije-koronavirusa-na-duhovni-zivot-vjernika\/#breadcrumb","itemListElement":[{"@type":"ListItem","position":1,"name":"Po\u010detna stranica","item":"https:\/\/likemetkovic.hr\/portal\/"},{"@type":"ListItem","position":2,"name":"Ton\u010di Matuli\u0107: Stvarni utjecaj pandemije koronavirusa na duhovni \u017eivot vjernika"}]},{"@type":"WebSite","@id":"https:\/\/likemetkovic.hr\/#website","url":"https:\/\/likemetkovic.hr\/","name":"likemetkovic.hr","description":"Misli pozitivno... \u010ditaj LIKE","potentialAction":[{"@type":"SearchAction","target":{"@type":"EntryPoint","urlTemplate":"https:\/\/likemetkovic.hr\/?s={search_term_string}"},"query-input":{"@type":"PropertyValueSpecification","valueRequired":true,"valueName":"search_term_string"}}],"inLanguage":"hr"},{"@type":"Person","@id":"https:\/\/likemetkovic.hr\/#\/schema\/person\/a42711f3385a0e2be6f7e0443bfb28f0","name":"LIKEmetkovic.hr","sameAs":["http:\/\/likemetkovic.hr"],"url":"https:\/\/likemetkovic.hr\/portal\/author\/likemetkovic-hr\/"}]}},"_links":{"self":[{"href":"https:\/\/likemetkovic.hr\/portal\/wp-json\/wp\/v2\/posts\/100611","targetHints":{"allow":["GET"]}}],"collection":[{"href":"https:\/\/likemetkovic.hr\/portal\/wp-json\/wp\/v2\/posts"}],"about":[{"href":"https:\/\/likemetkovic.hr\/portal\/wp-json\/wp\/v2\/types\/post"}],"author":[{"embeddable":true,"href":"https:\/\/likemetkovic.hr\/portal\/wp-json\/wp\/v2\/users\/7"}],"replies":[{"embeddable":true,"href":"https:\/\/likemetkovic.hr\/portal\/wp-json\/wp\/v2\/comments?post=100611"}],"version-history":[{"count":0,"href":"https:\/\/likemetkovic.hr\/portal\/wp-json\/wp\/v2\/posts\/100611\/revisions"}],"wp:featuredmedia":[{"embeddable":true,"href":"https:\/\/likemetkovic.hr\/portal\/wp-json\/wp\/v2\/media\/100355"}],"wp:attachment":[{"href":"https:\/\/likemetkovic.hr\/portal\/wp-json\/wp\/v2\/media?parent=100611"}],"wp:term":[{"taxonomy":"category","embeddable":true,"href":"https:\/\/likemetkovic.hr\/portal\/wp-json\/wp\/v2\/categories?post=100611"},{"taxonomy":"post_tag","embeddable":true,"href":"https:\/\/likemetkovic.hr\/portal\/wp-json\/wp\/v2\/tags?post=100611"}],"curies":[{"name":"wp","href":"https:\/\/api.w.org\/{rel}","templated":true}]}}