{"id":100724,"date":"2020-04-21T12:28:48","date_gmt":"2020-04-21T10:28:48","guid":{"rendered":"https:\/\/likemetkovic.hr\/?p=100724"},"modified":"2020-04-21T12:53:14","modified_gmt":"2020-04-21T10:53:14","slug":"uzivo-iz-dubrovnika-nema-novooboljelih-ali-ima-krsenja-samoizolacije","status":"publish","type":"post","link":"https:\/\/likemetkovic.hr\/portal\/uzivo-iz-dubrovnika-nema-novooboljelih-ali-ima-krsenja-samoizolacije\/","title":{"rendered":"U\u017dIVO iz Dubrovnika: Nema novooboljelih, ali ima kr\u0161enja samoizolacije"},"content":{"rendered":"<p>Sto\u017eer civilne za\u0161tite Dubrova\u010dko-neretvanske \u017eupanije u 12:30 u OB Dubrovnik odr\u017eava konferenciju za medije s po\u010detkom u 12:30 na kojoj \u0107e biti objavljene najnovije informacije oko koronavirusa u \u017eupaniji. U suradnji s Dubrova\u010dkom TV konferenciju prenosimo u\u017eivo.<\/p>\n<p>&#8211; Od 45 uzoraka koji su ju\u010der poslani u Zagreb nemamo ni jedan pozitivan&#8230; Imamo jedan slu\u010daj kr\u0161enja samoizolacije&#8230; pozivam sugra\u0111ane da se striktno dr\u017ee tih mjera. &#8211; rekao je \u017eupan Dobroslavi\u0107.<\/p>\n<p>&#8211; Nemamo novih osoba pozitivnih na COVID-19, ukupno ih je 110. O\u010dekujemo do kraja dana novu po\u0161iljku za\u0161titne opreme, sutra \u0107e biti distribuirana. &#8211; kazao je na\u010delnik Sto\u017eera Jo\u0161ko Cebalo.<\/p>\n<p>&#8211; U bolnici je hospitalizirano 26 osoba, 17 na Odjelu za zarazne bolesti, 8 u Studentom domu i jedan je pacijent intubiran. U KBC Split se nalazi jedan pacijent iz Dubrovnik, rekao je ravnatelj dubrova\u010dke bolnice Marijo Beki\u0107.<\/p>\n<p>&#8211; Od 110 zara\u017eenih, imamo 57 mu\u0161karaca. Prosje\u010dna dob je 56 godina, minimalna 8, maksimalna 93. Najvi\u0161e pozitivnih je od 50 do 59 (24 osobe). Prema mjestu oboljenja: Dubrovnik 28 osoba plus sedam iz Doma za starije Dubrovnik, Konavle 26, Plo\u010de 8 plus 18 iz Doma za starije, Trpanj 5, Kula Norinska 4, \u017dupa dubrova\u010dka 2 plus 4 iz Doma Josipovac, Slivno 2, Opuzen 2, Vela Luka 1 i Metkovi\u0107 1 plus dvooje u Domu Metkovi\u0107. &#8211; kazao je Mato Laki\u0107, ravnatelj ZZJZ DN\u017d.<\/p>\n<p>&#8211; U samoizolaciji je 513 osoba. Ju\u010der je jedna osoba kr\u0161ila tu mjeru. Uspostavljeni su novi policijski punktovi u skladu s novom odlukom o kretanju gra\u0111ana na podru\u010dju \u017dupanije. Pravci u smjeru Splitsko-dalmatinske \u017eupanije kontroliraju slu\u017ebenici PU splitsko-dalmatinske, rekao je na\u010delnik PU dubrova\u010dko-neretvanske Ivan Pavli\u010devi\u0107.<\/p>\n<div id=\"fb-root\"><\/div>\n<p><script async=\"1\" defer=\"1\" crossorigin=\"anonymous\" src=\"https:\/\/connect.facebook.net\/de_DE\/sdk.js#xfbml=1&amp;version=v6.0\"><\/script><\/p>\n<div class=\"fb-video\" data-href=\"https:\/\/www.facebook.com\/dubrovacka.televizija\/videos\/707772369962327\/\" data-width=\"696\">\n<blockquote cite=\"https:\/\/www.facebook.com\/dubrovacka.televizija\/videos\/707772369962327\/\" class=\"fb-xfbml-parse-ignore\"><p><a href=\"https:\/\/www.facebook.com\/dubrovacka.televizija\/videos\/707772369962327\/\">12:30 IZVANREDNE VIJESTI U\u017dIVO<\/a><\/p>\n<p>#DUTV 12:30 IZVANREDNE VIJESTI U\u017dIVO: Pratite konferenciju za medije \u017eupanijskog Sto\u017eera civilne za\u0161tite<\/p>\n<p>Gepostet von <a href=\"https:\/\/www.facebook.com\/dubrovacka.televizija\/\">Dubrova\u010dka televizija<\/a> am Dienstag, 21. April 2020<\/p><\/blockquote>\n<\/div>\n<p>&nbsp;<\/p>\n","protected":false},"excerpt":{"rendered":"<p>Sto\u017eer civilne za\u0161tite Dubrova\u010dko-neretvanske \u017eupanije u 12:30 u OB Dubrovnik odr\u017eava konferenciju za medije s po\u010detkom u 12:30 na kojoj \u0107e biti objavljene najnovije informacije oko koronavirusa u \u017eupaniji. U suradnji s Dubrova\u010dkom TV konferenciju prenosimo u\u017eivo. &#8211; Od 45 uzoraka koji su ju\u010der poslani u Zagreb nemamo ni jedan pozitivan&#8230; Imamo jedan slu\u010daj kr\u0161enja [&hellip;]<\/p>\n","protected":false},"author":9,"featured_media":99138,"comment_status":"open","ping_status":"open","sticky":false,"template":"","format":"video","meta":{"footnotes":""},"categories":[283,300],"tags":[7148,7107],"class_list":{"0":"post-100724","1":"post","2":"type-post","3":"status-publish","4":"format-video","5":"has-post-thumbnail","7":"category-a","8":"category-zupanija","9":"tag-epidemija-koronavirusa","10":"tag-stozer-civilne-zastite-dnz","11":"post_format-post-format-video"},"yoast_head":"<!-- This site is optimized with the Yoast SEO plugin v25.2 - https:\/\/yoast.com\/wordpress\/plugins\/seo\/ -->\n<title>U\u017dIVO iz Dubrovnika: Nema novooboljelih, ali ima kr\u0161enja samoizolacije - likemetkovic.hr<\/title>\n<meta name=\"robots\" content=\"index, follow, max-snippet:-1, max-image-preview:large, max-video-preview:-1\" \/>\n<link rel=\"canonical\" href=\"https:\/\/likemetkovic.hr\/uzivo-iz-dubrovnika-nema-novooboljelih-ali-ima-krsenja-samoizolacije\/\" \/>\n<meta property=\"og:locale\" content=\"hr_HR\" \/>\n<meta property=\"og:type\" content=\"article\" \/>\n<meta property=\"og:title\" content=\"U\u017dIVO iz Dubrovnika: Nema novooboljelih, ali ima kr\u0161enja samoizolacije - likemetkovic.hr\" \/>\n<meta property=\"og:description\" content=\"Sto\u017eer civilne za\u0161tite Dubrova\u010dko-neretvanske \u017eupanije u 12:30 u OB Dubrovnik odr\u017eava konferenciju za medije s po\u010detkom u 12:30 na kojoj \u0107e biti objavljene najnovije informacije oko koronavirusa u \u017eupaniji. U suradnji s Dubrova\u010dkom TV konferenciju prenosimo u\u017eivo. &#8211; Od 45 uzoraka koji su ju\u010der poslani u Zagreb nemamo ni jedan pozitivan&#8230; Imamo jedan slu\u010daj kr\u0161enja [&hellip;]\" \/>\n<meta property=\"og:url\" content=\"https:\/\/likemetkovic.hr\/uzivo-iz-dubrovnika-nema-novooboljelih-ali-ima-krsenja-samoizolacije\/\" \/>\n<meta property=\"og:site_name\" content=\"likemetkovic.hr\" \/>\n<meta property=\"article:publisher\" content=\"https:\/\/www.facebook.com\/likemetkovic.hr\/\" \/>\n<meta property=\"article:published_time\" content=\"2020-04-21T10:28:48+00:00\" \/>\n<meta property=\"article:modified_time\" content=\"2020-04-21T10:53:14+00:00\" \/>\n<meta property=\"og:image\" content=\"https:\/\/likemetkovic.hr\/wp-content\/uploads\/2020\/03\/cebalo-stozer-civilne-zastite-dn\u017e.jpg\" \/>\n\t<meta property=\"og:image:width\" content=\"800\" \/>\n\t<meta property=\"og:image:height\" content=\"533\" \/>\n\t<meta property=\"og:image:type\" content=\"image\/jpeg\" \/>\n<meta name=\"author\" content=\"K. J.\" \/>\n<meta name=\"twitter:card\" content=\"summary_large_image\" \/>\n<meta name=\"twitter:label1\" content=\"Napisao\/la\" \/>\n\t<meta name=\"twitter:data1\" content=\"K. J.\" \/>\n\t<meta name=\"twitter:label2\" content=\"Procijenjeno vrijeme \u010ditanja\" \/>\n\t<meta name=\"twitter:data2\" content=\"1 minuta\" \/>\n<script type=\"application\/ld+json\" class=\"yoast-schema-graph\">{\"@context\":\"https:\/\/schema.org\",\"@graph\":[{\"@type\":\"WebPage\",\"@id\":\"https:\/\/likemetkovic.hr\/uzivo-iz-dubrovnika-nema-novooboljelih-ali-ima-krsenja-samoizolacije\/\",\"url\":\"https:\/\/likemetkovic.hr\/uzivo-iz-dubrovnika-nema-novooboljelih-ali-ima-krsenja-samoizolacije\/\",\"name\":\"U\u017dIVO iz Dubrovnika: Nema novooboljelih, ali ima kr\u0161enja samoizolacije - likemetkovic.hr\",\"isPartOf\":{\"@id\":\"https:\/\/likemetkovic.hr\/#website\"},\"primaryImageOfPage\":{\"@id\":\"https:\/\/likemetkovic.hr\/uzivo-iz-dubrovnika-nema-novooboljelih-ali-ima-krsenja-samoizolacije\/#primaryimage\"},\"image\":{\"@id\":\"https:\/\/likemetkovic.hr\/uzivo-iz-dubrovnika-nema-novooboljelih-ali-ima-krsenja-samoizolacije\/#primaryimage\"},\"thumbnailUrl\":\"https:\/\/likemetkovic.hr\/portal\/wp-content\/uploads\/2020\/03\/cebalo-stozer-civilne-zastite-dn\u017e.jpg\",\"datePublished\":\"2020-04-21T10:28:48+00:00\",\"dateModified\":\"2020-04-21T10:53:14+00:00\",\"author\":{\"@id\":\"https:\/\/likemetkovic.hr\/#\/schema\/person\/0a8b4ebfdfe1ff01192dccda40c5da0c\"},\"breadcrumb\":{\"@id\":\"https:\/\/likemetkovic.hr\/uzivo-iz-dubrovnika-nema-novooboljelih-ali-ima-krsenja-samoizolacije\/#breadcrumb\"},\"inLanguage\":\"hr\",\"potentialAction\":[{\"@type\":\"ReadAction\",\"target\":[\"https:\/\/likemetkovic.hr\/uzivo-iz-dubrovnika-nema-novooboljelih-ali-ima-krsenja-samoizolacije\/\"]}]},{\"@type\":\"ImageObject\",\"inLanguage\":\"hr\",\"@id\":\"https:\/\/likemetkovic.hr\/uzivo-iz-dubrovnika-nema-novooboljelih-ali-ima-krsenja-samoizolacije\/#primaryimage\",\"url\":\"https:\/\/likemetkovic.hr\/portal\/wp-content\/uploads\/2020\/03\/cebalo-stozer-civilne-zastite-dn\u017e.jpg\",\"contentUrl\":\"https:\/\/likemetkovic.hr\/portal\/wp-content\/uploads\/2020\/03\/cebalo-stozer-civilne-zastite-dn\u017e.jpg\",\"width\":800,\"height\":533},{\"@type\":\"BreadcrumbList\",\"@id\":\"https:\/\/likemetkovic.hr\/uzivo-iz-dubrovnika-nema-novooboljelih-ali-ima-krsenja-samoizolacije\/#breadcrumb\",\"itemListElement\":[{\"@type\":\"ListItem\",\"position\":1,\"name\":\"Po\u010detna stranica\",\"item\":\"https:\/\/likemetkovic.hr\/portal\/\"},{\"@type\":\"ListItem\",\"position\":2,\"name\":\"U\u017dIVO iz Dubrovnika: Nema novooboljelih, ali ima kr\u0161enja samoizolacije\"}]},{\"@type\":\"WebSite\",\"@id\":\"https:\/\/likemetkovic.hr\/#website\",\"url\":\"https:\/\/likemetkovic.hr\/\",\"name\":\"likemetkovic.hr\",\"description\":\"Misli pozitivno... \u010ditaj LIKE\",\"potentialAction\":[{\"@type\":\"SearchAction\",\"target\":{\"@type\":\"EntryPoint\",\"urlTemplate\":\"https:\/\/likemetkovic.hr\/?s={search_term_string}\"},\"query-input\":{\"@type\":\"PropertyValueSpecification\",\"valueRequired\":true,\"valueName\":\"search_term_string\"}}],\"inLanguage\":\"hr\"},{\"@type\":\"Person\",\"@id\":\"https:\/\/likemetkovic.hr\/#\/schema\/person\/0a8b4ebfdfe1ff01192dccda40c5da0c\",\"name\":\"K. J.\",\"url\":\"https:\/\/likemetkovic.hr\/portal\/author\/likemetkovic\/\"}]}<\/script>\n<!-- \/ Yoast SEO plugin. -->","yoast_head_json":{"title":"U\u017dIVO iz Dubrovnika: Nema novooboljelih, ali ima kr\u0161enja samoizolacije - likemetkovic.hr","robots":{"index":"index","follow":"follow","max-snippet":"max-snippet:-1","max-image-preview":"max-image-preview:large","max-video-preview":"max-video-preview:-1"},"canonical":"https:\/\/likemetkovic.hr\/uzivo-iz-dubrovnika-nema-novooboljelih-ali-ima-krsenja-samoizolacije\/","og_locale":"hr_HR","og_type":"article","og_title":"U\u017dIVO iz Dubrovnika: Nema novooboljelih, ali ima kr\u0161enja samoizolacije - likemetkovic.hr","og_description":"Sto\u017eer civilne za\u0161tite Dubrova\u010dko-neretvanske \u017eupanije u 12:30 u OB Dubrovnik odr\u017eava konferenciju za medije s po\u010detkom u 12:30 na kojoj \u0107e biti objavljene najnovije informacije oko koronavirusa u \u017eupaniji. U suradnji s Dubrova\u010dkom TV konferenciju prenosimo u\u017eivo. &#8211; Od 45 uzoraka koji su ju\u010der poslani u Zagreb nemamo ni jedan pozitivan&#8230; Imamo jedan slu\u010daj kr\u0161enja [&hellip;]","og_url":"https:\/\/likemetkovic.hr\/uzivo-iz-dubrovnika-nema-novooboljelih-ali-ima-krsenja-samoizolacije\/","og_site_name":"likemetkovic.hr","article_publisher":"https:\/\/www.facebook.com\/likemetkovic.hr\/","article_published_time":"2020-04-21T10:28:48+00:00","article_modified_time":"2020-04-21T10:53:14+00:00","og_image":[{"width":800,"height":533,"url":"https:\/\/likemetkovic.hr\/wp-content\/uploads\/2020\/03\/cebalo-stozer-civilne-zastite-dn\u017e.jpg","type":"image\/jpeg"}],"author":"K. J.","twitter_card":"summary_large_image","twitter_misc":{"Napisao\/la":"K. J.","Procijenjeno vrijeme \u010ditanja":"1 minuta"},"schema":{"@context":"https:\/\/schema.org","@graph":[{"@type":"WebPage","@id":"https:\/\/likemetkovic.hr\/uzivo-iz-dubrovnika-nema-novooboljelih-ali-ima-krsenja-samoizolacije\/","url":"https:\/\/likemetkovic.hr\/uzivo-iz-dubrovnika-nema-novooboljelih-ali-ima-krsenja-samoizolacije\/","name":"U\u017dIVO iz Dubrovnika: Nema novooboljelih, ali ima kr\u0161enja samoizolacije - likemetkovic.hr","isPartOf":{"@id":"https:\/\/likemetkovic.hr\/#website"},"primaryImageOfPage":{"@id":"https:\/\/likemetkovic.hr\/uzivo-iz-dubrovnika-nema-novooboljelih-ali-ima-krsenja-samoizolacije\/#primaryimage"},"image":{"@id":"https:\/\/likemetkovic.hr\/uzivo-iz-dubrovnika-nema-novooboljelih-ali-ima-krsenja-samoizolacije\/#primaryimage"},"thumbnailUrl":"https:\/\/likemetkovic.hr\/portal\/wp-content\/uploads\/2020\/03\/cebalo-stozer-civilne-zastite-dn\u017e.jpg","datePublished":"2020-04-21T10:28:48+00:00","dateModified":"2020-04-21T10:53:14+00:00","author":{"@id":"https:\/\/likemetkovic.hr\/#\/schema\/person\/0a8b4ebfdfe1ff01192dccda40c5da0c"},"breadcrumb":{"@id":"https:\/\/likemetkovic.hr\/uzivo-iz-dubrovnika-nema-novooboljelih-ali-ima-krsenja-samoizolacije\/#breadcrumb"},"inLanguage":"hr","potentialAction":[{"@type":"ReadAction","target":["https:\/\/likemetkovic.hr\/uzivo-iz-dubrovnika-nema-novooboljelih-ali-ima-krsenja-samoizolacije\/"]}]},{"@type":"ImageObject","inLanguage":"hr","@id":"https:\/\/likemetkovic.hr\/uzivo-iz-dubrovnika-nema-novooboljelih-ali-ima-krsenja-samoizolacije\/#primaryimage","url":"https:\/\/likemetkovic.hr\/portal\/wp-content\/uploads\/2020\/03\/cebalo-stozer-civilne-zastite-dn\u017e.jpg","contentUrl":"https:\/\/likemetkovic.hr\/portal\/wp-content\/uploads\/2020\/03\/cebalo-stozer-civilne-zastite-dn\u017e.jpg","width":800,"height":533},{"@type":"BreadcrumbList","@id":"https:\/\/likemetkovic.hr\/uzivo-iz-dubrovnika-nema-novooboljelih-ali-ima-krsenja-samoizolacije\/#breadcrumb","itemListElement":[{"@type":"ListItem","position":1,"name":"Po\u010detna stranica","item":"https:\/\/likemetkovic.hr\/portal\/"},{"@type":"ListItem","position":2,"name":"U\u017dIVO iz Dubrovnika: Nema novooboljelih, ali ima kr\u0161enja samoizolacije"}]},{"@type":"WebSite","@id":"https:\/\/likemetkovic.hr\/#website","url":"https:\/\/likemetkovic.hr\/","name":"likemetkovic.hr","description":"Misli pozitivno... \u010ditaj LIKE","potentialAction":[{"@type":"SearchAction","target":{"@type":"EntryPoint","urlTemplate":"https:\/\/likemetkovic.hr\/?s={search_term_string}"},"query-input":{"@type":"PropertyValueSpecification","valueRequired":true,"valueName":"search_term_string"}}],"inLanguage":"hr"},{"@type":"Person","@id":"https:\/\/likemetkovic.hr\/#\/schema\/person\/0a8b4ebfdfe1ff01192dccda40c5da0c","name":"K. J.","url":"https:\/\/likemetkovic.hr\/portal\/author\/likemetkovic\/"}]}},"_links":{"self":[{"href":"https:\/\/likemetkovic.hr\/portal\/wp-json\/wp\/v2\/posts\/100724","targetHints":{"allow":["GET"]}}],"collection":[{"href":"https:\/\/likemetkovic.hr\/portal\/wp-json\/wp\/v2\/posts"}],"about":[{"href":"https:\/\/likemetkovic.hr\/portal\/wp-json\/wp\/v2\/types\/post"}],"author":[{"embeddable":true,"href":"https:\/\/likemetkovic.hr\/portal\/wp-json\/wp\/v2\/users\/9"}],"replies":[{"embeddable":true,"href":"https:\/\/likemetkovic.hr\/portal\/wp-json\/wp\/v2\/comments?post=100724"}],"version-history":[{"count":0,"href":"https:\/\/likemetkovic.hr\/portal\/wp-json\/wp\/v2\/posts\/100724\/revisions"}],"wp:featuredmedia":[{"embeddable":true,"href":"https:\/\/likemetkovic.hr\/portal\/wp-json\/wp\/v2\/media\/99138"}],"wp:attachment":[{"href":"https:\/\/likemetkovic.hr\/portal\/wp-json\/wp\/v2\/media?parent=100724"}],"wp:term":[{"taxonomy":"category","embeddable":true,"href":"https:\/\/likemetkovic.hr\/portal\/wp-json\/wp\/v2\/categories?post=100724"},{"taxonomy":"post_tag","embeddable":true,"href":"https:\/\/likemetkovic.hr\/portal\/wp-json\/wp\/v2\/tags?post=100724"}],"curies":[{"name":"wp","href":"https:\/\/api.w.org\/{rel}","templated":true}]}}