{"id":100765,"date":"2020-04-22T12:28:11","date_gmt":"2020-04-22T10:28:11","guid":{"rendered":"https:\/\/likemetkovic.hr\/?p=100765"},"modified":"2020-04-22T13:19:19","modified_gmt":"2020-04-22T11:19:19","slug":"uzivo-nema-novooboljelih-dvije-osobe-iz-samoizolacije-dosle-u-stanice-za-tehnicki-pregled","status":"publish","type":"post","link":"https:\/\/likemetkovic.hr\/portal\/uzivo-nema-novooboljelih-dvije-osobe-iz-samoizolacije-dosle-u-stanice-za-tehnicki-pregled\/","title":{"rendered":"U\u017dIVO! Nema novooboljelih, dvije osobe iz samoizolacije do\u0161le u stanice za tehni\u010dki pregled"},"content":{"rendered":"<p>U 12:30 ispred OB Dubrovnik odr\u017eava se redovita konferencija za medije Sto\u017eera civilne za\u0161tite DN\u017d-a o najnovijim podacima o epidemiji koronavirusa na podru\u010dju \u017dupanije.<\/p>\n<p>&#8211; Nemamo od ju\u010dera\u0161njih uzoraka nijedan pozitivan nalaz na koronavirus. Uz mjere olak\u0161avanja kretanja do\u0107i \u0107e i nove mjere radi pokretanja gospodarstva, ali moramo biti oprezni. Na\u017ealost, imamo dva slu\u010daja kr\u0161enja samoizolacije. &#8211; rekao je \u017eupan Dobroslavi\u0107.<\/p>\n<p>&#8211; Nemamo novih slu\u010dajeva koronavirusa. Imamo dvije nove izlije\u010dene osobe, ukupno 18. U protekla 24 sata imali smo dva kr\u0161enja mjere samoizolacije. &#8211; rekao je na\u010delnik Sto\u017eera Jo\u0161ko Cebalo.<\/p>\n<p>&#8211;\u00a0 26 pacijenata pozitivnih na COVID-19, jedna osoba je te\u0161koga stanja, intubirana je i nalazi se u Jedinici intenzivnog lije\u010denja. &#8211; ravnatelj bolnice Marijo Beki\u0107.<\/p>\n<p>&#8211; \u010cetvrti dan zaredom nemamo COVID pozitivnih. Ukoliko se ne pridr\u017eavamo osnovinih mjera (socijalna distanca i osobna higijena), do\u0107i \u0107e do ponovnog \u0161irenja epidemije.<\/p>\n<p>&#8211; Dvije osobe su do\u0161le u razli\u010dite Stanice za tehni\u010dki pregled na podru\u010dju \u017dupanije radi produ\u017eavanja registracije vozila i tako su prekr\u0161ile mjere samoizolacije. &#8211; rekao je na\u010delnik PU dubrova\u010dko-neretvanske Ivan Pavlovi\u0107 koji se zahvalio \u017eenama u Dolini Neretve i \u0161ireg dubrova\u010dkoga podru\u010dja na pamu\u010dnim za\u0161titnim maskama koje su donirale policijskim slu\u017ebenicima.<\/p>\n<p>Odgovaraju\u0107i na pitanje Cebalo je izjavio da su jutros dobili odluku o ukidanju no\u0107ne smjene za COVID-19 ambulante i to \u0107e se provesti.<\/p>\n<div id=\"fb-root\"><\/div>\n<p><script async=\"1\" defer=\"1\" crossorigin=\"anonymous\" src=\"https:\/\/connect.facebook.net\/de_DE\/sdk.js#xfbml=1&amp;version=v6.0\"><\/script><\/p>\n<div class=\"fb-video\" data-href=\"https:\/\/www.facebook.com\/dubrovacka.televizija\/videos\/588067068474762\/\" data-width=\"696\">\n<blockquote cite=\"https:\/\/www.facebook.com\/dubrovacka.televizija\/videos\/588067068474762\/\" class=\"fb-xfbml-parse-ignore\"><p><a href=\"https:\/\/www.facebook.com\/dubrovacka.televizija\/videos\/588067068474762\/\">12:30 IZVANREDNE VIJESTI U\u017dIVO<\/a><\/p>\n<p>#DUTV 12:30 IZVANREDNE VIJESTI U\u017dIVO: Pratite konferenciju za medije \u017eupanijskog Sto\u017eera civilne za\u0161tite<\/p>\n<p>Gepostet von <a href=\"https:\/\/www.facebook.com\/dubrovacka.televizija\/\">Dubrova\u010dka televizija<\/a> am Mittwoch, 22. April 2020<\/p><\/blockquote>\n<\/div>\n<p>&nbsp;<\/p>\n","protected":false},"excerpt":{"rendered":"<p>U 12:30 ispred OB Dubrovnik odr\u017eava se redovita konferencija za medije Sto\u017eera civilne za\u0161tite DN\u017d-a o najnovijim podacima o epidemiji koronavirusa na podru\u010dju \u017dupanije. &#8211; Nemamo od ju\u010dera\u0161njih uzoraka nijedan pozitivan nalaz na koronavirus. Uz mjere olak\u0161avanja kretanja do\u0107i \u0107e i nove mjere radi pokretanja gospodarstva, ali moramo biti oprezni. Na\u017ealost, imamo dva slu\u010daja kr\u0161enja [&hellip;]<\/p>\n","protected":false},"author":9,"featured_media":99199,"comment_status":"open","ping_status":"open","sticky":false,"template":"","format":"video","meta":{"footnotes":""},"categories":[283,300],"tags":[7148,7107],"class_list":{"0":"post-100765","1":"post","2":"type-post","3":"status-publish","4":"format-video","5":"has-post-thumbnail","7":"category-a","8":"category-zupanija","9":"tag-epidemija-koronavirusa","10":"tag-stozer-civilne-zastite-dnz","11":"post_format-post-format-video"},"yoast_head":"<!-- This site is optimized with the Yoast SEO plugin v25.2 - https:\/\/yoast.com\/wordpress\/plugins\/seo\/ -->\n<title>U\u017dIVO! Nema novooboljelih, dvije osobe iz samoizolacije do\u0161le u stanice za tehni\u010dki pregled - likemetkovic.hr<\/title>\n<meta name=\"robots\" content=\"index, follow, max-snippet:-1, max-image-preview:large, max-video-preview:-1\" \/>\n<link rel=\"canonical\" href=\"https:\/\/likemetkovic.hr\/uzivo-nema-novooboljelih-dvije-osobe-iz-samoizolacije-dosle-u-stanice-za-tehnicki-pregled\/\" \/>\n<meta property=\"og:locale\" content=\"hr_HR\" \/>\n<meta property=\"og:type\" content=\"article\" \/>\n<meta property=\"og:title\" content=\"U\u017dIVO! Nema novooboljelih, dvije osobe iz samoizolacije do\u0161le u stanice za tehni\u010dki pregled - likemetkovic.hr\" \/>\n<meta property=\"og:description\" content=\"U 12:30 ispred OB Dubrovnik odr\u017eava se redovita konferencija za medije Sto\u017eera civilne za\u0161tite DN\u017d-a o najnovijim podacima o epidemiji koronavirusa na podru\u010dju \u017dupanije. &#8211; Nemamo od ju\u010dera\u0161njih uzoraka nijedan pozitivan nalaz na koronavirus. Uz mjere olak\u0161avanja kretanja do\u0107i \u0107e i nove mjere radi pokretanja gospodarstva, ali moramo biti oprezni. Na\u017ealost, imamo dva slu\u010daja kr\u0161enja [&hellip;]\" \/>\n<meta property=\"og:url\" content=\"https:\/\/likemetkovic.hr\/uzivo-nema-novooboljelih-dvije-osobe-iz-samoizolacije-dosle-u-stanice-za-tehnicki-pregled\/\" \/>\n<meta property=\"og:site_name\" content=\"likemetkovic.hr\" \/>\n<meta property=\"article:publisher\" content=\"https:\/\/www.facebook.com\/likemetkovic.hr\/\" \/>\n<meta property=\"article:published_time\" content=\"2020-04-22T10:28:11+00:00\" \/>\n<meta property=\"article:modified_time\" content=\"2020-04-22T11:19:19+00:00\" \/>\n<meta property=\"og:image\" content=\"https:\/\/likemetkovic.hr\/wp-content\/uploads\/2020\/03\/stozer-dnz.jpg\" \/>\n\t<meta property=\"og:image:width\" content=\"800\" \/>\n\t<meta property=\"og:image:height\" content=\"533\" \/>\n\t<meta property=\"og:image:type\" content=\"image\/jpeg\" \/>\n<meta name=\"author\" content=\"K. J.\" \/>\n<meta name=\"twitter:card\" content=\"summary_large_image\" \/>\n<meta name=\"twitter:label1\" content=\"Napisao\/la\" \/>\n\t<meta name=\"twitter:data1\" content=\"K. J.\" \/>\n\t<meta name=\"twitter:label2\" content=\"Procijenjeno vrijeme \u010ditanja\" \/>\n\t<meta name=\"twitter:data2\" content=\"1 minuta\" \/>\n<script type=\"application\/ld+json\" class=\"yoast-schema-graph\">{\"@context\":\"https:\/\/schema.org\",\"@graph\":[{\"@type\":\"WebPage\",\"@id\":\"https:\/\/likemetkovic.hr\/uzivo-nema-novooboljelih-dvije-osobe-iz-samoizolacije-dosle-u-stanice-za-tehnicki-pregled\/\",\"url\":\"https:\/\/likemetkovic.hr\/uzivo-nema-novooboljelih-dvije-osobe-iz-samoizolacije-dosle-u-stanice-za-tehnicki-pregled\/\",\"name\":\"U\u017dIVO! Nema novooboljelih, dvije osobe iz samoizolacije do\u0161le u stanice za tehni\u010dki pregled - likemetkovic.hr\",\"isPartOf\":{\"@id\":\"https:\/\/likemetkovic.hr\/#website\"},\"primaryImageOfPage\":{\"@id\":\"https:\/\/likemetkovic.hr\/uzivo-nema-novooboljelih-dvije-osobe-iz-samoizolacije-dosle-u-stanice-za-tehnicki-pregled\/#primaryimage\"},\"image\":{\"@id\":\"https:\/\/likemetkovic.hr\/uzivo-nema-novooboljelih-dvije-osobe-iz-samoizolacije-dosle-u-stanice-za-tehnicki-pregled\/#primaryimage\"},\"thumbnailUrl\":\"https:\/\/likemetkovic.hr\/portal\/wp-content\/uploads\/2020\/03\/stozer-dnz.jpg\",\"datePublished\":\"2020-04-22T10:28:11+00:00\",\"dateModified\":\"2020-04-22T11:19:19+00:00\",\"author\":{\"@id\":\"https:\/\/likemetkovic.hr\/#\/schema\/person\/0a8b4ebfdfe1ff01192dccda40c5da0c\"},\"breadcrumb\":{\"@id\":\"https:\/\/likemetkovic.hr\/uzivo-nema-novooboljelih-dvije-osobe-iz-samoizolacije-dosle-u-stanice-za-tehnicki-pregled\/#breadcrumb\"},\"inLanguage\":\"hr\",\"potentialAction\":[{\"@type\":\"ReadAction\",\"target\":[\"https:\/\/likemetkovic.hr\/uzivo-nema-novooboljelih-dvije-osobe-iz-samoizolacije-dosle-u-stanice-za-tehnicki-pregled\/\"]}]},{\"@type\":\"ImageObject\",\"inLanguage\":\"hr\",\"@id\":\"https:\/\/likemetkovic.hr\/uzivo-nema-novooboljelih-dvije-osobe-iz-samoizolacije-dosle-u-stanice-za-tehnicki-pregled\/#primaryimage\",\"url\":\"https:\/\/likemetkovic.hr\/portal\/wp-content\/uploads\/2020\/03\/stozer-dnz.jpg\",\"contentUrl\":\"https:\/\/likemetkovic.hr\/portal\/wp-content\/uploads\/2020\/03\/stozer-dnz.jpg\",\"width\":800,\"height\":533},{\"@type\":\"BreadcrumbList\",\"@id\":\"https:\/\/likemetkovic.hr\/uzivo-nema-novooboljelih-dvije-osobe-iz-samoizolacije-dosle-u-stanice-za-tehnicki-pregled\/#breadcrumb\",\"itemListElement\":[{\"@type\":\"ListItem\",\"position\":1,\"name\":\"Po\u010detna stranica\",\"item\":\"https:\/\/likemetkovic.hr\/portal\/\"},{\"@type\":\"ListItem\",\"position\":2,\"name\":\"U\u017dIVO! Nema novooboljelih, dvije osobe iz samoizolacije do\u0161le u stanice za tehni\u010dki pregled\"}]},{\"@type\":\"WebSite\",\"@id\":\"https:\/\/likemetkovic.hr\/#website\",\"url\":\"https:\/\/likemetkovic.hr\/\",\"name\":\"likemetkovic.hr\",\"description\":\"Misli pozitivno... \u010ditaj LIKE\",\"potentialAction\":[{\"@type\":\"SearchAction\",\"target\":{\"@type\":\"EntryPoint\",\"urlTemplate\":\"https:\/\/likemetkovic.hr\/?s={search_term_string}\"},\"query-input\":{\"@type\":\"PropertyValueSpecification\",\"valueRequired\":true,\"valueName\":\"search_term_string\"}}],\"inLanguage\":\"hr\"},{\"@type\":\"Person\",\"@id\":\"https:\/\/likemetkovic.hr\/#\/schema\/person\/0a8b4ebfdfe1ff01192dccda40c5da0c\",\"name\":\"K. J.\",\"url\":\"https:\/\/likemetkovic.hr\/portal\/author\/likemetkovic\/\"}]}<\/script>\n<!-- \/ Yoast SEO plugin. -->","yoast_head_json":{"title":"U\u017dIVO! Nema novooboljelih, dvije osobe iz samoizolacije do\u0161le u stanice za tehni\u010dki pregled - likemetkovic.hr","robots":{"index":"index","follow":"follow","max-snippet":"max-snippet:-1","max-image-preview":"max-image-preview:large","max-video-preview":"max-video-preview:-1"},"canonical":"https:\/\/likemetkovic.hr\/uzivo-nema-novooboljelih-dvije-osobe-iz-samoizolacije-dosle-u-stanice-za-tehnicki-pregled\/","og_locale":"hr_HR","og_type":"article","og_title":"U\u017dIVO! Nema novooboljelih, dvije osobe iz samoizolacije do\u0161le u stanice za tehni\u010dki pregled - likemetkovic.hr","og_description":"U 12:30 ispred OB Dubrovnik odr\u017eava se redovita konferencija za medije Sto\u017eera civilne za\u0161tite DN\u017d-a o najnovijim podacima o epidemiji koronavirusa na podru\u010dju \u017dupanije. &#8211; Nemamo od ju\u010dera\u0161njih uzoraka nijedan pozitivan nalaz na koronavirus. Uz mjere olak\u0161avanja kretanja do\u0107i \u0107e i nove mjere radi pokretanja gospodarstva, ali moramo biti oprezni. Na\u017ealost, imamo dva slu\u010daja kr\u0161enja [&hellip;]","og_url":"https:\/\/likemetkovic.hr\/uzivo-nema-novooboljelih-dvije-osobe-iz-samoizolacije-dosle-u-stanice-za-tehnicki-pregled\/","og_site_name":"likemetkovic.hr","article_publisher":"https:\/\/www.facebook.com\/likemetkovic.hr\/","article_published_time":"2020-04-22T10:28:11+00:00","article_modified_time":"2020-04-22T11:19:19+00:00","og_image":[{"width":800,"height":533,"url":"https:\/\/likemetkovic.hr\/wp-content\/uploads\/2020\/03\/stozer-dnz.jpg","type":"image\/jpeg"}],"author":"K. J.","twitter_card":"summary_large_image","twitter_misc":{"Napisao\/la":"K. J.","Procijenjeno vrijeme \u010ditanja":"1 minuta"},"schema":{"@context":"https:\/\/schema.org","@graph":[{"@type":"WebPage","@id":"https:\/\/likemetkovic.hr\/uzivo-nema-novooboljelih-dvije-osobe-iz-samoizolacije-dosle-u-stanice-za-tehnicki-pregled\/","url":"https:\/\/likemetkovic.hr\/uzivo-nema-novooboljelih-dvije-osobe-iz-samoizolacije-dosle-u-stanice-za-tehnicki-pregled\/","name":"U\u017dIVO! Nema novooboljelih, dvije osobe iz samoizolacije do\u0161le u stanice za tehni\u010dki pregled - likemetkovic.hr","isPartOf":{"@id":"https:\/\/likemetkovic.hr\/#website"},"primaryImageOfPage":{"@id":"https:\/\/likemetkovic.hr\/uzivo-nema-novooboljelih-dvije-osobe-iz-samoizolacije-dosle-u-stanice-za-tehnicki-pregled\/#primaryimage"},"image":{"@id":"https:\/\/likemetkovic.hr\/uzivo-nema-novooboljelih-dvije-osobe-iz-samoizolacije-dosle-u-stanice-za-tehnicki-pregled\/#primaryimage"},"thumbnailUrl":"https:\/\/likemetkovic.hr\/portal\/wp-content\/uploads\/2020\/03\/stozer-dnz.jpg","datePublished":"2020-04-22T10:28:11+00:00","dateModified":"2020-04-22T11:19:19+00:00","author":{"@id":"https:\/\/likemetkovic.hr\/#\/schema\/person\/0a8b4ebfdfe1ff01192dccda40c5da0c"},"breadcrumb":{"@id":"https:\/\/likemetkovic.hr\/uzivo-nema-novooboljelih-dvije-osobe-iz-samoizolacije-dosle-u-stanice-za-tehnicki-pregled\/#breadcrumb"},"inLanguage":"hr","potentialAction":[{"@type":"ReadAction","target":["https:\/\/likemetkovic.hr\/uzivo-nema-novooboljelih-dvije-osobe-iz-samoizolacije-dosle-u-stanice-za-tehnicki-pregled\/"]}]},{"@type":"ImageObject","inLanguage":"hr","@id":"https:\/\/likemetkovic.hr\/uzivo-nema-novooboljelih-dvije-osobe-iz-samoizolacije-dosle-u-stanice-za-tehnicki-pregled\/#primaryimage","url":"https:\/\/likemetkovic.hr\/portal\/wp-content\/uploads\/2020\/03\/stozer-dnz.jpg","contentUrl":"https:\/\/likemetkovic.hr\/portal\/wp-content\/uploads\/2020\/03\/stozer-dnz.jpg","width":800,"height":533},{"@type":"BreadcrumbList","@id":"https:\/\/likemetkovic.hr\/uzivo-nema-novooboljelih-dvije-osobe-iz-samoizolacije-dosle-u-stanice-za-tehnicki-pregled\/#breadcrumb","itemListElement":[{"@type":"ListItem","position":1,"name":"Po\u010detna stranica","item":"https:\/\/likemetkovic.hr\/portal\/"},{"@type":"ListItem","position":2,"name":"U\u017dIVO! Nema novooboljelih, dvije osobe iz samoizolacije do\u0161le u stanice za tehni\u010dki pregled"}]},{"@type":"WebSite","@id":"https:\/\/likemetkovic.hr\/#website","url":"https:\/\/likemetkovic.hr\/","name":"likemetkovic.hr","description":"Misli pozitivno... \u010ditaj LIKE","potentialAction":[{"@type":"SearchAction","target":{"@type":"EntryPoint","urlTemplate":"https:\/\/likemetkovic.hr\/?s={search_term_string}"},"query-input":{"@type":"PropertyValueSpecification","valueRequired":true,"valueName":"search_term_string"}}],"inLanguage":"hr"},{"@type":"Person","@id":"https:\/\/likemetkovic.hr\/#\/schema\/person\/0a8b4ebfdfe1ff01192dccda40c5da0c","name":"K. J.","url":"https:\/\/likemetkovic.hr\/portal\/author\/likemetkovic\/"}]}},"_links":{"self":[{"href":"https:\/\/likemetkovic.hr\/portal\/wp-json\/wp\/v2\/posts\/100765","targetHints":{"allow":["GET"]}}],"collection":[{"href":"https:\/\/likemetkovic.hr\/portal\/wp-json\/wp\/v2\/posts"}],"about":[{"href":"https:\/\/likemetkovic.hr\/portal\/wp-json\/wp\/v2\/types\/post"}],"author":[{"embeddable":true,"href":"https:\/\/likemetkovic.hr\/portal\/wp-json\/wp\/v2\/users\/9"}],"replies":[{"embeddable":true,"href":"https:\/\/likemetkovic.hr\/portal\/wp-json\/wp\/v2\/comments?post=100765"}],"version-history":[{"count":0,"href":"https:\/\/likemetkovic.hr\/portal\/wp-json\/wp\/v2\/posts\/100765\/revisions"}],"wp:featuredmedia":[{"embeddable":true,"href":"https:\/\/likemetkovic.hr\/portal\/wp-json\/wp\/v2\/media\/99199"}],"wp:attachment":[{"href":"https:\/\/likemetkovic.hr\/portal\/wp-json\/wp\/v2\/media?parent=100765"}],"wp:term":[{"taxonomy":"category","embeddable":true,"href":"https:\/\/likemetkovic.hr\/portal\/wp-json\/wp\/v2\/categories?post=100765"},{"taxonomy":"post_tag","embeddable":true,"href":"https:\/\/likemetkovic.hr\/portal\/wp-json\/wp\/v2\/tags?post=100765"}],"curies":[{"name":"wp","href":"https:\/\/api.w.org\/{rel}","templated":true}]}}