{"id":107355,"date":"2020-09-09T07:34:25","date_gmt":"2020-09-09T05:34:25","guid":{"rendered":"https:\/\/likemetkovic.hr\/?p=107355"},"modified":"2020-09-09T07:40:22","modified_gmt":"2020-09-09T05:40:22","slug":"jure-stanic-vec-godinama-ministricu-vuckovic-upozoravam-na-kriminal-u-opuzenu-ali-reakcije-nema","status":"publish","type":"post","link":"https:\/\/likemetkovic.hr\/portal\/jure-stanic-vec-godinama-ministricu-vuckovic-upozoravam-na-kriminal-u-opuzenu-ali-reakcije-nema\/","title":{"rendered":"Jure Stani\u0107: \u2018Ve\u0107 godinama ministricu Vu\u010dkovi\u0107 upozoravam na kriminal u Opuzenu, ali reakcije nema\u2019"},"content":{"rendered":"<p>Vije\u0107nik u gradskom vije\u0107u Opuzena<strong> Jure Stani\u0107<\/strong> tvrdi da je ministricu poljoprivrede nekoliko puta upozorio na malverzacije dr\u017eavnim poljoprivrednim zemlji\u0161tem, a iz Ministarstva poljoprivrede odgovaraju da nikakve nepravilnosti nisu otkrivene, pi\u0161e tjednik <strong><a href=\"https:\/\/www.nacional.hr\/vec-godinama-ministricu-vuckovic-upozoravam-na-kriminal-u-opuzenu-ali-reakcije-nema\/?fbclid=IwAR2oFPLJHJ4_7DsJhrOmzjmyTD_Jg3eYlc92j_VEAVfSuc4DfSruzc5rXfw\" target=\"_blank\" rel=\"noopener noreferrer\">Nacional<\/a><\/strong>.<\/p>\n<p class=\"Kultura_Body-text---inicijal---k\"><span class=\"Kultura-inicijal\"><span class=\"_idGenDropcap-1\">V<\/span><\/span>e\u0107 niz godina upozoravam aktualnu ministricu poljoprivrede Mariju Vu\u010dkovi\u0107 na kriminal koji se doga\u0111a s dr\u017eavnim poljoprivrednim zemlji\u0161tem u gradu Opuzenu, ali ona se na sva moja upozorenja oglu\u0161ila i po tom pitanju nije napravila ni\u0161ta\u201d, otkrio je za Nacional nezavisni vije\u0107nik u Gradskom vije\u0107u Opuzena Jure Stani\u0107. On je ujedno Nacionalu ustupio i opse\u017enu dokumentaciju me\u0111u kojom i zapisnike sa sastanka s Marijom Vu\u010dkovi\u0107 iz razdoblja dok je ona bila dr\u017eavna tajnica u Ministarstvu poljoprivrede u vremenu ministra Tomislava Tolu\u0161i\u0107a. Stani\u0107 ka\u017ee da mu je Marija Vu\u010dkovi\u0107 na sastanku odr\u017eanom po\u010detkom 2017. godine obe\u0107ala pomo\u0107 te da \u0107e istra\u017eiti njegove navode o koruptivnim radnjama u Opuzenu, ali da se ni\u0161ta od toga nije dogodilo. Stani\u0107 zato sumnja da aktualna ministrica, \u010diji su bliski suradnici i prijatelji umije\u0161ani u aferu s Josipom Rimac, svojim postupcima \u0161titi gradona\u010delnika Opuzena Ivu Mihaljevi\u0107a za kojeg tvrdi da je najodgovorniji za malverzacije s dr\u017eavnim zemlji\u0161tem te ga optu\u017euje da je zbog tih malverzacija o\u0161tetio dr\u017eavni i prora\u010dun Opuzena za nekoliko desetaka milijuna kuna.<\/p>\n<p class=\"Generalno_Body-text\"><span class=\"CharOverride-7\"><img decoding=\"async\" class=\"alignnone size-full wp-image-107356\" src=\"https:\/\/likemetkovic.hr\/wp-content\/uploads\/2020\/09\/jure-stanic-dubrovacki-.jpg\" alt=\"\" width=\"800\" height=\"400\" srcset=\"https:\/\/likemetkovic.hr\/portal\/wp-content\/uploads\/2020\/09\/jure-stanic-dubrovacki-.jpg 800w, https:\/\/likemetkovic.hr\/portal\/wp-content\/uploads\/2020\/09\/jure-stanic-dubrovacki--768x384.jpg 768w, https:\/\/likemetkovic.hr\/portal\/wp-content\/uploads\/2020\/09\/jure-stanic-dubrovacki--696x348.jpg 696w\" sizes=\"(max-width: 800px) 100vw, 800px\" \/><\/span><\/p>\n<p class=\"Generalno_Body-text\"><span class=\"CharOverride-7\">Ako se optu\u017ebe Jure Stani\u0107a poka\u017eu to\u010dnima<\/span>\u00a0i ako Marija Vu\u010dkovi\u0107 doista nije poduzela odgovaraju\u0107e mjere kako bi istra\u017eila navodne kriminalne radnje u dolini Neretve, to ponovno otvara pitanje njene kompetencije za obavljanje ministarske du\u017enosti nakon \u0161to se otkrilo da su njene bliske suradnice Anita Valid\u017ei\u0107 i Ru\u017eica Njavro, navodno bez njenog znanja, s Josipom Rimac sudjelovale u velikoj aferi Vjetroelektrane. Zbog te afere Josipa Rimac je osumnji\u010dena za niz kaznenih djela koja uklju\u010duju trgovanje utjecajem, primanje mita i poticanje na zlouporabe. Jure Stani\u0107 je za Nacional izjavio da bi ministrica morala biti upoznata sa svim detaljima oko malverzacija poljoprivrednim zemlji\u0161tem u Opuzenu jer dolazi iz tog kraja te je prije odlaska u Zagreb, u Ministarstvo regionalnog razvoja, bila zamjenica \u017eupana Dubrova\u010dko-neretvanske \u017eupanije te je bila upu\u0107ena u na\u010din sklapanja ugovora o privremenom zakupu dr\u017eavnog zemlji\u0161ta u dolini rijeke Neretve, pa i u samom Opuzenu:<\/p>\n<p class=\"Generalno_Body-text\">\u201cDana 4. sije\u010dnja 2017. godine bio sam na dogovorenom sastanku s dr\u017eavnom tajnicom, a dana\u0161njom ministricom, koja je po nalogu Tomislava Tolu\u0161i\u0107a, a na na\u0161u inicijativu, mog kolegu i mene primila i saslu\u0161ala, a kad je \u010dula argumentirane optu\u017ebe, \u010dini mi se da je odustala od za\u0161tite dobara jer je o\u010dito da za\u0161tita vlasni\u0161tva\u00a0<span class=\"Small-Caps CharOverride-8\">RH<\/span>\u00a0kod nas nije praksa. Bio sam i u Upravi za poljoprivredno zemlji\u0161te gdje su i oni odigrali svoj show uvjeravaju\u0107i me da haluciniram. Nebrojeno puta sam pozivao ministre na sastanak ili tra\u017eio prijem, ali bez uspjeha. Pet puta sam tra\u017eio prijem kod premijera, ali iz Ureda za gra\u0111ane vjerojatno ne shva\u0107aju te\u017einu problema te su mi na moj telefonski poziv rekli da premijer ne prima pojedince.\u201d<\/p>\n<p class=\"Generalno_Body-text\">Po tvrdnjama gradskog vije\u0107nika iz Opuzena, u sredi\u0161tu problema su ugovori o zakupu dr\u017eavnog poljoprivrednog zemlji\u0161ta u okolici Opuzena. Po podacima Ministarstva poljoprivrede, prema va\u017ee\u0107em Programu raspolaganja dr\u017eavnim poljoprivrednim zemlji\u0161tem na podru\u010dju grada Opuzena, koji je donio Grad Opuzen, na podru\u010dju grada evidentirano je 851,47 ha dr\u017eavnog poljoprivrednog zemlji\u0161ta, od \u010dega je 646,59 ha pod privremenim kori\u0161tenjem odnosno sklopljeni su ugovori o privremenom kori\u0161tenju koji istje\u010du tijekom 2022., odnosno 2023. godine. Jure Stani\u0107 tvrdi da se jo\u0161 od 2006. ta zemlja daje u zakup namje\u0161tenim natje\u010dajima na kojima se prote\u017eiraju ljudi iz okru\u017eenja\u00a0<span class=\"Small-Caps CharOverride-8\">HDZ<\/span>-ova gradona\u010delnika Opuzena Ive Mihaljevi\u0107a. Oni, kako tvrdi Stani\u0107, trguju tim zemlji\u0161tem, na njemu sade poljoprivredne kulture koje nisu propisane u ugovorima o zakupu zemlji\u0161ta i time istom zemlji\u0161tu di\u017eu vrijednost:<\/p>\n<p class=\"Generalno_Body-text\">\u201cNema tog lokalnog\u00a0<span class=\"Small-Caps CharOverride-8\">HDZ<\/span>-ovca koji nije involviran u te kriminalne radnje kad je u pitanju nezakonito raspolaganje dr\u017eavnim poljoprivrednim zemlji\u0161tem. Prema mom mi\u0161ljenju, veliku potporu gradona\u010delnik Mihaljevi\u0107 ima u Branku Ba\u010di\u0107u, \u017eupanu Nikoli Dobroslavi\u0107u i kona\u010dno u novoj ministrici Vu\u010dkovi\u0107. Svi relevantni subjekti znaju da se prodaje kori\u0161tenje nezakonito sklopljenih ugovora za dr\u017eavno poljoprivredno zemlji\u0161te, sklopljenih na 10 godina, po cijeni za oranicu 10, a za nezakonito sa\u0111ene nasade 20 tisu\u0107a eura za hektar. Nezakonito sa\u0111ene nasade je \u010dak i Agencija za pla\u0107anje u poljoprivredi financirala, a predvodnik nezakonite sadnje bio je gradona\u010delnik koji je sam sebi dodijelio dva hektara dr\u017eavnog zemlji\u0161ta.\u201d<\/p>\n<p>Vi\u0161e o ovome mo\u017eete pro\u010ditati na portalu tjednika <strong><a href=\"https:\/\/www.nacional.hr\/vec-godinama-ministricu-vuckovic-upozoravam-na-kriminal-u-opuzenu-ali-reakcije-nema\/?fbclid=IwAR2oFPLJHJ4_7DsJhrOmzjmyTD_Jg3eYlc92j_VEAVfSuc4DfSruzc5rXfw\" target=\"_blank\" rel=\"noopener noreferrer\">Nacional<\/a><\/strong>.<\/p>\n","protected":false},"excerpt":{"rendered":"<p>Vije\u0107nik u gradskom vije\u0107u Opuzena Jure Stani\u0107 tvrdi da je ministricu poljoprivrede nekoliko puta upozorio na malverzacije dr\u017eavnim poljoprivrednim zemlji\u0161tem, a iz Ministarstva poljoprivrede odgovaraju da nikakve nepravilnosti nisu otkrivene, pi\u0161e tjednik Nacional. Ve\u0107 niz godina upozoravam aktualnu ministricu poljoprivrede Mariju Vu\u010dkovi\u0107 na kriminal koji se doga\u0111a s dr\u017eavnim poljoprivrednim zemlji\u0161tem u gradu Opuzenu, ali [&hellip;]<\/p>\n","protected":false},"author":9,"featured_media":107356,"comment_status":"open","ping_status":"open","sticky":false,"template":"","format":"standard","meta":{"footnotes":""},"categories":[296,290],"tags":[420,8109,2172,577,932],"class_list":{"0":"post-107355","1":"post","2":"type-post","3":"status-publish","4":"format-standard","5":"has-post-thumbnail","7":"category-ab","8":"category-politika","9":"tag-dolina-neretve","10":"tag-jure-stanic","11":"tag-marija-vuckovic","12":"tag-opuzen","13":"tag-poljoprivredno-zemljiste"},"yoast_head":"<!-- This site is optimized with the Yoast SEO plugin v25.2 - https:\/\/yoast.com\/wordpress\/plugins\/seo\/ -->\n<title>Jure Stani\u0107: \u2018Ve\u0107 godinama ministricu Vu\u010dkovi\u0107 upozoravam na kriminal u Opuzenu, ali reakcije nema\u2019 - likemetkovic.hr<\/title>\n<meta name=\"robots\" content=\"index, follow, max-snippet:-1, max-image-preview:large, max-video-preview:-1\" \/>\n<link rel=\"canonical\" href=\"https:\/\/likemetkovic.hr\/jure-stanic-vec-godinama-ministricu-vuckovic-upozoravam-na-kriminal-u-opuzenu-ali-reakcije-nema\/\" \/>\n<meta property=\"og:locale\" content=\"hr_HR\" \/>\n<meta property=\"og:type\" content=\"article\" \/>\n<meta property=\"og:title\" content=\"Jure Stani\u0107: \u2018Ve\u0107 godinama ministricu Vu\u010dkovi\u0107 upozoravam na kriminal u Opuzenu, ali reakcije nema\u2019 - likemetkovic.hr\" \/>\n<meta property=\"og:description\" content=\"Vije\u0107nik u gradskom vije\u0107u Opuzena Jure Stani\u0107 tvrdi da je ministricu poljoprivrede nekoliko puta upozorio na malverzacije dr\u017eavnim poljoprivrednim zemlji\u0161tem, a iz Ministarstva poljoprivrede odgovaraju da nikakve nepravilnosti nisu otkrivene, pi\u0161e tjednik Nacional. Ve\u0107 niz godina upozoravam aktualnu ministricu poljoprivrede Mariju Vu\u010dkovi\u0107 na kriminal koji se doga\u0111a s dr\u017eavnim poljoprivrednim zemlji\u0161tem u gradu Opuzenu, ali [&hellip;]\" \/>\n<meta property=\"og:url\" content=\"https:\/\/likemetkovic.hr\/jure-stanic-vec-godinama-ministricu-vuckovic-upozoravam-na-kriminal-u-opuzenu-ali-reakcije-nema\/\" \/>\n<meta property=\"og:site_name\" content=\"likemetkovic.hr\" \/>\n<meta property=\"article:publisher\" content=\"https:\/\/www.facebook.com\/likemetkovic.hr\/\" \/>\n<meta property=\"article:published_time\" content=\"2020-09-09T05:34:25+00:00\" \/>\n<meta property=\"article:modified_time\" content=\"2020-09-09T05:40:22+00:00\" \/>\n<meta property=\"og:image\" content=\"https:\/\/likemetkovic.hr\/wp-content\/uploads\/2020\/09\/jure-stanic-dubrovacki-.jpg\" \/>\n\t<meta property=\"og:image:width\" content=\"800\" \/>\n\t<meta property=\"og:image:height\" content=\"400\" \/>\n\t<meta property=\"og:image:type\" content=\"image\/jpeg\" \/>\n<meta name=\"author\" content=\"K. J.\" \/>\n<meta name=\"twitter:card\" content=\"summary_large_image\" \/>\n<meta name=\"twitter:label1\" content=\"Napisao\/la\" \/>\n\t<meta name=\"twitter:data1\" content=\"K. J.\" \/>\n\t<meta name=\"twitter:label2\" content=\"Procijenjeno vrijeme \u010ditanja\" \/>\n\t<meta name=\"twitter:data2\" content=\"4 minute\" \/>\n<script type=\"application\/ld+json\" class=\"yoast-schema-graph\">{\"@context\":\"https:\/\/schema.org\",\"@graph\":[{\"@type\":\"WebPage\",\"@id\":\"https:\/\/likemetkovic.hr\/jure-stanic-vec-godinama-ministricu-vuckovic-upozoravam-na-kriminal-u-opuzenu-ali-reakcije-nema\/\",\"url\":\"https:\/\/likemetkovic.hr\/jure-stanic-vec-godinama-ministricu-vuckovic-upozoravam-na-kriminal-u-opuzenu-ali-reakcije-nema\/\",\"name\":\"Jure Stani\u0107: \u2018Ve\u0107 godinama ministricu Vu\u010dkovi\u0107 upozoravam na kriminal u Opuzenu, ali reakcije nema\u2019 - likemetkovic.hr\",\"isPartOf\":{\"@id\":\"https:\/\/likemetkovic.hr\/#website\"},\"primaryImageOfPage\":{\"@id\":\"https:\/\/likemetkovic.hr\/jure-stanic-vec-godinama-ministricu-vuckovic-upozoravam-na-kriminal-u-opuzenu-ali-reakcije-nema\/#primaryimage\"},\"image\":{\"@id\":\"https:\/\/likemetkovic.hr\/jure-stanic-vec-godinama-ministricu-vuckovic-upozoravam-na-kriminal-u-opuzenu-ali-reakcije-nema\/#primaryimage\"},\"thumbnailUrl\":\"https:\/\/likemetkovic.hr\/portal\/wp-content\/uploads\/2020\/09\/jure-stanic-dubrovacki-.jpg\",\"datePublished\":\"2020-09-09T05:34:25+00:00\",\"dateModified\":\"2020-09-09T05:40:22+00:00\",\"author\":{\"@id\":\"https:\/\/likemetkovic.hr\/#\/schema\/person\/0a8b4ebfdfe1ff01192dccda40c5da0c\"},\"breadcrumb\":{\"@id\":\"https:\/\/likemetkovic.hr\/jure-stanic-vec-godinama-ministricu-vuckovic-upozoravam-na-kriminal-u-opuzenu-ali-reakcije-nema\/#breadcrumb\"},\"inLanguage\":\"hr\",\"potentialAction\":[{\"@type\":\"ReadAction\",\"target\":[\"https:\/\/likemetkovic.hr\/jure-stanic-vec-godinama-ministricu-vuckovic-upozoravam-na-kriminal-u-opuzenu-ali-reakcije-nema\/\"]}]},{\"@type\":\"ImageObject\",\"inLanguage\":\"hr\",\"@id\":\"https:\/\/likemetkovic.hr\/jure-stanic-vec-godinama-ministricu-vuckovic-upozoravam-na-kriminal-u-opuzenu-ali-reakcije-nema\/#primaryimage\",\"url\":\"https:\/\/likemetkovic.hr\/portal\/wp-content\/uploads\/2020\/09\/jure-stanic-dubrovacki-.jpg\",\"contentUrl\":\"https:\/\/likemetkovic.hr\/portal\/wp-content\/uploads\/2020\/09\/jure-stanic-dubrovacki-.jpg\",\"width\":800,\"height\":400},{\"@type\":\"BreadcrumbList\",\"@id\":\"https:\/\/likemetkovic.hr\/jure-stanic-vec-godinama-ministricu-vuckovic-upozoravam-na-kriminal-u-opuzenu-ali-reakcije-nema\/#breadcrumb\",\"itemListElement\":[{\"@type\":\"ListItem\",\"position\":1,\"name\":\"Po\u010detna stranica\",\"item\":\"https:\/\/likemetkovic.hr\/portal\/\"},{\"@type\":\"ListItem\",\"position\":2,\"name\":\"Jure Stani\u0107: \u2018Ve\u0107 godinama ministricu Vu\u010dkovi\u0107 upozoravam na kriminal u Opuzenu, ali reakcije nema\u2019\"}]},{\"@type\":\"WebSite\",\"@id\":\"https:\/\/likemetkovic.hr\/#website\",\"url\":\"https:\/\/likemetkovic.hr\/\",\"name\":\"likemetkovic.hr\",\"description\":\"Misli pozitivno... \u010ditaj LIKE\",\"potentialAction\":[{\"@type\":\"SearchAction\",\"target\":{\"@type\":\"EntryPoint\",\"urlTemplate\":\"https:\/\/likemetkovic.hr\/?s={search_term_string}\"},\"query-input\":{\"@type\":\"PropertyValueSpecification\",\"valueRequired\":true,\"valueName\":\"search_term_string\"}}],\"inLanguage\":\"hr\"},{\"@type\":\"Person\",\"@id\":\"https:\/\/likemetkovic.hr\/#\/schema\/person\/0a8b4ebfdfe1ff01192dccda40c5da0c\",\"name\":\"K. J.\",\"url\":\"https:\/\/likemetkovic.hr\/portal\/author\/likemetkovic\/\"}]}<\/script>\n<!-- \/ Yoast SEO plugin. -->","yoast_head_json":{"title":"Jure Stani\u0107: \u2018Ve\u0107 godinama ministricu Vu\u010dkovi\u0107 upozoravam na kriminal u Opuzenu, ali reakcije nema\u2019 - likemetkovic.hr","robots":{"index":"index","follow":"follow","max-snippet":"max-snippet:-1","max-image-preview":"max-image-preview:large","max-video-preview":"max-video-preview:-1"},"canonical":"https:\/\/likemetkovic.hr\/jure-stanic-vec-godinama-ministricu-vuckovic-upozoravam-na-kriminal-u-opuzenu-ali-reakcije-nema\/","og_locale":"hr_HR","og_type":"article","og_title":"Jure Stani\u0107: \u2018Ve\u0107 godinama ministricu Vu\u010dkovi\u0107 upozoravam na kriminal u Opuzenu, ali reakcije nema\u2019 - likemetkovic.hr","og_description":"Vije\u0107nik u gradskom vije\u0107u Opuzena Jure Stani\u0107 tvrdi da je ministricu poljoprivrede nekoliko puta upozorio na malverzacije dr\u017eavnim poljoprivrednim zemlji\u0161tem, a iz Ministarstva poljoprivrede odgovaraju da nikakve nepravilnosti nisu otkrivene, pi\u0161e tjednik Nacional. Ve\u0107 niz godina upozoravam aktualnu ministricu poljoprivrede Mariju Vu\u010dkovi\u0107 na kriminal koji se doga\u0111a s dr\u017eavnim poljoprivrednim zemlji\u0161tem u gradu Opuzenu, ali [&hellip;]","og_url":"https:\/\/likemetkovic.hr\/jure-stanic-vec-godinama-ministricu-vuckovic-upozoravam-na-kriminal-u-opuzenu-ali-reakcije-nema\/","og_site_name":"likemetkovic.hr","article_publisher":"https:\/\/www.facebook.com\/likemetkovic.hr\/","article_published_time":"2020-09-09T05:34:25+00:00","article_modified_time":"2020-09-09T05:40:22+00:00","og_image":[{"width":800,"height":400,"url":"https:\/\/likemetkovic.hr\/wp-content\/uploads\/2020\/09\/jure-stanic-dubrovacki-.jpg","type":"image\/jpeg"}],"author":"K. J.","twitter_card":"summary_large_image","twitter_misc":{"Napisao\/la":"K. J.","Procijenjeno vrijeme \u010ditanja":"4 minute"},"schema":{"@context":"https:\/\/schema.org","@graph":[{"@type":"WebPage","@id":"https:\/\/likemetkovic.hr\/jure-stanic-vec-godinama-ministricu-vuckovic-upozoravam-na-kriminal-u-opuzenu-ali-reakcije-nema\/","url":"https:\/\/likemetkovic.hr\/jure-stanic-vec-godinama-ministricu-vuckovic-upozoravam-na-kriminal-u-opuzenu-ali-reakcije-nema\/","name":"Jure Stani\u0107: \u2018Ve\u0107 godinama ministricu Vu\u010dkovi\u0107 upozoravam na kriminal u Opuzenu, ali reakcije nema\u2019 - likemetkovic.hr","isPartOf":{"@id":"https:\/\/likemetkovic.hr\/#website"},"primaryImageOfPage":{"@id":"https:\/\/likemetkovic.hr\/jure-stanic-vec-godinama-ministricu-vuckovic-upozoravam-na-kriminal-u-opuzenu-ali-reakcije-nema\/#primaryimage"},"image":{"@id":"https:\/\/likemetkovic.hr\/jure-stanic-vec-godinama-ministricu-vuckovic-upozoravam-na-kriminal-u-opuzenu-ali-reakcije-nema\/#primaryimage"},"thumbnailUrl":"https:\/\/likemetkovic.hr\/portal\/wp-content\/uploads\/2020\/09\/jure-stanic-dubrovacki-.jpg","datePublished":"2020-09-09T05:34:25+00:00","dateModified":"2020-09-09T05:40:22+00:00","author":{"@id":"https:\/\/likemetkovic.hr\/#\/schema\/person\/0a8b4ebfdfe1ff01192dccda40c5da0c"},"breadcrumb":{"@id":"https:\/\/likemetkovic.hr\/jure-stanic-vec-godinama-ministricu-vuckovic-upozoravam-na-kriminal-u-opuzenu-ali-reakcije-nema\/#breadcrumb"},"inLanguage":"hr","potentialAction":[{"@type":"ReadAction","target":["https:\/\/likemetkovic.hr\/jure-stanic-vec-godinama-ministricu-vuckovic-upozoravam-na-kriminal-u-opuzenu-ali-reakcije-nema\/"]}]},{"@type":"ImageObject","inLanguage":"hr","@id":"https:\/\/likemetkovic.hr\/jure-stanic-vec-godinama-ministricu-vuckovic-upozoravam-na-kriminal-u-opuzenu-ali-reakcije-nema\/#primaryimage","url":"https:\/\/likemetkovic.hr\/portal\/wp-content\/uploads\/2020\/09\/jure-stanic-dubrovacki-.jpg","contentUrl":"https:\/\/likemetkovic.hr\/portal\/wp-content\/uploads\/2020\/09\/jure-stanic-dubrovacki-.jpg","width":800,"height":400},{"@type":"BreadcrumbList","@id":"https:\/\/likemetkovic.hr\/jure-stanic-vec-godinama-ministricu-vuckovic-upozoravam-na-kriminal-u-opuzenu-ali-reakcije-nema\/#breadcrumb","itemListElement":[{"@type":"ListItem","position":1,"name":"Po\u010detna stranica","item":"https:\/\/likemetkovic.hr\/portal\/"},{"@type":"ListItem","position":2,"name":"Jure Stani\u0107: \u2018Ve\u0107 godinama ministricu Vu\u010dkovi\u0107 upozoravam na kriminal u Opuzenu, ali reakcije nema\u2019"}]},{"@type":"WebSite","@id":"https:\/\/likemetkovic.hr\/#website","url":"https:\/\/likemetkovic.hr\/","name":"likemetkovic.hr","description":"Misli pozitivno... \u010ditaj LIKE","potentialAction":[{"@type":"SearchAction","target":{"@type":"EntryPoint","urlTemplate":"https:\/\/likemetkovic.hr\/?s={search_term_string}"},"query-input":{"@type":"PropertyValueSpecification","valueRequired":true,"valueName":"search_term_string"}}],"inLanguage":"hr"},{"@type":"Person","@id":"https:\/\/likemetkovic.hr\/#\/schema\/person\/0a8b4ebfdfe1ff01192dccda40c5da0c","name":"K. J.","url":"https:\/\/likemetkovic.hr\/portal\/author\/likemetkovic\/"}]}},"_links":{"self":[{"href":"https:\/\/likemetkovic.hr\/portal\/wp-json\/wp\/v2\/posts\/107355","targetHints":{"allow":["GET"]}}],"collection":[{"href":"https:\/\/likemetkovic.hr\/portal\/wp-json\/wp\/v2\/posts"}],"about":[{"href":"https:\/\/likemetkovic.hr\/portal\/wp-json\/wp\/v2\/types\/post"}],"author":[{"embeddable":true,"href":"https:\/\/likemetkovic.hr\/portal\/wp-json\/wp\/v2\/users\/9"}],"replies":[{"embeddable":true,"href":"https:\/\/likemetkovic.hr\/portal\/wp-json\/wp\/v2\/comments?post=107355"}],"version-history":[{"count":0,"href":"https:\/\/likemetkovic.hr\/portal\/wp-json\/wp\/v2\/posts\/107355\/revisions"}],"wp:featuredmedia":[{"embeddable":true,"href":"https:\/\/likemetkovic.hr\/portal\/wp-json\/wp\/v2\/media\/107356"}],"wp:attachment":[{"href":"https:\/\/likemetkovic.hr\/portal\/wp-json\/wp\/v2\/media?parent=107355"}],"wp:term":[{"taxonomy":"category","embeddable":true,"href":"https:\/\/likemetkovic.hr\/portal\/wp-json\/wp\/v2\/categories?post=107355"},{"taxonomy":"post_tag","embeddable":true,"href":"https:\/\/likemetkovic.hr\/portal\/wp-json\/wp\/v2\/tags?post=107355"}],"curies":[{"name":"wp","href":"https:\/\/api.w.org\/{rel}","templated":true}]}}