{"id":107384,"date":"2020-09-09T20:08:16","date_gmt":"2020-09-09T18:08:16","guid":{"rendered":"https:\/\/likemetkovic.hr\/?p=107384"},"modified":"2020-09-09T20:08:35","modified_gmt":"2020-09-09T18:08:35","slug":"kula-norinska-iduce-godine-ce-se-graditi-centar-za-naprednu-obuku-za-vatrogastvo-i-civilnu-zastitu","status":"publish","type":"post","link":"https:\/\/likemetkovic.hr\/portal\/kula-norinska-iduce-godine-ce-se-graditi-centar-za-naprednu-obuku-za-vatrogastvo-i-civilnu-zastitu\/","title":{"rendered":"KULA NORINSKA Idu\u0107e godine \u0107e se graditi Centar za naprednu obuku za vatrogastvo i civilnu za\u0161titu"},"content":{"rendered":"<p>Dubrova\u010dko-neretvanska \u017eupanija partner je novougovorenog strate\u0161kog projekta FIRESPILL \u010diji cilj je razvoj prekograni\u010dnog sustava suradnje u slu\u010dajevima prirodnih katastrofa, a kojim \u0107e se me\u0111u ostalim izgraditi i opremiti<strong> Centar za naprednu obuku za vatrogastvo i civilnu za\u0161titu<\/strong> na podru\u010dju op\u0107ine Kula Norinska.<\/p>\n<p>Projekt ukupno vrijedan vi\u0161e od 123 milijuna kuna slu\u017ebeno je zapo\u010deo odr\u017eanim online sastankom na kojem je sudjelovala i Regionalna agencija DUNEA kao savjetodavna pomo\u0107 Dubrova\u010dko-neretvanskoj \u017eupaniji u pripremi i provedbi EU projekata.<\/p>\n<p>Dubrova\u010dko-neretvanska \u017eupanija na raspolaganju ima oko 12 milijuna kuna, kojim \u0107e kroz sve planirane aktivnosti i gradnju Centra zna\u010dajno doprinijeti unaprje\u0111enju sustava prevencije od po\u017eara i ostalih opasnosti na podru\u010dju doline Neretve i okolice. Gradnja Centra planirana je tijekom 2021. godine.<\/p>\n<p>Nositelj projekta koji okuplja 14 partnera iz Italije i Hrvatske je Javna ustanova RERA S.D. za koordinaciju i razvoj Splitsko-dalmatinske \u017eupanije, kojem \u0107e sjedi\u0161te Centra biti u Vu\u010devici odakle \u0107e koordinirati, ali i educirati i osposobljavati osoblje u podru\u010dju za\u0161tite od prirodnih i drugih nesre\u0107a. Splitski i neretvanski Centar uspostavit \u0107e trajnu prekograni\u010dnu suradnju s Trening-parkom Belvedere di Fabriano (regija Marche) u Italiji, koji \u0107e svoju infrastrukturu tako\u0111er unaprijediti iz ovog projekta.<\/p>\n<p>Cilj projekta FIRESPILL je pove\u0107anje kapaciteta organizacija hitnih slu\u017ebi u svrhu u\u010dinkovitijeg rje\u0161avanja prirodnih katastrofa i katastrofa uzrokovanih ljudskim djelovanjem. Kroz projekt \u0107e se nabaviti sigurnosna oprema, hitna vozila na kopnu i moru, te \u0107e se izgraditi i uspostaviti spomenuti centri za naprednu obuku.<\/p>\n","protected":false},"excerpt":{"rendered":"<p>Dubrova\u010dko-neretvanska \u017eupanija partner je novougovorenog strate\u0161kog projekta FIRESPILL \u010diji cilj je razvoj prekograni\u010dnog sustava suradnje u slu\u010dajevima prirodnih katastrofa, a kojim \u0107e se me\u0111u ostalim izgraditi i opremiti Centar za naprednu obuku za vatrogastvo i civilnu za\u0161titu na podru\u010dju op\u0107ine Kula Norinska. Projekt ukupno vrijedan vi\u0161e od 123 milijuna kuna slu\u017ebeno je zapo\u010deo odr\u017eanim online [&hellip;]<\/p>\n","protected":false},"author":7,"featured_media":107385,"comment_status":"open","ping_status":"open","sticky":false,"template":"","format":"standard","meta":{"footnotes":""},"categories":[296,11],"tags":[8113,7030,1218,665,8114],"class_list":{"0":"post-107384","1":"post","2":"type-post","3":"status-publish","4":"format-standard","5":"has-post-thumbnail","7":"category-ab","8":"category-metkovic-dolina","9":"tag-centar-za-naprednu-obuku","10":"tag-civilna-zastita","11":"tag-dnz","12":"tag-kula-norinska","13":"tag-vatrogastvo"},"yoast_head":"<!-- This site is optimized with the Yoast SEO plugin v25.2 - https:\/\/yoast.com\/wordpress\/plugins\/seo\/ -->\n<title>KULA NORINSKA Idu\u0107e godine \u0107e se graditi Centar za naprednu obuku za vatrogastvo i civilnu za\u0161titu - likemetkovic.hr<\/title>\n<meta name=\"robots\" content=\"index, follow, max-snippet:-1, max-image-preview:large, max-video-preview:-1\" \/>\n<link rel=\"canonical\" href=\"https:\/\/likemetkovic.hr\/kula-norinska-iduce-godine-ce-se-graditi-centar-za-naprednu-obuku-za-vatrogastvo-i-civilnu-zastitu\/\" \/>\n<meta property=\"og:locale\" content=\"hr_HR\" \/>\n<meta property=\"og:type\" content=\"article\" \/>\n<meta property=\"og:title\" content=\"KULA NORINSKA Idu\u0107e godine \u0107e se graditi Centar za naprednu obuku za vatrogastvo i civilnu za\u0161titu - likemetkovic.hr\" \/>\n<meta property=\"og:description\" content=\"Dubrova\u010dko-neretvanska \u017eupanija partner je novougovorenog strate\u0161kog projekta FIRESPILL \u010diji cilj je razvoj prekograni\u010dnog sustava suradnje u slu\u010dajevima prirodnih katastrofa, a kojim \u0107e se me\u0111u ostalim izgraditi i opremiti Centar za naprednu obuku za vatrogastvo i civilnu za\u0161titu na podru\u010dju op\u0107ine Kula Norinska. Projekt ukupno vrijedan vi\u0161e od 123 milijuna kuna slu\u017ebeno je zapo\u010deo odr\u017eanim online [&hellip;]\" \/>\n<meta property=\"og:url\" content=\"https:\/\/likemetkovic.hr\/kula-norinska-iduce-godine-ce-se-graditi-centar-za-naprednu-obuku-za-vatrogastvo-i-civilnu-zastitu\/\" \/>\n<meta property=\"og:site_name\" content=\"likemetkovic.hr\" \/>\n<meta property=\"article:publisher\" content=\"https:\/\/www.facebook.com\/likemetkovic.hr\/\" \/>\n<meta property=\"article:published_time\" content=\"2020-09-09T18:08:16+00:00\" \/>\n<meta property=\"article:modified_time\" content=\"2020-09-09T18:08:35+00:00\" \/>\n<meta property=\"og:image\" content=\"https:\/\/likemetkovic.hr\/wp-content\/uploads\/2020\/09\/vatrogasna-obuka_edited.jpg\" \/>\n\t<meta property=\"og:image:width\" content=\"700\" \/>\n\t<meta property=\"og:image:height\" content=\"467\" \/>\n\t<meta property=\"og:image:type\" content=\"image\/jpeg\" \/>\n<meta name=\"author\" content=\"LIKEmetkovic.hr\" \/>\n<meta name=\"twitter:card\" content=\"summary_large_image\" \/>\n<meta name=\"twitter:label1\" content=\"Napisao\/la\" \/>\n\t<meta name=\"twitter:data1\" content=\"LIKEmetkovic.hr\" \/>\n\t<meta name=\"twitter:label2\" content=\"Procijenjeno vrijeme \u010ditanja\" \/>\n\t<meta name=\"twitter:data2\" content=\"1 minuta\" \/>\n<script type=\"application\/ld+json\" class=\"yoast-schema-graph\">{\"@context\":\"https:\/\/schema.org\",\"@graph\":[{\"@type\":\"WebPage\",\"@id\":\"https:\/\/likemetkovic.hr\/kula-norinska-iduce-godine-ce-se-graditi-centar-za-naprednu-obuku-za-vatrogastvo-i-civilnu-zastitu\/\",\"url\":\"https:\/\/likemetkovic.hr\/kula-norinska-iduce-godine-ce-se-graditi-centar-za-naprednu-obuku-za-vatrogastvo-i-civilnu-zastitu\/\",\"name\":\"KULA NORINSKA Idu\u0107e godine \u0107e se graditi Centar za naprednu obuku za vatrogastvo i civilnu za\u0161titu - likemetkovic.hr\",\"isPartOf\":{\"@id\":\"https:\/\/likemetkovic.hr\/#website\"},\"primaryImageOfPage\":{\"@id\":\"https:\/\/likemetkovic.hr\/kula-norinska-iduce-godine-ce-se-graditi-centar-za-naprednu-obuku-za-vatrogastvo-i-civilnu-zastitu\/#primaryimage\"},\"image\":{\"@id\":\"https:\/\/likemetkovic.hr\/kula-norinska-iduce-godine-ce-se-graditi-centar-za-naprednu-obuku-za-vatrogastvo-i-civilnu-zastitu\/#primaryimage\"},\"thumbnailUrl\":\"https:\/\/likemetkovic.hr\/portal\/wp-content\/uploads\/2020\/09\/vatrogasna-obuka_edited.jpg\",\"datePublished\":\"2020-09-09T18:08:16+00:00\",\"dateModified\":\"2020-09-09T18:08:35+00:00\",\"author\":{\"@id\":\"https:\/\/likemetkovic.hr\/#\/schema\/person\/a42711f3385a0e2be6f7e0443bfb28f0\"},\"breadcrumb\":{\"@id\":\"https:\/\/likemetkovic.hr\/kula-norinska-iduce-godine-ce-se-graditi-centar-za-naprednu-obuku-za-vatrogastvo-i-civilnu-zastitu\/#breadcrumb\"},\"inLanguage\":\"hr\",\"potentialAction\":[{\"@type\":\"ReadAction\",\"target\":[\"https:\/\/likemetkovic.hr\/kula-norinska-iduce-godine-ce-se-graditi-centar-za-naprednu-obuku-za-vatrogastvo-i-civilnu-zastitu\/\"]}]},{\"@type\":\"ImageObject\",\"inLanguage\":\"hr\",\"@id\":\"https:\/\/likemetkovic.hr\/kula-norinska-iduce-godine-ce-se-graditi-centar-za-naprednu-obuku-za-vatrogastvo-i-civilnu-zastitu\/#primaryimage\",\"url\":\"https:\/\/likemetkovic.hr\/portal\/wp-content\/uploads\/2020\/09\/vatrogasna-obuka_edited.jpg\",\"contentUrl\":\"https:\/\/likemetkovic.hr\/portal\/wp-content\/uploads\/2020\/09\/vatrogasna-obuka_edited.jpg\",\"width\":700,\"height\":467},{\"@type\":\"BreadcrumbList\",\"@id\":\"https:\/\/likemetkovic.hr\/kula-norinska-iduce-godine-ce-se-graditi-centar-za-naprednu-obuku-za-vatrogastvo-i-civilnu-zastitu\/#breadcrumb\",\"itemListElement\":[{\"@type\":\"ListItem\",\"position\":1,\"name\":\"Po\u010detna stranica\",\"item\":\"https:\/\/likemetkovic.hr\/portal\/\"},{\"@type\":\"ListItem\",\"position\":2,\"name\":\"KULA NORINSKA Idu\u0107e godine \u0107e se graditi Centar za naprednu obuku za vatrogastvo i civilnu za\u0161titu\"}]},{\"@type\":\"WebSite\",\"@id\":\"https:\/\/likemetkovic.hr\/#website\",\"url\":\"https:\/\/likemetkovic.hr\/\",\"name\":\"likemetkovic.hr\",\"description\":\"Misli pozitivno... \u010ditaj LIKE\",\"potentialAction\":[{\"@type\":\"SearchAction\",\"target\":{\"@type\":\"EntryPoint\",\"urlTemplate\":\"https:\/\/likemetkovic.hr\/?s={search_term_string}\"},\"query-input\":{\"@type\":\"PropertyValueSpecification\",\"valueRequired\":true,\"valueName\":\"search_term_string\"}}],\"inLanguage\":\"hr\"},{\"@type\":\"Person\",\"@id\":\"https:\/\/likemetkovic.hr\/#\/schema\/person\/a42711f3385a0e2be6f7e0443bfb28f0\",\"name\":\"LIKEmetkovic.hr\",\"sameAs\":[\"http:\/\/likemetkovic.hr\"],\"url\":\"https:\/\/likemetkovic.hr\/portal\/author\/likemetkovic-hr\/\"}]}<\/script>\n<!-- \/ Yoast SEO plugin. -->","yoast_head_json":{"title":"KULA NORINSKA Idu\u0107e godine \u0107e se graditi Centar za naprednu obuku za vatrogastvo i civilnu za\u0161titu - likemetkovic.hr","robots":{"index":"index","follow":"follow","max-snippet":"max-snippet:-1","max-image-preview":"max-image-preview:large","max-video-preview":"max-video-preview:-1"},"canonical":"https:\/\/likemetkovic.hr\/kula-norinska-iduce-godine-ce-se-graditi-centar-za-naprednu-obuku-za-vatrogastvo-i-civilnu-zastitu\/","og_locale":"hr_HR","og_type":"article","og_title":"KULA NORINSKA Idu\u0107e godine \u0107e se graditi Centar za naprednu obuku za vatrogastvo i civilnu za\u0161titu - likemetkovic.hr","og_description":"Dubrova\u010dko-neretvanska \u017eupanija partner je novougovorenog strate\u0161kog projekta FIRESPILL \u010diji cilj je razvoj prekograni\u010dnog sustava suradnje u slu\u010dajevima prirodnih katastrofa, a kojim \u0107e se me\u0111u ostalim izgraditi i opremiti Centar za naprednu obuku za vatrogastvo i civilnu za\u0161titu na podru\u010dju op\u0107ine Kula Norinska. Projekt ukupno vrijedan vi\u0161e od 123 milijuna kuna slu\u017ebeno je zapo\u010deo odr\u017eanim online [&hellip;]","og_url":"https:\/\/likemetkovic.hr\/kula-norinska-iduce-godine-ce-se-graditi-centar-za-naprednu-obuku-za-vatrogastvo-i-civilnu-zastitu\/","og_site_name":"likemetkovic.hr","article_publisher":"https:\/\/www.facebook.com\/likemetkovic.hr\/","article_published_time":"2020-09-09T18:08:16+00:00","article_modified_time":"2020-09-09T18:08:35+00:00","og_image":[{"width":700,"height":467,"url":"https:\/\/likemetkovic.hr\/wp-content\/uploads\/2020\/09\/vatrogasna-obuka_edited.jpg","type":"image\/jpeg"}],"author":"LIKEmetkovic.hr","twitter_card":"summary_large_image","twitter_misc":{"Napisao\/la":"LIKEmetkovic.hr","Procijenjeno vrijeme \u010ditanja":"1 minuta"},"schema":{"@context":"https:\/\/schema.org","@graph":[{"@type":"WebPage","@id":"https:\/\/likemetkovic.hr\/kula-norinska-iduce-godine-ce-se-graditi-centar-za-naprednu-obuku-za-vatrogastvo-i-civilnu-zastitu\/","url":"https:\/\/likemetkovic.hr\/kula-norinska-iduce-godine-ce-se-graditi-centar-za-naprednu-obuku-za-vatrogastvo-i-civilnu-zastitu\/","name":"KULA NORINSKA Idu\u0107e godine \u0107e se graditi Centar za naprednu obuku za vatrogastvo i civilnu za\u0161titu - likemetkovic.hr","isPartOf":{"@id":"https:\/\/likemetkovic.hr\/#website"},"primaryImageOfPage":{"@id":"https:\/\/likemetkovic.hr\/kula-norinska-iduce-godine-ce-se-graditi-centar-za-naprednu-obuku-za-vatrogastvo-i-civilnu-zastitu\/#primaryimage"},"image":{"@id":"https:\/\/likemetkovic.hr\/kula-norinska-iduce-godine-ce-se-graditi-centar-za-naprednu-obuku-za-vatrogastvo-i-civilnu-zastitu\/#primaryimage"},"thumbnailUrl":"https:\/\/likemetkovic.hr\/portal\/wp-content\/uploads\/2020\/09\/vatrogasna-obuka_edited.jpg","datePublished":"2020-09-09T18:08:16+00:00","dateModified":"2020-09-09T18:08:35+00:00","author":{"@id":"https:\/\/likemetkovic.hr\/#\/schema\/person\/a42711f3385a0e2be6f7e0443bfb28f0"},"breadcrumb":{"@id":"https:\/\/likemetkovic.hr\/kula-norinska-iduce-godine-ce-se-graditi-centar-za-naprednu-obuku-za-vatrogastvo-i-civilnu-zastitu\/#breadcrumb"},"inLanguage":"hr","potentialAction":[{"@type":"ReadAction","target":["https:\/\/likemetkovic.hr\/kula-norinska-iduce-godine-ce-se-graditi-centar-za-naprednu-obuku-za-vatrogastvo-i-civilnu-zastitu\/"]}]},{"@type":"ImageObject","inLanguage":"hr","@id":"https:\/\/likemetkovic.hr\/kula-norinska-iduce-godine-ce-se-graditi-centar-za-naprednu-obuku-za-vatrogastvo-i-civilnu-zastitu\/#primaryimage","url":"https:\/\/likemetkovic.hr\/portal\/wp-content\/uploads\/2020\/09\/vatrogasna-obuka_edited.jpg","contentUrl":"https:\/\/likemetkovic.hr\/portal\/wp-content\/uploads\/2020\/09\/vatrogasna-obuka_edited.jpg","width":700,"height":467},{"@type":"BreadcrumbList","@id":"https:\/\/likemetkovic.hr\/kula-norinska-iduce-godine-ce-se-graditi-centar-za-naprednu-obuku-za-vatrogastvo-i-civilnu-zastitu\/#breadcrumb","itemListElement":[{"@type":"ListItem","position":1,"name":"Po\u010detna stranica","item":"https:\/\/likemetkovic.hr\/portal\/"},{"@type":"ListItem","position":2,"name":"KULA NORINSKA Idu\u0107e godine \u0107e se graditi Centar za naprednu obuku za vatrogastvo i civilnu za\u0161titu"}]},{"@type":"WebSite","@id":"https:\/\/likemetkovic.hr\/#website","url":"https:\/\/likemetkovic.hr\/","name":"likemetkovic.hr","description":"Misli pozitivno... \u010ditaj LIKE","potentialAction":[{"@type":"SearchAction","target":{"@type":"EntryPoint","urlTemplate":"https:\/\/likemetkovic.hr\/?s={search_term_string}"},"query-input":{"@type":"PropertyValueSpecification","valueRequired":true,"valueName":"search_term_string"}}],"inLanguage":"hr"},{"@type":"Person","@id":"https:\/\/likemetkovic.hr\/#\/schema\/person\/a42711f3385a0e2be6f7e0443bfb28f0","name":"LIKEmetkovic.hr","sameAs":["http:\/\/likemetkovic.hr"],"url":"https:\/\/likemetkovic.hr\/portal\/author\/likemetkovic-hr\/"}]}},"_links":{"self":[{"href":"https:\/\/likemetkovic.hr\/portal\/wp-json\/wp\/v2\/posts\/107384","targetHints":{"allow":["GET"]}}],"collection":[{"href":"https:\/\/likemetkovic.hr\/portal\/wp-json\/wp\/v2\/posts"}],"about":[{"href":"https:\/\/likemetkovic.hr\/portal\/wp-json\/wp\/v2\/types\/post"}],"author":[{"embeddable":true,"href":"https:\/\/likemetkovic.hr\/portal\/wp-json\/wp\/v2\/users\/7"}],"replies":[{"embeddable":true,"href":"https:\/\/likemetkovic.hr\/portal\/wp-json\/wp\/v2\/comments?post=107384"}],"version-history":[{"count":0,"href":"https:\/\/likemetkovic.hr\/portal\/wp-json\/wp\/v2\/posts\/107384\/revisions"}],"wp:featuredmedia":[{"embeddable":true,"href":"https:\/\/likemetkovic.hr\/portal\/wp-json\/wp\/v2\/media\/107385"}],"wp:attachment":[{"href":"https:\/\/likemetkovic.hr\/portal\/wp-json\/wp\/v2\/media?parent=107384"}],"wp:term":[{"taxonomy":"category","embeddable":true,"href":"https:\/\/likemetkovic.hr\/portal\/wp-json\/wp\/v2\/categories?post=107384"},{"taxonomy":"post_tag","embeddable":true,"href":"https:\/\/likemetkovic.hr\/portal\/wp-json\/wp\/v2\/tags?post=107384"}],"curies":[{"name":"wp","href":"https:\/\/api.w.org\/{rel}","templated":true}]}}