{"id":107688,"date":"2020-09-16T14:22:04","date_gmt":"2020-09-16T12:22:04","guid":{"rendered":"https:\/\/likemetkovic.hr\/?p=107688"},"modified":"2020-09-16T14:22:04","modified_gmt":"2020-09-16T12:22:04","slug":"stozer-u-metkovicu-3-a-u-zupaniji-15-novozarazenih-jedna-je-osoba-preminula","status":"publish","type":"post","link":"https:\/\/likemetkovic.hr\/portal\/stozer-u-metkovicu-3-a-u-zupaniji-15-novozarazenih-jedna-je-osoba-preminula\/","title":{"rendered":"STO\u017dER: U Metkovi\u0107u 3, a u \u017dupaniji 15 novozara\u017eenih, jedna je osoba preminula"},"content":{"rendered":"<p>U Dubrova\u010dko-neretvanskoj \u017eupaniji u posljednja 24 sata zabilje\u017eeno je<strong> 15 osoba<\/strong> zara\u017eenih COVID-19 infekcijom.<\/p>\n<p>Radi se o 6 osoba iz <strong>Dubrovnika<\/strong> \u2013 tri mu\u0161ke i tri \u017eenske osobe, od \u010dega 2 mu\u0161ke i 3 \u017eenske imaju utvr\u0111enu epidemiolo\u0161ku vezu. Zara\u017eene su i 3 osobe iz <strong>Metkovi\u0107a<\/strong> (1 mu\u0161ka osoba i 2 \u017eenske osobe, od kojih jedna ima utvr\u0111enu epidemiolo\u0161ku vezu) te 1 mu\u0161ka osoba iz <strong>Kor\u010dule<\/strong>, za koju je epidemiolo\u0161ka obrada u tijeku.<\/p>\n<p>Tako\u0111er, zara\u017eeno je i 5 osoba koje nemaju prebivali\u0161te na podru\u010dju na\u0161e \u017eupanije, a trenutno se nalaze na podru\u010dju Dubrovnika.<\/p>\n<p>Preminula je jedna osoba (1958. god.) iz Dubrovnika.<\/p>\n<p>Izlije\u010dene su 23 osobe; 17 iz Dubrovnika, 3 iz Metkovi\u0107a, 2 iz \u017dupe dubrova\u010dke i 1 iz Slivnog.<\/p>\n<p>U OB Dubrovnik hospitalizirano je 14 osoba pozitivnih na koronavirus, od \u010dega su na respiratoru 3 osobe.<\/p>\n<p>Od po\u010detka pandemije analizirana su 12 333 uzorka.<\/p>\n<p>U posljednja 24 sata utvr\u0111ena su 2 kr\u0161enja mjere samoizolacije, a od po\u010detka pandemije utvr\u0111ena su ukupno 74 slu\u010daja kr\u0161enja samoizolacije.<\/p>\n<p>Sto\u017eer CZ DN\u017d i dalje apelira na gra\u0111ane da se dr\u017ee svih propisanih mjera od strane Hrvatskog zavoda za javno zdravstvo i Sto\u017eera civilne za\u0161tite RH.<\/p>\n","protected":false},"excerpt":{"rendered":"<p>U Dubrova\u010dko-neretvanskoj \u017eupaniji u posljednja 24 sata zabilje\u017eeno je 15 osoba zara\u017eenih COVID-19 infekcijom. Radi se o 6 osoba iz Dubrovnika \u2013 tri mu\u0161ke i tri \u017eenske osobe, od \u010dega 2 mu\u0161ke i 3 \u017eenske imaju utvr\u0111enu epidemiolo\u0161ku vezu. Zara\u017eene su i 3 osobe iz Metkovi\u0107a (1 mu\u0161ka osoba i 2 \u017eenske osobe, od kojih [&hellip;]<\/p>\n","protected":false},"author":7,"featured_media":106852,"comment_status":"open","ping_status":"open","sticky":false,"template":"","format":"standard","meta":{"footnotes":""},"categories":[296,300],"tags":[7251,7107],"class_list":{"0":"post-107688","1":"post","2":"type-post","3":"status-publish","4":"format-standard","5":"has-post-thumbnail","7":"category-ab","8":"category-zupanija","9":"tag-korornavirus","10":"tag-stozer-civilne-zastite-dnz"},"yoast_head":"<!-- This site is optimized with the Yoast SEO plugin v25.2 - https:\/\/yoast.com\/wordpress\/plugins\/seo\/ -->\n<title>STO\u017dER: U Metkovi\u0107u 3, a u \u017dupaniji 15 novozara\u017eenih, jedna je osoba preminula - likemetkovic.hr<\/title>\n<meta name=\"robots\" content=\"index, follow, max-snippet:-1, max-image-preview:large, max-video-preview:-1\" \/>\n<link rel=\"canonical\" href=\"https:\/\/likemetkovic.hr\/stozer-u-metkovicu-3-a-u-zupaniji-15-novozarazenih-jedna-je-osoba-preminula\/\" \/>\n<meta property=\"og:locale\" content=\"hr_HR\" \/>\n<meta property=\"og:type\" content=\"article\" \/>\n<meta property=\"og:title\" content=\"STO\u017dER: U Metkovi\u0107u 3, a u \u017dupaniji 15 novozara\u017eenih, jedna je osoba preminula - likemetkovic.hr\" \/>\n<meta property=\"og:description\" content=\"U Dubrova\u010dko-neretvanskoj \u017eupaniji u posljednja 24 sata zabilje\u017eeno je 15 osoba zara\u017eenih COVID-19 infekcijom. Radi se o 6 osoba iz Dubrovnika \u2013 tri mu\u0161ke i tri \u017eenske osobe, od \u010dega 2 mu\u0161ke i 3 \u017eenske imaju utvr\u0111enu epidemiolo\u0161ku vezu. Zara\u017eene su i 3 osobe iz Metkovi\u0107a (1 mu\u0161ka osoba i 2 \u017eenske osobe, od kojih [&hellip;]\" \/>\n<meta property=\"og:url\" content=\"https:\/\/likemetkovic.hr\/stozer-u-metkovicu-3-a-u-zupaniji-15-novozarazenih-jedna-je-osoba-preminula\/\" \/>\n<meta property=\"og:site_name\" content=\"likemetkovic.hr\" \/>\n<meta property=\"article:publisher\" content=\"https:\/\/www.facebook.com\/likemetkovic.hr\/\" \/>\n<meta property=\"article:published_time\" content=\"2020-09-16T12:22:04+00:00\" \/>\n<meta property=\"og:image\" content=\"https:\/\/likemetkovic.hr\/wp-content\/uploads\/2020\/08\/josko_cebalo_stozer.jpg\" \/>\n\t<meta property=\"og:image:width\" content=\"800\" \/>\n\t<meta property=\"og:image:height\" content=\"600\" \/>\n\t<meta property=\"og:image:type\" content=\"image\/jpeg\" \/>\n<meta name=\"author\" content=\"LIKEmetkovic.hr\" \/>\n<meta name=\"twitter:card\" content=\"summary_large_image\" \/>\n<meta name=\"twitter:label1\" content=\"Napisao\/la\" \/>\n\t<meta name=\"twitter:data1\" content=\"LIKEmetkovic.hr\" \/>\n\t<meta name=\"twitter:label2\" content=\"Procijenjeno vrijeme \u010ditanja\" \/>\n\t<meta name=\"twitter:data2\" content=\"1 minuta\" \/>\n<script type=\"application\/ld+json\" class=\"yoast-schema-graph\">{\"@context\":\"https:\/\/schema.org\",\"@graph\":[{\"@type\":\"WebPage\",\"@id\":\"https:\/\/likemetkovic.hr\/stozer-u-metkovicu-3-a-u-zupaniji-15-novozarazenih-jedna-je-osoba-preminula\/\",\"url\":\"https:\/\/likemetkovic.hr\/stozer-u-metkovicu-3-a-u-zupaniji-15-novozarazenih-jedna-je-osoba-preminula\/\",\"name\":\"STO\u017dER: U Metkovi\u0107u 3, a u \u017dupaniji 15 novozara\u017eenih, jedna je osoba preminula - likemetkovic.hr\",\"isPartOf\":{\"@id\":\"https:\/\/likemetkovic.hr\/#website\"},\"primaryImageOfPage\":{\"@id\":\"https:\/\/likemetkovic.hr\/stozer-u-metkovicu-3-a-u-zupaniji-15-novozarazenih-jedna-je-osoba-preminula\/#primaryimage\"},\"image\":{\"@id\":\"https:\/\/likemetkovic.hr\/stozer-u-metkovicu-3-a-u-zupaniji-15-novozarazenih-jedna-je-osoba-preminula\/#primaryimage\"},\"thumbnailUrl\":\"https:\/\/likemetkovic.hr\/portal\/wp-content\/uploads\/2020\/08\/josko_cebalo_stozer.jpg\",\"datePublished\":\"2020-09-16T12:22:04+00:00\",\"author\":{\"@id\":\"https:\/\/likemetkovic.hr\/#\/schema\/person\/a42711f3385a0e2be6f7e0443bfb28f0\"},\"breadcrumb\":{\"@id\":\"https:\/\/likemetkovic.hr\/stozer-u-metkovicu-3-a-u-zupaniji-15-novozarazenih-jedna-je-osoba-preminula\/#breadcrumb\"},\"inLanguage\":\"hr\",\"potentialAction\":[{\"@type\":\"ReadAction\",\"target\":[\"https:\/\/likemetkovic.hr\/stozer-u-metkovicu-3-a-u-zupaniji-15-novozarazenih-jedna-je-osoba-preminula\/\"]}]},{\"@type\":\"ImageObject\",\"inLanguage\":\"hr\",\"@id\":\"https:\/\/likemetkovic.hr\/stozer-u-metkovicu-3-a-u-zupaniji-15-novozarazenih-jedna-je-osoba-preminula\/#primaryimage\",\"url\":\"https:\/\/likemetkovic.hr\/portal\/wp-content\/uploads\/2020\/08\/josko_cebalo_stozer.jpg\",\"contentUrl\":\"https:\/\/likemetkovic.hr\/portal\/wp-content\/uploads\/2020\/08\/josko_cebalo_stozer.jpg\",\"width\":800,\"height\":600},{\"@type\":\"BreadcrumbList\",\"@id\":\"https:\/\/likemetkovic.hr\/stozer-u-metkovicu-3-a-u-zupaniji-15-novozarazenih-jedna-je-osoba-preminula\/#breadcrumb\",\"itemListElement\":[{\"@type\":\"ListItem\",\"position\":1,\"name\":\"Po\u010detna stranica\",\"item\":\"https:\/\/likemetkovic.hr\/portal\/\"},{\"@type\":\"ListItem\",\"position\":2,\"name\":\"STO\u017dER: U Metkovi\u0107u 3, a u \u017dupaniji 15 novozara\u017eenih, jedna je osoba preminula\"}]},{\"@type\":\"WebSite\",\"@id\":\"https:\/\/likemetkovic.hr\/#website\",\"url\":\"https:\/\/likemetkovic.hr\/\",\"name\":\"likemetkovic.hr\",\"description\":\"Misli pozitivno... \u010ditaj LIKE\",\"potentialAction\":[{\"@type\":\"SearchAction\",\"target\":{\"@type\":\"EntryPoint\",\"urlTemplate\":\"https:\/\/likemetkovic.hr\/?s={search_term_string}\"},\"query-input\":{\"@type\":\"PropertyValueSpecification\",\"valueRequired\":true,\"valueName\":\"search_term_string\"}}],\"inLanguage\":\"hr\"},{\"@type\":\"Person\",\"@id\":\"https:\/\/likemetkovic.hr\/#\/schema\/person\/a42711f3385a0e2be6f7e0443bfb28f0\",\"name\":\"LIKEmetkovic.hr\",\"sameAs\":[\"http:\/\/likemetkovic.hr\"],\"url\":\"https:\/\/likemetkovic.hr\/portal\/author\/likemetkovic-hr\/\"}]}<\/script>\n<!-- \/ Yoast SEO plugin. -->","yoast_head_json":{"title":"STO\u017dER: U Metkovi\u0107u 3, a u \u017dupaniji 15 novozara\u017eenih, jedna je osoba preminula - likemetkovic.hr","robots":{"index":"index","follow":"follow","max-snippet":"max-snippet:-1","max-image-preview":"max-image-preview:large","max-video-preview":"max-video-preview:-1"},"canonical":"https:\/\/likemetkovic.hr\/stozer-u-metkovicu-3-a-u-zupaniji-15-novozarazenih-jedna-je-osoba-preminula\/","og_locale":"hr_HR","og_type":"article","og_title":"STO\u017dER: U Metkovi\u0107u 3, a u \u017dupaniji 15 novozara\u017eenih, jedna je osoba preminula - likemetkovic.hr","og_description":"U Dubrova\u010dko-neretvanskoj \u017eupaniji u posljednja 24 sata zabilje\u017eeno je 15 osoba zara\u017eenih COVID-19 infekcijom. Radi se o 6 osoba iz Dubrovnika \u2013 tri mu\u0161ke i tri \u017eenske osobe, od \u010dega 2 mu\u0161ke i 3 \u017eenske imaju utvr\u0111enu epidemiolo\u0161ku vezu. Zara\u017eene su i 3 osobe iz Metkovi\u0107a (1 mu\u0161ka osoba i 2 \u017eenske osobe, od kojih [&hellip;]","og_url":"https:\/\/likemetkovic.hr\/stozer-u-metkovicu-3-a-u-zupaniji-15-novozarazenih-jedna-je-osoba-preminula\/","og_site_name":"likemetkovic.hr","article_publisher":"https:\/\/www.facebook.com\/likemetkovic.hr\/","article_published_time":"2020-09-16T12:22:04+00:00","og_image":[{"width":800,"height":600,"url":"https:\/\/likemetkovic.hr\/wp-content\/uploads\/2020\/08\/josko_cebalo_stozer.jpg","type":"image\/jpeg"}],"author":"LIKEmetkovic.hr","twitter_card":"summary_large_image","twitter_misc":{"Napisao\/la":"LIKEmetkovic.hr","Procijenjeno vrijeme \u010ditanja":"1 minuta"},"schema":{"@context":"https:\/\/schema.org","@graph":[{"@type":"WebPage","@id":"https:\/\/likemetkovic.hr\/stozer-u-metkovicu-3-a-u-zupaniji-15-novozarazenih-jedna-je-osoba-preminula\/","url":"https:\/\/likemetkovic.hr\/stozer-u-metkovicu-3-a-u-zupaniji-15-novozarazenih-jedna-je-osoba-preminula\/","name":"STO\u017dER: U Metkovi\u0107u 3, a u \u017dupaniji 15 novozara\u017eenih, jedna je osoba preminula - likemetkovic.hr","isPartOf":{"@id":"https:\/\/likemetkovic.hr\/#website"},"primaryImageOfPage":{"@id":"https:\/\/likemetkovic.hr\/stozer-u-metkovicu-3-a-u-zupaniji-15-novozarazenih-jedna-je-osoba-preminula\/#primaryimage"},"image":{"@id":"https:\/\/likemetkovic.hr\/stozer-u-metkovicu-3-a-u-zupaniji-15-novozarazenih-jedna-je-osoba-preminula\/#primaryimage"},"thumbnailUrl":"https:\/\/likemetkovic.hr\/portal\/wp-content\/uploads\/2020\/08\/josko_cebalo_stozer.jpg","datePublished":"2020-09-16T12:22:04+00:00","author":{"@id":"https:\/\/likemetkovic.hr\/#\/schema\/person\/a42711f3385a0e2be6f7e0443bfb28f0"},"breadcrumb":{"@id":"https:\/\/likemetkovic.hr\/stozer-u-metkovicu-3-a-u-zupaniji-15-novozarazenih-jedna-je-osoba-preminula\/#breadcrumb"},"inLanguage":"hr","potentialAction":[{"@type":"ReadAction","target":["https:\/\/likemetkovic.hr\/stozer-u-metkovicu-3-a-u-zupaniji-15-novozarazenih-jedna-je-osoba-preminula\/"]}]},{"@type":"ImageObject","inLanguage":"hr","@id":"https:\/\/likemetkovic.hr\/stozer-u-metkovicu-3-a-u-zupaniji-15-novozarazenih-jedna-je-osoba-preminula\/#primaryimage","url":"https:\/\/likemetkovic.hr\/portal\/wp-content\/uploads\/2020\/08\/josko_cebalo_stozer.jpg","contentUrl":"https:\/\/likemetkovic.hr\/portal\/wp-content\/uploads\/2020\/08\/josko_cebalo_stozer.jpg","width":800,"height":600},{"@type":"BreadcrumbList","@id":"https:\/\/likemetkovic.hr\/stozer-u-metkovicu-3-a-u-zupaniji-15-novozarazenih-jedna-je-osoba-preminula\/#breadcrumb","itemListElement":[{"@type":"ListItem","position":1,"name":"Po\u010detna stranica","item":"https:\/\/likemetkovic.hr\/portal\/"},{"@type":"ListItem","position":2,"name":"STO\u017dER: U Metkovi\u0107u 3, a u \u017dupaniji 15 novozara\u017eenih, jedna je osoba preminula"}]},{"@type":"WebSite","@id":"https:\/\/likemetkovic.hr\/#website","url":"https:\/\/likemetkovic.hr\/","name":"likemetkovic.hr","description":"Misli pozitivno... \u010ditaj LIKE","potentialAction":[{"@type":"SearchAction","target":{"@type":"EntryPoint","urlTemplate":"https:\/\/likemetkovic.hr\/?s={search_term_string}"},"query-input":{"@type":"PropertyValueSpecification","valueRequired":true,"valueName":"search_term_string"}}],"inLanguage":"hr"},{"@type":"Person","@id":"https:\/\/likemetkovic.hr\/#\/schema\/person\/a42711f3385a0e2be6f7e0443bfb28f0","name":"LIKEmetkovic.hr","sameAs":["http:\/\/likemetkovic.hr"],"url":"https:\/\/likemetkovic.hr\/portal\/author\/likemetkovic-hr\/"}]}},"_links":{"self":[{"href":"https:\/\/likemetkovic.hr\/portal\/wp-json\/wp\/v2\/posts\/107688","targetHints":{"allow":["GET"]}}],"collection":[{"href":"https:\/\/likemetkovic.hr\/portal\/wp-json\/wp\/v2\/posts"}],"about":[{"href":"https:\/\/likemetkovic.hr\/portal\/wp-json\/wp\/v2\/types\/post"}],"author":[{"embeddable":true,"href":"https:\/\/likemetkovic.hr\/portal\/wp-json\/wp\/v2\/users\/7"}],"replies":[{"embeddable":true,"href":"https:\/\/likemetkovic.hr\/portal\/wp-json\/wp\/v2\/comments?post=107688"}],"version-history":[{"count":0,"href":"https:\/\/likemetkovic.hr\/portal\/wp-json\/wp\/v2\/posts\/107688\/revisions"}],"wp:featuredmedia":[{"embeddable":true,"href":"https:\/\/likemetkovic.hr\/portal\/wp-json\/wp\/v2\/media\/106852"}],"wp:attachment":[{"href":"https:\/\/likemetkovic.hr\/portal\/wp-json\/wp\/v2\/media?parent=107688"}],"wp:term":[{"taxonomy":"category","embeddable":true,"href":"https:\/\/likemetkovic.hr\/portal\/wp-json\/wp\/v2\/categories?post=107688"},{"taxonomy":"post_tag","embeddable":true,"href":"https:\/\/likemetkovic.hr\/portal\/wp-json\/wp\/v2\/tags?post=107688"}],"curies":[{"name":"wp","href":"https:\/\/api.w.org\/{rel}","templated":true}]}}