{"id":110170,"date":"2020-11-21T08:58:45","date_gmt":"2020-11-21T07:58:45","guid":{"rendered":"https:\/\/likemetkovic.hr\/?p=110170"},"modified":"2020-11-21T09:00:22","modified_gmt":"2020-11-21T08:00:22","slug":"bura-nam-je-donijela-prvi-val-hladnoce-na-blidinju-pada-snijeg","status":"publish","type":"post","link":"https:\/\/likemetkovic.hr\/portal\/bura-nam-je-donijela-prvi-val-hladnoce-na-blidinju-pada-snijeg\/","title":{"rendered":"Bura nam je donijela prvi val hladno\u0107e &#8211; na Blidinju pada snijeg!"},"content":{"rendered":"<p>Najavljeno zahla\u0111enje stiglo je do na\u0161eg podru\u010dja, a pra\u0107eno je vrlo vjetrovitim vremenom. Najvi\u0161e je zahladilo u vi\u0161em gorju.\u00a0Konkretno na Velikoj\u00a0<span class=\"hascheck-error\" data-error-id=\"0\" data-hovered=\"false\">Duvjaku\u0161i<\/span> na Dinari je -6\u00b0C, a na Sinjalu -7\u00b0C. Tamo je osjet hladno\u0107e -17\u00b0C. Slab snijeg pada na vrhovima Dinare i Kame\u0161nice, a zabijelio je u hercegova\u010dko skijali\u0161te Blidinje gdje trenutno pada slab snijeg.<\/p>\n<p>Drugdje su u Dalmaciji temperature zraka od 5\u00b0C u unutra\u0161njosti do 14\u00b0C u ju\u017enoj Dalmaciji. U<strong> Dolini Neretve se temperatura zraka kre\u0107e oko 8\u00b0C<\/strong>, a s tim da je zbog bure osjet hladno\u0107e ni\u017ei nekoliko stupnjeva.<\/p>\n<p><img decoding=\"async\" src=\"https:\/\/www.dalmacijadanas.hr\/wp-content\/uploads\/2020\/11\/takt-5.jpg\" \/><\/p>\n<p>Uzdu\u017e cijele obale pu\u0161e jaka bura s olujnim udarima, a podno Velebita i orkanskim. Najja\u010di udar bure do 23 sata izmjeren je na<strong>\u00a0Kr\u010dkom mostu, 168 km\/h<\/strong>. U Podvelebitskom kanalu\u00a0<strong>udari bure prelaze 160 km\/h<\/strong>.<\/p>\n<p>U\u00a0<strong>Splitu bura ima udare do 110 km\/h, a u Makarskoj do 115 km\/h<\/strong>. Iako se radi o najja\u010doj buri ovog studenog, daleko je to od bura koje znaju puhati na na\u0161em podru\u010dju u ovom dijelu godine, pi\u0161e Dalmacija danas.<\/p>\n<p>Bura \u0107e olujne udare imati i ve\u0107i dio subote koja \u0107e biti jo\u0161 hladnija od petka, a po\u010det \u0107e slabiti prema ve\u010deri. Bura \u0107e potpuno prestati tijekom nedjelje.<\/p>\n","protected":false},"excerpt":{"rendered":"<p>Najavljeno zahla\u0111enje stiglo je do na\u0161eg podru\u010dja, a pra\u0107eno je vrlo vjetrovitim vremenom. Najvi\u0161e je zahladilo u vi\u0161em gorju.\u00a0Konkretno na Velikoj\u00a0Duvjaku\u0161i na Dinari je -6\u00b0C, a na Sinjalu -7\u00b0C. Tamo je osjet hladno\u0107e -17\u00b0C. Slab snijeg pada na vrhovima Dinare i Kame\u0161nice, a zabijelio je u hercegova\u010dko skijali\u0161te Blidinje gdje trenutno pada slab snijeg. Drugdje [&hellip;]<\/p>\n","protected":false},"author":7,"featured_media":77200,"comment_status":"open","ping_status":"open","sticky":false,"template":"","format":"standard","meta":{"footnotes":""},"categories":[296,1027],"tags":[364,2537,3575],"class_list":{"0":"post-110170","1":"post","2":"type-post","3":"status-publish","4":"format-standard","5":"has-post-thumbnail","7":"category-ab","8":"category-hrvatska","9":"tag-bura","10":"tag-snijeg","11":"tag-vrijeme"},"yoast_head":"<!-- This site is optimized with the Yoast SEO plugin v25.2 - https:\/\/yoast.com\/wordpress\/plugins\/seo\/ -->\n<title>Bura nam je donijela prvi val hladno\u0107e - na Blidinju pada snijeg! - likemetkovic.hr<\/title>\n<meta name=\"robots\" content=\"index, follow, max-snippet:-1, max-image-preview:large, max-video-preview:-1\" \/>\n<link rel=\"canonical\" href=\"https:\/\/likemetkovic.hr\/bura-nam-je-donijela-prvi-val-hladnoce-na-blidinju-pada-snijeg\/\" \/>\n<meta property=\"og:locale\" content=\"hr_HR\" \/>\n<meta property=\"og:type\" content=\"article\" \/>\n<meta property=\"og:title\" content=\"Bura nam je donijela prvi val hladno\u0107e - na Blidinju pada snijeg! - likemetkovic.hr\" \/>\n<meta property=\"og:description\" content=\"Najavljeno zahla\u0111enje stiglo je do na\u0161eg podru\u010dja, a pra\u0107eno je vrlo vjetrovitim vremenom. Najvi\u0161e je zahladilo u vi\u0161em gorju.\u00a0Konkretno na Velikoj\u00a0Duvjaku\u0161i na Dinari je -6\u00b0C, a na Sinjalu -7\u00b0C. Tamo je osjet hladno\u0107e -17\u00b0C. Slab snijeg pada na vrhovima Dinare i Kame\u0161nice, a zabijelio je u hercegova\u010dko skijali\u0161te Blidinje gdje trenutno pada slab snijeg. Drugdje [&hellip;]\" \/>\n<meta property=\"og:url\" content=\"https:\/\/likemetkovic.hr\/bura-nam-je-donijela-prvi-val-hladnoce-na-blidinju-pada-snijeg\/\" \/>\n<meta property=\"og:site_name\" content=\"likemetkovic.hr\" \/>\n<meta property=\"article:publisher\" content=\"https:\/\/www.facebook.com\/likemetkovic.hr\/\" \/>\n<meta property=\"article:published_time\" content=\"2020-11-21T07:58:45+00:00\" \/>\n<meta property=\"article:modified_time\" content=\"2020-11-21T08:00:22+00:00\" \/>\n<meta property=\"og:image\" content=\"https:\/\/likemetkovic.hr\/wp-content\/uploads\/2019\/03\/bura.jpg\" \/>\n\t<meta property=\"og:image:width\" content=\"800\" \/>\n\t<meta property=\"og:image:height\" content=\"483\" \/>\n\t<meta property=\"og:image:type\" content=\"image\/jpeg\" \/>\n<meta name=\"author\" content=\"LIKEmetkovic.hr\" \/>\n<meta name=\"twitter:card\" content=\"summary_large_image\" \/>\n<meta name=\"twitter:label1\" content=\"Napisao\/la\" \/>\n\t<meta name=\"twitter:data1\" content=\"LIKEmetkovic.hr\" \/>\n\t<meta name=\"twitter:label2\" content=\"Procijenjeno vrijeme \u010ditanja\" \/>\n\t<meta name=\"twitter:data2\" content=\"1 minuta\" \/>\n<script type=\"application\/ld+json\" class=\"yoast-schema-graph\">{\"@context\":\"https:\/\/schema.org\",\"@graph\":[{\"@type\":\"WebPage\",\"@id\":\"https:\/\/likemetkovic.hr\/bura-nam-je-donijela-prvi-val-hladnoce-na-blidinju-pada-snijeg\/\",\"url\":\"https:\/\/likemetkovic.hr\/bura-nam-je-donijela-prvi-val-hladnoce-na-blidinju-pada-snijeg\/\",\"name\":\"Bura nam je donijela prvi val hladno\u0107e - na Blidinju pada snijeg! - likemetkovic.hr\",\"isPartOf\":{\"@id\":\"https:\/\/likemetkovic.hr\/#website\"},\"primaryImageOfPage\":{\"@id\":\"https:\/\/likemetkovic.hr\/bura-nam-je-donijela-prvi-val-hladnoce-na-blidinju-pada-snijeg\/#primaryimage\"},\"image\":{\"@id\":\"https:\/\/likemetkovic.hr\/bura-nam-je-donijela-prvi-val-hladnoce-na-blidinju-pada-snijeg\/#primaryimage\"},\"thumbnailUrl\":\"https:\/\/likemetkovic.hr\/portal\/wp-content\/uploads\/2019\/03\/bura.jpg\",\"datePublished\":\"2020-11-21T07:58:45+00:00\",\"dateModified\":\"2020-11-21T08:00:22+00:00\",\"author\":{\"@id\":\"https:\/\/likemetkovic.hr\/#\/schema\/person\/a42711f3385a0e2be6f7e0443bfb28f0\"},\"breadcrumb\":{\"@id\":\"https:\/\/likemetkovic.hr\/bura-nam-je-donijela-prvi-val-hladnoce-na-blidinju-pada-snijeg\/#breadcrumb\"},\"inLanguage\":\"hr\",\"potentialAction\":[{\"@type\":\"ReadAction\",\"target\":[\"https:\/\/likemetkovic.hr\/bura-nam-je-donijela-prvi-val-hladnoce-na-blidinju-pada-snijeg\/\"]}]},{\"@type\":\"ImageObject\",\"inLanguage\":\"hr\",\"@id\":\"https:\/\/likemetkovic.hr\/bura-nam-je-donijela-prvi-val-hladnoce-na-blidinju-pada-snijeg\/#primaryimage\",\"url\":\"https:\/\/likemetkovic.hr\/portal\/wp-content\/uploads\/2019\/03\/bura.jpg\",\"contentUrl\":\"https:\/\/likemetkovic.hr\/portal\/wp-content\/uploads\/2019\/03\/bura.jpg\",\"width\":800,\"height\":483},{\"@type\":\"BreadcrumbList\",\"@id\":\"https:\/\/likemetkovic.hr\/bura-nam-je-donijela-prvi-val-hladnoce-na-blidinju-pada-snijeg\/#breadcrumb\",\"itemListElement\":[{\"@type\":\"ListItem\",\"position\":1,\"name\":\"Po\u010detna stranica\",\"item\":\"https:\/\/likemetkovic.hr\/portal\/\"},{\"@type\":\"ListItem\",\"position\":2,\"name\":\"Bura nam je donijela prvi val hladno\u0107e &#8211; na Blidinju pada snijeg!\"}]},{\"@type\":\"WebSite\",\"@id\":\"https:\/\/likemetkovic.hr\/#website\",\"url\":\"https:\/\/likemetkovic.hr\/\",\"name\":\"likemetkovic.hr\",\"description\":\"Misli pozitivno... \u010ditaj LIKE\",\"potentialAction\":[{\"@type\":\"SearchAction\",\"target\":{\"@type\":\"EntryPoint\",\"urlTemplate\":\"https:\/\/likemetkovic.hr\/?s={search_term_string}\"},\"query-input\":{\"@type\":\"PropertyValueSpecification\",\"valueRequired\":true,\"valueName\":\"search_term_string\"}}],\"inLanguage\":\"hr\"},{\"@type\":\"Person\",\"@id\":\"https:\/\/likemetkovic.hr\/#\/schema\/person\/a42711f3385a0e2be6f7e0443bfb28f0\",\"name\":\"LIKEmetkovic.hr\",\"sameAs\":[\"http:\/\/likemetkovic.hr\"],\"url\":\"https:\/\/likemetkovic.hr\/portal\/author\/likemetkovic-hr\/\"}]}<\/script>\n<!-- \/ Yoast SEO plugin. -->","yoast_head_json":{"title":"Bura nam je donijela prvi val hladno\u0107e - na Blidinju pada snijeg! - likemetkovic.hr","robots":{"index":"index","follow":"follow","max-snippet":"max-snippet:-1","max-image-preview":"max-image-preview:large","max-video-preview":"max-video-preview:-1"},"canonical":"https:\/\/likemetkovic.hr\/bura-nam-je-donijela-prvi-val-hladnoce-na-blidinju-pada-snijeg\/","og_locale":"hr_HR","og_type":"article","og_title":"Bura nam je donijela prvi val hladno\u0107e - na Blidinju pada snijeg! - likemetkovic.hr","og_description":"Najavljeno zahla\u0111enje stiglo je do na\u0161eg podru\u010dja, a pra\u0107eno je vrlo vjetrovitim vremenom. Najvi\u0161e je zahladilo u vi\u0161em gorju.\u00a0Konkretno na Velikoj\u00a0Duvjaku\u0161i na Dinari je -6\u00b0C, a na Sinjalu -7\u00b0C. Tamo je osjet hladno\u0107e -17\u00b0C. Slab snijeg pada na vrhovima Dinare i Kame\u0161nice, a zabijelio je u hercegova\u010dko skijali\u0161te Blidinje gdje trenutno pada slab snijeg. Drugdje [&hellip;]","og_url":"https:\/\/likemetkovic.hr\/bura-nam-je-donijela-prvi-val-hladnoce-na-blidinju-pada-snijeg\/","og_site_name":"likemetkovic.hr","article_publisher":"https:\/\/www.facebook.com\/likemetkovic.hr\/","article_published_time":"2020-11-21T07:58:45+00:00","article_modified_time":"2020-11-21T08:00:22+00:00","og_image":[{"width":800,"height":483,"url":"https:\/\/likemetkovic.hr\/wp-content\/uploads\/2019\/03\/bura.jpg","type":"image\/jpeg"}],"author":"LIKEmetkovic.hr","twitter_card":"summary_large_image","twitter_misc":{"Napisao\/la":"LIKEmetkovic.hr","Procijenjeno vrijeme \u010ditanja":"1 minuta"},"schema":{"@context":"https:\/\/schema.org","@graph":[{"@type":"WebPage","@id":"https:\/\/likemetkovic.hr\/bura-nam-je-donijela-prvi-val-hladnoce-na-blidinju-pada-snijeg\/","url":"https:\/\/likemetkovic.hr\/bura-nam-je-donijela-prvi-val-hladnoce-na-blidinju-pada-snijeg\/","name":"Bura nam je donijela prvi val hladno\u0107e - na Blidinju pada snijeg! - likemetkovic.hr","isPartOf":{"@id":"https:\/\/likemetkovic.hr\/#website"},"primaryImageOfPage":{"@id":"https:\/\/likemetkovic.hr\/bura-nam-je-donijela-prvi-val-hladnoce-na-blidinju-pada-snijeg\/#primaryimage"},"image":{"@id":"https:\/\/likemetkovic.hr\/bura-nam-je-donijela-prvi-val-hladnoce-na-blidinju-pada-snijeg\/#primaryimage"},"thumbnailUrl":"https:\/\/likemetkovic.hr\/portal\/wp-content\/uploads\/2019\/03\/bura.jpg","datePublished":"2020-11-21T07:58:45+00:00","dateModified":"2020-11-21T08:00:22+00:00","author":{"@id":"https:\/\/likemetkovic.hr\/#\/schema\/person\/a42711f3385a0e2be6f7e0443bfb28f0"},"breadcrumb":{"@id":"https:\/\/likemetkovic.hr\/bura-nam-je-donijela-prvi-val-hladnoce-na-blidinju-pada-snijeg\/#breadcrumb"},"inLanguage":"hr","potentialAction":[{"@type":"ReadAction","target":["https:\/\/likemetkovic.hr\/bura-nam-je-donijela-prvi-val-hladnoce-na-blidinju-pada-snijeg\/"]}]},{"@type":"ImageObject","inLanguage":"hr","@id":"https:\/\/likemetkovic.hr\/bura-nam-je-donijela-prvi-val-hladnoce-na-blidinju-pada-snijeg\/#primaryimage","url":"https:\/\/likemetkovic.hr\/portal\/wp-content\/uploads\/2019\/03\/bura.jpg","contentUrl":"https:\/\/likemetkovic.hr\/portal\/wp-content\/uploads\/2019\/03\/bura.jpg","width":800,"height":483},{"@type":"BreadcrumbList","@id":"https:\/\/likemetkovic.hr\/bura-nam-je-donijela-prvi-val-hladnoce-na-blidinju-pada-snijeg\/#breadcrumb","itemListElement":[{"@type":"ListItem","position":1,"name":"Po\u010detna stranica","item":"https:\/\/likemetkovic.hr\/portal\/"},{"@type":"ListItem","position":2,"name":"Bura nam je donijela prvi val hladno\u0107e &#8211; na Blidinju pada snijeg!"}]},{"@type":"WebSite","@id":"https:\/\/likemetkovic.hr\/#website","url":"https:\/\/likemetkovic.hr\/","name":"likemetkovic.hr","description":"Misli pozitivno... \u010ditaj LIKE","potentialAction":[{"@type":"SearchAction","target":{"@type":"EntryPoint","urlTemplate":"https:\/\/likemetkovic.hr\/?s={search_term_string}"},"query-input":{"@type":"PropertyValueSpecification","valueRequired":true,"valueName":"search_term_string"}}],"inLanguage":"hr"},{"@type":"Person","@id":"https:\/\/likemetkovic.hr\/#\/schema\/person\/a42711f3385a0e2be6f7e0443bfb28f0","name":"LIKEmetkovic.hr","sameAs":["http:\/\/likemetkovic.hr"],"url":"https:\/\/likemetkovic.hr\/portal\/author\/likemetkovic-hr\/"}]}},"_links":{"self":[{"href":"https:\/\/likemetkovic.hr\/portal\/wp-json\/wp\/v2\/posts\/110170","targetHints":{"allow":["GET"]}}],"collection":[{"href":"https:\/\/likemetkovic.hr\/portal\/wp-json\/wp\/v2\/posts"}],"about":[{"href":"https:\/\/likemetkovic.hr\/portal\/wp-json\/wp\/v2\/types\/post"}],"author":[{"embeddable":true,"href":"https:\/\/likemetkovic.hr\/portal\/wp-json\/wp\/v2\/users\/7"}],"replies":[{"embeddable":true,"href":"https:\/\/likemetkovic.hr\/portal\/wp-json\/wp\/v2\/comments?post=110170"}],"version-history":[{"count":0,"href":"https:\/\/likemetkovic.hr\/portal\/wp-json\/wp\/v2\/posts\/110170\/revisions"}],"wp:featuredmedia":[{"embeddable":true,"href":"https:\/\/likemetkovic.hr\/portal\/wp-json\/wp\/v2\/media\/77200"}],"wp:attachment":[{"href":"https:\/\/likemetkovic.hr\/portal\/wp-json\/wp\/v2\/media?parent=110170"}],"wp:term":[{"taxonomy":"category","embeddable":true,"href":"https:\/\/likemetkovic.hr\/portal\/wp-json\/wp\/v2\/categories?post=110170"},{"taxonomy":"post_tag","embeddable":true,"href":"https:\/\/likemetkovic.hr\/portal\/wp-json\/wp\/v2\/tags?post=110170"}],"curies":[{"name":"wp","href":"https:\/\/api.w.org\/{rel}","templated":true}]}}