{"id":110378,"date":"2020-11-26T09:29:12","date_gmt":"2020-11-26T08:29:12","guid":{"rendered":"https:\/\/likemetkovic.hr\/?p=110378"},"modified":"2020-11-26T09:29:12","modified_gmt":"2020-11-26T08:29:12","slug":"aktivira-se-arena-glavni-koordinator-ovo-je-najveca-ugroza-od-rata","status":"publish","type":"post","link":"https:\/\/likemetkovic.hr\/portal\/aktivira-se-arena-glavni-koordinator-ovo-je-najveca-ugroza-od-rata\/","title":{"rendered":"Aktivira se Arena. Glavni koordinator: Ovo je najve\u0107a ugroza od rata"},"content":{"rendered":"<p>Aktivira\u00a0se zagreba\u010dka Arena, a prvi pacijenti u nju bi trebali sti\u0107i ve\u0107 sutra ili za vikend.<\/p>\n<p>Koordinator za CIVID-centar Arena Zagreb <strong>Davor Vagi\u0107<\/strong> za <a href=\"http:\/\/hr.n1info.com\/Vijesti\/a579953\/Arena-spremna-za-prihvat-pacijenata-Zadnji-trenutak-je-za-pozvati-na-ozbiljnost.html\" target=\"_blank\" rel=\"noopener noreferrer\">N1<\/a> je objavio detalje. Ka\u017ee da \u010dekaju dozvolu za smje\u0161tanje pacijenata.<\/p>\n<p>&#8220;Stacionar Arena je opremljen. Imamo 100 kreveta, tu \u0107e biti pacijenti koji su pred kraj lije\u010denja, koji bi trebali biti otpu\u0161teni&#8221;, rekao je.<\/p>\n<p>&#8220;Ljudski potencijal je problem, ali mi smo to rije\u0161ili. Ovdje \u0107e biti 18 lije\u010dnika. \u0160to se ti\u010de sestrinske skrbi, ovdje \u0107e biti 55 sestara. Oni \u0107e mo\u0107i dati svu potrebnu skrb. Imamo i kisik, imamo i rentgen ure\u0111aj, imamo i laboratorij. Imamo sve \u0161to treba centru koji \u0107e zbrinjavati pacijente. Imamo i salu u kojoj se pacijenti mogu intubirati. Nemamo respiratore, imamo wi-fi, grijanje&#8230;&#8221;, objasnio je.<\/p>\n<p>Ka\u017ee da aktiviranje Arene slu\u017ei da pomogne zdravstvenom sustavu, da se u bolnicama mogu zbrinjavati ljudi bez korone.<\/p>\n<p>Ka\u017ee da je ovo vrlo zahtjevna situacija i najve\u0107a ugroza mo\u017eda od Domovinskog rata, ali ne bi situaciju opisao kao &#8220;katastrofi\u010dnu&#8221;.<\/p>\n<p>&#8220;Ne bih rekao da je katastrofi\u010dna situacija, ali da je ozbiljna, zahtjevna i da tra\u017ei mobilizaciju cijelog na\u0161eg dru\u0161tva to jest i to vidite i po novim mjerama. Zadnji trenutak je za pozvati na ozbiljnost&#8221;, isti\u010de.<\/p>\n<p>Ne \u017eeli govoriti o tome dolaze li mjere kasno, ali ka\u017ee da je potrebno da ih se ljudi pridr\u017eavaju. &#8220;I to je ono na \u010demu trebamo raditi&#8221;, isti\u010de.<\/p>\n<p>&#8220;Znamo da je umrlo vi\u0161e od 1500 ljudi i to je jako velik broj. Situacija je ozbiljna i to je jako te\u0161ko, kada ne mo\u017eete ljudima pomo\u0107i&#8221;, zaklju\u010duje.<\/p>\n","protected":false},"excerpt":{"rendered":"<p>Aktivira\u00a0se zagreba\u010dka Arena, a prvi pacijenti u nju bi trebali sti\u0107i ve\u0107 sutra ili za vikend. Koordinator za CIVID-centar Arena Zagreb Davor Vagi\u0107 za N1 je objavio detalje. Ka\u017ee da \u010dekaju dozvolu za smje\u0161tanje pacijenata. &#8220;Stacionar Arena je opremljen. Imamo 100 kreveta, tu \u0107e biti pacijenti koji su pred kraj lije\u010denja, koji bi trebali biti [&hellip;]<\/p>\n","protected":false},"author":7,"featured_media":110379,"comment_status":"open","ping_status":"open","sticky":false,"template":"","format":"standard","meta":{"footnotes":""},"categories":[296,1027],"tags":[8531,8532,8533],"class_list":{"0":"post-110378","1":"post","2":"type-post","3":"status-publish","4":"format-standard","5":"has-post-thumbnail","7":"category-ab","8":"category-hrvatska","9":"tag-arena-zagreb","10":"tag-covid-centar","11":"tag-davor-vagic"},"yoast_head":"<!-- This site is optimized with the Yoast SEO plugin v25.2 - https:\/\/yoast.com\/wordpress\/plugins\/seo\/ -->\n<title>Aktivira se Arena. Glavni koordinator: Ovo je najve\u0107a ugroza od rata - likemetkovic.hr<\/title>\n<meta name=\"robots\" content=\"index, follow, max-snippet:-1, max-image-preview:large, max-video-preview:-1\" \/>\n<link rel=\"canonical\" href=\"https:\/\/likemetkovic.hr\/aktivira-se-arena-glavni-koordinator-ovo-je-najveca-ugroza-od-rata\/\" \/>\n<meta property=\"og:locale\" content=\"hr_HR\" \/>\n<meta property=\"og:type\" content=\"article\" \/>\n<meta property=\"og:title\" content=\"Aktivira se Arena. Glavni koordinator: Ovo je najve\u0107a ugroza od rata - likemetkovic.hr\" \/>\n<meta property=\"og:description\" content=\"Aktivira\u00a0se zagreba\u010dka Arena, a prvi pacijenti u nju bi trebali sti\u0107i ve\u0107 sutra ili za vikend. Koordinator za CIVID-centar Arena Zagreb Davor Vagi\u0107 za N1 je objavio detalje. Ka\u017ee da \u010dekaju dozvolu za smje\u0161tanje pacijenata. &#8220;Stacionar Arena je opremljen. Imamo 100 kreveta, tu \u0107e biti pacijenti koji su pred kraj lije\u010denja, koji bi trebali biti [&hellip;]\" \/>\n<meta property=\"og:url\" content=\"https:\/\/likemetkovic.hr\/aktivira-se-arena-glavni-koordinator-ovo-je-najveca-ugroza-od-rata\/\" \/>\n<meta property=\"og:site_name\" content=\"likemetkovic.hr\" \/>\n<meta property=\"article:publisher\" content=\"https:\/\/www.facebook.com\/likemetkovic.hr\/\" \/>\n<meta property=\"article:published_time\" content=\"2020-11-26T08:29:12+00:00\" \/>\n<meta property=\"og:image\" content=\"https:\/\/likemetkovic.hr\/wp-content\/uploads\/2020\/11\/arena-zagreb-covid-19.jpg\" \/>\n\t<meta property=\"og:image:width\" content=\"810\" \/>\n\t<meta property=\"og:image:height\" content=\"455\" \/>\n\t<meta property=\"og:image:type\" content=\"image\/jpeg\" \/>\n<meta name=\"author\" content=\"LIKEmetkovic.hr\" \/>\n<meta name=\"twitter:card\" content=\"summary_large_image\" \/>\n<meta name=\"twitter:label1\" content=\"Napisao\/la\" \/>\n\t<meta name=\"twitter:data1\" content=\"LIKEmetkovic.hr\" \/>\n\t<meta name=\"twitter:label2\" content=\"Procijenjeno vrijeme \u010ditanja\" \/>\n\t<meta name=\"twitter:data2\" content=\"1 minuta\" \/>\n<script type=\"application\/ld+json\" class=\"yoast-schema-graph\">{\"@context\":\"https:\/\/schema.org\",\"@graph\":[{\"@type\":\"WebPage\",\"@id\":\"https:\/\/likemetkovic.hr\/aktivira-se-arena-glavni-koordinator-ovo-je-najveca-ugroza-od-rata\/\",\"url\":\"https:\/\/likemetkovic.hr\/aktivira-se-arena-glavni-koordinator-ovo-je-najveca-ugroza-od-rata\/\",\"name\":\"Aktivira se Arena. Glavni koordinator: Ovo je najve\u0107a ugroza od rata - likemetkovic.hr\",\"isPartOf\":{\"@id\":\"https:\/\/likemetkovic.hr\/#website\"},\"primaryImageOfPage\":{\"@id\":\"https:\/\/likemetkovic.hr\/aktivira-se-arena-glavni-koordinator-ovo-je-najveca-ugroza-od-rata\/#primaryimage\"},\"image\":{\"@id\":\"https:\/\/likemetkovic.hr\/aktivira-se-arena-glavni-koordinator-ovo-je-najveca-ugroza-od-rata\/#primaryimage\"},\"thumbnailUrl\":\"https:\/\/likemetkovic.hr\/portal\/wp-content\/uploads\/2020\/11\/arena-zagreb-covid-19.jpg\",\"datePublished\":\"2020-11-26T08:29:12+00:00\",\"author\":{\"@id\":\"https:\/\/likemetkovic.hr\/#\/schema\/person\/a42711f3385a0e2be6f7e0443bfb28f0\"},\"breadcrumb\":{\"@id\":\"https:\/\/likemetkovic.hr\/aktivira-se-arena-glavni-koordinator-ovo-je-najveca-ugroza-od-rata\/#breadcrumb\"},\"inLanguage\":\"hr\",\"potentialAction\":[{\"@type\":\"ReadAction\",\"target\":[\"https:\/\/likemetkovic.hr\/aktivira-se-arena-glavni-koordinator-ovo-je-najveca-ugroza-od-rata\/\"]}]},{\"@type\":\"ImageObject\",\"inLanguage\":\"hr\",\"@id\":\"https:\/\/likemetkovic.hr\/aktivira-se-arena-glavni-koordinator-ovo-je-najveca-ugroza-od-rata\/#primaryimage\",\"url\":\"https:\/\/likemetkovic.hr\/portal\/wp-content\/uploads\/2020\/11\/arena-zagreb-covid-19.jpg\",\"contentUrl\":\"https:\/\/likemetkovic.hr\/portal\/wp-content\/uploads\/2020\/11\/arena-zagreb-covid-19.jpg\",\"width\":810,\"height\":455},{\"@type\":\"BreadcrumbList\",\"@id\":\"https:\/\/likemetkovic.hr\/aktivira-se-arena-glavni-koordinator-ovo-je-najveca-ugroza-od-rata\/#breadcrumb\",\"itemListElement\":[{\"@type\":\"ListItem\",\"position\":1,\"name\":\"Po\u010detna stranica\",\"item\":\"https:\/\/likemetkovic.hr\/portal\/\"},{\"@type\":\"ListItem\",\"position\":2,\"name\":\"Aktivira se Arena. Glavni koordinator: Ovo je najve\u0107a ugroza od rata\"}]},{\"@type\":\"WebSite\",\"@id\":\"https:\/\/likemetkovic.hr\/#website\",\"url\":\"https:\/\/likemetkovic.hr\/\",\"name\":\"likemetkovic.hr\",\"description\":\"Misli pozitivno... \u010ditaj LIKE\",\"potentialAction\":[{\"@type\":\"SearchAction\",\"target\":{\"@type\":\"EntryPoint\",\"urlTemplate\":\"https:\/\/likemetkovic.hr\/?s={search_term_string}\"},\"query-input\":{\"@type\":\"PropertyValueSpecification\",\"valueRequired\":true,\"valueName\":\"search_term_string\"}}],\"inLanguage\":\"hr\"},{\"@type\":\"Person\",\"@id\":\"https:\/\/likemetkovic.hr\/#\/schema\/person\/a42711f3385a0e2be6f7e0443bfb28f0\",\"name\":\"LIKEmetkovic.hr\",\"sameAs\":[\"http:\/\/likemetkovic.hr\"],\"url\":\"https:\/\/likemetkovic.hr\/portal\/author\/likemetkovic-hr\/\"}]}<\/script>\n<!-- \/ Yoast SEO plugin. -->","yoast_head_json":{"title":"Aktivira se Arena. Glavni koordinator: Ovo je najve\u0107a ugroza od rata - likemetkovic.hr","robots":{"index":"index","follow":"follow","max-snippet":"max-snippet:-1","max-image-preview":"max-image-preview:large","max-video-preview":"max-video-preview:-1"},"canonical":"https:\/\/likemetkovic.hr\/aktivira-se-arena-glavni-koordinator-ovo-je-najveca-ugroza-od-rata\/","og_locale":"hr_HR","og_type":"article","og_title":"Aktivira se Arena. Glavni koordinator: Ovo je najve\u0107a ugroza od rata - likemetkovic.hr","og_description":"Aktivira\u00a0se zagreba\u010dka Arena, a prvi pacijenti u nju bi trebali sti\u0107i ve\u0107 sutra ili za vikend. Koordinator za CIVID-centar Arena Zagreb Davor Vagi\u0107 za N1 je objavio detalje. Ka\u017ee da \u010dekaju dozvolu za smje\u0161tanje pacijenata. &#8220;Stacionar Arena je opremljen. Imamo 100 kreveta, tu \u0107e biti pacijenti koji su pred kraj lije\u010denja, koji bi trebali biti [&hellip;]","og_url":"https:\/\/likemetkovic.hr\/aktivira-se-arena-glavni-koordinator-ovo-je-najveca-ugroza-od-rata\/","og_site_name":"likemetkovic.hr","article_publisher":"https:\/\/www.facebook.com\/likemetkovic.hr\/","article_published_time":"2020-11-26T08:29:12+00:00","og_image":[{"width":810,"height":455,"url":"https:\/\/likemetkovic.hr\/wp-content\/uploads\/2020\/11\/arena-zagreb-covid-19.jpg","type":"image\/jpeg"}],"author":"LIKEmetkovic.hr","twitter_card":"summary_large_image","twitter_misc":{"Napisao\/la":"LIKEmetkovic.hr","Procijenjeno vrijeme \u010ditanja":"1 minuta"},"schema":{"@context":"https:\/\/schema.org","@graph":[{"@type":"WebPage","@id":"https:\/\/likemetkovic.hr\/aktivira-se-arena-glavni-koordinator-ovo-je-najveca-ugroza-od-rata\/","url":"https:\/\/likemetkovic.hr\/aktivira-se-arena-glavni-koordinator-ovo-je-najveca-ugroza-od-rata\/","name":"Aktivira se Arena. Glavni koordinator: Ovo je najve\u0107a ugroza od rata - likemetkovic.hr","isPartOf":{"@id":"https:\/\/likemetkovic.hr\/#website"},"primaryImageOfPage":{"@id":"https:\/\/likemetkovic.hr\/aktivira-se-arena-glavni-koordinator-ovo-je-najveca-ugroza-od-rata\/#primaryimage"},"image":{"@id":"https:\/\/likemetkovic.hr\/aktivira-se-arena-glavni-koordinator-ovo-je-najveca-ugroza-od-rata\/#primaryimage"},"thumbnailUrl":"https:\/\/likemetkovic.hr\/portal\/wp-content\/uploads\/2020\/11\/arena-zagreb-covid-19.jpg","datePublished":"2020-11-26T08:29:12+00:00","author":{"@id":"https:\/\/likemetkovic.hr\/#\/schema\/person\/a42711f3385a0e2be6f7e0443bfb28f0"},"breadcrumb":{"@id":"https:\/\/likemetkovic.hr\/aktivira-se-arena-glavni-koordinator-ovo-je-najveca-ugroza-od-rata\/#breadcrumb"},"inLanguage":"hr","potentialAction":[{"@type":"ReadAction","target":["https:\/\/likemetkovic.hr\/aktivira-se-arena-glavni-koordinator-ovo-je-najveca-ugroza-od-rata\/"]}]},{"@type":"ImageObject","inLanguage":"hr","@id":"https:\/\/likemetkovic.hr\/aktivira-se-arena-glavni-koordinator-ovo-je-najveca-ugroza-od-rata\/#primaryimage","url":"https:\/\/likemetkovic.hr\/portal\/wp-content\/uploads\/2020\/11\/arena-zagreb-covid-19.jpg","contentUrl":"https:\/\/likemetkovic.hr\/portal\/wp-content\/uploads\/2020\/11\/arena-zagreb-covid-19.jpg","width":810,"height":455},{"@type":"BreadcrumbList","@id":"https:\/\/likemetkovic.hr\/aktivira-se-arena-glavni-koordinator-ovo-je-najveca-ugroza-od-rata\/#breadcrumb","itemListElement":[{"@type":"ListItem","position":1,"name":"Po\u010detna stranica","item":"https:\/\/likemetkovic.hr\/portal\/"},{"@type":"ListItem","position":2,"name":"Aktivira se Arena. Glavni koordinator: Ovo je najve\u0107a ugroza od rata"}]},{"@type":"WebSite","@id":"https:\/\/likemetkovic.hr\/#website","url":"https:\/\/likemetkovic.hr\/","name":"likemetkovic.hr","description":"Misli pozitivno... \u010ditaj LIKE","potentialAction":[{"@type":"SearchAction","target":{"@type":"EntryPoint","urlTemplate":"https:\/\/likemetkovic.hr\/?s={search_term_string}"},"query-input":{"@type":"PropertyValueSpecification","valueRequired":true,"valueName":"search_term_string"}}],"inLanguage":"hr"},{"@type":"Person","@id":"https:\/\/likemetkovic.hr\/#\/schema\/person\/a42711f3385a0e2be6f7e0443bfb28f0","name":"LIKEmetkovic.hr","sameAs":["http:\/\/likemetkovic.hr"],"url":"https:\/\/likemetkovic.hr\/portal\/author\/likemetkovic-hr\/"}]}},"_links":{"self":[{"href":"https:\/\/likemetkovic.hr\/portal\/wp-json\/wp\/v2\/posts\/110378","targetHints":{"allow":["GET"]}}],"collection":[{"href":"https:\/\/likemetkovic.hr\/portal\/wp-json\/wp\/v2\/posts"}],"about":[{"href":"https:\/\/likemetkovic.hr\/portal\/wp-json\/wp\/v2\/types\/post"}],"author":[{"embeddable":true,"href":"https:\/\/likemetkovic.hr\/portal\/wp-json\/wp\/v2\/users\/7"}],"replies":[{"embeddable":true,"href":"https:\/\/likemetkovic.hr\/portal\/wp-json\/wp\/v2\/comments?post=110378"}],"version-history":[{"count":0,"href":"https:\/\/likemetkovic.hr\/portal\/wp-json\/wp\/v2\/posts\/110378\/revisions"}],"wp:featuredmedia":[{"embeddable":true,"href":"https:\/\/likemetkovic.hr\/portal\/wp-json\/wp\/v2\/media\/110379"}],"wp:attachment":[{"href":"https:\/\/likemetkovic.hr\/portal\/wp-json\/wp\/v2\/media?parent=110378"}],"wp:term":[{"taxonomy":"category","embeddable":true,"href":"https:\/\/likemetkovic.hr\/portal\/wp-json\/wp\/v2\/categories?post=110378"},{"taxonomy":"post_tag","embeddable":true,"href":"https:\/\/likemetkovic.hr\/portal\/wp-json\/wp\/v2\/tags?post=110378"}],"curies":[{"name":"wp","href":"https:\/\/api.w.org\/{rel}","templated":true}]}}