{"id":111007,"date":"2020-12-09T12:31:36","date_gmt":"2020-12-09T11:31:36","guid":{"rendered":"https:\/\/likemetkovic.hr\/?p=111007"},"modified":"2020-12-09T12:32:47","modified_gmt":"2020-12-09T11:32:47","slug":"nove-mjere-od-subote-su-na-snazi-ove-mjere-za-trgovine-i-centre-vrijedit-ce-10-sijecnja","status":"publish","type":"post","link":"https:\/\/likemetkovic.hr\/portal\/nove-mjere-od-subote-su-na-snazi-ove-mjere-za-trgovine-i-centre-vrijedit-ce-10-sijecnja\/","title":{"rendered":"Od subote su na snazi ove mjere za trgovine i centre. Vrijedit \u0107e 10. sije\u010dnja"},"content":{"rendered":"<p>U subotu \u0107e stupiti na snagu nova pravila za trgovine i trgova\u010dke centre u kojima bi, umjesto dosada\u0161njih \u010detiri, za svakog kupca trebali osigurati najmanje 10 kvadrata. Tako \u0107e se postro\u017eiti mjere uo\u010di blagdana i poja\u010danih gu\u017evi zbog predblagdanske kupnje.<\/p>\n<p>\u0160ef Sto\u017eera Davor Bo\u017einovi\u0107 rekao je kako \u0107e mjere koje se odnose na trgovine i \u0161oping-centre biti na snazi\u00a0do 10. sije\u010dnja. Na pitanje Indexovog novinara pojasnio je o kojim se to\u010dno mjerama radi.<\/p>\n<p>&#8220;\u0160to se ti\u010de organizacije rada trgovina i \u0161oping-centara, mi smo pripremili odluku koja \u0107e vjerojatno tijekom dana biti potpisana, a odnosi se na posebnu organizaciju djelatnosti trgovina od ove subote do 10. sije\u010dnja. U smislu ove odluke razvrstane su prodavaonice i trgova\u010dki centri tako da se odre\u0111uju te grupacije prema neto povr\u0161ini prodajnog prostora. Broj kupaca koji istovremeno mogu biti u prodavaonici ograni\u010dit \u0107e se na na\u010din da u prodavaonicama koje imaju do 10 kvadrata prodajnog prostora mo\u017ee biti samo jedan kupac. Od 11 do 100 kvadrata najve\u0107i dopu\u0161teni broj kupaca koji simultano mogu biti u trgovini odre\u0111uje se tako da mora biti najmanje 10 kvadrata po kupcu. Do 200 kvadrata\u00a0 za svakog kupca mora biti najmanje 12 kvadrata. Do 2000 kvadrata za svakog kupca mora biti najmanje 16 kvadrata, a za one ve\u0107e od toga mora biti najmanje 20 kvadrata&#8221;, rekao je Bo\u017einovi\u0107.<\/p>\n<p>&#8220;Za trgova\u010dke centre najve\u0107i dopu\u0161teni broj simultanih kupaca \u0107e se odrediti tako da za svakog kupca mora biti najmanje 16 kvadrata. Prodavaonice i trgova\u010dki centri \u0107e to morati jasno istaknuti na ulazu i strogo \u0107e se morati pridr\u017eavati toga. Sve prodavaonice su du\u017ene za vrijeme o\u010dekivanog dolaska ve\u0107eg broja kupaca poduzeti dodatne mjere kako u prostorima ne bi boravio ve\u0107i broj kupaca od dopu\u0161tenog. Za trgovine s vi\u0161e od 2000 kvadrata uvode se i dodatne epidemiolo\u0161ke mjere koje uklju\u010duju obustavu organiziranog\u00a0prijevoza kupaca,\u00a0sprje\u010davanje ulaska prekomjernog broja kupaca i uvo\u0111enje redara koji \u0107e sprije\u010diti ulazak prevelikog broja kupaca, obaveza uklanjanja ili onemogu\u0107avanja sjedenja u zajedni\u010dkim dijelovima trgova\u010dkih centara, uklanjanje ili onemogu\u0107avanje\u00a0aparata za zabavu. Uvodi se i obaveza upozoravanja kupaca, a nadle\u017enoj slu\u017ebi civilne za\u0161tite morat \u0107e se dati podaci o sustavu ventilacije, prozra\u010divanja i izmjene zraka&#8221;, dodao\u00a0je Bo\u017einovi\u0107.<\/p>\n","protected":false},"excerpt":{"rendered":"<p>U subotu \u0107e stupiti na snagu nova pravila za trgovine i trgova\u010dke centre u kojima bi, umjesto dosada\u0161njih \u010detiri, za svakog kupca trebali osigurati najmanje 10 kvadrata. Tako \u0107e se postro\u017eiti mjere uo\u010di blagdana i poja\u010danih gu\u017evi zbog predblagdanske kupnje. \u0160ef Sto\u017eera Davor Bo\u017einovi\u0107 rekao je kako \u0107e mjere koje se odnose na trgovine i [&hellip;]<\/p>\n","protected":false},"author":7,"featured_media":101667,"comment_status":"open","ping_status":"open","sticky":false,"template":"","format":"standard","meta":{"footnotes":""},"categories":[283,1027],"tags":[7597,6820,5048],"class_list":{"0":"post-111007","1":"post","2":"type-post","3":"status-publish","4":"format-standard","5":"has-post-thumbnail","7":"category-a","8":"category-hrvatska","9":"tag-epidemioloske-mjere","10":"tag-koronavirus","11":"tag-trgovine"},"yoast_head":"<!-- This site is optimized with the Yoast SEO plugin v25.2 - https:\/\/yoast.com\/wordpress\/plugins\/seo\/ -->\n<title>Od subote su na snazi ove mjere za trgovine i centre. Vrijedit \u0107e 10. sije\u010dnja - likemetkovic.hr<\/title>\n<meta name=\"robots\" content=\"index, follow, max-snippet:-1, max-image-preview:large, max-video-preview:-1\" \/>\n<link rel=\"canonical\" href=\"https:\/\/likemetkovic.hr\/nove-mjere-od-subote-su-na-snazi-ove-mjere-za-trgovine-i-centre-vrijedit-ce-10-sijecnja\/\" \/>\n<meta property=\"og:locale\" content=\"hr_HR\" \/>\n<meta property=\"og:type\" content=\"article\" \/>\n<meta property=\"og:title\" content=\"Od subote su na snazi ove mjere za trgovine i centre. Vrijedit \u0107e 10. sije\u010dnja - likemetkovic.hr\" \/>\n<meta property=\"og:description\" content=\"U subotu \u0107e stupiti na snagu nova pravila za trgovine i trgova\u010dke centre u kojima bi, umjesto dosada\u0161njih \u010detiri, za svakog kupca trebali osigurati najmanje 10 kvadrata. Tako \u0107e se postro\u017eiti mjere uo\u010di blagdana i poja\u010danih gu\u017evi zbog predblagdanske kupnje. \u0160ef Sto\u017eera Davor Bo\u017einovi\u0107 rekao je kako \u0107e mjere koje se odnose na trgovine i [&hellip;]\" \/>\n<meta property=\"og:url\" content=\"https:\/\/likemetkovic.hr\/nove-mjere-od-subote-su-na-snazi-ove-mjere-za-trgovine-i-centre-vrijedit-ce-10-sijecnja\/\" \/>\n<meta property=\"og:site_name\" content=\"likemetkovic.hr\" \/>\n<meta property=\"article:publisher\" content=\"https:\/\/www.facebook.com\/likemetkovic.hr\/\" \/>\n<meta property=\"article:published_time\" content=\"2020-12-09T11:31:36+00:00\" \/>\n<meta property=\"article:modified_time\" content=\"2020-12-09T11:32:47+00:00\" \/>\n<meta property=\"og:image\" content=\"https:\/\/likemetkovic.hr\/wp-content\/uploads\/2020\/05\/city-centar.jpg\" \/>\n\t<meta property=\"og:image:width\" content=\"700\" \/>\n\t<meta property=\"og:image:height\" content=\"400\" \/>\n\t<meta property=\"og:image:type\" content=\"image\/jpeg\" \/>\n<meta name=\"author\" content=\"LIKEmetkovic.hr\" \/>\n<meta name=\"twitter:card\" content=\"summary_large_image\" \/>\n<meta name=\"twitter:label1\" content=\"Napisao\/la\" \/>\n\t<meta name=\"twitter:data1\" content=\"LIKEmetkovic.hr\" \/>\n\t<meta name=\"twitter:label2\" content=\"Procijenjeno vrijeme \u010ditanja\" \/>\n\t<meta name=\"twitter:data2\" content=\"2 minute\" \/>\n<script type=\"application\/ld+json\" class=\"yoast-schema-graph\">{\"@context\":\"https:\/\/schema.org\",\"@graph\":[{\"@type\":\"WebPage\",\"@id\":\"https:\/\/likemetkovic.hr\/nove-mjere-od-subote-su-na-snazi-ove-mjere-za-trgovine-i-centre-vrijedit-ce-10-sijecnja\/\",\"url\":\"https:\/\/likemetkovic.hr\/nove-mjere-od-subote-su-na-snazi-ove-mjere-za-trgovine-i-centre-vrijedit-ce-10-sijecnja\/\",\"name\":\"Od subote su na snazi ove mjere za trgovine i centre. Vrijedit \u0107e 10. sije\u010dnja - likemetkovic.hr\",\"isPartOf\":{\"@id\":\"https:\/\/likemetkovic.hr\/#website\"},\"primaryImageOfPage\":{\"@id\":\"https:\/\/likemetkovic.hr\/nove-mjere-od-subote-su-na-snazi-ove-mjere-za-trgovine-i-centre-vrijedit-ce-10-sijecnja\/#primaryimage\"},\"image\":{\"@id\":\"https:\/\/likemetkovic.hr\/nove-mjere-od-subote-su-na-snazi-ove-mjere-za-trgovine-i-centre-vrijedit-ce-10-sijecnja\/#primaryimage\"},\"thumbnailUrl\":\"https:\/\/likemetkovic.hr\/portal\/wp-content\/uploads\/2020\/05\/city-centar.jpg\",\"datePublished\":\"2020-12-09T11:31:36+00:00\",\"dateModified\":\"2020-12-09T11:32:47+00:00\",\"author\":{\"@id\":\"https:\/\/likemetkovic.hr\/#\/schema\/person\/a42711f3385a0e2be6f7e0443bfb28f0\"},\"breadcrumb\":{\"@id\":\"https:\/\/likemetkovic.hr\/nove-mjere-od-subote-su-na-snazi-ove-mjere-za-trgovine-i-centre-vrijedit-ce-10-sijecnja\/#breadcrumb\"},\"inLanguage\":\"hr\",\"potentialAction\":[{\"@type\":\"ReadAction\",\"target\":[\"https:\/\/likemetkovic.hr\/nove-mjere-od-subote-su-na-snazi-ove-mjere-za-trgovine-i-centre-vrijedit-ce-10-sijecnja\/\"]}]},{\"@type\":\"ImageObject\",\"inLanguage\":\"hr\",\"@id\":\"https:\/\/likemetkovic.hr\/nove-mjere-od-subote-su-na-snazi-ove-mjere-za-trgovine-i-centre-vrijedit-ce-10-sijecnja\/#primaryimage\",\"url\":\"https:\/\/likemetkovic.hr\/portal\/wp-content\/uploads\/2020\/05\/city-centar.jpg\",\"contentUrl\":\"https:\/\/likemetkovic.hr\/portal\/wp-content\/uploads\/2020\/05\/city-centar.jpg\",\"width\":700,\"height\":400},{\"@type\":\"BreadcrumbList\",\"@id\":\"https:\/\/likemetkovic.hr\/nove-mjere-od-subote-su-na-snazi-ove-mjere-za-trgovine-i-centre-vrijedit-ce-10-sijecnja\/#breadcrumb\",\"itemListElement\":[{\"@type\":\"ListItem\",\"position\":1,\"name\":\"Po\u010detna stranica\",\"item\":\"https:\/\/likemetkovic.hr\/portal\/\"},{\"@type\":\"ListItem\",\"position\":2,\"name\":\"Od subote su na snazi ove mjere za trgovine i centre. Vrijedit \u0107e 10. sije\u010dnja\"}]},{\"@type\":\"WebSite\",\"@id\":\"https:\/\/likemetkovic.hr\/#website\",\"url\":\"https:\/\/likemetkovic.hr\/\",\"name\":\"likemetkovic.hr\",\"description\":\"Misli pozitivno... \u010ditaj LIKE\",\"potentialAction\":[{\"@type\":\"SearchAction\",\"target\":{\"@type\":\"EntryPoint\",\"urlTemplate\":\"https:\/\/likemetkovic.hr\/?s={search_term_string}\"},\"query-input\":{\"@type\":\"PropertyValueSpecification\",\"valueRequired\":true,\"valueName\":\"search_term_string\"}}],\"inLanguage\":\"hr\"},{\"@type\":\"Person\",\"@id\":\"https:\/\/likemetkovic.hr\/#\/schema\/person\/a42711f3385a0e2be6f7e0443bfb28f0\",\"name\":\"LIKEmetkovic.hr\",\"sameAs\":[\"http:\/\/likemetkovic.hr\"],\"url\":\"https:\/\/likemetkovic.hr\/portal\/author\/likemetkovic-hr\/\"}]}<\/script>\n<!-- \/ Yoast SEO plugin. -->","yoast_head_json":{"title":"Od subote su na snazi ove mjere za trgovine i centre. Vrijedit \u0107e 10. sije\u010dnja - likemetkovic.hr","robots":{"index":"index","follow":"follow","max-snippet":"max-snippet:-1","max-image-preview":"max-image-preview:large","max-video-preview":"max-video-preview:-1"},"canonical":"https:\/\/likemetkovic.hr\/nove-mjere-od-subote-su-na-snazi-ove-mjere-za-trgovine-i-centre-vrijedit-ce-10-sijecnja\/","og_locale":"hr_HR","og_type":"article","og_title":"Od subote su na snazi ove mjere za trgovine i centre. Vrijedit \u0107e 10. sije\u010dnja - likemetkovic.hr","og_description":"U subotu \u0107e stupiti na snagu nova pravila za trgovine i trgova\u010dke centre u kojima bi, umjesto dosada\u0161njih \u010detiri, za svakog kupca trebali osigurati najmanje 10 kvadrata. Tako \u0107e se postro\u017eiti mjere uo\u010di blagdana i poja\u010danih gu\u017evi zbog predblagdanske kupnje. \u0160ef Sto\u017eera Davor Bo\u017einovi\u0107 rekao je kako \u0107e mjere koje se odnose na trgovine i [&hellip;]","og_url":"https:\/\/likemetkovic.hr\/nove-mjere-od-subote-su-na-snazi-ove-mjere-za-trgovine-i-centre-vrijedit-ce-10-sijecnja\/","og_site_name":"likemetkovic.hr","article_publisher":"https:\/\/www.facebook.com\/likemetkovic.hr\/","article_published_time":"2020-12-09T11:31:36+00:00","article_modified_time":"2020-12-09T11:32:47+00:00","og_image":[{"width":700,"height":400,"url":"https:\/\/likemetkovic.hr\/wp-content\/uploads\/2020\/05\/city-centar.jpg","type":"image\/jpeg"}],"author":"LIKEmetkovic.hr","twitter_card":"summary_large_image","twitter_misc":{"Napisao\/la":"LIKEmetkovic.hr","Procijenjeno vrijeme \u010ditanja":"2 minute"},"schema":{"@context":"https:\/\/schema.org","@graph":[{"@type":"WebPage","@id":"https:\/\/likemetkovic.hr\/nove-mjere-od-subote-su-na-snazi-ove-mjere-za-trgovine-i-centre-vrijedit-ce-10-sijecnja\/","url":"https:\/\/likemetkovic.hr\/nove-mjere-od-subote-su-na-snazi-ove-mjere-za-trgovine-i-centre-vrijedit-ce-10-sijecnja\/","name":"Od subote su na snazi ove mjere za trgovine i centre. Vrijedit \u0107e 10. sije\u010dnja - likemetkovic.hr","isPartOf":{"@id":"https:\/\/likemetkovic.hr\/#website"},"primaryImageOfPage":{"@id":"https:\/\/likemetkovic.hr\/nove-mjere-od-subote-su-na-snazi-ove-mjere-za-trgovine-i-centre-vrijedit-ce-10-sijecnja\/#primaryimage"},"image":{"@id":"https:\/\/likemetkovic.hr\/nove-mjere-od-subote-su-na-snazi-ove-mjere-za-trgovine-i-centre-vrijedit-ce-10-sijecnja\/#primaryimage"},"thumbnailUrl":"https:\/\/likemetkovic.hr\/portal\/wp-content\/uploads\/2020\/05\/city-centar.jpg","datePublished":"2020-12-09T11:31:36+00:00","dateModified":"2020-12-09T11:32:47+00:00","author":{"@id":"https:\/\/likemetkovic.hr\/#\/schema\/person\/a42711f3385a0e2be6f7e0443bfb28f0"},"breadcrumb":{"@id":"https:\/\/likemetkovic.hr\/nove-mjere-od-subote-su-na-snazi-ove-mjere-za-trgovine-i-centre-vrijedit-ce-10-sijecnja\/#breadcrumb"},"inLanguage":"hr","potentialAction":[{"@type":"ReadAction","target":["https:\/\/likemetkovic.hr\/nove-mjere-od-subote-su-na-snazi-ove-mjere-za-trgovine-i-centre-vrijedit-ce-10-sijecnja\/"]}]},{"@type":"ImageObject","inLanguage":"hr","@id":"https:\/\/likemetkovic.hr\/nove-mjere-od-subote-su-na-snazi-ove-mjere-za-trgovine-i-centre-vrijedit-ce-10-sijecnja\/#primaryimage","url":"https:\/\/likemetkovic.hr\/portal\/wp-content\/uploads\/2020\/05\/city-centar.jpg","contentUrl":"https:\/\/likemetkovic.hr\/portal\/wp-content\/uploads\/2020\/05\/city-centar.jpg","width":700,"height":400},{"@type":"BreadcrumbList","@id":"https:\/\/likemetkovic.hr\/nove-mjere-od-subote-su-na-snazi-ove-mjere-za-trgovine-i-centre-vrijedit-ce-10-sijecnja\/#breadcrumb","itemListElement":[{"@type":"ListItem","position":1,"name":"Po\u010detna stranica","item":"https:\/\/likemetkovic.hr\/portal\/"},{"@type":"ListItem","position":2,"name":"Od subote su na snazi ove mjere za trgovine i centre. Vrijedit \u0107e 10. sije\u010dnja"}]},{"@type":"WebSite","@id":"https:\/\/likemetkovic.hr\/#website","url":"https:\/\/likemetkovic.hr\/","name":"likemetkovic.hr","description":"Misli pozitivno... \u010ditaj LIKE","potentialAction":[{"@type":"SearchAction","target":{"@type":"EntryPoint","urlTemplate":"https:\/\/likemetkovic.hr\/?s={search_term_string}"},"query-input":{"@type":"PropertyValueSpecification","valueRequired":true,"valueName":"search_term_string"}}],"inLanguage":"hr"},{"@type":"Person","@id":"https:\/\/likemetkovic.hr\/#\/schema\/person\/a42711f3385a0e2be6f7e0443bfb28f0","name":"LIKEmetkovic.hr","sameAs":["http:\/\/likemetkovic.hr"],"url":"https:\/\/likemetkovic.hr\/portal\/author\/likemetkovic-hr\/"}]}},"_links":{"self":[{"href":"https:\/\/likemetkovic.hr\/portal\/wp-json\/wp\/v2\/posts\/111007","targetHints":{"allow":["GET"]}}],"collection":[{"href":"https:\/\/likemetkovic.hr\/portal\/wp-json\/wp\/v2\/posts"}],"about":[{"href":"https:\/\/likemetkovic.hr\/portal\/wp-json\/wp\/v2\/types\/post"}],"author":[{"embeddable":true,"href":"https:\/\/likemetkovic.hr\/portal\/wp-json\/wp\/v2\/users\/7"}],"replies":[{"embeddable":true,"href":"https:\/\/likemetkovic.hr\/portal\/wp-json\/wp\/v2\/comments?post=111007"}],"version-history":[{"count":0,"href":"https:\/\/likemetkovic.hr\/portal\/wp-json\/wp\/v2\/posts\/111007\/revisions"}],"wp:featuredmedia":[{"embeddable":true,"href":"https:\/\/likemetkovic.hr\/portal\/wp-json\/wp\/v2\/media\/101667"}],"wp:attachment":[{"href":"https:\/\/likemetkovic.hr\/portal\/wp-json\/wp\/v2\/media?parent=111007"}],"wp:term":[{"taxonomy":"category","embeddable":true,"href":"https:\/\/likemetkovic.hr\/portal\/wp-json\/wp\/v2\/categories?post=111007"},{"taxonomy":"post_tag","embeddable":true,"href":"https:\/\/likemetkovic.hr\/portal\/wp-json\/wp\/v2\/tags?post=111007"}],"curies":[{"name":"wp","href":"https:\/\/api.w.org\/{rel}","templated":true}]}}