{"id":111670,"date":"2020-12-22T07:39:54","date_gmt":"2020-12-22T06:39:54","guid":{"rendered":"https:\/\/likemetkovic.hr\/?p=111670"},"modified":"2020-12-22T07:39:54","modified_gmt":"2020-12-22T06:39:54","slug":"drama-u-plocama-dvadesetak-umirovljenika-mora-iz-stanova-na-novu-godinu","status":"publish","type":"post","link":"https:\/\/likemetkovic.hr\/portal\/drama-u-plocama-dvadesetak-umirovljenika-mora-iz-stanova-na-novu-godinu\/","title":{"rendered":"DRAMA U PLO\u010cAMA Dvadesetak umirovljenika mora iz stanova na Novu godinu"},"content":{"rendered":"<p>Prvog dana Nove godine 20-ak biv\u0161ih lu\u010dkih radnika koji \u017eive u zgradama na Trgu kralja Tomislava u Plo\u010dama moglo bi zavr\u0161iti na ulici. Ba\u0161 tada istje\u010de rok u kojem se kao korisnici lu\u010dkih stanova u Plo\u010dama moraju izjasniti prihva\u0107aju li ponudu za otkup tih stanova po komercijalnim uvjetima, koje im je ponudila aktualna uprava Luke Plo\u010de d.d., ili \u0107e \u017eivot nastaviti kao besku\u0107nici o kojima \u0107e brigu nastaviti voditi Centar za socijalnu skrb.<\/p>\n<p>&#8211; Ne znam ni kud \u0107u ni \u0161to \u0107u. O\u010dajna sam &#8211; ka\u017ee za\u00a0<a href=\"https:\/\/www.jutarnji.hr\/vijesti\/hrvatska\/dvadesetak-umirovljenika-mora-iz-stanova-na-novu-godinu-gutamo-normabele-k-o-bombone-15038175\" target=\"\" rel=\"noopener\">Jutarnji list<\/a>\u00a0<b>Lorita Ostoji\u0107<\/b>, jedna od nesretnih stanara lu\u010dkih stanova koji ove godine do\u010dekuju najgori Bo\u017ei\u0107 u \u017eivotu. Strah i neizvjesnost vidi im se u o\u010dima. Do\u010dekali su nas u petak ujutro u sredi\u0161tu Plo\u010da, raspore\u0111eni u dvije grupe kako bi zadovoljili mjere.<\/p>\n<p>&#8211; Gutamo normabele k&#8217;o bombone. Ne jedemo, ne pijemo, ne spavamo. \u017divot nam se pretvorio u pakao &#8211; govore biv\u0161i radnici, od kojih neki imaju i 40 godina sta\u017ea u Luci.<\/p>\n<h4>Neki su otkup dobili<\/h4>\n<p>Rije\u010d je uglavnom o stanovima od 30 do 50 kvadrata. Nije to, ka\u017eu, nikakav luksuz, nego nu\u017eni krov nad glavom. Velik broj stanova je i derutan izvana i iznutra, ali jedini je topli dom za 20-ak ogor\u010denih Plo\u010dana, koji nemaju novca za otkup, pa \u0107e, prema svemu sude\u0107i, zavr\u0161iti na ulici u jeku pandemije koronavirusa.<\/p>\n<p>&#8211; \u0160to nam preostaje nego da postavimo \u0161ator nasred Plo\u010da i u njemu \u017eivimo &#8211; rezolutna je\u00a0<b>Milena Ili\u0107<\/b>.<\/p>\n<p>Ona, kao i njezini susjedi, tra\u017ei da im se omogu\u0107i otkup stanova u kojima \u017eive od 1994. po modelu nositelja stanarskog prava, \u0161to se primjenjivalo za sve dru\u0161tvene stanove nakon osamostaljenja Hrvatske. Drugim rije\u010dima, kada bi im se priznalo nositeljsko stanarsko pravo, stanove bi otkupili za 40-ak tisu\u0107a kuna, a ovako im je odre\u0111ena cijena od 800 eura po kvadratu.<\/p>\n<p>Plo\u010dani o kojima pi\u0161emo ve\u0107 su odavno u mirovini, koju su zaradili rade\u0107i na dokovima Luke Plo\u010de. Budu\u0107i da su penzioneri, nemogu\u0107a im je misija otkupiti stanove po komercijalnim uvjetima koje im je ponudila Luka Plo\u010de. U\u0161te\u0111evine nemaju, kreditno su nesposobni.<\/p>\n<p><b>Ante Dugand\u017ei\u0107<\/b>\u00a0ostaje bez stana, a branitelji su bili i on i sin.<\/p>\n<p>&#8211; Rukovodioci u Luci su stanove otkupljivali za 20.000, 30.000 kuna, a mi sada moramo iske\u0161irati 60.000 eura. Nama su samo obe\u0107avali &#8211; bit \u0107e, bit \u0107e. Pa vidite dokle su nas doveli &#8211; ogor\u010den je Dugand\u017ei\u0107, koji tra\u017ei priznavanje stanarskog prava, a Luka Plo\u010de ih tretira kao da su bili podstanari u najmu punih 27 godina.<\/p>\n<p>Neki od njih su renovirali stanove, ula\u017eu\u0107i novac u nekretninu.<\/p>\n<p>&#8211; Ja sam u moj stan do sada za razli\u010dite popravke ulo\u017eio vi\u0161e od 200.000 kuna, \u0161to zna\u010di da sam ga ve\u0107 otplatio i pretplatio, a sada ho\u0107e da ga jo\u0161 jednom otkupim &#8211; ogor\u010den je\u00a0<b>Branko Marevi\u0107<\/b>.<\/p>\n<p>Novca za kupnju stanova nemaju pa, ako se ne dogodi kakvo \u010dudo, mogu o\u010dekivati delo\u017eaciju jer \u0107e Luka stanove prodavati na tr\u017ei\u0161tu. Gotovo je sigurno da \u0107e se kupac na\u0107i, ali to ne\u0107e biti dosada\u0161nji stanari.<\/p>\n<p>Ovaj slu\u010daj nije samo pravno, nego i politi\u010dko pitanje jer se biv\u0161im radnicima godinama obe\u0107avalo da \u0107e ste\u0107i stanarsko pravo i otkup. Svi isti\u010du da su prevareni i ostavljeni. Ljute se i na gradona\u010delnika Mi\u0161u Krsti\u010devi\u0107a. Ovi Plo\u010dani samo \u017eele platiti stanove po cijeni po kojoj su rukovodioci otkupili svoje stanove.<\/p>\n<p>&#8211; Izbace li nas iz stanova, \u017eivot \u0107e nam biti uni\u0161ten &#8211; zaklju\u010duju.<\/p>\n<h4>Luka Plo\u010de: &#8220;Rok je bio 1995.&#8221;<\/h4>\n<p>U priop\u0107enju Luke Plo\u010de stoji kako je &#8216;\u010dinjenica da je Luka Plo\u010de d.d. nesporni vlasnik 26 stanova na podru\u010dju grada Plo\u010de, a u kojima ve\u0107 dugi niz godina \u017eive radnici i biv\u0161i radnici Luke Plo\u010de d.d. i njihove obitelji u svojstvu najmoprimaca (22 stana) ili za\u0161ti\u0107enih najmoprimaca (\u010detiri stana)&#8217;, pi\u0161e \u00a0<a href=\"https:\/\/www.jutarnji.hr\/vijesti\/hrvatska\/dvadesetak-umirovljenika-mora-iz-stanova-na-novu-godinu-gutamo-normabele-k-o-bombone-15038175\" target=\"\" rel=\"noopener\">Jutarnji list.<\/a><\/p>\n<p>Navodi se i da &#8216;ve\u0107ina postoje\u0107ih najmoprimaca (22 od 26) nije imala stanarsko pravo na stanovima koje koristi, a za\u0161ti\u0107eni najmoprimci koji su imali stanarsko pravo (\u010detvero od njih 26) nisu pravovremeno dostavili zahtjev za kupnju stana (do 31. prosinca 1995. godine), tako da prodaja stanova prema Zakonu o prodaji stanova na kojima postoji stanarsko pravo &#8211; nije mogu\u0107a&#8217;.<\/p>\n<p>Pi\u0161e: Stanislav Soldo<br \/>\nFoto: Ante \u0160unji\u0107<\/p>\n","protected":false},"excerpt":{"rendered":"<p>Prvog dana Nove godine 20-ak biv\u0161ih lu\u010dkih radnika koji \u017eive u zgradama na Trgu kralja Tomislava u Plo\u010dama moglo bi zavr\u0161iti na ulici. Ba\u0161 tada istje\u010de rok u kojem se kao korisnici lu\u010dkih stanova u Plo\u010dama moraju izjasniti prihva\u0107aju li ponudu za otkup tih stanova po komercijalnim uvjetima, koje im je ponudila aktualna uprava Luke [&hellip;]<\/p>\n","protected":false},"author":7,"featured_media":111671,"comment_status":"open","ping_status":"open","sticky":false,"template":"","format":"standard","meta":{"footnotes":""},"categories":[296,11],"tags":[1312,576,4568,4129],"class_list":{"0":"post-111670","1":"post","2":"type-post","3":"status-publish","4":"format-standard","5":"has-post-thumbnail","7":"category-ab","8":"category-metkovic-dolina","9":"tag-luka-ploce","10":"tag-ploce","11":"tag-stanovi","12":"tag-umirovljenici"},"yoast_head":"<!-- This site is optimized with the Yoast SEO plugin v25.2 - https:\/\/yoast.com\/wordpress\/plugins\/seo\/ -->\n<title>DRAMA U PLO\u010cAMA Dvadesetak umirovljenika mora iz stanova na Novu godinu - likemetkovic.hr<\/title>\n<meta name=\"robots\" content=\"index, follow, max-snippet:-1, max-image-preview:large, max-video-preview:-1\" \/>\n<link rel=\"canonical\" href=\"https:\/\/likemetkovic.hr\/drama-u-plocama-dvadesetak-umirovljenika-mora-iz-stanova-na-novu-godinu\/\" \/>\n<meta property=\"og:locale\" content=\"hr_HR\" \/>\n<meta property=\"og:type\" content=\"article\" \/>\n<meta property=\"og:title\" content=\"DRAMA U PLO\u010cAMA Dvadesetak umirovljenika mora iz stanova na Novu godinu - likemetkovic.hr\" \/>\n<meta property=\"og:description\" content=\"Prvog dana Nove godine 20-ak biv\u0161ih lu\u010dkih radnika koji \u017eive u zgradama na Trgu kralja Tomislava u Plo\u010dama moglo bi zavr\u0161iti na ulici. Ba\u0161 tada istje\u010de rok u kojem se kao korisnici lu\u010dkih stanova u Plo\u010dama moraju izjasniti prihva\u0107aju li ponudu za otkup tih stanova po komercijalnim uvjetima, koje im je ponudila aktualna uprava Luke [&hellip;]\" \/>\n<meta property=\"og:url\" content=\"https:\/\/likemetkovic.hr\/drama-u-plocama-dvadesetak-umirovljenika-mora-iz-stanova-na-novu-godinu\/\" \/>\n<meta property=\"og:site_name\" content=\"likemetkovic.hr\" \/>\n<meta property=\"article:publisher\" content=\"https:\/\/www.facebook.com\/likemetkovic.hr\/\" \/>\n<meta property=\"article:published_time\" content=\"2020-12-22T06:39:54+00:00\" \/>\n<meta property=\"og:image\" content=\"https:\/\/likemetkovic.hr\/wp-content\/uploads\/2020\/12\/umirovljenici-ploce.jpg\" \/>\n\t<meta property=\"og:image:width\" content=\"800\" \/>\n\t<meta property=\"og:image:height\" content=\"419\" \/>\n\t<meta property=\"og:image:type\" content=\"image\/jpeg\" \/>\n<meta name=\"author\" content=\"LIKEmetkovic.hr\" \/>\n<meta name=\"twitter:card\" content=\"summary_large_image\" \/>\n<meta name=\"twitter:label1\" content=\"Napisao\/la\" \/>\n\t<meta name=\"twitter:data1\" content=\"LIKEmetkovic.hr\" \/>\n\t<meta name=\"twitter:label2\" content=\"Procijenjeno vrijeme \u010ditanja\" \/>\n\t<meta name=\"twitter:data2\" content=\"4 minute\" \/>\n<script type=\"application\/ld+json\" class=\"yoast-schema-graph\">{\"@context\":\"https:\/\/schema.org\",\"@graph\":[{\"@type\":\"WebPage\",\"@id\":\"https:\/\/likemetkovic.hr\/drama-u-plocama-dvadesetak-umirovljenika-mora-iz-stanova-na-novu-godinu\/\",\"url\":\"https:\/\/likemetkovic.hr\/drama-u-plocama-dvadesetak-umirovljenika-mora-iz-stanova-na-novu-godinu\/\",\"name\":\"DRAMA U PLO\u010cAMA Dvadesetak umirovljenika mora iz stanova na Novu godinu - likemetkovic.hr\",\"isPartOf\":{\"@id\":\"https:\/\/likemetkovic.hr\/#website\"},\"primaryImageOfPage\":{\"@id\":\"https:\/\/likemetkovic.hr\/drama-u-plocama-dvadesetak-umirovljenika-mora-iz-stanova-na-novu-godinu\/#primaryimage\"},\"image\":{\"@id\":\"https:\/\/likemetkovic.hr\/drama-u-plocama-dvadesetak-umirovljenika-mora-iz-stanova-na-novu-godinu\/#primaryimage\"},\"thumbnailUrl\":\"https:\/\/likemetkovic.hr\/portal\/wp-content\/uploads\/2020\/12\/umirovljenici-ploce.jpg\",\"datePublished\":\"2020-12-22T06:39:54+00:00\",\"author\":{\"@id\":\"https:\/\/likemetkovic.hr\/#\/schema\/person\/a42711f3385a0e2be6f7e0443bfb28f0\"},\"breadcrumb\":{\"@id\":\"https:\/\/likemetkovic.hr\/drama-u-plocama-dvadesetak-umirovljenika-mora-iz-stanova-na-novu-godinu\/#breadcrumb\"},\"inLanguage\":\"hr\",\"potentialAction\":[{\"@type\":\"ReadAction\",\"target\":[\"https:\/\/likemetkovic.hr\/drama-u-plocama-dvadesetak-umirovljenika-mora-iz-stanova-na-novu-godinu\/\"]}]},{\"@type\":\"ImageObject\",\"inLanguage\":\"hr\",\"@id\":\"https:\/\/likemetkovic.hr\/drama-u-plocama-dvadesetak-umirovljenika-mora-iz-stanova-na-novu-godinu\/#primaryimage\",\"url\":\"https:\/\/likemetkovic.hr\/portal\/wp-content\/uploads\/2020\/12\/umirovljenici-ploce.jpg\",\"contentUrl\":\"https:\/\/likemetkovic.hr\/portal\/wp-content\/uploads\/2020\/12\/umirovljenici-ploce.jpg\",\"width\":800,\"height\":419},{\"@type\":\"BreadcrumbList\",\"@id\":\"https:\/\/likemetkovic.hr\/drama-u-plocama-dvadesetak-umirovljenika-mora-iz-stanova-na-novu-godinu\/#breadcrumb\",\"itemListElement\":[{\"@type\":\"ListItem\",\"position\":1,\"name\":\"Po\u010detna stranica\",\"item\":\"https:\/\/likemetkovic.hr\/portal\/\"},{\"@type\":\"ListItem\",\"position\":2,\"name\":\"DRAMA U PLO\u010cAMA Dvadesetak umirovljenika mora iz stanova na Novu godinu\"}]},{\"@type\":\"WebSite\",\"@id\":\"https:\/\/likemetkovic.hr\/#website\",\"url\":\"https:\/\/likemetkovic.hr\/\",\"name\":\"likemetkovic.hr\",\"description\":\"Misli pozitivno... \u010ditaj LIKE\",\"potentialAction\":[{\"@type\":\"SearchAction\",\"target\":{\"@type\":\"EntryPoint\",\"urlTemplate\":\"https:\/\/likemetkovic.hr\/?s={search_term_string}\"},\"query-input\":{\"@type\":\"PropertyValueSpecification\",\"valueRequired\":true,\"valueName\":\"search_term_string\"}}],\"inLanguage\":\"hr\"},{\"@type\":\"Person\",\"@id\":\"https:\/\/likemetkovic.hr\/#\/schema\/person\/a42711f3385a0e2be6f7e0443bfb28f0\",\"name\":\"LIKEmetkovic.hr\",\"sameAs\":[\"http:\/\/likemetkovic.hr\"],\"url\":\"https:\/\/likemetkovic.hr\/portal\/author\/likemetkovic-hr\/\"}]}<\/script>\n<!-- \/ Yoast SEO plugin. -->","yoast_head_json":{"title":"DRAMA U PLO\u010cAMA Dvadesetak umirovljenika mora iz stanova na Novu godinu - likemetkovic.hr","robots":{"index":"index","follow":"follow","max-snippet":"max-snippet:-1","max-image-preview":"max-image-preview:large","max-video-preview":"max-video-preview:-1"},"canonical":"https:\/\/likemetkovic.hr\/drama-u-plocama-dvadesetak-umirovljenika-mora-iz-stanova-na-novu-godinu\/","og_locale":"hr_HR","og_type":"article","og_title":"DRAMA U PLO\u010cAMA Dvadesetak umirovljenika mora iz stanova na Novu godinu - likemetkovic.hr","og_description":"Prvog dana Nove godine 20-ak biv\u0161ih lu\u010dkih radnika koji \u017eive u zgradama na Trgu kralja Tomislava u Plo\u010dama moglo bi zavr\u0161iti na ulici. Ba\u0161 tada istje\u010de rok u kojem se kao korisnici lu\u010dkih stanova u Plo\u010dama moraju izjasniti prihva\u0107aju li ponudu za otkup tih stanova po komercijalnim uvjetima, koje im je ponudila aktualna uprava Luke [&hellip;]","og_url":"https:\/\/likemetkovic.hr\/drama-u-plocama-dvadesetak-umirovljenika-mora-iz-stanova-na-novu-godinu\/","og_site_name":"likemetkovic.hr","article_publisher":"https:\/\/www.facebook.com\/likemetkovic.hr\/","article_published_time":"2020-12-22T06:39:54+00:00","og_image":[{"width":800,"height":419,"url":"https:\/\/likemetkovic.hr\/wp-content\/uploads\/2020\/12\/umirovljenici-ploce.jpg","type":"image\/jpeg"}],"author":"LIKEmetkovic.hr","twitter_card":"summary_large_image","twitter_misc":{"Napisao\/la":"LIKEmetkovic.hr","Procijenjeno vrijeme \u010ditanja":"4 minute"},"schema":{"@context":"https:\/\/schema.org","@graph":[{"@type":"WebPage","@id":"https:\/\/likemetkovic.hr\/drama-u-plocama-dvadesetak-umirovljenika-mora-iz-stanova-na-novu-godinu\/","url":"https:\/\/likemetkovic.hr\/drama-u-plocama-dvadesetak-umirovljenika-mora-iz-stanova-na-novu-godinu\/","name":"DRAMA U PLO\u010cAMA Dvadesetak umirovljenika mora iz stanova na Novu godinu - likemetkovic.hr","isPartOf":{"@id":"https:\/\/likemetkovic.hr\/#website"},"primaryImageOfPage":{"@id":"https:\/\/likemetkovic.hr\/drama-u-plocama-dvadesetak-umirovljenika-mora-iz-stanova-na-novu-godinu\/#primaryimage"},"image":{"@id":"https:\/\/likemetkovic.hr\/drama-u-plocama-dvadesetak-umirovljenika-mora-iz-stanova-na-novu-godinu\/#primaryimage"},"thumbnailUrl":"https:\/\/likemetkovic.hr\/portal\/wp-content\/uploads\/2020\/12\/umirovljenici-ploce.jpg","datePublished":"2020-12-22T06:39:54+00:00","author":{"@id":"https:\/\/likemetkovic.hr\/#\/schema\/person\/a42711f3385a0e2be6f7e0443bfb28f0"},"breadcrumb":{"@id":"https:\/\/likemetkovic.hr\/drama-u-plocama-dvadesetak-umirovljenika-mora-iz-stanova-na-novu-godinu\/#breadcrumb"},"inLanguage":"hr","potentialAction":[{"@type":"ReadAction","target":["https:\/\/likemetkovic.hr\/drama-u-plocama-dvadesetak-umirovljenika-mora-iz-stanova-na-novu-godinu\/"]}]},{"@type":"ImageObject","inLanguage":"hr","@id":"https:\/\/likemetkovic.hr\/drama-u-plocama-dvadesetak-umirovljenika-mora-iz-stanova-na-novu-godinu\/#primaryimage","url":"https:\/\/likemetkovic.hr\/portal\/wp-content\/uploads\/2020\/12\/umirovljenici-ploce.jpg","contentUrl":"https:\/\/likemetkovic.hr\/portal\/wp-content\/uploads\/2020\/12\/umirovljenici-ploce.jpg","width":800,"height":419},{"@type":"BreadcrumbList","@id":"https:\/\/likemetkovic.hr\/drama-u-plocama-dvadesetak-umirovljenika-mora-iz-stanova-na-novu-godinu\/#breadcrumb","itemListElement":[{"@type":"ListItem","position":1,"name":"Po\u010detna stranica","item":"https:\/\/likemetkovic.hr\/portal\/"},{"@type":"ListItem","position":2,"name":"DRAMA U PLO\u010cAMA Dvadesetak umirovljenika mora iz stanova na Novu godinu"}]},{"@type":"WebSite","@id":"https:\/\/likemetkovic.hr\/#website","url":"https:\/\/likemetkovic.hr\/","name":"likemetkovic.hr","description":"Misli pozitivno... \u010ditaj LIKE","potentialAction":[{"@type":"SearchAction","target":{"@type":"EntryPoint","urlTemplate":"https:\/\/likemetkovic.hr\/?s={search_term_string}"},"query-input":{"@type":"PropertyValueSpecification","valueRequired":true,"valueName":"search_term_string"}}],"inLanguage":"hr"},{"@type":"Person","@id":"https:\/\/likemetkovic.hr\/#\/schema\/person\/a42711f3385a0e2be6f7e0443bfb28f0","name":"LIKEmetkovic.hr","sameAs":["http:\/\/likemetkovic.hr"],"url":"https:\/\/likemetkovic.hr\/portal\/author\/likemetkovic-hr\/"}]}},"_links":{"self":[{"href":"https:\/\/likemetkovic.hr\/portal\/wp-json\/wp\/v2\/posts\/111670","targetHints":{"allow":["GET"]}}],"collection":[{"href":"https:\/\/likemetkovic.hr\/portal\/wp-json\/wp\/v2\/posts"}],"about":[{"href":"https:\/\/likemetkovic.hr\/portal\/wp-json\/wp\/v2\/types\/post"}],"author":[{"embeddable":true,"href":"https:\/\/likemetkovic.hr\/portal\/wp-json\/wp\/v2\/users\/7"}],"replies":[{"embeddable":true,"href":"https:\/\/likemetkovic.hr\/portal\/wp-json\/wp\/v2\/comments?post=111670"}],"version-history":[{"count":0,"href":"https:\/\/likemetkovic.hr\/portal\/wp-json\/wp\/v2\/posts\/111670\/revisions"}],"wp:featuredmedia":[{"embeddable":true,"href":"https:\/\/likemetkovic.hr\/portal\/wp-json\/wp\/v2\/media\/111671"}],"wp:attachment":[{"href":"https:\/\/likemetkovic.hr\/portal\/wp-json\/wp\/v2\/media?parent=111670"}],"wp:term":[{"taxonomy":"category","embeddable":true,"href":"https:\/\/likemetkovic.hr\/portal\/wp-json\/wp\/v2\/categories?post=111670"},{"taxonomy":"post_tag","embeddable":true,"href":"https:\/\/likemetkovic.hr\/portal\/wp-json\/wp\/v2\/tags?post=111670"}],"curies":[{"name":"wp","href":"https:\/\/api.w.org\/{rel}","templated":true}]}}