{"id":112322,"date":"2021-01-04T16:25:33","date_gmt":"2021-01-04T15:25:33","guid":{"rendered":"https:\/\/likemetkovic.hr\/?p=112322"},"modified":"2021-01-04T18:25:59","modified_gmt":"2021-01-04T17:25:59","slug":"sutra-u-hrvatskoj-dan-zalosti-zbog-tragedije-u-posusju-i-rakitnom","status":"publish","type":"post","link":"https:\/\/likemetkovic.hr\/portal\/sutra-u-hrvatskoj-dan-zalosti-zbog-tragedije-u-posusju-i-rakitnom\/","title":{"rendered":"Sutra u Hrvatskoj Dan \u017ealosti zbog tragedije u Posu\u0161ju i Rakitnom"},"content":{"rendered":"<p>Hrvatska progla\u0161ava i sutra\u0161nji dan danom \u017ealosti zbog stradanja osmero mladih u Posu\u0161ju, rekao upravo Andrej Plenkovi\u0107 na samom kraju sjednice Vlade, objavio je novinar N1 Hrvoje Kre\u0161i\u0107 na Twitteru.<\/p>\n<p>Vlada Republike Hrvatske je ranije danas\u00a0minutom \u0161utnje odala po\u010dast stradalima u Posu\u0161ju.<\/p>\n<p>Foto: Zoran Kre\u0161i\u0107\/VL<\/p>\n","protected":false},"excerpt":{"rendered":"<p>Hrvatska progla\u0161ava i sutra\u0161nji dan danom \u017ealosti zbog stradanja osmero mladih u Posu\u0161ju, rekao upravo Andrej Plenkovi\u0107 na samom kraju sjednice Vlade, objavio je novinar N1 Hrvoje Kre\u0161i\u0107 na Twitteru. Vlada Republike Hrvatske je ranije danas\u00a0minutom \u0161utnje odala po\u010dast stradalima u Posu\u0161ju. Foto: Zoran Kre\u0161i\u0107\/VL<\/p>\n","protected":false},"author":9,"featured_media":112323,"comment_status":"open","ping_status":"open","sticky":false,"template":"","format":"standard","meta":{"footnotes":""},"categories":[283,1027],"tags":[8733,1007,1100,8751],"class_list":{"0":"post-112322","1":"post","2":"type-post","3":"status-publish","4":"format-standard","5":"has-post-thumbnail","7":"category-a","8":"category-hrvatska","9":"tag-dan-zalosti","10":"tag-hrvatska","11":"tag-posusje","12":"tag-rakitno"},"yoast_head":"<!-- This site is optimized with the Yoast SEO plugin v25.2 - https:\/\/yoast.com\/wordpress\/plugins\/seo\/ -->\n<title>Sutra u Hrvatskoj Dan \u017ealosti zbog tragedije u Posu\u0161ju i Rakitnom - likemetkovic.hr<\/title>\n<meta name=\"robots\" content=\"index, follow, max-snippet:-1, max-image-preview:large, max-video-preview:-1\" \/>\n<link rel=\"canonical\" href=\"https:\/\/likemetkovic.hr\/sutra-u-hrvatskoj-dan-zalosti-zbog-tragedije-u-posusju-i-rakitnom\/\" \/>\n<meta property=\"og:locale\" content=\"hr_HR\" \/>\n<meta property=\"og:type\" content=\"article\" \/>\n<meta property=\"og:title\" content=\"Sutra u Hrvatskoj Dan \u017ealosti zbog tragedije u Posu\u0161ju i Rakitnom - likemetkovic.hr\" \/>\n<meta property=\"og:description\" content=\"Hrvatska progla\u0161ava i sutra\u0161nji dan danom \u017ealosti zbog stradanja osmero mladih u Posu\u0161ju, rekao upravo Andrej Plenkovi\u0107 na samom kraju sjednice Vlade, objavio je novinar N1 Hrvoje Kre\u0161i\u0107 na Twitteru. Vlada Republike Hrvatske je ranije danas\u00a0minutom \u0161utnje odala po\u010dast stradalima u Posu\u0161ju. Foto: Zoran Kre\u0161i\u0107\/VL\" \/>\n<meta property=\"og:url\" content=\"https:\/\/likemetkovic.hr\/sutra-u-hrvatskoj-dan-zalosti-zbog-tragedije-u-posusju-i-rakitnom\/\" \/>\n<meta property=\"og:site_name\" content=\"likemetkovic.hr\" \/>\n<meta property=\"article:publisher\" content=\"https:\/\/www.facebook.com\/likemetkovic.hr\/\" \/>\n<meta property=\"article:published_time\" content=\"2021-01-04T15:25:33+00:00\" \/>\n<meta property=\"article:modified_time\" content=\"2021-01-04T17:25:59+00:00\" \/>\n<meta property=\"og:image\" content=\"https:\/\/likemetkovic.hr\/wp-content\/uploads\/2021\/01\/d17f0318b48b5d7fb295.jpeg\" \/>\n\t<meta property=\"og:image:width\" content=\"809\" \/>\n\t<meta property=\"og:image:height\" content=\"540\" \/>\n\t<meta property=\"og:image:type\" content=\"image\/jpeg\" \/>\n<meta name=\"author\" content=\"K. J.\" \/>\n<meta name=\"twitter:card\" content=\"summary_large_image\" \/>\n<meta name=\"twitter:label1\" content=\"Napisao\/la\" \/>\n\t<meta name=\"twitter:data1\" content=\"K. J.\" \/>\n<script type=\"application\/ld+json\" class=\"yoast-schema-graph\">{\"@context\":\"https:\/\/schema.org\",\"@graph\":[{\"@type\":\"WebPage\",\"@id\":\"https:\/\/likemetkovic.hr\/sutra-u-hrvatskoj-dan-zalosti-zbog-tragedije-u-posusju-i-rakitnom\/\",\"url\":\"https:\/\/likemetkovic.hr\/sutra-u-hrvatskoj-dan-zalosti-zbog-tragedije-u-posusju-i-rakitnom\/\",\"name\":\"Sutra u Hrvatskoj Dan \u017ealosti zbog tragedije u Posu\u0161ju i Rakitnom - likemetkovic.hr\",\"isPartOf\":{\"@id\":\"https:\/\/likemetkovic.hr\/#website\"},\"primaryImageOfPage\":{\"@id\":\"https:\/\/likemetkovic.hr\/sutra-u-hrvatskoj-dan-zalosti-zbog-tragedije-u-posusju-i-rakitnom\/#primaryimage\"},\"image\":{\"@id\":\"https:\/\/likemetkovic.hr\/sutra-u-hrvatskoj-dan-zalosti-zbog-tragedije-u-posusju-i-rakitnom\/#primaryimage\"},\"thumbnailUrl\":\"https:\/\/likemetkovic.hr\/portal\/wp-content\/uploads\/2021\/01\/d17f0318b48b5d7fb295.jpeg\",\"datePublished\":\"2021-01-04T15:25:33+00:00\",\"dateModified\":\"2021-01-04T17:25:59+00:00\",\"author\":{\"@id\":\"https:\/\/likemetkovic.hr\/#\/schema\/person\/0a8b4ebfdfe1ff01192dccda40c5da0c\"},\"breadcrumb\":{\"@id\":\"https:\/\/likemetkovic.hr\/sutra-u-hrvatskoj-dan-zalosti-zbog-tragedije-u-posusju-i-rakitnom\/#breadcrumb\"},\"inLanguage\":\"hr\",\"potentialAction\":[{\"@type\":\"ReadAction\",\"target\":[\"https:\/\/likemetkovic.hr\/sutra-u-hrvatskoj-dan-zalosti-zbog-tragedije-u-posusju-i-rakitnom\/\"]}]},{\"@type\":\"ImageObject\",\"inLanguage\":\"hr\",\"@id\":\"https:\/\/likemetkovic.hr\/sutra-u-hrvatskoj-dan-zalosti-zbog-tragedije-u-posusju-i-rakitnom\/#primaryimage\",\"url\":\"https:\/\/likemetkovic.hr\/portal\/wp-content\/uploads\/2021\/01\/d17f0318b48b5d7fb295.jpeg\",\"contentUrl\":\"https:\/\/likemetkovic.hr\/portal\/wp-content\/uploads\/2021\/01\/d17f0318b48b5d7fb295.jpeg\",\"width\":809,\"height\":540},{\"@type\":\"BreadcrumbList\",\"@id\":\"https:\/\/likemetkovic.hr\/sutra-u-hrvatskoj-dan-zalosti-zbog-tragedije-u-posusju-i-rakitnom\/#breadcrumb\",\"itemListElement\":[{\"@type\":\"ListItem\",\"position\":1,\"name\":\"Po\u010detna stranica\",\"item\":\"https:\/\/likemetkovic.hr\/portal\/\"},{\"@type\":\"ListItem\",\"position\":2,\"name\":\"Sutra u Hrvatskoj Dan \u017ealosti zbog tragedije u Posu\u0161ju i Rakitnom\"}]},{\"@type\":\"WebSite\",\"@id\":\"https:\/\/likemetkovic.hr\/#website\",\"url\":\"https:\/\/likemetkovic.hr\/\",\"name\":\"likemetkovic.hr\",\"description\":\"Misli pozitivno... \u010ditaj LIKE\",\"potentialAction\":[{\"@type\":\"SearchAction\",\"target\":{\"@type\":\"EntryPoint\",\"urlTemplate\":\"https:\/\/likemetkovic.hr\/?s={search_term_string}\"},\"query-input\":{\"@type\":\"PropertyValueSpecification\",\"valueRequired\":true,\"valueName\":\"search_term_string\"}}],\"inLanguage\":\"hr\"},{\"@type\":\"Person\",\"@id\":\"https:\/\/likemetkovic.hr\/#\/schema\/person\/0a8b4ebfdfe1ff01192dccda40c5da0c\",\"name\":\"K. J.\",\"url\":\"https:\/\/likemetkovic.hr\/portal\/author\/likemetkovic\/\"}]}<\/script>\n<!-- \/ Yoast SEO plugin. -->","yoast_head_json":{"title":"Sutra u Hrvatskoj Dan \u017ealosti zbog tragedije u Posu\u0161ju i Rakitnom - likemetkovic.hr","robots":{"index":"index","follow":"follow","max-snippet":"max-snippet:-1","max-image-preview":"max-image-preview:large","max-video-preview":"max-video-preview:-1"},"canonical":"https:\/\/likemetkovic.hr\/sutra-u-hrvatskoj-dan-zalosti-zbog-tragedije-u-posusju-i-rakitnom\/","og_locale":"hr_HR","og_type":"article","og_title":"Sutra u Hrvatskoj Dan \u017ealosti zbog tragedije u Posu\u0161ju i Rakitnom - likemetkovic.hr","og_description":"Hrvatska progla\u0161ava i sutra\u0161nji dan danom \u017ealosti zbog stradanja osmero mladih u Posu\u0161ju, rekao upravo Andrej Plenkovi\u0107 na samom kraju sjednice Vlade, objavio je novinar N1 Hrvoje Kre\u0161i\u0107 na Twitteru. Vlada Republike Hrvatske je ranije danas\u00a0minutom \u0161utnje odala po\u010dast stradalima u Posu\u0161ju. Foto: Zoran Kre\u0161i\u0107\/VL","og_url":"https:\/\/likemetkovic.hr\/sutra-u-hrvatskoj-dan-zalosti-zbog-tragedije-u-posusju-i-rakitnom\/","og_site_name":"likemetkovic.hr","article_publisher":"https:\/\/www.facebook.com\/likemetkovic.hr\/","article_published_time":"2021-01-04T15:25:33+00:00","article_modified_time":"2021-01-04T17:25:59+00:00","og_image":[{"width":809,"height":540,"url":"https:\/\/likemetkovic.hr\/wp-content\/uploads\/2021\/01\/d17f0318b48b5d7fb295.jpeg","type":"image\/jpeg"}],"author":"K. J.","twitter_card":"summary_large_image","twitter_misc":{"Napisao\/la":"K. J."},"schema":{"@context":"https:\/\/schema.org","@graph":[{"@type":"WebPage","@id":"https:\/\/likemetkovic.hr\/sutra-u-hrvatskoj-dan-zalosti-zbog-tragedije-u-posusju-i-rakitnom\/","url":"https:\/\/likemetkovic.hr\/sutra-u-hrvatskoj-dan-zalosti-zbog-tragedije-u-posusju-i-rakitnom\/","name":"Sutra u Hrvatskoj Dan \u017ealosti zbog tragedije u Posu\u0161ju i Rakitnom - likemetkovic.hr","isPartOf":{"@id":"https:\/\/likemetkovic.hr\/#website"},"primaryImageOfPage":{"@id":"https:\/\/likemetkovic.hr\/sutra-u-hrvatskoj-dan-zalosti-zbog-tragedije-u-posusju-i-rakitnom\/#primaryimage"},"image":{"@id":"https:\/\/likemetkovic.hr\/sutra-u-hrvatskoj-dan-zalosti-zbog-tragedije-u-posusju-i-rakitnom\/#primaryimage"},"thumbnailUrl":"https:\/\/likemetkovic.hr\/portal\/wp-content\/uploads\/2021\/01\/d17f0318b48b5d7fb295.jpeg","datePublished":"2021-01-04T15:25:33+00:00","dateModified":"2021-01-04T17:25:59+00:00","author":{"@id":"https:\/\/likemetkovic.hr\/#\/schema\/person\/0a8b4ebfdfe1ff01192dccda40c5da0c"},"breadcrumb":{"@id":"https:\/\/likemetkovic.hr\/sutra-u-hrvatskoj-dan-zalosti-zbog-tragedije-u-posusju-i-rakitnom\/#breadcrumb"},"inLanguage":"hr","potentialAction":[{"@type":"ReadAction","target":["https:\/\/likemetkovic.hr\/sutra-u-hrvatskoj-dan-zalosti-zbog-tragedije-u-posusju-i-rakitnom\/"]}]},{"@type":"ImageObject","inLanguage":"hr","@id":"https:\/\/likemetkovic.hr\/sutra-u-hrvatskoj-dan-zalosti-zbog-tragedije-u-posusju-i-rakitnom\/#primaryimage","url":"https:\/\/likemetkovic.hr\/portal\/wp-content\/uploads\/2021\/01\/d17f0318b48b5d7fb295.jpeg","contentUrl":"https:\/\/likemetkovic.hr\/portal\/wp-content\/uploads\/2021\/01\/d17f0318b48b5d7fb295.jpeg","width":809,"height":540},{"@type":"BreadcrumbList","@id":"https:\/\/likemetkovic.hr\/sutra-u-hrvatskoj-dan-zalosti-zbog-tragedije-u-posusju-i-rakitnom\/#breadcrumb","itemListElement":[{"@type":"ListItem","position":1,"name":"Po\u010detna stranica","item":"https:\/\/likemetkovic.hr\/portal\/"},{"@type":"ListItem","position":2,"name":"Sutra u Hrvatskoj Dan \u017ealosti zbog tragedije u Posu\u0161ju i Rakitnom"}]},{"@type":"WebSite","@id":"https:\/\/likemetkovic.hr\/#website","url":"https:\/\/likemetkovic.hr\/","name":"likemetkovic.hr","description":"Misli pozitivno... \u010ditaj LIKE","potentialAction":[{"@type":"SearchAction","target":{"@type":"EntryPoint","urlTemplate":"https:\/\/likemetkovic.hr\/?s={search_term_string}"},"query-input":{"@type":"PropertyValueSpecification","valueRequired":true,"valueName":"search_term_string"}}],"inLanguage":"hr"},{"@type":"Person","@id":"https:\/\/likemetkovic.hr\/#\/schema\/person\/0a8b4ebfdfe1ff01192dccda40c5da0c","name":"K. J.","url":"https:\/\/likemetkovic.hr\/portal\/author\/likemetkovic\/"}]}},"_links":{"self":[{"href":"https:\/\/likemetkovic.hr\/portal\/wp-json\/wp\/v2\/posts\/112322","targetHints":{"allow":["GET"]}}],"collection":[{"href":"https:\/\/likemetkovic.hr\/portal\/wp-json\/wp\/v2\/posts"}],"about":[{"href":"https:\/\/likemetkovic.hr\/portal\/wp-json\/wp\/v2\/types\/post"}],"author":[{"embeddable":true,"href":"https:\/\/likemetkovic.hr\/portal\/wp-json\/wp\/v2\/users\/9"}],"replies":[{"embeddable":true,"href":"https:\/\/likemetkovic.hr\/portal\/wp-json\/wp\/v2\/comments?post=112322"}],"version-history":[{"count":0,"href":"https:\/\/likemetkovic.hr\/portal\/wp-json\/wp\/v2\/posts\/112322\/revisions"}],"wp:featuredmedia":[{"embeddable":true,"href":"https:\/\/likemetkovic.hr\/portal\/wp-json\/wp\/v2\/media\/112323"}],"wp:attachment":[{"href":"https:\/\/likemetkovic.hr\/portal\/wp-json\/wp\/v2\/media?parent=112322"}],"wp:term":[{"taxonomy":"category","embeddable":true,"href":"https:\/\/likemetkovic.hr\/portal\/wp-json\/wp\/v2\/categories?post=112322"},{"taxonomy":"post_tag","embeddable":true,"href":"https:\/\/likemetkovic.hr\/portal\/wp-json\/wp\/v2\/tags?post=112322"}],"curies":[{"name":"wp","href":"https:\/\/api.w.org\/{rel}","templated":true}]}}