{"id":112613,"date":"2021-01-11T13:50:35","date_gmt":"2021-01-11T12:50:35","guid":{"rendered":"https:\/\/likemetkovic.hr\/?p=112613"},"modified":"2021-01-11T13:50:35","modified_gmt":"2021-01-11T12:50:35","slug":"bozinovic-najavio-produzit-ce-se-mjere-na-granicama-koje-su-na-snazi-do-15-sijecnja","status":"publish","type":"post","link":"https:\/\/likemetkovic.hr\/portal\/bozinovic-najavio-produzit-ce-se-mjere-na-granicama-koje-su-na-snazi-do-15-sijecnja\/","title":{"rendered":"Bo\u017einovi\u0107 najavio: Produ\u017eit \u0107e se mjere na granicama koje su na snazi do 15. sije\u010dnja"},"content":{"rendered":"<p>Ministar Davor Bo\u017einovi\u0107 potvrdio je danas na konferenciji za medije da \u0107e se <strong>mjere na granicama, koje su na snazi do 15. sije\u010dnja, produ\u017eiti.<\/strong><\/p>\n<p>Rekao je da se ne vidi pobolj\u0161anje situacije s koronavirusom u zemljama u EU, da se \u0161iri zarazniji soj koronavirusa te da je sve to uzeto u obzir kada se radi o ovoj odluci.<\/p>\n<p>&#8220;Odluka koju \u0107emo donijeti 15. sije\u010dnja bazirat \u0107e se na stanju u na\u0161em okru\u017eenju, koje nije dobro. U ovom trenutku ne razmatramo nikakvo olak\u0161avanje trenutno va\u017ee\u0107ih grani\u010dnih procedura&#8221;, rekao je Bo\u017einovi\u0107.<\/p>\n<h4>Ovo su mjere na granicama<\/h4>\n<p>Prema\u00a0mjerama u Hrvatsku dr\u017eavljani EU mogu u\u0107i samo s negativnim PCR testom ne starijim od 48 sati\u00a0ili moraju i\u0107i u samoizolaciju do pristizanja negativnog testa, uz nekoliko iznimki koje se odnose na tranzit, prekograni\u010dne radnike, diplomate, zdravstvene radnike&#8230;<\/p>\n<p>Obveza PCR testa ili samoizolacije se\u00a0odnosi i na sve hrvatske dr\u017eavljane izvan Hrvatske koji su za blagdane planirali do\u0107i u posjet, ali i za sve Hrvate koji se vra\u0107aju iz gotovo svih zemalja svijeta pa \u0107e bilo kakva putovanja za bo\u017ei\u0107ne\u00a0i novogodi\u0161nje blagdane biti te\u0161ko izvediva.<\/p>\n<p>Podsjetimo i da je propisano kako\u00a0je dr\u017eavljanima tre\u0107ih zemalja dopu\u0161ten samo tranzit kroz Hrvatsku, ne ra\u010dunamo li neke iznimne slu\u010dajeve u kojima mogu boraviti u Hrvatskoj.<\/p>\n<p>Zabrana ulaska u Hrvatsku ne odnosi se na one koji\u00a0dolaze neposredno iz dr\u017eava ili regija \u010dlanica Europske unije, odnosno \u0161engenskog prostora ili dr\u017eava pridru\u017eenih \u0161engenskom prostoru, koje su na zelenoj listi Europskog centra za kontrolu i prevenciju bolesti (dostupni na\u00a0<a href=\"https:\/\/www.ecdc.europa.eu\/en\/covid-19\/situation-updates\/weekly-maps-coordinated-restriction-free-movement\" target=\"_blank\" rel=\"noopener\">ovom linku<\/a>). No valja napomenuti kako je me\u0111u EU zemljama i zemljama koje spadaju u \u0161engenski prostor trenutno u zelenom samo djeli\u0107 jugozapada Finske.<\/p>\n<p>Za putnike iz takozvanih zelenih regija va\u017eno je da su preko zemalja kroz koje prolaze do Hrvatske\u00a0tranzitirali. Ako na ulazu u Hrvatsku doka\u017eu da se nisu zadr\u017eavali u podru\u010djima kroz koja tranzitiraju prema Hrvatskoj, mogu u\u0107i u Hrvatsku bez PCR testa.<\/p>\n<h4>Tko sve mo\u017ee u\u0107i bez negativnog testa<\/h4>\n<p>Postoji sustav izuzetaka za kategorije osoba koje ne moraju imati negativan test, a to su pograni\u010dni zdravstveni radnici, u\u010denici, studenti i sta\u017eisti koji svakodnevno putuju, uz uvjet da ne borave u Hrvatskoj ili izvan Hrvatske dulje od 12 sati.<\/p>\n<p>Bez testiranja i samoizolacije ulaz je dopu\u0161ten i za pomorce, radnike u sektoru prometa i pru\u017eatelje\u00a0usluga prijevoza, diplomate, osoblje\u00a0me\u0111unarodnih organizacija, osobe\u00a0koje putuju iz nu\u017enih obiteljskih ili poslovnih razloga, uklju\u010duju\u0107i i novinare, putnike\u00a0u tranzitu\u00a0uz obvezu da Hrvatsku napuste u roku od 12 sati od ulaska te pacijente\u00a0koji putuju iz neophodnih zdravstvenih razloga.<\/p>\n<p>Grani\u010dna policija ima naputak\u00a0preko granica u svojstvu pograni\u010dnih radnika pu\u0161tati i druge kategorije putnika\u00a0koji zbog naravi svog posla ili zanimanja imaju potrebe u\u010destalog prelaska dr\u017eavne granice (na primjer, sporta\u0161i koji igraju za klubove u susjednoj dr\u017eavi).<\/p>\n<h4>Tko mo\u017ee u\u0107i iz tre\u0107ih zemalja<\/h4>\n<p>Putnicima sa slobodom kretanja unutar EU\u00a0i Europskog gospodarskog prostora, odnosno dr\u017eavljanima \u010dlanica EU, \u0161engenskog prostora ili zemalja pridru\u017eenih \u0161engenskom prostoru i \u010dlanovima njihovih obitelji te dr\u017eavljanima tre\u0107ih zemalja koji su osobe s dugotrajnim boravi\u0161tem, ako dolaze iz tre\u0107ih zemalja, ulazak u RH dozvolit \u0107e se uz negativan PCR test ne stariji od 48 sati ili uz samoizolaciju do zaprimanja negativnog testa na testiranju u Hrvatskoj.<\/p>\n<p>Ako netko tko spada u ovu kategoriju ima negativan PCR test napravljen u Hrvatskoj zbog kratkotrajnog putovanja u drugu dr\u017eavu i vra\u0107a se u Hrvatsku u roku kra\u0107em od 48 sati, odnosno u roku va\u017eenja testa, od njega se ne\u0107e tra\u017eiti novi test.<\/p>\n<p>PCR test se ni u ovom slu\u010daju ne\u0107e tra\u017eiti od zdravstvenih djelatnika, istra\u017eiva\u010da u zdravstvu i djelatnika\u00a0u skrbi za starije, pograni\u010dnih radnika, osoblja u prometnom sektoru, diplomata, vojnog i policijskog osoblja, humanitarnih djelatnika i civilne za\u0161tite\u00a0u obavljanju du\u017enosti, putnika u tranzitu i osoba koje putuju radi \u0161kolovanja.<\/p>\n<h4>Tre\u0107e zemlje iz kojih nije potreban PCR test<\/h4>\n<p>U skladu s preporukom Vije\u0107a EU negativan PCR test se ne\u0107e tra\u017eiti od putnika iz jo\u0161 nekoliko zemalja. Trenutno se radi o putnicima koji dolaze iz Australije, Japana, Novog Zelanda, Ruande, Singapura, Ju\u017ene Koreje, Tajlanda, Urugvaja, Kine te posebnih upravnih podru\u010dja NR Kine &#8211; Hong Konga i Makaa. Uvjet je da ne pokazuju znakove bolesti te da nisu bili u bliskom kontaktu s oboljelim.<\/p>\n<p>Na dr\u017eavljane tre\u0107ih zemalja, dakle ne\u010dlanica EU, \u0161engenskog prostora i zemalja pridru\u017eenih \u0161engenskom prostoru, primjenjuju se ista pravila kao i iz ranijih odluka koje je donosio Sto\u017eer i mogu u\u0107i u Hrvatsku jedino ako su zdravstveni djelatnici, istra\u017eiva\u010di u zdravstvu i djelatnici u skrbi za starije, pograni\u010dni radnici, osoblje u prometnom sektoru, diplomati, vojno i policijsko osoblje, humanitarni djelatnici i civilna za\u0161tita u obavljanju du\u017enosti, putnici u tranzitu i osobe koje putuju radi \u0161kolovanja te pomorci.<\/p>\n","protected":false},"excerpt":{"rendered":"<p>Ministar Davor Bo\u017einovi\u0107 potvrdio je danas na konferenciji za medije da \u0107e se mjere na granicama, koje su na snazi do 15. sije\u010dnja, produ\u017eiti. Rekao je da se ne vidi pobolj\u0161anje situacije s koronavirusom u zemljama u EU, da se \u0161iri zarazniji soj koronavirusa te da je sve to uzeto u obzir kada se radi [&hellip;]<\/p>\n","protected":false},"author":7,"featured_media":98531,"comment_status":"open","ping_status":"open","sticky":false,"template":"","format":"standard","meta":{"footnotes":""},"categories":[283,1027],"tags":[5095,4011,7597,6820],"class_list":{"0":"post-112613","1":"post","2":"type-post","3":"status-publish","4":"format-standard","5":"has-post-thumbnail","7":"category-a","8":"category-hrvatska","9":"tag-davor-bozinovic","10":"tag-drzavna-granica","11":"tag-epidemioloske-mjere","12":"tag-koronavirus"},"yoast_head":"<!-- This site is optimized with the Yoast SEO plugin v25.2 - https:\/\/yoast.com\/wordpress\/plugins\/seo\/ -->\n<title>Bo\u017einovi\u0107 najavio: Produ\u017eit \u0107e se mjere na granicama koje su na snazi do 15. sije\u010dnja - likemetkovic.hr<\/title>\n<meta name=\"robots\" content=\"index, follow, max-snippet:-1, max-image-preview:large, max-video-preview:-1\" \/>\n<link rel=\"canonical\" href=\"https:\/\/likemetkovic.hr\/bozinovic-najavio-produzit-ce-se-mjere-na-granicama-koje-su-na-snazi-do-15-sijecnja\/\" \/>\n<meta property=\"og:locale\" content=\"hr_HR\" \/>\n<meta property=\"og:type\" content=\"article\" \/>\n<meta property=\"og:title\" content=\"Bo\u017einovi\u0107 najavio: Produ\u017eit \u0107e se mjere na granicama koje su na snazi do 15. sije\u010dnja - likemetkovic.hr\" \/>\n<meta property=\"og:description\" content=\"Ministar Davor Bo\u017einovi\u0107 potvrdio je danas na konferenciji za medije da \u0107e se mjere na granicama, koje su na snazi do 15. sije\u010dnja, produ\u017eiti. Rekao je da se ne vidi pobolj\u0161anje situacije s koronavirusom u zemljama u EU, da se \u0161iri zarazniji soj koronavirusa te da je sve to uzeto u obzir kada se radi [&hellip;]\" \/>\n<meta property=\"og:url\" content=\"https:\/\/likemetkovic.hr\/bozinovic-najavio-produzit-ce-se-mjere-na-granicama-koje-su-na-snazi-do-15-sijecnja\/\" \/>\n<meta property=\"og:site_name\" content=\"likemetkovic.hr\" \/>\n<meta property=\"article:publisher\" content=\"https:\/\/www.facebook.com\/likemetkovic.hr\/\" \/>\n<meta property=\"article:published_time\" content=\"2021-01-11T12:50:35+00:00\" \/>\n<meta property=\"og:image\" content=\"https:\/\/likemetkovic.hr\/wp-content\/uploads\/2020\/03\/granica-eu-hrvatska-696x373-1.jpg\" \/>\n\t<meta property=\"og:image:width\" content=\"700\" \/>\n\t<meta property=\"og:image:height\" content=\"375\" \/>\n\t<meta property=\"og:image:type\" content=\"image\/jpeg\" \/>\n<meta name=\"author\" content=\"LIKEmetkovic.hr\" \/>\n<meta name=\"twitter:card\" content=\"summary_large_image\" \/>\n<meta name=\"twitter:label1\" content=\"Napisao\/la\" \/>\n\t<meta name=\"twitter:data1\" content=\"LIKEmetkovic.hr\" \/>\n\t<meta name=\"twitter:label2\" content=\"Procijenjeno vrijeme \u010ditanja\" \/>\n\t<meta name=\"twitter:data2\" content=\"4 minute\" \/>\n<script type=\"application\/ld+json\" class=\"yoast-schema-graph\">{\"@context\":\"https:\/\/schema.org\",\"@graph\":[{\"@type\":\"WebPage\",\"@id\":\"https:\/\/likemetkovic.hr\/bozinovic-najavio-produzit-ce-se-mjere-na-granicama-koje-su-na-snazi-do-15-sijecnja\/\",\"url\":\"https:\/\/likemetkovic.hr\/bozinovic-najavio-produzit-ce-se-mjere-na-granicama-koje-su-na-snazi-do-15-sijecnja\/\",\"name\":\"Bo\u017einovi\u0107 najavio: Produ\u017eit \u0107e se mjere na granicama koje su na snazi do 15. sije\u010dnja - likemetkovic.hr\",\"isPartOf\":{\"@id\":\"https:\/\/likemetkovic.hr\/#website\"},\"primaryImageOfPage\":{\"@id\":\"https:\/\/likemetkovic.hr\/bozinovic-najavio-produzit-ce-se-mjere-na-granicama-koje-su-na-snazi-do-15-sijecnja\/#primaryimage\"},\"image\":{\"@id\":\"https:\/\/likemetkovic.hr\/bozinovic-najavio-produzit-ce-se-mjere-na-granicama-koje-su-na-snazi-do-15-sijecnja\/#primaryimage\"},\"thumbnailUrl\":\"https:\/\/likemetkovic.hr\/portal\/wp-content\/uploads\/2020\/03\/granica-eu-hrvatska-696x373-1.jpg\",\"datePublished\":\"2021-01-11T12:50:35+00:00\",\"author\":{\"@id\":\"https:\/\/likemetkovic.hr\/#\/schema\/person\/a42711f3385a0e2be6f7e0443bfb28f0\"},\"breadcrumb\":{\"@id\":\"https:\/\/likemetkovic.hr\/bozinovic-najavio-produzit-ce-se-mjere-na-granicama-koje-su-na-snazi-do-15-sijecnja\/#breadcrumb\"},\"inLanguage\":\"hr\",\"potentialAction\":[{\"@type\":\"ReadAction\",\"target\":[\"https:\/\/likemetkovic.hr\/bozinovic-najavio-produzit-ce-se-mjere-na-granicama-koje-su-na-snazi-do-15-sijecnja\/\"]}]},{\"@type\":\"ImageObject\",\"inLanguage\":\"hr\",\"@id\":\"https:\/\/likemetkovic.hr\/bozinovic-najavio-produzit-ce-se-mjere-na-granicama-koje-su-na-snazi-do-15-sijecnja\/#primaryimage\",\"url\":\"https:\/\/likemetkovic.hr\/portal\/wp-content\/uploads\/2020\/03\/granica-eu-hrvatska-696x373-1.jpg\",\"contentUrl\":\"https:\/\/likemetkovic.hr\/portal\/wp-content\/uploads\/2020\/03\/granica-eu-hrvatska-696x373-1.jpg\",\"width\":700,\"height\":375},{\"@type\":\"BreadcrumbList\",\"@id\":\"https:\/\/likemetkovic.hr\/bozinovic-najavio-produzit-ce-se-mjere-na-granicama-koje-su-na-snazi-do-15-sijecnja\/#breadcrumb\",\"itemListElement\":[{\"@type\":\"ListItem\",\"position\":1,\"name\":\"Po\u010detna stranica\",\"item\":\"https:\/\/likemetkovic.hr\/portal\/\"},{\"@type\":\"ListItem\",\"position\":2,\"name\":\"Bo\u017einovi\u0107 najavio: Produ\u017eit \u0107e se mjere na granicama koje su na snazi do 15. sije\u010dnja\"}]},{\"@type\":\"WebSite\",\"@id\":\"https:\/\/likemetkovic.hr\/#website\",\"url\":\"https:\/\/likemetkovic.hr\/\",\"name\":\"likemetkovic.hr\",\"description\":\"Misli pozitivno... \u010ditaj LIKE\",\"potentialAction\":[{\"@type\":\"SearchAction\",\"target\":{\"@type\":\"EntryPoint\",\"urlTemplate\":\"https:\/\/likemetkovic.hr\/?s={search_term_string}\"},\"query-input\":{\"@type\":\"PropertyValueSpecification\",\"valueRequired\":true,\"valueName\":\"search_term_string\"}}],\"inLanguage\":\"hr\"},{\"@type\":\"Person\",\"@id\":\"https:\/\/likemetkovic.hr\/#\/schema\/person\/a42711f3385a0e2be6f7e0443bfb28f0\",\"name\":\"LIKEmetkovic.hr\",\"sameAs\":[\"http:\/\/likemetkovic.hr\"],\"url\":\"https:\/\/likemetkovic.hr\/portal\/author\/likemetkovic-hr\/\"}]}<\/script>\n<!-- \/ Yoast SEO plugin. -->","yoast_head_json":{"title":"Bo\u017einovi\u0107 najavio: Produ\u017eit \u0107e se mjere na granicama koje su na snazi do 15. sije\u010dnja - likemetkovic.hr","robots":{"index":"index","follow":"follow","max-snippet":"max-snippet:-1","max-image-preview":"max-image-preview:large","max-video-preview":"max-video-preview:-1"},"canonical":"https:\/\/likemetkovic.hr\/bozinovic-najavio-produzit-ce-se-mjere-na-granicama-koje-su-na-snazi-do-15-sijecnja\/","og_locale":"hr_HR","og_type":"article","og_title":"Bo\u017einovi\u0107 najavio: Produ\u017eit \u0107e se mjere na granicama koje su na snazi do 15. sije\u010dnja - likemetkovic.hr","og_description":"Ministar Davor Bo\u017einovi\u0107 potvrdio je danas na konferenciji za medije da \u0107e se mjere na granicama, koje su na snazi do 15. sije\u010dnja, produ\u017eiti. Rekao je da se ne vidi pobolj\u0161anje situacije s koronavirusom u zemljama u EU, da se \u0161iri zarazniji soj koronavirusa te da je sve to uzeto u obzir kada se radi [&hellip;]","og_url":"https:\/\/likemetkovic.hr\/bozinovic-najavio-produzit-ce-se-mjere-na-granicama-koje-su-na-snazi-do-15-sijecnja\/","og_site_name":"likemetkovic.hr","article_publisher":"https:\/\/www.facebook.com\/likemetkovic.hr\/","article_published_time":"2021-01-11T12:50:35+00:00","og_image":[{"width":700,"height":375,"url":"https:\/\/likemetkovic.hr\/wp-content\/uploads\/2020\/03\/granica-eu-hrvatska-696x373-1.jpg","type":"image\/jpeg"}],"author":"LIKEmetkovic.hr","twitter_card":"summary_large_image","twitter_misc":{"Napisao\/la":"LIKEmetkovic.hr","Procijenjeno vrijeme \u010ditanja":"4 minute"},"schema":{"@context":"https:\/\/schema.org","@graph":[{"@type":"WebPage","@id":"https:\/\/likemetkovic.hr\/bozinovic-najavio-produzit-ce-se-mjere-na-granicama-koje-su-na-snazi-do-15-sijecnja\/","url":"https:\/\/likemetkovic.hr\/bozinovic-najavio-produzit-ce-se-mjere-na-granicama-koje-su-na-snazi-do-15-sijecnja\/","name":"Bo\u017einovi\u0107 najavio: Produ\u017eit \u0107e se mjere na granicama koje su na snazi do 15. sije\u010dnja - likemetkovic.hr","isPartOf":{"@id":"https:\/\/likemetkovic.hr\/#website"},"primaryImageOfPage":{"@id":"https:\/\/likemetkovic.hr\/bozinovic-najavio-produzit-ce-se-mjere-na-granicama-koje-su-na-snazi-do-15-sijecnja\/#primaryimage"},"image":{"@id":"https:\/\/likemetkovic.hr\/bozinovic-najavio-produzit-ce-se-mjere-na-granicama-koje-su-na-snazi-do-15-sijecnja\/#primaryimage"},"thumbnailUrl":"https:\/\/likemetkovic.hr\/portal\/wp-content\/uploads\/2020\/03\/granica-eu-hrvatska-696x373-1.jpg","datePublished":"2021-01-11T12:50:35+00:00","author":{"@id":"https:\/\/likemetkovic.hr\/#\/schema\/person\/a42711f3385a0e2be6f7e0443bfb28f0"},"breadcrumb":{"@id":"https:\/\/likemetkovic.hr\/bozinovic-najavio-produzit-ce-se-mjere-na-granicama-koje-su-na-snazi-do-15-sijecnja\/#breadcrumb"},"inLanguage":"hr","potentialAction":[{"@type":"ReadAction","target":["https:\/\/likemetkovic.hr\/bozinovic-najavio-produzit-ce-se-mjere-na-granicama-koje-su-na-snazi-do-15-sijecnja\/"]}]},{"@type":"ImageObject","inLanguage":"hr","@id":"https:\/\/likemetkovic.hr\/bozinovic-najavio-produzit-ce-se-mjere-na-granicama-koje-su-na-snazi-do-15-sijecnja\/#primaryimage","url":"https:\/\/likemetkovic.hr\/portal\/wp-content\/uploads\/2020\/03\/granica-eu-hrvatska-696x373-1.jpg","contentUrl":"https:\/\/likemetkovic.hr\/portal\/wp-content\/uploads\/2020\/03\/granica-eu-hrvatska-696x373-1.jpg","width":700,"height":375},{"@type":"BreadcrumbList","@id":"https:\/\/likemetkovic.hr\/bozinovic-najavio-produzit-ce-se-mjere-na-granicama-koje-su-na-snazi-do-15-sijecnja\/#breadcrumb","itemListElement":[{"@type":"ListItem","position":1,"name":"Po\u010detna stranica","item":"https:\/\/likemetkovic.hr\/portal\/"},{"@type":"ListItem","position":2,"name":"Bo\u017einovi\u0107 najavio: Produ\u017eit \u0107e se mjere na granicama koje su na snazi do 15. sije\u010dnja"}]},{"@type":"WebSite","@id":"https:\/\/likemetkovic.hr\/#website","url":"https:\/\/likemetkovic.hr\/","name":"likemetkovic.hr","description":"Misli pozitivno... \u010ditaj LIKE","potentialAction":[{"@type":"SearchAction","target":{"@type":"EntryPoint","urlTemplate":"https:\/\/likemetkovic.hr\/?s={search_term_string}"},"query-input":{"@type":"PropertyValueSpecification","valueRequired":true,"valueName":"search_term_string"}}],"inLanguage":"hr"},{"@type":"Person","@id":"https:\/\/likemetkovic.hr\/#\/schema\/person\/a42711f3385a0e2be6f7e0443bfb28f0","name":"LIKEmetkovic.hr","sameAs":["http:\/\/likemetkovic.hr"],"url":"https:\/\/likemetkovic.hr\/portal\/author\/likemetkovic-hr\/"}]}},"_links":{"self":[{"href":"https:\/\/likemetkovic.hr\/portal\/wp-json\/wp\/v2\/posts\/112613","targetHints":{"allow":["GET"]}}],"collection":[{"href":"https:\/\/likemetkovic.hr\/portal\/wp-json\/wp\/v2\/posts"}],"about":[{"href":"https:\/\/likemetkovic.hr\/portal\/wp-json\/wp\/v2\/types\/post"}],"author":[{"embeddable":true,"href":"https:\/\/likemetkovic.hr\/portal\/wp-json\/wp\/v2\/users\/7"}],"replies":[{"embeddable":true,"href":"https:\/\/likemetkovic.hr\/portal\/wp-json\/wp\/v2\/comments?post=112613"}],"version-history":[{"count":0,"href":"https:\/\/likemetkovic.hr\/portal\/wp-json\/wp\/v2\/posts\/112613\/revisions"}],"wp:featuredmedia":[{"embeddable":true,"href":"https:\/\/likemetkovic.hr\/portal\/wp-json\/wp\/v2\/media\/98531"}],"wp:attachment":[{"href":"https:\/\/likemetkovic.hr\/portal\/wp-json\/wp\/v2\/media?parent=112613"}],"wp:term":[{"taxonomy":"category","embeddable":true,"href":"https:\/\/likemetkovic.hr\/portal\/wp-json\/wp\/v2\/categories?post=112613"},{"taxonomy":"post_tag","embeddable":true,"href":"https:\/\/likemetkovic.hr\/portal\/wp-json\/wp\/v2\/tags?post=112613"}],"curies":[{"name":"wp","href":"https:\/\/api.w.org\/{rel}","templated":true}]}}