{"id":112693,"date":"2021-01-13T09:38:33","date_gmt":"2021-01-13T08:38:33","guid":{"rendered":"https:\/\/likemetkovic.hr\/?p=112693"},"modified":"2021-01-13T09:38:33","modified_gmt":"2021-01-13T08:38:33","slug":"kazneno-prijavljene-24-osobe-zbog-krivotvorenja-pcr-testa","status":"publish","type":"post","link":"https:\/\/likemetkovic.hr\/portal\/kazneno-prijavljene-24-osobe-zbog-krivotvorenja-pcr-testa\/","title":{"rendered":"Kazneno prijavljene 24 osobe zbog krivotvorenja PCR testa"},"content":{"rendered":"<p>Od po\u010detka prosinca, odnosno od dana stupanja na snagu Odluke o privremenoj zabrani i ograni\u010davanju prelaska preko grani\u010dnih prijelaza RH, kojom je propisano da je prilikom ulaska u RH potrebno predo\u010diti i negativan <strong>PCR test<\/strong> na SARS-CoV-2 ne stariji od 48 sati, na grani\u010dmim prijelazima PU dubrova\u010dko-neretvanske zate\u010dene su 24 osobe koje su na uvid dale nalaze testa za koje je utvr\u0111eno da se radi o <strong>krivotvorinama<\/strong>.<\/p>\n<p>Radi se o <strong>dr\u017eavljanima RH, BiH, Crne Gore i Albanije<\/strong> koji su kazneno prijavljeni za kazneno djelo \u201eKrivotvorenje isprave\u201c te im je odbijen ulazak u RH.<\/p>\n","protected":false},"excerpt":{"rendered":"<p>Od po\u010detka prosinca, odnosno od dana stupanja na snagu Odluke o privremenoj zabrani i ograni\u010davanju prelaska preko grani\u010dnih prijelaza RH, kojom je propisano da je prilikom ulaska u RH potrebno predo\u010diti i negativan PCR test na SARS-CoV-2 ne stariji od 48 sati, na grani\u010dmim prijelazima PU dubrova\u010dko-neretvanske zate\u010dene su 24 osobe koje su na uvid [&hellip;]<\/p>\n","protected":false},"author":7,"featured_media":95082,"comment_status":"open","ping_status":"open","sticky":false,"template":"","format":"standard","meta":{"footnotes":""},"categories":[296,305],"tags":[3702,8559],"class_list":{"0":"post-112693","1":"post","2":"type-post","3":"status-publish","4":"format-standard","5":"has-post-thumbnail","7":"category-ab","8":"category-crna-kronika","9":"tag-krivotvorenje-isprava","10":"tag-pcr-test"},"yoast_head":"<!-- This site is optimized with the Yoast SEO plugin v25.2 - https:\/\/yoast.com\/wordpress\/plugins\/seo\/ -->\n<title>Kazneno prijavljene 24 osobe zbog krivotvorenja PCR testa - likemetkovic.hr<\/title>\n<meta name=\"robots\" content=\"index, follow, max-snippet:-1, max-image-preview:large, max-video-preview:-1\" \/>\n<link rel=\"canonical\" href=\"https:\/\/likemetkovic.hr\/kazneno-prijavljene-24-osobe-zbog-krivotvorenja-pcr-testa\/\" \/>\n<meta property=\"og:locale\" content=\"hr_HR\" \/>\n<meta property=\"og:type\" content=\"article\" \/>\n<meta property=\"og:title\" content=\"Kazneno prijavljene 24 osobe zbog krivotvorenja PCR testa - likemetkovic.hr\" \/>\n<meta property=\"og:description\" content=\"Od po\u010detka prosinca, odnosno od dana stupanja na snagu Odluke o privremenoj zabrani i ograni\u010davanju prelaska preko grani\u010dnih prijelaza RH, kojom je propisano da je prilikom ulaska u RH potrebno predo\u010diti i negativan PCR test na SARS-CoV-2 ne stariji od 48 sati, na grani\u010dmim prijelazima PU dubrova\u010dko-neretvanske zate\u010dene su 24 osobe koje su na uvid [&hellip;]\" \/>\n<meta property=\"og:url\" content=\"https:\/\/likemetkovic.hr\/kazneno-prijavljene-24-osobe-zbog-krivotvorenja-pcr-testa\/\" \/>\n<meta property=\"og:site_name\" content=\"likemetkovic.hr\" \/>\n<meta property=\"article:publisher\" content=\"https:\/\/www.facebook.com\/likemetkovic.hr\/\" \/>\n<meta property=\"article:published_time\" content=\"2021-01-13T08:38:33+00:00\" \/>\n<meta property=\"og:image\" content=\"https:\/\/likemetkovic.hr\/wp-content\/uploads\/2019\/12\/granica_karasovici.jpg\" \/>\n\t<meta property=\"og:image:width\" content=\"800\" \/>\n\t<meta property=\"og:image:height\" content=\"600\" \/>\n\t<meta property=\"og:image:type\" content=\"image\/jpeg\" \/>\n<meta name=\"author\" content=\"LIKEmetkovic.hr\" \/>\n<meta name=\"twitter:card\" content=\"summary_large_image\" \/>\n<meta name=\"twitter:label1\" content=\"Napisao\/la\" \/>\n\t<meta name=\"twitter:data1\" content=\"LIKEmetkovic.hr\" \/>\n\t<meta name=\"twitter:label2\" content=\"Procijenjeno vrijeme \u010ditanja\" \/>\n\t<meta name=\"twitter:data2\" content=\"1 minuta\" \/>\n<script type=\"application\/ld+json\" class=\"yoast-schema-graph\">{\"@context\":\"https:\/\/schema.org\",\"@graph\":[{\"@type\":\"WebPage\",\"@id\":\"https:\/\/likemetkovic.hr\/kazneno-prijavljene-24-osobe-zbog-krivotvorenja-pcr-testa\/\",\"url\":\"https:\/\/likemetkovic.hr\/kazneno-prijavljene-24-osobe-zbog-krivotvorenja-pcr-testa\/\",\"name\":\"Kazneno prijavljene 24 osobe zbog krivotvorenja PCR testa - likemetkovic.hr\",\"isPartOf\":{\"@id\":\"https:\/\/likemetkovic.hr\/#website\"},\"primaryImageOfPage\":{\"@id\":\"https:\/\/likemetkovic.hr\/kazneno-prijavljene-24-osobe-zbog-krivotvorenja-pcr-testa\/#primaryimage\"},\"image\":{\"@id\":\"https:\/\/likemetkovic.hr\/kazneno-prijavljene-24-osobe-zbog-krivotvorenja-pcr-testa\/#primaryimage\"},\"thumbnailUrl\":\"https:\/\/likemetkovic.hr\/portal\/wp-content\/uploads\/2019\/12\/granica_karasovici.jpg\",\"datePublished\":\"2021-01-13T08:38:33+00:00\",\"author\":{\"@id\":\"https:\/\/likemetkovic.hr\/#\/schema\/person\/a42711f3385a0e2be6f7e0443bfb28f0\"},\"breadcrumb\":{\"@id\":\"https:\/\/likemetkovic.hr\/kazneno-prijavljene-24-osobe-zbog-krivotvorenja-pcr-testa\/#breadcrumb\"},\"inLanguage\":\"hr\",\"potentialAction\":[{\"@type\":\"ReadAction\",\"target\":[\"https:\/\/likemetkovic.hr\/kazneno-prijavljene-24-osobe-zbog-krivotvorenja-pcr-testa\/\"]}]},{\"@type\":\"ImageObject\",\"inLanguage\":\"hr\",\"@id\":\"https:\/\/likemetkovic.hr\/kazneno-prijavljene-24-osobe-zbog-krivotvorenja-pcr-testa\/#primaryimage\",\"url\":\"https:\/\/likemetkovic.hr\/portal\/wp-content\/uploads\/2019\/12\/granica_karasovici.jpg\",\"contentUrl\":\"https:\/\/likemetkovic.hr\/portal\/wp-content\/uploads\/2019\/12\/granica_karasovici.jpg\",\"width\":800,\"height\":600},{\"@type\":\"BreadcrumbList\",\"@id\":\"https:\/\/likemetkovic.hr\/kazneno-prijavljene-24-osobe-zbog-krivotvorenja-pcr-testa\/#breadcrumb\",\"itemListElement\":[{\"@type\":\"ListItem\",\"position\":1,\"name\":\"Po\u010detna stranica\",\"item\":\"https:\/\/likemetkovic.hr\/portal\/\"},{\"@type\":\"ListItem\",\"position\":2,\"name\":\"Kazneno prijavljene 24 osobe zbog krivotvorenja PCR testa\"}]},{\"@type\":\"WebSite\",\"@id\":\"https:\/\/likemetkovic.hr\/#website\",\"url\":\"https:\/\/likemetkovic.hr\/\",\"name\":\"likemetkovic.hr\",\"description\":\"Misli pozitivno... \u010ditaj LIKE\",\"potentialAction\":[{\"@type\":\"SearchAction\",\"target\":{\"@type\":\"EntryPoint\",\"urlTemplate\":\"https:\/\/likemetkovic.hr\/?s={search_term_string}\"},\"query-input\":{\"@type\":\"PropertyValueSpecification\",\"valueRequired\":true,\"valueName\":\"search_term_string\"}}],\"inLanguage\":\"hr\"},{\"@type\":\"Person\",\"@id\":\"https:\/\/likemetkovic.hr\/#\/schema\/person\/a42711f3385a0e2be6f7e0443bfb28f0\",\"name\":\"LIKEmetkovic.hr\",\"sameAs\":[\"http:\/\/likemetkovic.hr\"],\"url\":\"https:\/\/likemetkovic.hr\/portal\/author\/likemetkovic-hr\/\"}]}<\/script>\n<!-- \/ Yoast SEO plugin. -->","yoast_head_json":{"title":"Kazneno prijavljene 24 osobe zbog krivotvorenja PCR testa - likemetkovic.hr","robots":{"index":"index","follow":"follow","max-snippet":"max-snippet:-1","max-image-preview":"max-image-preview:large","max-video-preview":"max-video-preview:-1"},"canonical":"https:\/\/likemetkovic.hr\/kazneno-prijavljene-24-osobe-zbog-krivotvorenja-pcr-testa\/","og_locale":"hr_HR","og_type":"article","og_title":"Kazneno prijavljene 24 osobe zbog krivotvorenja PCR testa - likemetkovic.hr","og_description":"Od po\u010detka prosinca, odnosno od dana stupanja na snagu Odluke o privremenoj zabrani i ograni\u010davanju prelaska preko grani\u010dnih prijelaza RH, kojom je propisano da je prilikom ulaska u RH potrebno predo\u010diti i negativan PCR test na SARS-CoV-2 ne stariji od 48 sati, na grani\u010dmim prijelazima PU dubrova\u010dko-neretvanske zate\u010dene su 24 osobe koje su na uvid [&hellip;]","og_url":"https:\/\/likemetkovic.hr\/kazneno-prijavljene-24-osobe-zbog-krivotvorenja-pcr-testa\/","og_site_name":"likemetkovic.hr","article_publisher":"https:\/\/www.facebook.com\/likemetkovic.hr\/","article_published_time":"2021-01-13T08:38:33+00:00","og_image":[{"width":800,"height":600,"url":"https:\/\/likemetkovic.hr\/wp-content\/uploads\/2019\/12\/granica_karasovici.jpg","type":"image\/jpeg"}],"author":"LIKEmetkovic.hr","twitter_card":"summary_large_image","twitter_misc":{"Napisao\/la":"LIKEmetkovic.hr","Procijenjeno vrijeme \u010ditanja":"1 minuta"},"schema":{"@context":"https:\/\/schema.org","@graph":[{"@type":"WebPage","@id":"https:\/\/likemetkovic.hr\/kazneno-prijavljene-24-osobe-zbog-krivotvorenja-pcr-testa\/","url":"https:\/\/likemetkovic.hr\/kazneno-prijavljene-24-osobe-zbog-krivotvorenja-pcr-testa\/","name":"Kazneno prijavljene 24 osobe zbog krivotvorenja PCR testa - likemetkovic.hr","isPartOf":{"@id":"https:\/\/likemetkovic.hr\/#website"},"primaryImageOfPage":{"@id":"https:\/\/likemetkovic.hr\/kazneno-prijavljene-24-osobe-zbog-krivotvorenja-pcr-testa\/#primaryimage"},"image":{"@id":"https:\/\/likemetkovic.hr\/kazneno-prijavljene-24-osobe-zbog-krivotvorenja-pcr-testa\/#primaryimage"},"thumbnailUrl":"https:\/\/likemetkovic.hr\/portal\/wp-content\/uploads\/2019\/12\/granica_karasovici.jpg","datePublished":"2021-01-13T08:38:33+00:00","author":{"@id":"https:\/\/likemetkovic.hr\/#\/schema\/person\/a42711f3385a0e2be6f7e0443bfb28f0"},"breadcrumb":{"@id":"https:\/\/likemetkovic.hr\/kazneno-prijavljene-24-osobe-zbog-krivotvorenja-pcr-testa\/#breadcrumb"},"inLanguage":"hr","potentialAction":[{"@type":"ReadAction","target":["https:\/\/likemetkovic.hr\/kazneno-prijavljene-24-osobe-zbog-krivotvorenja-pcr-testa\/"]}]},{"@type":"ImageObject","inLanguage":"hr","@id":"https:\/\/likemetkovic.hr\/kazneno-prijavljene-24-osobe-zbog-krivotvorenja-pcr-testa\/#primaryimage","url":"https:\/\/likemetkovic.hr\/portal\/wp-content\/uploads\/2019\/12\/granica_karasovici.jpg","contentUrl":"https:\/\/likemetkovic.hr\/portal\/wp-content\/uploads\/2019\/12\/granica_karasovici.jpg","width":800,"height":600},{"@type":"BreadcrumbList","@id":"https:\/\/likemetkovic.hr\/kazneno-prijavljene-24-osobe-zbog-krivotvorenja-pcr-testa\/#breadcrumb","itemListElement":[{"@type":"ListItem","position":1,"name":"Po\u010detna stranica","item":"https:\/\/likemetkovic.hr\/portal\/"},{"@type":"ListItem","position":2,"name":"Kazneno prijavljene 24 osobe zbog krivotvorenja PCR testa"}]},{"@type":"WebSite","@id":"https:\/\/likemetkovic.hr\/#website","url":"https:\/\/likemetkovic.hr\/","name":"likemetkovic.hr","description":"Misli pozitivno... \u010ditaj LIKE","potentialAction":[{"@type":"SearchAction","target":{"@type":"EntryPoint","urlTemplate":"https:\/\/likemetkovic.hr\/?s={search_term_string}"},"query-input":{"@type":"PropertyValueSpecification","valueRequired":true,"valueName":"search_term_string"}}],"inLanguage":"hr"},{"@type":"Person","@id":"https:\/\/likemetkovic.hr\/#\/schema\/person\/a42711f3385a0e2be6f7e0443bfb28f0","name":"LIKEmetkovic.hr","sameAs":["http:\/\/likemetkovic.hr"],"url":"https:\/\/likemetkovic.hr\/portal\/author\/likemetkovic-hr\/"}]}},"_links":{"self":[{"href":"https:\/\/likemetkovic.hr\/portal\/wp-json\/wp\/v2\/posts\/112693","targetHints":{"allow":["GET"]}}],"collection":[{"href":"https:\/\/likemetkovic.hr\/portal\/wp-json\/wp\/v2\/posts"}],"about":[{"href":"https:\/\/likemetkovic.hr\/portal\/wp-json\/wp\/v2\/types\/post"}],"author":[{"embeddable":true,"href":"https:\/\/likemetkovic.hr\/portal\/wp-json\/wp\/v2\/users\/7"}],"replies":[{"embeddable":true,"href":"https:\/\/likemetkovic.hr\/portal\/wp-json\/wp\/v2\/comments?post=112693"}],"version-history":[{"count":0,"href":"https:\/\/likemetkovic.hr\/portal\/wp-json\/wp\/v2\/posts\/112693\/revisions"}],"wp:featuredmedia":[{"embeddable":true,"href":"https:\/\/likemetkovic.hr\/portal\/wp-json\/wp\/v2\/media\/95082"}],"wp:attachment":[{"href":"https:\/\/likemetkovic.hr\/portal\/wp-json\/wp\/v2\/media?parent=112693"}],"wp:term":[{"taxonomy":"category","embeddable":true,"href":"https:\/\/likemetkovic.hr\/portal\/wp-json\/wp\/v2\/categories?post=112693"},{"taxonomy":"post_tag","embeddable":true,"href":"https:\/\/likemetkovic.hr\/portal\/wp-json\/wp\/v2\/tags?post=112693"}],"curies":[{"name":"wp","href":"https:\/\/api.w.org\/{rel}","templated":true}]}}