{"id":112711,"date":"2021-01-13T19:05:52","date_gmt":"2021-01-13T18:05:52","guid":{"rendered":"https:\/\/likemetkovic.hr\/?p=112711"},"modified":"2021-01-13T19:05:52","modified_gmt":"2021-01-13T18:05:52","slug":"u-veljaci-se-otvaraju-terase-kafica-i-restorana","status":"publish","type":"post","link":"https:\/\/likemetkovic.hr\/portal\/u-veljaci-se-otvaraju-terase-kafica-i-restorana\/","title":{"rendered":"U velja\u010di se otvaraju terase kafi\u0107a i restorana!?"},"content":{"rendered":"<p>Nacionalni sto\u017eer je produ\u017eio mjere do kraja sije\u010dnja, a <a href=\"https:\/\/www.index.hr\/vijesti\/clanak\/index-doznaje-u-veljaci-se-otvaraju-terase-kafica-i-restorana\/2246261.aspx\" target=\"_blank\" rel=\"noopener\">Index<\/a> doznaje kako je najranije popu\u0161tanje mjera u Hrvatskoj mogu\u0107e sredinom velja\u010de.<\/p>\n<p>&#8220;Prvo popu\u0161tanje mjera bit \u0107e <strong>dozvola rada kafi\u0107ima i restoranima, ali samo na terasama<\/strong>. Ne mo\u017ee se dopustiti ranije otvaranje, ako vidimo koliko je te\u0161ka epidemiolo\u0161ka situacija, ne samo kod nas ve\u0107 i u zemaljama u okru\u017eenju. Iako su nam pale brojke, to nije ni pribli\u017eno dovoljno da bi se popustilo s mjerama. Vidimo da se u Velikoj Britaniji pojavio novi soj koronavirusa. Vidimo da je i Njema\u010dka odlu\u010dila produ\u017eiti mjere sve do Uskrsa. Moramo biti ozbiljni&#8221;, rekao je Indexu izvor blizak Sto\u017eeru.<\/p>\n<p>Zbog hladnog vremena, navodi kako nema smisla sad otvarati terase jer bi se ljudi okupljali oko grijalica i jo\u0161 bi im bilo te\u017ee dr\u017eati fizi\u010dku distancu.<\/p>\n<p>&#8220;Najizglednije je da popu\u0161tanje mjere slijedi <strong>sredinom velja\u010de<\/strong>. To \u0107e se prvo odnositi na rad kafi\u0107a i restorana, no samo na rad terasa, unutra ne\u0107e biti dopu\u0161ten rad sve dok ne bude povoljna epidemiolo\u0161ka situacija&#8221;, istaknuo je izvor.<\/p>\n","protected":false},"excerpt":{"rendered":"<p>Nacionalni sto\u017eer je produ\u017eio mjere do kraja sije\u010dnja, a Index doznaje kako je najranije popu\u0161tanje mjera u Hrvatskoj mogu\u0107e sredinom velja\u010de. &#8220;Prvo popu\u0161tanje mjera bit \u0107e dozvola rada kafi\u0107ima i restoranima, ali samo na terasama. Ne mo\u017ee se dopustiti ranije otvaranje, ako vidimo koliko je te\u0161ka epidemiolo\u0161ka situacija, ne samo kod nas ve\u0107 i u [&hellip;]<\/p>\n","protected":false},"author":7,"featured_media":100809,"comment_status":"open","ping_status":"open","sticky":false,"template":"","format":"standard","meta":{"footnotes":""},"categories":[296,1027],"tags":[7445,6820,7689],"class_list":{"0":"post-112711","1":"post","2":"type-post","3":"status-publish","4":"format-standard","5":"has-post-thumbnail","7":"category-ab","8":"category-hrvatska","9":"tag-kafici","10":"tag-koronavirus","11":"tag-restorani"},"yoast_head":"<!-- This site is optimized with the Yoast SEO plugin v25.2 - https:\/\/yoast.com\/wordpress\/plugins\/seo\/ -->\n<title>U velja\u010di se otvaraju terase kafi\u0107a i restorana!? - likemetkovic.hr<\/title>\n<meta name=\"robots\" content=\"index, follow, max-snippet:-1, max-image-preview:large, max-video-preview:-1\" \/>\n<link rel=\"canonical\" href=\"https:\/\/likemetkovic.hr\/u-veljaci-se-otvaraju-terase-kafica-i-restorana\/\" \/>\n<meta property=\"og:locale\" content=\"hr_HR\" \/>\n<meta property=\"og:type\" content=\"article\" \/>\n<meta property=\"og:title\" content=\"U velja\u010di se otvaraju terase kafi\u0107a i restorana!? - likemetkovic.hr\" \/>\n<meta property=\"og:description\" content=\"Nacionalni sto\u017eer je produ\u017eio mjere do kraja sije\u010dnja, a Index doznaje kako je najranije popu\u0161tanje mjera u Hrvatskoj mogu\u0107e sredinom velja\u010de. &#8220;Prvo popu\u0161tanje mjera bit \u0107e dozvola rada kafi\u0107ima i restoranima, ali samo na terasama. Ne mo\u017ee se dopustiti ranije otvaranje, ako vidimo koliko je te\u0161ka epidemiolo\u0161ka situacija, ne samo kod nas ve\u0107 i u [&hellip;]\" \/>\n<meta property=\"og:url\" content=\"https:\/\/likemetkovic.hr\/u-veljaci-se-otvaraju-terase-kafica-i-restorana\/\" \/>\n<meta property=\"og:site_name\" content=\"likemetkovic.hr\" \/>\n<meta property=\"article:publisher\" content=\"https:\/\/www.facebook.com\/likemetkovic.hr\/\" \/>\n<meta property=\"article:published_time\" content=\"2021-01-13T18:05:52+00:00\" \/>\n<meta property=\"og:image\" content=\"https:\/\/likemetkovic.hr\/wp-content\/uploads\/2020\/04\/kafici.jpeg\" \/>\n\t<meta property=\"og:image:width\" content=\"800\" \/>\n\t<meta property=\"og:image:height\" content=\"600\" \/>\n\t<meta property=\"og:image:type\" content=\"image\/jpeg\" \/>\n<meta name=\"author\" content=\"LIKEmetkovic.hr\" \/>\n<meta name=\"twitter:card\" content=\"summary_large_image\" \/>\n<meta name=\"twitter:label1\" content=\"Napisao\/la\" \/>\n\t<meta name=\"twitter:data1\" content=\"LIKEmetkovic.hr\" \/>\n\t<meta name=\"twitter:label2\" content=\"Procijenjeno vrijeme \u010ditanja\" \/>\n\t<meta name=\"twitter:data2\" content=\"1 minuta\" \/>\n<script type=\"application\/ld+json\" class=\"yoast-schema-graph\">{\"@context\":\"https:\/\/schema.org\",\"@graph\":[{\"@type\":\"WebPage\",\"@id\":\"https:\/\/likemetkovic.hr\/u-veljaci-se-otvaraju-terase-kafica-i-restorana\/\",\"url\":\"https:\/\/likemetkovic.hr\/u-veljaci-se-otvaraju-terase-kafica-i-restorana\/\",\"name\":\"U velja\u010di se otvaraju terase kafi\u0107a i restorana!? - likemetkovic.hr\",\"isPartOf\":{\"@id\":\"https:\/\/likemetkovic.hr\/#website\"},\"primaryImageOfPage\":{\"@id\":\"https:\/\/likemetkovic.hr\/u-veljaci-se-otvaraju-terase-kafica-i-restorana\/#primaryimage\"},\"image\":{\"@id\":\"https:\/\/likemetkovic.hr\/u-veljaci-se-otvaraju-terase-kafica-i-restorana\/#primaryimage\"},\"thumbnailUrl\":\"https:\/\/likemetkovic.hr\/portal\/wp-content\/uploads\/2020\/04\/kafici.jpeg\",\"datePublished\":\"2021-01-13T18:05:52+00:00\",\"author\":{\"@id\":\"https:\/\/likemetkovic.hr\/#\/schema\/person\/a42711f3385a0e2be6f7e0443bfb28f0\"},\"breadcrumb\":{\"@id\":\"https:\/\/likemetkovic.hr\/u-veljaci-se-otvaraju-terase-kafica-i-restorana\/#breadcrumb\"},\"inLanguage\":\"hr\",\"potentialAction\":[{\"@type\":\"ReadAction\",\"target\":[\"https:\/\/likemetkovic.hr\/u-veljaci-se-otvaraju-terase-kafica-i-restorana\/\"]}]},{\"@type\":\"ImageObject\",\"inLanguage\":\"hr\",\"@id\":\"https:\/\/likemetkovic.hr\/u-veljaci-se-otvaraju-terase-kafica-i-restorana\/#primaryimage\",\"url\":\"https:\/\/likemetkovic.hr\/portal\/wp-content\/uploads\/2020\/04\/kafici.jpeg\",\"contentUrl\":\"https:\/\/likemetkovic.hr\/portal\/wp-content\/uploads\/2020\/04\/kafici.jpeg\",\"width\":800,\"height\":600},{\"@type\":\"BreadcrumbList\",\"@id\":\"https:\/\/likemetkovic.hr\/u-veljaci-se-otvaraju-terase-kafica-i-restorana\/#breadcrumb\",\"itemListElement\":[{\"@type\":\"ListItem\",\"position\":1,\"name\":\"Po\u010detna stranica\",\"item\":\"https:\/\/likemetkovic.hr\/portal\/\"},{\"@type\":\"ListItem\",\"position\":2,\"name\":\"U velja\u010di se otvaraju terase kafi\u0107a i restorana!?\"}]},{\"@type\":\"WebSite\",\"@id\":\"https:\/\/likemetkovic.hr\/#website\",\"url\":\"https:\/\/likemetkovic.hr\/\",\"name\":\"likemetkovic.hr\",\"description\":\"Misli pozitivno... \u010ditaj LIKE\",\"potentialAction\":[{\"@type\":\"SearchAction\",\"target\":{\"@type\":\"EntryPoint\",\"urlTemplate\":\"https:\/\/likemetkovic.hr\/?s={search_term_string}\"},\"query-input\":{\"@type\":\"PropertyValueSpecification\",\"valueRequired\":true,\"valueName\":\"search_term_string\"}}],\"inLanguage\":\"hr\"},{\"@type\":\"Person\",\"@id\":\"https:\/\/likemetkovic.hr\/#\/schema\/person\/a42711f3385a0e2be6f7e0443bfb28f0\",\"name\":\"LIKEmetkovic.hr\",\"sameAs\":[\"http:\/\/likemetkovic.hr\"],\"url\":\"https:\/\/likemetkovic.hr\/portal\/author\/likemetkovic-hr\/\"}]}<\/script>\n<!-- \/ Yoast SEO plugin. -->","yoast_head_json":{"title":"U velja\u010di se otvaraju terase kafi\u0107a i restorana!? - likemetkovic.hr","robots":{"index":"index","follow":"follow","max-snippet":"max-snippet:-1","max-image-preview":"max-image-preview:large","max-video-preview":"max-video-preview:-1"},"canonical":"https:\/\/likemetkovic.hr\/u-veljaci-se-otvaraju-terase-kafica-i-restorana\/","og_locale":"hr_HR","og_type":"article","og_title":"U velja\u010di se otvaraju terase kafi\u0107a i restorana!? - likemetkovic.hr","og_description":"Nacionalni sto\u017eer je produ\u017eio mjere do kraja sije\u010dnja, a Index doznaje kako je najranije popu\u0161tanje mjera u Hrvatskoj mogu\u0107e sredinom velja\u010de. &#8220;Prvo popu\u0161tanje mjera bit \u0107e dozvola rada kafi\u0107ima i restoranima, ali samo na terasama. Ne mo\u017ee se dopustiti ranije otvaranje, ako vidimo koliko je te\u0161ka epidemiolo\u0161ka situacija, ne samo kod nas ve\u0107 i u [&hellip;]","og_url":"https:\/\/likemetkovic.hr\/u-veljaci-se-otvaraju-terase-kafica-i-restorana\/","og_site_name":"likemetkovic.hr","article_publisher":"https:\/\/www.facebook.com\/likemetkovic.hr\/","article_published_time":"2021-01-13T18:05:52+00:00","og_image":[{"width":800,"height":600,"url":"https:\/\/likemetkovic.hr\/wp-content\/uploads\/2020\/04\/kafici.jpeg","type":"image\/jpeg"}],"author":"LIKEmetkovic.hr","twitter_card":"summary_large_image","twitter_misc":{"Napisao\/la":"LIKEmetkovic.hr","Procijenjeno vrijeme \u010ditanja":"1 minuta"},"schema":{"@context":"https:\/\/schema.org","@graph":[{"@type":"WebPage","@id":"https:\/\/likemetkovic.hr\/u-veljaci-se-otvaraju-terase-kafica-i-restorana\/","url":"https:\/\/likemetkovic.hr\/u-veljaci-se-otvaraju-terase-kafica-i-restorana\/","name":"U velja\u010di se otvaraju terase kafi\u0107a i restorana!? - likemetkovic.hr","isPartOf":{"@id":"https:\/\/likemetkovic.hr\/#website"},"primaryImageOfPage":{"@id":"https:\/\/likemetkovic.hr\/u-veljaci-se-otvaraju-terase-kafica-i-restorana\/#primaryimage"},"image":{"@id":"https:\/\/likemetkovic.hr\/u-veljaci-se-otvaraju-terase-kafica-i-restorana\/#primaryimage"},"thumbnailUrl":"https:\/\/likemetkovic.hr\/portal\/wp-content\/uploads\/2020\/04\/kafici.jpeg","datePublished":"2021-01-13T18:05:52+00:00","author":{"@id":"https:\/\/likemetkovic.hr\/#\/schema\/person\/a42711f3385a0e2be6f7e0443bfb28f0"},"breadcrumb":{"@id":"https:\/\/likemetkovic.hr\/u-veljaci-se-otvaraju-terase-kafica-i-restorana\/#breadcrumb"},"inLanguage":"hr","potentialAction":[{"@type":"ReadAction","target":["https:\/\/likemetkovic.hr\/u-veljaci-se-otvaraju-terase-kafica-i-restorana\/"]}]},{"@type":"ImageObject","inLanguage":"hr","@id":"https:\/\/likemetkovic.hr\/u-veljaci-se-otvaraju-terase-kafica-i-restorana\/#primaryimage","url":"https:\/\/likemetkovic.hr\/portal\/wp-content\/uploads\/2020\/04\/kafici.jpeg","contentUrl":"https:\/\/likemetkovic.hr\/portal\/wp-content\/uploads\/2020\/04\/kafici.jpeg","width":800,"height":600},{"@type":"BreadcrumbList","@id":"https:\/\/likemetkovic.hr\/u-veljaci-se-otvaraju-terase-kafica-i-restorana\/#breadcrumb","itemListElement":[{"@type":"ListItem","position":1,"name":"Po\u010detna stranica","item":"https:\/\/likemetkovic.hr\/portal\/"},{"@type":"ListItem","position":2,"name":"U velja\u010di se otvaraju terase kafi\u0107a i restorana!?"}]},{"@type":"WebSite","@id":"https:\/\/likemetkovic.hr\/#website","url":"https:\/\/likemetkovic.hr\/","name":"likemetkovic.hr","description":"Misli pozitivno... \u010ditaj LIKE","potentialAction":[{"@type":"SearchAction","target":{"@type":"EntryPoint","urlTemplate":"https:\/\/likemetkovic.hr\/?s={search_term_string}"},"query-input":{"@type":"PropertyValueSpecification","valueRequired":true,"valueName":"search_term_string"}}],"inLanguage":"hr"},{"@type":"Person","@id":"https:\/\/likemetkovic.hr\/#\/schema\/person\/a42711f3385a0e2be6f7e0443bfb28f0","name":"LIKEmetkovic.hr","sameAs":["http:\/\/likemetkovic.hr"],"url":"https:\/\/likemetkovic.hr\/portal\/author\/likemetkovic-hr\/"}]}},"_links":{"self":[{"href":"https:\/\/likemetkovic.hr\/portal\/wp-json\/wp\/v2\/posts\/112711","targetHints":{"allow":["GET"]}}],"collection":[{"href":"https:\/\/likemetkovic.hr\/portal\/wp-json\/wp\/v2\/posts"}],"about":[{"href":"https:\/\/likemetkovic.hr\/portal\/wp-json\/wp\/v2\/types\/post"}],"author":[{"embeddable":true,"href":"https:\/\/likemetkovic.hr\/portal\/wp-json\/wp\/v2\/users\/7"}],"replies":[{"embeddable":true,"href":"https:\/\/likemetkovic.hr\/portal\/wp-json\/wp\/v2\/comments?post=112711"}],"version-history":[{"count":0,"href":"https:\/\/likemetkovic.hr\/portal\/wp-json\/wp\/v2\/posts\/112711\/revisions"}],"wp:featuredmedia":[{"embeddable":true,"href":"https:\/\/likemetkovic.hr\/portal\/wp-json\/wp\/v2\/media\/100809"}],"wp:attachment":[{"href":"https:\/\/likemetkovic.hr\/portal\/wp-json\/wp\/v2\/media?parent=112711"}],"wp:term":[{"taxonomy":"category","embeddable":true,"href":"https:\/\/likemetkovic.hr\/portal\/wp-json\/wp\/v2\/categories?post=112711"},{"taxonomy":"post_tag","embeddable":true,"href":"https:\/\/likemetkovic.hr\/portal\/wp-json\/wp\/v2\/tags?post=112711"}],"curies":[{"name":"wp","href":"https:\/\/api.w.org\/{rel}","templated":true}]}}