{"id":112735,"date":"2021-01-14T12:06:02","date_gmt":"2021-01-14T11:06:02","guid":{"rendered":"https:\/\/likemetkovic.hr\/?p=112735"},"modified":"2021-01-14T12:08:25","modified_gmt":"2021-01-14T11:08:25","slug":"sluzbeno-utvrden-uzrok-tragicne-smrti-osmero-mladih-iz-posusja-i-rakitna","status":"publish","type":"post","link":"https:\/\/likemetkovic.hr\/portal\/sluzbeno-utvrden-uzrok-tragicne-smrti-osmero-mladih-iz-posusja-i-rakitna\/","title":{"rendered":"Slu\u017ebeno utvr\u0111en uzrok tragi\u010dne smrti osmero mladih iz Posu\u0161ja i Rakitna"},"content":{"rendered":"<p>&#8220;Nakon analize krvi utvr\u0111eno je da je kod svih osam osoba do\u0161lo do <strong>trovanja ugljikovim monoksidom<\/strong> s utvr\u0111enom koncentracijom u krvi koja je smrtonosna&#8221;, rekao je za medije glavni \u017eupanijski tu\u017eitelj Josip Ani\u010di\u0107.<\/p>\n<p>Time su potvr\u0111ene pretpostavke istra\u017eitelja koje su iznijeli nedugo nakon\u00a0<strong>tragedije kako se u mjestu Tribistovu kod Posu\u0161ja ugu\u0161ilo osmero mladih<\/strong>, Mirela Rezo, Stjepan Juki\u0107, Ivan Mili\u010devi\u0107, Stipe Romi\u0107, \u017dana Pavkovi\u0107, Mia Soldo, Stipe Pavkovi\u0107a i Marija Pavkovi\u0107.<\/p>\n<p>Na vje\u0161ta\u010denje je bio upu\u0107en i agregat iz kojega je ispu\u0161ni plin ugu\u0161io \u010detiri djevojke i \u010detiri mladi\u0107a.<strong> Agregat<\/strong> kojim je vikendica opskrbljivana elektri\u010dnom energijom nalazio se u sporednoj prostoriji iz koje je prozor bio od\u0161krinut prema vikendici.<\/p>\n<p>Tragedija u kojoj je preminulo osmero mladih ne pamti se u posu\u0161kome kraju te napose u mjestu Rakitnu, otkuda je bilo njih \u0161estero.<\/p>\n<p>Foto: Zoran Kre\u0161i\u0107\/VL<\/p>\n","protected":false},"excerpt":{"rendered":"<p>&#8220;Nakon analize krvi utvr\u0111eno je da je kod svih osam osoba do\u0161lo do trovanja ugljikovim monoksidom s utvr\u0111enom koncentracijom u krvi koja je smrtonosna&#8221;, rekao je za medije glavni \u017eupanijski tu\u017eitelj Josip Ani\u010di\u0107. Time su potvr\u0111ene pretpostavke istra\u017eitelja koje su iznijeli nedugo nakon\u00a0tragedije kako se u mjestu Tribistovu kod Posu\u0161ja ugu\u0161ilo osmero mladih, Mirela Rezo, [&hellip;]<\/p>\n","protected":false},"author":7,"featured_media":112736,"comment_status":"open","ping_status":"open","sticky":false,"template":"","format":"standard","meta":{"footnotes":""},"categories":[296,305],"tags":[8749,6066,8821],"class_list":{"0":"post-112735","1":"post","2":"type-post","3":"status-publish","4":"format-standard","5":"has-post-thumbnail","7":"category-ab","8":"category-crna-kronika","9":"tag-tribistovo","10":"tag-trovanje","11":"tag-ugljicni-monoksid"},"yoast_head":"<!-- This site is optimized with the Yoast SEO plugin v25.2 - https:\/\/yoast.com\/wordpress\/plugins\/seo\/ -->\n<title>Slu\u017ebeno utvr\u0111en uzrok tragi\u010dne smrti osmero mladih iz Posu\u0161ja i Rakitna - likemetkovic.hr<\/title>\n<meta name=\"robots\" content=\"index, follow, max-snippet:-1, max-image-preview:large, max-video-preview:-1\" \/>\n<link rel=\"canonical\" href=\"https:\/\/likemetkovic.hr\/sluzbeno-utvrden-uzrok-tragicne-smrti-osmero-mladih-iz-posusja-i-rakitna\/\" \/>\n<meta property=\"og:locale\" content=\"hr_HR\" \/>\n<meta property=\"og:type\" content=\"article\" \/>\n<meta property=\"og:title\" content=\"Slu\u017ebeno utvr\u0111en uzrok tragi\u010dne smrti osmero mladih iz Posu\u0161ja i Rakitna - likemetkovic.hr\" \/>\n<meta property=\"og:description\" content=\"&#8220;Nakon analize krvi utvr\u0111eno je da je kod svih osam osoba do\u0161lo do trovanja ugljikovim monoksidom s utvr\u0111enom koncentracijom u krvi koja je smrtonosna&#8221;, rekao je za medije glavni \u017eupanijski tu\u017eitelj Josip Ani\u010di\u0107. Time su potvr\u0111ene pretpostavke istra\u017eitelja koje su iznijeli nedugo nakon\u00a0tragedije kako se u mjestu Tribistovu kod Posu\u0161ja ugu\u0161ilo osmero mladih, Mirela Rezo, [&hellip;]\" \/>\n<meta property=\"og:url\" content=\"https:\/\/likemetkovic.hr\/sluzbeno-utvrden-uzrok-tragicne-smrti-osmero-mladih-iz-posusja-i-rakitna\/\" \/>\n<meta property=\"og:site_name\" content=\"likemetkovic.hr\" \/>\n<meta property=\"article:publisher\" content=\"https:\/\/www.facebook.com\/likemetkovic.hr\/\" \/>\n<meta property=\"article:published_time\" content=\"2021-01-14T11:06:02+00:00\" \/>\n<meta property=\"article:modified_time\" content=\"2021-01-14T11:08:25+00:00\" \/>\n<meta property=\"og:image\" content=\"https:\/\/likemetkovic.hr\/wp-content\/uploads\/2021\/01\/rakitno-pokop.jpeg\" \/>\n\t<meta property=\"og:image:width\" content=\"800\" \/>\n\t<meta property=\"og:image:height\" content=\"450\" \/>\n\t<meta property=\"og:image:type\" content=\"image\/jpeg\" \/>\n<meta name=\"author\" content=\"LIKEmetkovic.hr\" \/>\n<meta name=\"twitter:card\" content=\"summary_large_image\" \/>\n<meta name=\"twitter:label1\" content=\"Napisao\/la\" \/>\n\t<meta name=\"twitter:data1\" content=\"LIKEmetkovic.hr\" \/>\n\t<meta name=\"twitter:label2\" content=\"Procijenjeno vrijeme \u010ditanja\" \/>\n\t<meta name=\"twitter:data2\" content=\"1 minuta\" \/>\n<script type=\"application\/ld+json\" class=\"yoast-schema-graph\">{\"@context\":\"https:\/\/schema.org\",\"@graph\":[{\"@type\":\"WebPage\",\"@id\":\"https:\/\/likemetkovic.hr\/sluzbeno-utvrden-uzrok-tragicne-smrti-osmero-mladih-iz-posusja-i-rakitna\/\",\"url\":\"https:\/\/likemetkovic.hr\/sluzbeno-utvrden-uzrok-tragicne-smrti-osmero-mladih-iz-posusja-i-rakitna\/\",\"name\":\"Slu\u017ebeno utvr\u0111en uzrok tragi\u010dne smrti osmero mladih iz Posu\u0161ja i Rakitna - likemetkovic.hr\",\"isPartOf\":{\"@id\":\"https:\/\/likemetkovic.hr\/#website\"},\"primaryImageOfPage\":{\"@id\":\"https:\/\/likemetkovic.hr\/sluzbeno-utvrden-uzrok-tragicne-smrti-osmero-mladih-iz-posusja-i-rakitna\/#primaryimage\"},\"image\":{\"@id\":\"https:\/\/likemetkovic.hr\/sluzbeno-utvrden-uzrok-tragicne-smrti-osmero-mladih-iz-posusja-i-rakitna\/#primaryimage\"},\"thumbnailUrl\":\"https:\/\/likemetkovic.hr\/portal\/wp-content\/uploads\/2021\/01\/rakitno-pokop.jpeg\",\"datePublished\":\"2021-01-14T11:06:02+00:00\",\"dateModified\":\"2021-01-14T11:08:25+00:00\",\"author\":{\"@id\":\"https:\/\/likemetkovic.hr\/#\/schema\/person\/a42711f3385a0e2be6f7e0443bfb28f0\"},\"breadcrumb\":{\"@id\":\"https:\/\/likemetkovic.hr\/sluzbeno-utvrden-uzrok-tragicne-smrti-osmero-mladih-iz-posusja-i-rakitna\/#breadcrumb\"},\"inLanguage\":\"hr\",\"potentialAction\":[{\"@type\":\"ReadAction\",\"target\":[\"https:\/\/likemetkovic.hr\/sluzbeno-utvrden-uzrok-tragicne-smrti-osmero-mladih-iz-posusja-i-rakitna\/\"]}]},{\"@type\":\"ImageObject\",\"inLanguage\":\"hr\",\"@id\":\"https:\/\/likemetkovic.hr\/sluzbeno-utvrden-uzrok-tragicne-smrti-osmero-mladih-iz-posusja-i-rakitna\/#primaryimage\",\"url\":\"https:\/\/likemetkovic.hr\/portal\/wp-content\/uploads\/2021\/01\/rakitno-pokop.jpeg\",\"contentUrl\":\"https:\/\/likemetkovic.hr\/portal\/wp-content\/uploads\/2021\/01\/rakitno-pokop.jpeg\",\"width\":800,\"height\":450},{\"@type\":\"BreadcrumbList\",\"@id\":\"https:\/\/likemetkovic.hr\/sluzbeno-utvrden-uzrok-tragicne-smrti-osmero-mladih-iz-posusja-i-rakitna\/#breadcrumb\",\"itemListElement\":[{\"@type\":\"ListItem\",\"position\":1,\"name\":\"Po\u010detna stranica\",\"item\":\"https:\/\/likemetkovic.hr\/portal\/\"},{\"@type\":\"ListItem\",\"position\":2,\"name\":\"Slu\u017ebeno utvr\u0111en uzrok tragi\u010dne smrti osmero mladih iz Posu\u0161ja i Rakitna\"}]},{\"@type\":\"WebSite\",\"@id\":\"https:\/\/likemetkovic.hr\/#website\",\"url\":\"https:\/\/likemetkovic.hr\/\",\"name\":\"likemetkovic.hr\",\"description\":\"Misli pozitivno... \u010ditaj LIKE\",\"potentialAction\":[{\"@type\":\"SearchAction\",\"target\":{\"@type\":\"EntryPoint\",\"urlTemplate\":\"https:\/\/likemetkovic.hr\/?s={search_term_string}\"},\"query-input\":{\"@type\":\"PropertyValueSpecification\",\"valueRequired\":true,\"valueName\":\"search_term_string\"}}],\"inLanguage\":\"hr\"},{\"@type\":\"Person\",\"@id\":\"https:\/\/likemetkovic.hr\/#\/schema\/person\/a42711f3385a0e2be6f7e0443bfb28f0\",\"name\":\"LIKEmetkovic.hr\",\"sameAs\":[\"http:\/\/likemetkovic.hr\"],\"url\":\"https:\/\/likemetkovic.hr\/portal\/author\/likemetkovic-hr\/\"}]}<\/script>\n<!-- \/ Yoast SEO plugin. -->","yoast_head_json":{"title":"Slu\u017ebeno utvr\u0111en uzrok tragi\u010dne smrti osmero mladih iz Posu\u0161ja i Rakitna - likemetkovic.hr","robots":{"index":"index","follow":"follow","max-snippet":"max-snippet:-1","max-image-preview":"max-image-preview:large","max-video-preview":"max-video-preview:-1"},"canonical":"https:\/\/likemetkovic.hr\/sluzbeno-utvrden-uzrok-tragicne-smrti-osmero-mladih-iz-posusja-i-rakitna\/","og_locale":"hr_HR","og_type":"article","og_title":"Slu\u017ebeno utvr\u0111en uzrok tragi\u010dne smrti osmero mladih iz Posu\u0161ja i Rakitna - likemetkovic.hr","og_description":"&#8220;Nakon analize krvi utvr\u0111eno je da je kod svih osam osoba do\u0161lo do trovanja ugljikovim monoksidom s utvr\u0111enom koncentracijom u krvi koja je smrtonosna&#8221;, rekao je za medije glavni \u017eupanijski tu\u017eitelj Josip Ani\u010di\u0107. Time su potvr\u0111ene pretpostavke istra\u017eitelja koje su iznijeli nedugo nakon\u00a0tragedije kako se u mjestu Tribistovu kod Posu\u0161ja ugu\u0161ilo osmero mladih, Mirela Rezo, [&hellip;]","og_url":"https:\/\/likemetkovic.hr\/sluzbeno-utvrden-uzrok-tragicne-smrti-osmero-mladih-iz-posusja-i-rakitna\/","og_site_name":"likemetkovic.hr","article_publisher":"https:\/\/www.facebook.com\/likemetkovic.hr\/","article_published_time":"2021-01-14T11:06:02+00:00","article_modified_time":"2021-01-14T11:08:25+00:00","og_image":[{"width":800,"height":450,"url":"https:\/\/likemetkovic.hr\/wp-content\/uploads\/2021\/01\/rakitno-pokop.jpeg","type":"image\/jpeg"}],"author":"LIKEmetkovic.hr","twitter_card":"summary_large_image","twitter_misc":{"Napisao\/la":"LIKEmetkovic.hr","Procijenjeno vrijeme \u010ditanja":"1 minuta"},"schema":{"@context":"https:\/\/schema.org","@graph":[{"@type":"WebPage","@id":"https:\/\/likemetkovic.hr\/sluzbeno-utvrden-uzrok-tragicne-smrti-osmero-mladih-iz-posusja-i-rakitna\/","url":"https:\/\/likemetkovic.hr\/sluzbeno-utvrden-uzrok-tragicne-smrti-osmero-mladih-iz-posusja-i-rakitna\/","name":"Slu\u017ebeno utvr\u0111en uzrok tragi\u010dne smrti osmero mladih iz Posu\u0161ja i Rakitna - likemetkovic.hr","isPartOf":{"@id":"https:\/\/likemetkovic.hr\/#website"},"primaryImageOfPage":{"@id":"https:\/\/likemetkovic.hr\/sluzbeno-utvrden-uzrok-tragicne-smrti-osmero-mladih-iz-posusja-i-rakitna\/#primaryimage"},"image":{"@id":"https:\/\/likemetkovic.hr\/sluzbeno-utvrden-uzrok-tragicne-smrti-osmero-mladih-iz-posusja-i-rakitna\/#primaryimage"},"thumbnailUrl":"https:\/\/likemetkovic.hr\/portal\/wp-content\/uploads\/2021\/01\/rakitno-pokop.jpeg","datePublished":"2021-01-14T11:06:02+00:00","dateModified":"2021-01-14T11:08:25+00:00","author":{"@id":"https:\/\/likemetkovic.hr\/#\/schema\/person\/a42711f3385a0e2be6f7e0443bfb28f0"},"breadcrumb":{"@id":"https:\/\/likemetkovic.hr\/sluzbeno-utvrden-uzrok-tragicne-smrti-osmero-mladih-iz-posusja-i-rakitna\/#breadcrumb"},"inLanguage":"hr","potentialAction":[{"@type":"ReadAction","target":["https:\/\/likemetkovic.hr\/sluzbeno-utvrden-uzrok-tragicne-smrti-osmero-mladih-iz-posusja-i-rakitna\/"]}]},{"@type":"ImageObject","inLanguage":"hr","@id":"https:\/\/likemetkovic.hr\/sluzbeno-utvrden-uzrok-tragicne-smrti-osmero-mladih-iz-posusja-i-rakitna\/#primaryimage","url":"https:\/\/likemetkovic.hr\/portal\/wp-content\/uploads\/2021\/01\/rakitno-pokop.jpeg","contentUrl":"https:\/\/likemetkovic.hr\/portal\/wp-content\/uploads\/2021\/01\/rakitno-pokop.jpeg","width":800,"height":450},{"@type":"BreadcrumbList","@id":"https:\/\/likemetkovic.hr\/sluzbeno-utvrden-uzrok-tragicne-smrti-osmero-mladih-iz-posusja-i-rakitna\/#breadcrumb","itemListElement":[{"@type":"ListItem","position":1,"name":"Po\u010detna stranica","item":"https:\/\/likemetkovic.hr\/portal\/"},{"@type":"ListItem","position":2,"name":"Slu\u017ebeno utvr\u0111en uzrok tragi\u010dne smrti osmero mladih iz Posu\u0161ja i Rakitna"}]},{"@type":"WebSite","@id":"https:\/\/likemetkovic.hr\/#website","url":"https:\/\/likemetkovic.hr\/","name":"likemetkovic.hr","description":"Misli pozitivno... \u010ditaj LIKE","potentialAction":[{"@type":"SearchAction","target":{"@type":"EntryPoint","urlTemplate":"https:\/\/likemetkovic.hr\/?s={search_term_string}"},"query-input":{"@type":"PropertyValueSpecification","valueRequired":true,"valueName":"search_term_string"}}],"inLanguage":"hr"},{"@type":"Person","@id":"https:\/\/likemetkovic.hr\/#\/schema\/person\/a42711f3385a0e2be6f7e0443bfb28f0","name":"LIKEmetkovic.hr","sameAs":["http:\/\/likemetkovic.hr"],"url":"https:\/\/likemetkovic.hr\/portal\/author\/likemetkovic-hr\/"}]}},"_links":{"self":[{"href":"https:\/\/likemetkovic.hr\/portal\/wp-json\/wp\/v2\/posts\/112735","targetHints":{"allow":["GET"]}}],"collection":[{"href":"https:\/\/likemetkovic.hr\/portal\/wp-json\/wp\/v2\/posts"}],"about":[{"href":"https:\/\/likemetkovic.hr\/portal\/wp-json\/wp\/v2\/types\/post"}],"author":[{"embeddable":true,"href":"https:\/\/likemetkovic.hr\/portal\/wp-json\/wp\/v2\/users\/7"}],"replies":[{"embeddable":true,"href":"https:\/\/likemetkovic.hr\/portal\/wp-json\/wp\/v2\/comments?post=112735"}],"version-history":[{"count":0,"href":"https:\/\/likemetkovic.hr\/portal\/wp-json\/wp\/v2\/posts\/112735\/revisions"}],"wp:featuredmedia":[{"embeddable":true,"href":"https:\/\/likemetkovic.hr\/portal\/wp-json\/wp\/v2\/media\/112736"}],"wp:attachment":[{"href":"https:\/\/likemetkovic.hr\/portal\/wp-json\/wp\/v2\/media?parent=112735"}],"wp:term":[{"taxonomy":"category","embeddable":true,"href":"https:\/\/likemetkovic.hr\/portal\/wp-json\/wp\/v2\/categories?post=112735"},{"taxonomy":"post_tag","embeddable":true,"href":"https:\/\/likemetkovic.hr\/portal\/wp-json\/wp\/v2\/tags?post=112735"}],"curies":[{"name":"wp","href":"https:\/\/api.w.org\/{rel}","templated":true}]}}