{"id":113508,"date":"2021-02-06T11:49:21","date_gmt":"2021-02-06T10:49:21","guid":{"rendered":"https:\/\/likemetkovic.hr\/?p=113508"},"modified":"2021-02-07T13:37:23","modified_gmt":"2021-02-07T12:37:23","slug":"dr-med-nikica-hajvaz-je-kandidat-mosta-za-gradonacelnika-metkovica","status":"publish","type":"post","link":"https:\/\/likemetkovic.hr\/portal\/dr-med-nikica-hajvaz-je-kandidat-mosta-za-gradonacelnika-metkovica\/","title":{"rendered":"Dr. med. Nikica Hajvaz je kandidat Mosta za gradona\u010delnika Metkovi\u0107a"},"content":{"rendered":"<p>Most je danas predstavio <strong>dr. med. Nikicu Hajvaza<\/strong> kao svoga kandidata za gradona\u010delnika Metkovi\u0107a na izborima koji se trebaju odr\u017eati u svibnju ove godine.<\/p>\n<p>Podr\u0161ku su mu dali predsjednik Mosta Bo\u017eo Petrov i Nikola Grmoja.<\/p>\n<p><img decoding=\"async\" class=\"alignnone size-full wp-image-113510\" src=\"https:\/\/likemetkovic.hr\/wp-content\/uploads\/2021\/02\/nikica-hajvaz-most_1.jpg\" alt=\"\" width=\"800\" height=\"533\" srcset=\"https:\/\/likemetkovic.hr\/portal\/wp-content\/uploads\/2021\/02\/nikica-hajvaz-most_1.jpg 800w, https:\/\/likemetkovic.hr\/portal\/wp-content\/uploads\/2021\/02\/nikica-hajvaz-most_1-768x512.jpg 768w, https:\/\/likemetkovic.hr\/portal\/wp-content\/uploads\/2021\/02\/nikica-hajvaz-most_1-696x464.jpg 696w, https:\/\/likemetkovic.hr\/portal\/wp-content\/uploads\/2021\/02\/nikica-hajvaz-most_1-630x420.jpg 630w\" sizes=\"(max-width: 800px) 100vw, 800px\" \/><\/p>\n<p>Obrazla\u017eu\u0107i svoju kandidaturu Hajvaz je naglasio da je <em>u zrelim sam godinama i mislim da imam dovoljno energije i iskustva, nakon dugogodi\u0161njega rada u slu\u017ebi svojih sugra\u0111ana, isto nastaviti i kao njihov gradona\u010delnik.<\/em><\/p>\n<p><em>Htjeli mi to vidjeti ili ne, Metkovi\u0107 ve\u0107 desetlje\u0107ima nazaduje. Gube se radna mjesta, mladi i sposobni napu\u0161taju ga i svoje ostvarenje tra\u017ee u drugim sredinama jer se u ovome gradu malo \u0161to mo\u017ee bez <strong>\u010dlanske iskaznice<\/strong>. Nekada smo bili grad u koji se dolazilo u potrazi za poslom, a sada je obrnuto. Umjesto da smo <strong>grad malih i srednjih tvrtki i grad obrtnika<\/strong>, onih koji stvaraju nove vrijednosti, \u201eiznad vode\u201c nas dr\u017ei samo \u010dinjenica da je ve\u0107ina radnih mjesta u obrazovanju, policiji, zdravstvu, sudstvu, gradskim, \u017eupanijskim i dr\u017eavnim slu\u017ebama te ostalima koji se financiraju iz raznih prora\u010duna.<\/em><\/p>\n<p><em>Metkovi\u0107 u sada\u0161njim okolnostima ne pru\u017ea uvjete stvaranja novih vrijednosti, kakve je nekada stvaralo jako metkovsko <strong>gospodarstvo<\/strong>. Postali smo <strong>gradom-prosjakom<\/strong>, ovisnikom o novcu koji dolazi izvana voljom politike, koja zauzvrat tra\u017ei da pognemo glavu. Umjesto da sami stvaramo svoja radna mjesta, nude nam se \u201e\u010darobni \u0161tapi\u0107i\u201c poput raznih projekata kojima je najte\u017ee smisliti ime, dugo godina nezaposlenima se kao slamka spasa nude javi radovi\u2026<\/em><\/p>\n<p><em>Uglavnom, <strong>nastoji se \u0161to vi\u0161e na\u0161ih sugra\u0111ana u\u010diniti ovisnima o lokalnoj vlasti<\/strong>. Model je to kakav smo imali \u201e16 zlatnih godina\u201c i zbog \u010dega su prije osam godina gra\u0111ani odlu\u010dili mijenjati ga. Na\u017ealost, nismo uspjeli zadr\u017eati kontinuitet, a trenutna vlast je <strong>zaustavila<\/strong> gotovo sve zapo\u010dete projekte koje je naslijedila od Mosta. No, danas smo puno iskusniji.<\/em><\/p>\n<p><em>Uvjeren sam da na\u0161i sugra\u0111ani vide da smo u slijepoj ulici, mladi odlaze, a da im <strong>trenutna vlast ma\u017ee o\u010di rotorima i asfaltiranjima<\/strong> dok klju\u010dne projekte odugovla\u010de i prisvajaju. Primjer za to je projekt aglomeracije, za koji se \u010dekao motiv \u2013 predstoje\u0107i izbori. A to je Mostov projekt, koji je ova vlast naslijedila i dr\u017eala ga u ladici ne bi li ga kapitalizirala upravo uo\u010di izbora, umjesto da je odmah nastavila s njime na korist gra\u0111ana. No, o tome \u0107u op\u0161irnije ubudu\u0107e.<\/em><\/p>\n<p><em>Nadalje, nakon \u0161to je na pro\u0161lim lokalnim izborima HDZ dobio podosta gradona\u010delnika i na\u010delnika, napravili su ono \u0161to smo mi tra\u017eili puno prije, a to je da se dr\u017eava odrekne dijela prikupljenog poreza u korist op\u0107ina i gradova. Tako su, ali i na drugi na\u010din, <strong>pove\u0107ani njihovi prora\u010duni<\/strong> te se stvorio privid uspje\u0161nosti lokalnih vlasti.<\/em><\/p>\n<p><em>Eto, to je dio razloga zbog kojih sam se odlu\u010dio kandidirati za gradona\u010delnika Metkovi\u0107a. Posjedujem energiju, snagu ljubavi prema ovom gradu i iskustvo, okru\u017eit \u0107u se stru\u010dnim suradnicima i ne\u0107u po vlastito mi\u0161ljenje i\u0107i u Dubrovnik ili Zagreb. Malen smo grad koji su mnogi stru\u010dni ljudi napustili i zato nam je va\u017ean svatko stru\u010dan, <strong>bez obzira na politi\u010dku obojenost<\/strong>, jedini uvjet da je \u010dastan i odgovoran, spreman biti u slu\u017ebi svojega grada, u\u010diniti ga puno boljim nego \u0161to je to danas, osoviti ga na svoje noge. Metkovi\u0107 ima puno neiskori\u0161tenih prilika, ali i puno nereda koji je sada\u0161nja vlast stvorila, \u0161to populizmom, \u0161to ne\u010dinjenjem, a \u0161to pogodovanjem odre\u0111enim lobijima u gradu.<\/em><\/p>\n<p><em>To\u010dka na <strong>i<\/strong> da se prihvatim kandidature za gradona\u010delnika bila je spoznaja da, na\u017ealost, \u017eivimo u gradu u kojemu<strong> vlada strah od vlastita mi\u0161ljenja<\/strong> i s time se svakodnevno susre\u0107em. Nemali broj sugra\u0111ana boji se javno istupiti, progovoriti o mnogim nepravilnostima jer ih je strah za svoju egzistenciju. Boje se da ne\u0107e pro\u0107i na natje\u010daju za posao ili se boje \u0161ikaniranja na poslu, ako ga imaju, boje se da im dijete sutra ne\u0107e dobiti stipendiju ili posao i sl. Pa, je li to normalno?! Na\u017ealost, razumijem ih i ba\u0161 zato sam se odlu\u010dio kandidirati jer ba\u0161 to treba mijenjati i zato pozivam svoje sugra\u0111ane da me u tome podr\u017ee,<\/em> zaklju\u010dio je dr. Hajvaz.<\/p>\n<p><img decoding=\"async\" class=\"alignnone size-full wp-image-113509\" src=\"https:\/\/likemetkovic.hr\/wp-content\/uploads\/2021\/02\/nikica-hajvaz-most.jpg\" alt=\"\" width=\"800\" height=\"533\" srcset=\"https:\/\/likemetkovic.hr\/portal\/wp-content\/uploads\/2021\/02\/nikica-hajvaz-most.jpg 800w, https:\/\/likemetkovic.hr\/portal\/wp-content\/uploads\/2021\/02\/nikica-hajvaz-most-768x512.jpg 768w, https:\/\/likemetkovic.hr\/portal\/wp-content\/uploads\/2021\/02\/nikica-hajvaz-most-696x464.jpg 696w, https:\/\/likemetkovic.hr\/portal\/wp-content\/uploads\/2021\/02\/nikica-hajvaz-most-630x420.jpg 630w\" sizes=\"(max-width: 800px) 100vw, 800px\" \/><\/p>\n<p>Nikica Hajvaz,\u00a0 dr. med.,spec. radiologije, je ro\u0111en 1959. u Metkovi\u0107u gdje je zavr\u0161io osnovnu \u0161kolu i gimnaziju. 1984. je diplomirao na Medicinskome fakultetu u Sarajevu. Specijalizaciju iz radiologije zapo\u010deo je u Mostaru 1988. i zavr\u0161io u KBC \u201eSestara milosrdnica\u201c u Zagrebu 1993.godine. U Domu zdravlja Metkovi\u0107 radi neprekidno od 1984. godine.<\/p>\n<p>Tijekom srednjo\u0161kolskoga obrazovanja i nakon studija, sve do Domovinskoga rata, bio je aktivan igra\u010d NK <em>Neretva <\/em>te sportski lije\u010dnik HNS-a i ostalih klubova.<\/p>\n<p>U Domovinski rat se uklju\u010di 1991. godine, obna\u0161aju\u0107i du\u017enost na\u010delnika saniteta 116. brigade HV-a.<\/p>\n<p>&#8211;<em> Tada sam stekao veliko<strong> iskustvo u upravljanju slo\u017eenim sustavom u kriznim vremenima<\/strong>, isto kao i od 1994. do 1998. godine, kada sam bio ravnateljem Doma zdravlja Metkovi\u0107 i Ratne bolnice Metkovi\u0107. Trenutno sam voditelj Kabineta za rtg. i uzv. dijagnostiku u DZ Metkovi\u0107<\/em>, kazao je.<\/p>\n<p>Prvi hrvatski predsjednik dr. Franjo Tu\u0111man odlikovao ga je Medaljom <em>Ljeto 95.<\/em> i Ordenom <em>Red hrvatskog trolista<\/em>.<\/p>\n","protected":false},"excerpt":{"rendered":"<p>Most je danas predstavio dr. med. Nikicu Hajvaza kao svoga kandidata za gradona\u010delnika Metkovi\u0107a na izborima koji se trebaju odr\u017eati u svibnju ove godine. Podr\u0161ku su mu dali predsjednik Mosta Bo\u017eo Petrov i Nikola Grmoja. Obrazla\u017eu\u0107i svoju kandidaturu Hajvaz je naglasio da je u zrelim sam godinama i mislim da imam dovoljno energije i iskustva, [&hellip;]<\/p>\n","protected":false},"author":9,"featured_media":113509,"comment_status":"open","ping_status":"open","sticky":false,"template":"","format":"standard","meta":{"footnotes":""},"categories":[283,11,290],"tags":[8925,8932,322,8924],"class_list":{"0":"post-113508","1":"post","2":"type-post","3":"status-publish","4":"format-standard","5":"has-post-thumbnail","7":"category-a","8":"category-metkovic-dolina","9":"category-politika","10":"tag-kandidat-za-gradonacelnika","11":"tag-lokalni-izbori-2021","12":"tag-most","13":"tag-nikica-hajvaz"},"yoast_head":"<!-- This site is optimized with the Yoast SEO plugin v25.2 - https:\/\/yoast.com\/wordpress\/plugins\/seo\/ -->\n<title>Dr. med. Nikica Hajvaz je kandidat Mosta za gradona\u010delnika Metkovi\u0107a - likemetkovic.hr<\/title>\n<meta name=\"robots\" content=\"index, follow, max-snippet:-1, max-image-preview:large, max-video-preview:-1\" \/>\n<link rel=\"canonical\" href=\"https:\/\/likemetkovic.hr\/dr-med-nikica-hajvaz-je-kandidat-mosta-za-gradonacelnika-metkovica\/\" \/>\n<meta property=\"og:locale\" content=\"hr_HR\" \/>\n<meta property=\"og:type\" content=\"article\" \/>\n<meta property=\"og:title\" content=\"Dr. med. Nikica Hajvaz je kandidat Mosta za gradona\u010delnika Metkovi\u0107a - likemetkovic.hr\" \/>\n<meta property=\"og:description\" content=\"Most je danas predstavio dr. med. Nikicu Hajvaza kao svoga kandidata za gradona\u010delnika Metkovi\u0107a na izborima koji se trebaju odr\u017eati u svibnju ove godine. Podr\u0161ku su mu dali predsjednik Mosta Bo\u017eo Petrov i Nikola Grmoja. Obrazla\u017eu\u0107i svoju kandidaturu Hajvaz je naglasio da je u zrelim sam godinama i mislim da imam dovoljno energije i iskustva, [&hellip;]\" \/>\n<meta property=\"og:url\" content=\"https:\/\/likemetkovic.hr\/dr-med-nikica-hajvaz-je-kandidat-mosta-za-gradonacelnika-metkovica\/\" \/>\n<meta property=\"og:site_name\" content=\"likemetkovic.hr\" \/>\n<meta property=\"article:publisher\" content=\"https:\/\/www.facebook.com\/likemetkovic.hr\/\" \/>\n<meta property=\"article:published_time\" content=\"2021-02-06T10:49:21+00:00\" \/>\n<meta property=\"article:modified_time\" content=\"2021-02-07T12:37:23+00:00\" \/>\n<meta property=\"og:image\" content=\"https:\/\/likemetkovic.hr\/wp-content\/uploads\/2021\/02\/nikica-hajvaz-most.jpg\" \/>\n\t<meta property=\"og:image:width\" content=\"800\" \/>\n\t<meta property=\"og:image:height\" content=\"533\" \/>\n\t<meta property=\"og:image:type\" content=\"image\/jpeg\" \/>\n<meta name=\"author\" content=\"K. J.\" \/>\n<meta name=\"twitter:card\" content=\"summary_large_image\" \/>\n<meta name=\"twitter:label1\" content=\"Napisao\/la\" \/>\n\t<meta name=\"twitter:data1\" content=\"K. J.\" \/>\n\t<meta name=\"twitter:label2\" content=\"Procijenjeno vrijeme \u010ditanja\" \/>\n\t<meta name=\"twitter:data2\" content=\"4 minute\" \/>\n<script type=\"application\/ld+json\" class=\"yoast-schema-graph\">{\"@context\":\"https:\/\/schema.org\",\"@graph\":[{\"@type\":\"WebPage\",\"@id\":\"https:\/\/likemetkovic.hr\/dr-med-nikica-hajvaz-je-kandidat-mosta-za-gradonacelnika-metkovica\/\",\"url\":\"https:\/\/likemetkovic.hr\/dr-med-nikica-hajvaz-je-kandidat-mosta-za-gradonacelnika-metkovica\/\",\"name\":\"Dr. med. Nikica Hajvaz je kandidat Mosta za gradona\u010delnika Metkovi\u0107a - likemetkovic.hr\",\"isPartOf\":{\"@id\":\"https:\/\/likemetkovic.hr\/#website\"},\"primaryImageOfPage\":{\"@id\":\"https:\/\/likemetkovic.hr\/dr-med-nikica-hajvaz-je-kandidat-mosta-za-gradonacelnika-metkovica\/#primaryimage\"},\"image\":{\"@id\":\"https:\/\/likemetkovic.hr\/dr-med-nikica-hajvaz-je-kandidat-mosta-za-gradonacelnika-metkovica\/#primaryimage\"},\"thumbnailUrl\":\"https:\/\/likemetkovic.hr\/portal\/wp-content\/uploads\/2021\/02\/nikica-hajvaz-most.jpg\",\"datePublished\":\"2021-02-06T10:49:21+00:00\",\"dateModified\":\"2021-02-07T12:37:23+00:00\",\"author\":{\"@id\":\"https:\/\/likemetkovic.hr\/#\/schema\/person\/0a8b4ebfdfe1ff01192dccda40c5da0c\"},\"breadcrumb\":{\"@id\":\"https:\/\/likemetkovic.hr\/dr-med-nikica-hajvaz-je-kandidat-mosta-za-gradonacelnika-metkovica\/#breadcrumb\"},\"inLanguage\":\"hr\",\"potentialAction\":[{\"@type\":\"ReadAction\",\"target\":[\"https:\/\/likemetkovic.hr\/dr-med-nikica-hajvaz-je-kandidat-mosta-za-gradonacelnika-metkovica\/\"]}]},{\"@type\":\"ImageObject\",\"inLanguage\":\"hr\",\"@id\":\"https:\/\/likemetkovic.hr\/dr-med-nikica-hajvaz-je-kandidat-mosta-za-gradonacelnika-metkovica\/#primaryimage\",\"url\":\"https:\/\/likemetkovic.hr\/portal\/wp-content\/uploads\/2021\/02\/nikica-hajvaz-most.jpg\",\"contentUrl\":\"https:\/\/likemetkovic.hr\/portal\/wp-content\/uploads\/2021\/02\/nikica-hajvaz-most.jpg\",\"width\":800,\"height\":533},{\"@type\":\"BreadcrumbList\",\"@id\":\"https:\/\/likemetkovic.hr\/dr-med-nikica-hajvaz-je-kandidat-mosta-za-gradonacelnika-metkovica\/#breadcrumb\",\"itemListElement\":[{\"@type\":\"ListItem\",\"position\":1,\"name\":\"Po\u010detna stranica\",\"item\":\"https:\/\/likemetkovic.hr\/portal\/\"},{\"@type\":\"ListItem\",\"position\":2,\"name\":\"Dr. med. Nikica Hajvaz je kandidat Mosta za gradona\u010delnika Metkovi\u0107a\"}]},{\"@type\":\"WebSite\",\"@id\":\"https:\/\/likemetkovic.hr\/#website\",\"url\":\"https:\/\/likemetkovic.hr\/\",\"name\":\"likemetkovic.hr\",\"description\":\"Misli pozitivno... \u010ditaj LIKE\",\"potentialAction\":[{\"@type\":\"SearchAction\",\"target\":{\"@type\":\"EntryPoint\",\"urlTemplate\":\"https:\/\/likemetkovic.hr\/?s={search_term_string}\"},\"query-input\":{\"@type\":\"PropertyValueSpecification\",\"valueRequired\":true,\"valueName\":\"search_term_string\"}}],\"inLanguage\":\"hr\"},{\"@type\":\"Person\",\"@id\":\"https:\/\/likemetkovic.hr\/#\/schema\/person\/0a8b4ebfdfe1ff01192dccda40c5da0c\",\"name\":\"K. J.\",\"url\":\"https:\/\/likemetkovic.hr\/portal\/author\/likemetkovic\/\"}]}<\/script>\n<!-- \/ Yoast SEO plugin. -->","yoast_head_json":{"title":"Dr. med. Nikica Hajvaz je kandidat Mosta za gradona\u010delnika Metkovi\u0107a - likemetkovic.hr","robots":{"index":"index","follow":"follow","max-snippet":"max-snippet:-1","max-image-preview":"max-image-preview:large","max-video-preview":"max-video-preview:-1"},"canonical":"https:\/\/likemetkovic.hr\/dr-med-nikica-hajvaz-je-kandidat-mosta-za-gradonacelnika-metkovica\/","og_locale":"hr_HR","og_type":"article","og_title":"Dr. med. Nikica Hajvaz je kandidat Mosta za gradona\u010delnika Metkovi\u0107a - likemetkovic.hr","og_description":"Most je danas predstavio dr. med. Nikicu Hajvaza kao svoga kandidata za gradona\u010delnika Metkovi\u0107a na izborima koji se trebaju odr\u017eati u svibnju ove godine. Podr\u0161ku su mu dali predsjednik Mosta Bo\u017eo Petrov i Nikola Grmoja. Obrazla\u017eu\u0107i svoju kandidaturu Hajvaz je naglasio da je u zrelim sam godinama i mislim da imam dovoljno energije i iskustva, [&hellip;]","og_url":"https:\/\/likemetkovic.hr\/dr-med-nikica-hajvaz-je-kandidat-mosta-za-gradonacelnika-metkovica\/","og_site_name":"likemetkovic.hr","article_publisher":"https:\/\/www.facebook.com\/likemetkovic.hr\/","article_published_time":"2021-02-06T10:49:21+00:00","article_modified_time":"2021-02-07T12:37:23+00:00","og_image":[{"width":800,"height":533,"url":"https:\/\/likemetkovic.hr\/wp-content\/uploads\/2021\/02\/nikica-hajvaz-most.jpg","type":"image\/jpeg"}],"author":"K. J.","twitter_card":"summary_large_image","twitter_misc":{"Napisao\/la":"K. J.","Procijenjeno vrijeme \u010ditanja":"4 minute"},"schema":{"@context":"https:\/\/schema.org","@graph":[{"@type":"WebPage","@id":"https:\/\/likemetkovic.hr\/dr-med-nikica-hajvaz-je-kandidat-mosta-za-gradonacelnika-metkovica\/","url":"https:\/\/likemetkovic.hr\/dr-med-nikica-hajvaz-je-kandidat-mosta-za-gradonacelnika-metkovica\/","name":"Dr. med. Nikica Hajvaz je kandidat Mosta za gradona\u010delnika Metkovi\u0107a - likemetkovic.hr","isPartOf":{"@id":"https:\/\/likemetkovic.hr\/#website"},"primaryImageOfPage":{"@id":"https:\/\/likemetkovic.hr\/dr-med-nikica-hajvaz-je-kandidat-mosta-za-gradonacelnika-metkovica\/#primaryimage"},"image":{"@id":"https:\/\/likemetkovic.hr\/dr-med-nikica-hajvaz-je-kandidat-mosta-za-gradonacelnika-metkovica\/#primaryimage"},"thumbnailUrl":"https:\/\/likemetkovic.hr\/portal\/wp-content\/uploads\/2021\/02\/nikica-hajvaz-most.jpg","datePublished":"2021-02-06T10:49:21+00:00","dateModified":"2021-02-07T12:37:23+00:00","author":{"@id":"https:\/\/likemetkovic.hr\/#\/schema\/person\/0a8b4ebfdfe1ff01192dccda40c5da0c"},"breadcrumb":{"@id":"https:\/\/likemetkovic.hr\/dr-med-nikica-hajvaz-je-kandidat-mosta-za-gradonacelnika-metkovica\/#breadcrumb"},"inLanguage":"hr","potentialAction":[{"@type":"ReadAction","target":["https:\/\/likemetkovic.hr\/dr-med-nikica-hajvaz-je-kandidat-mosta-za-gradonacelnika-metkovica\/"]}]},{"@type":"ImageObject","inLanguage":"hr","@id":"https:\/\/likemetkovic.hr\/dr-med-nikica-hajvaz-je-kandidat-mosta-za-gradonacelnika-metkovica\/#primaryimage","url":"https:\/\/likemetkovic.hr\/portal\/wp-content\/uploads\/2021\/02\/nikica-hajvaz-most.jpg","contentUrl":"https:\/\/likemetkovic.hr\/portal\/wp-content\/uploads\/2021\/02\/nikica-hajvaz-most.jpg","width":800,"height":533},{"@type":"BreadcrumbList","@id":"https:\/\/likemetkovic.hr\/dr-med-nikica-hajvaz-je-kandidat-mosta-za-gradonacelnika-metkovica\/#breadcrumb","itemListElement":[{"@type":"ListItem","position":1,"name":"Po\u010detna stranica","item":"https:\/\/likemetkovic.hr\/portal\/"},{"@type":"ListItem","position":2,"name":"Dr. med. Nikica Hajvaz je kandidat Mosta za gradona\u010delnika Metkovi\u0107a"}]},{"@type":"WebSite","@id":"https:\/\/likemetkovic.hr\/#website","url":"https:\/\/likemetkovic.hr\/","name":"likemetkovic.hr","description":"Misli pozitivno... \u010ditaj LIKE","potentialAction":[{"@type":"SearchAction","target":{"@type":"EntryPoint","urlTemplate":"https:\/\/likemetkovic.hr\/?s={search_term_string}"},"query-input":{"@type":"PropertyValueSpecification","valueRequired":true,"valueName":"search_term_string"}}],"inLanguage":"hr"},{"@type":"Person","@id":"https:\/\/likemetkovic.hr\/#\/schema\/person\/0a8b4ebfdfe1ff01192dccda40c5da0c","name":"K. J.","url":"https:\/\/likemetkovic.hr\/portal\/author\/likemetkovic\/"}]}},"_links":{"self":[{"href":"https:\/\/likemetkovic.hr\/portal\/wp-json\/wp\/v2\/posts\/113508","targetHints":{"allow":["GET"]}}],"collection":[{"href":"https:\/\/likemetkovic.hr\/portal\/wp-json\/wp\/v2\/posts"}],"about":[{"href":"https:\/\/likemetkovic.hr\/portal\/wp-json\/wp\/v2\/types\/post"}],"author":[{"embeddable":true,"href":"https:\/\/likemetkovic.hr\/portal\/wp-json\/wp\/v2\/users\/9"}],"replies":[{"embeddable":true,"href":"https:\/\/likemetkovic.hr\/portal\/wp-json\/wp\/v2\/comments?post=113508"}],"version-history":[{"count":0,"href":"https:\/\/likemetkovic.hr\/portal\/wp-json\/wp\/v2\/posts\/113508\/revisions"}],"wp:featuredmedia":[{"embeddable":true,"href":"https:\/\/likemetkovic.hr\/portal\/wp-json\/wp\/v2\/media\/113509"}],"wp:attachment":[{"href":"https:\/\/likemetkovic.hr\/portal\/wp-json\/wp\/v2\/media?parent=113508"}],"wp:term":[{"taxonomy":"category","embeddable":true,"href":"https:\/\/likemetkovic.hr\/portal\/wp-json\/wp\/v2\/categories?post=113508"},{"taxonomy":"post_tag","embeddable":true,"href":"https:\/\/likemetkovic.hr\/portal\/wp-json\/wp\/v2\/tags?post=113508"}],"curies":[{"name":"wp","href":"https:\/\/api.w.org\/{rel}","templated":true}]}}