{"id":114044,"date":"2021-02-22T09:29:45","date_gmt":"2021-02-22T08:29:45","guid":{"rendered":"https:\/\/likemetkovic.hr\/?p=114044"},"modified":"2021-02-22T09:35:09","modified_gmt":"2021-02-22T08:35:09","slug":"male-gradske-price-smeca-napretek-u-koritu-neretve-ceka-na-svoje-male-skupljace","status":"publish","type":"post","link":"https:\/\/likemetkovic.hr\/portal\/male-gradske-price-smeca-napretek-u-koritu-neretve-ceka-na-svoje-male-skupljace\/","title":{"rendered":"MALE GRADSKE PRI\u010cE Sme\u0107a napretek u koritu Neretve, \u010deka na svoje male skuplja\u010de"},"content":{"rendered":"<p>Ponosno smo na svoju Neretvu, po njoj se nazivamo, po njoj smo prepoznati od drugih, ona je <em>\u017eila kucavica<\/em> na\u0161e Doline. Ali i ne samo to, ona je i bescarinski koridor za provoz sme\u0107a iz vi\u0161ih predjela prema ni\u017eima, sve do U\u0161\u0107a u \u010dijoj ljepoti su ju\u010der u\u017eivali mnogi Neretvani.<\/p>\n<p>Pri\u010da je stara: svakim podizanjem vodostaja, uzvodno od Metkovi\u0107a s divljih odlagali\u0161ta uz obalu Neretve, voda pokupi ogromne koli\u010dine raznovrsnog otpada (ponajvi\u0161e plastike) koja manjim dijelom zapne u tr\u0161\u0107aku, a ve\u0107im otpluta u morske dubine&#8230; daleko od o\u010diju. E da je za\u0107i u dubine i pijesak Neretvanskoga kanala, to bi bila prava <em>arheologija<\/em>.<\/p>\n<p><img decoding=\"async\" class=\"alignnone size-full wp-image-114045\" src=\"https:\/\/likemetkovic.hr\/wp-content\/uploads\/2021\/02\/smece-neretva-1.jpg\" alt=\"\" width=\"800\" height=\"481\" srcset=\"https:\/\/likemetkovic.hr\/portal\/wp-content\/uploads\/2021\/02\/smece-neretva-1.jpg 800w, https:\/\/likemetkovic.hr\/portal\/wp-content\/uploads\/2021\/02\/smece-neretva-1-768x462.jpg 768w, https:\/\/likemetkovic.hr\/portal\/wp-content\/uploads\/2021\/02\/smece-neretva-1-696x418.jpg 696w, https:\/\/likemetkovic.hr\/portal\/wp-content\/uploads\/2021\/02\/smece-neretva-1-699x420.jpg 699w\" sizes=\"(max-width: 800px) 100vw, 800px\" \/><\/p>\n<p>Tako smo nekidan promatrali kako voda nosi veliku lednicu od 200-tinjak litara zapremnine. A ve\u0107inu toga ni ne vidimo. I kome \u0161to re\u0107i kada je kod nas staro pravilo da je malo tko za \u0161to odgovaran. Stoga bi ove retke mogli svrstati u kategoriju narodne izreke <em>Ujeo vuk magare<\/em>.<\/p>\n<p><img decoding=\"async\" class=\"alignnone size-medium wp-image-114047\" src=\"https:\/\/likemetkovic.hr\/wp-content\/uploads\/2021\/02\/smece-neretva-3.jpg\" alt=\"\" width=\"800\" height=\"533\" srcset=\"https:\/\/likemetkovic.hr\/portal\/wp-content\/uploads\/2021\/02\/smece-neretva-3.jpg 800w, https:\/\/likemetkovic.hr\/portal\/wp-content\/uploads\/2021\/02\/smece-neretva-3-768x512.jpg 768w, https:\/\/likemetkovic.hr\/portal\/wp-content\/uploads\/2021\/02\/smece-neretva-3-696x464.jpg 696w, https:\/\/likemetkovic.hr\/portal\/wp-content\/uploads\/2021\/02\/smece-neretva-3-630x420.jpg 630w\" sizes=\"(max-width: 800px) 100vw, 800px\" \/><\/p>\n<p>Neka djeca \u0107e s prvim danima prolje\u0107a u nekakvoj eko-akciji spustiti se u korito, pokupiti tu\u0111e sme\u0107e koje je sre\u0107om zapelo u tr\u0161\u0107aku uz metkovske \u0161etnice pa tako ne\u0107e zavr\u0161iti u najve\u0107em svjetskom odlagali\u0161tu otpada. Ono \u0161to je zapeo ni\u017ee najvjerojatnije \u0107e \u010dekati novi vodostaj da ga oslobodi na putu k moru.<\/p>\n<p>Eh, ta hlada Rijeka, ta zelena Dolina i to najljep\u0161e More na svijetu &#8211; malo vas cijene ljudi koji uz vas i od vas \u017eive.<\/p>\n<p><img decoding=\"async\" class=\"alignnone size-medium wp-image-114046\" src=\"https:\/\/likemetkovic.hr\/wp-content\/uploads\/2021\/02\/smece-neretva-2.jpg\" alt=\"\" width=\"800\" height=\"533\" srcset=\"https:\/\/likemetkovic.hr\/portal\/wp-content\/uploads\/2021\/02\/smece-neretva-2.jpg 800w, https:\/\/likemetkovic.hr\/portal\/wp-content\/uploads\/2021\/02\/smece-neretva-2-768x512.jpg 768w, https:\/\/likemetkovic.hr\/portal\/wp-content\/uploads\/2021\/02\/smece-neretva-2-696x464.jpg 696w, https:\/\/likemetkovic.hr\/portal\/wp-content\/uploads\/2021\/02\/smece-neretva-2-630x420.jpg 630w\" sizes=\"(max-width: 800px) 100vw, 800px\" \/><\/p>\n","protected":false},"excerpt":{"rendered":"<p>Ponosno smo na svoju Neretvu, po njoj se nazivamo, po njoj smo prepoznati od drugih, ona je \u017eila kucavica na\u0161e Doline. Ali i ne samo to, ona je i bescarinski koridor za provoz sme\u0107a iz vi\u0161ih predjela prema ni\u017eima, sve do U\u0161\u0107a u \u010dijoj ljepoti su ju\u010der u\u017eivali mnogi Neretvani. Pri\u010da je stara: svakim podizanjem [&hellip;]<\/p>\n","protected":false},"author":9,"featured_media":114045,"comment_status":"open","ping_status":"open","sticky":false,"template":"","format":"standard","meta":{"footnotes":""},"categories":[283,11],"tags":[5565,1820],"class_list":{"0":"post-114044","1":"post","2":"type-post","3":"status-publish","4":"format-standard","5":"has-post-thumbnail","7":"category-a","8":"category-metkovic-dolina","9":"tag-korito-neretve","10":"tag-smece"},"yoast_head":"<!-- This site is optimized with the Yoast SEO plugin v25.2 - https:\/\/yoast.com\/wordpress\/plugins\/seo\/ -->\n<title>MALE GRADSKE PRI\u010cE Sme\u0107a napretek u koritu Neretve, \u010deka na svoje male skuplja\u010de - likemetkovic.hr<\/title>\n<meta name=\"robots\" content=\"index, follow, max-snippet:-1, max-image-preview:large, max-video-preview:-1\" \/>\n<link rel=\"canonical\" href=\"https:\/\/likemetkovic.hr\/male-gradske-price-smeca-napretek-u-koritu-neretve-ceka-na-svoje-male-skupljace\/\" \/>\n<meta property=\"og:locale\" content=\"hr_HR\" \/>\n<meta property=\"og:type\" content=\"article\" \/>\n<meta property=\"og:title\" content=\"MALE GRADSKE PRI\u010cE Sme\u0107a napretek u koritu Neretve, \u010deka na svoje male skuplja\u010de - likemetkovic.hr\" \/>\n<meta property=\"og:description\" content=\"Ponosno smo na svoju Neretvu, po njoj se nazivamo, po njoj smo prepoznati od drugih, ona je \u017eila kucavica na\u0161e Doline. Ali i ne samo to, ona je i bescarinski koridor za provoz sme\u0107a iz vi\u0161ih predjela prema ni\u017eima, sve do U\u0161\u0107a u \u010dijoj ljepoti su ju\u010der u\u017eivali mnogi Neretvani. Pri\u010da je stara: svakim podizanjem [&hellip;]\" \/>\n<meta property=\"og:url\" content=\"https:\/\/likemetkovic.hr\/male-gradske-price-smeca-napretek-u-koritu-neretve-ceka-na-svoje-male-skupljace\/\" \/>\n<meta property=\"og:site_name\" content=\"likemetkovic.hr\" \/>\n<meta property=\"article:publisher\" content=\"https:\/\/www.facebook.com\/likemetkovic.hr\/\" \/>\n<meta property=\"article:published_time\" content=\"2021-02-22T08:29:45+00:00\" \/>\n<meta property=\"article:modified_time\" content=\"2021-02-22T08:35:09+00:00\" \/>\n<meta property=\"og:image\" content=\"https:\/\/likemetkovic.hr\/wp-content\/uploads\/2021\/02\/smece-neretva-1.jpg\" \/>\n\t<meta property=\"og:image:width\" content=\"800\" \/>\n\t<meta property=\"og:image:height\" content=\"481\" \/>\n\t<meta property=\"og:image:type\" content=\"image\/jpeg\" \/>\n<meta name=\"author\" content=\"K. J.\" \/>\n<meta name=\"twitter:card\" content=\"summary_large_image\" \/>\n<meta name=\"twitter:label1\" content=\"Napisao\/la\" \/>\n\t<meta name=\"twitter:data1\" content=\"K. J.\" \/>\n\t<meta name=\"twitter:label2\" content=\"Procijenjeno vrijeme \u010ditanja\" \/>\n\t<meta name=\"twitter:data2\" content=\"2 minute\" \/>\n<script type=\"application\/ld+json\" class=\"yoast-schema-graph\">{\"@context\":\"https:\/\/schema.org\",\"@graph\":[{\"@type\":\"WebPage\",\"@id\":\"https:\/\/likemetkovic.hr\/male-gradske-price-smeca-napretek-u-koritu-neretve-ceka-na-svoje-male-skupljace\/\",\"url\":\"https:\/\/likemetkovic.hr\/male-gradske-price-smeca-napretek-u-koritu-neretve-ceka-na-svoje-male-skupljace\/\",\"name\":\"MALE GRADSKE PRI\u010cE Sme\u0107a napretek u koritu Neretve, \u010deka na svoje male skuplja\u010de - likemetkovic.hr\",\"isPartOf\":{\"@id\":\"https:\/\/likemetkovic.hr\/#website\"},\"primaryImageOfPage\":{\"@id\":\"https:\/\/likemetkovic.hr\/male-gradske-price-smeca-napretek-u-koritu-neretve-ceka-na-svoje-male-skupljace\/#primaryimage\"},\"image\":{\"@id\":\"https:\/\/likemetkovic.hr\/male-gradske-price-smeca-napretek-u-koritu-neretve-ceka-na-svoje-male-skupljace\/#primaryimage\"},\"thumbnailUrl\":\"https:\/\/likemetkovic.hr\/portal\/wp-content\/uploads\/2021\/02\/smece-neretva-1.jpg\",\"datePublished\":\"2021-02-22T08:29:45+00:00\",\"dateModified\":\"2021-02-22T08:35:09+00:00\",\"author\":{\"@id\":\"https:\/\/likemetkovic.hr\/#\/schema\/person\/0a8b4ebfdfe1ff01192dccda40c5da0c\"},\"breadcrumb\":{\"@id\":\"https:\/\/likemetkovic.hr\/male-gradske-price-smeca-napretek-u-koritu-neretve-ceka-na-svoje-male-skupljace\/#breadcrumb\"},\"inLanguage\":\"hr\",\"potentialAction\":[{\"@type\":\"ReadAction\",\"target\":[\"https:\/\/likemetkovic.hr\/male-gradske-price-smeca-napretek-u-koritu-neretve-ceka-na-svoje-male-skupljace\/\"]}]},{\"@type\":\"ImageObject\",\"inLanguage\":\"hr\",\"@id\":\"https:\/\/likemetkovic.hr\/male-gradske-price-smeca-napretek-u-koritu-neretve-ceka-na-svoje-male-skupljace\/#primaryimage\",\"url\":\"https:\/\/likemetkovic.hr\/portal\/wp-content\/uploads\/2021\/02\/smece-neretva-1.jpg\",\"contentUrl\":\"https:\/\/likemetkovic.hr\/portal\/wp-content\/uploads\/2021\/02\/smece-neretva-1.jpg\",\"width\":800,\"height\":481},{\"@type\":\"BreadcrumbList\",\"@id\":\"https:\/\/likemetkovic.hr\/male-gradske-price-smeca-napretek-u-koritu-neretve-ceka-na-svoje-male-skupljace\/#breadcrumb\",\"itemListElement\":[{\"@type\":\"ListItem\",\"position\":1,\"name\":\"Po\u010detna stranica\",\"item\":\"https:\/\/likemetkovic.hr\/portal\/\"},{\"@type\":\"ListItem\",\"position\":2,\"name\":\"MALE GRADSKE PRI\u010cE Sme\u0107a napretek u koritu Neretve, \u010deka na svoje male skuplja\u010de\"}]},{\"@type\":\"WebSite\",\"@id\":\"https:\/\/likemetkovic.hr\/#website\",\"url\":\"https:\/\/likemetkovic.hr\/\",\"name\":\"likemetkovic.hr\",\"description\":\"Misli pozitivno... \u010ditaj LIKE\",\"potentialAction\":[{\"@type\":\"SearchAction\",\"target\":{\"@type\":\"EntryPoint\",\"urlTemplate\":\"https:\/\/likemetkovic.hr\/?s={search_term_string}\"},\"query-input\":{\"@type\":\"PropertyValueSpecification\",\"valueRequired\":true,\"valueName\":\"search_term_string\"}}],\"inLanguage\":\"hr\"},{\"@type\":\"Person\",\"@id\":\"https:\/\/likemetkovic.hr\/#\/schema\/person\/0a8b4ebfdfe1ff01192dccda40c5da0c\",\"name\":\"K. J.\",\"url\":\"https:\/\/likemetkovic.hr\/portal\/author\/likemetkovic\/\"}]}<\/script>\n<!-- \/ Yoast SEO plugin. -->","yoast_head_json":{"title":"MALE GRADSKE PRI\u010cE Sme\u0107a napretek u koritu Neretve, \u010deka na svoje male skuplja\u010de - likemetkovic.hr","robots":{"index":"index","follow":"follow","max-snippet":"max-snippet:-1","max-image-preview":"max-image-preview:large","max-video-preview":"max-video-preview:-1"},"canonical":"https:\/\/likemetkovic.hr\/male-gradske-price-smeca-napretek-u-koritu-neretve-ceka-na-svoje-male-skupljace\/","og_locale":"hr_HR","og_type":"article","og_title":"MALE GRADSKE PRI\u010cE Sme\u0107a napretek u koritu Neretve, \u010deka na svoje male skuplja\u010de - likemetkovic.hr","og_description":"Ponosno smo na svoju Neretvu, po njoj se nazivamo, po njoj smo prepoznati od drugih, ona je \u017eila kucavica na\u0161e Doline. Ali i ne samo to, ona je i bescarinski koridor za provoz sme\u0107a iz vi\u0161ih predjela prema ni\u017eima, sve do U\u0161\u0107a u \u010dijoj ljepoti su ju\u010der u\u017eivali mnogi Neretvani. Pri\u010da je stara: svakim podizanjem [&hellip;]","og_url":"https:\/\/likemetkovic.hr\/male-gradske-price-smeca-napretek-u-koritu-neretve-ceka-na-svoje-male-skupljace\/","og_site_name":"likemetkovic.hr","article_publisher":"https:\/\/www.facebook.com\/likemetkovic.hr\/","article_published_time":"2021-02-22T08:29:45+00:00","article_modified_time":"2021-02-22T08:35:09+00:00","og_image":[{"width":800,"height":481,"url":"https:\/\/likemetkovic.hr\/wp-content\/uploads\/2021\/02\/smece-neretva-1.jpg","type":"image\/jpeg"}],"author":"K. J.","twitter_card":"summary_large_image","twitter_misc":{"Napisao\/la":"K. J.","Procijenjeno vrijeme \u010ditanja":"2 minute"},"schema":{"@context":"https:\/\/schema.org","@graph":[{"@type":"WebPage","@id":"https:\/\/likemetkovic.hr\/male-gradske-price-smeca-napretek-u-koritu-neretve-ceka-na-svoje-male-skupljace\/","url":"https:\/\/likemetkovic.hr\/male-gradske-price-smeca-napretek-u-koritu-neretve-ceka-na-svoje-male-skupljace\/","name":"MALE GRADSKE PRI\u010cE Sme\u0107a napretek u koritu Neretve, \u010deka na svoje male skuplja\u010de - likemetkovic.hr","isPartOf":{"@id":"https:\/\/likemetkovic.hr\/#website"},"primaryImageOfPage":{"@id":"https:\/\/likemetkovic.hr\/male-gradske-price-smeca-napretek-u-koritu-neretve-ceka-na-svoje-male-skupljace\/#primaryimage"},"image":{"@id":"https:\/\/likemetkovic.hr\/male-gradske-price-smeca-napretek-u-koritu-neretve-ceka-na-svoje-male-skupljace\/#primaryimage"},"thumbnailUrl":"https:\/\/likemetkovic.hr\/portal\/wp-content\/uploads\/2021\/02\/smece-neretva-1.jpg","datePublished":"2021-02-22T08:29:45+00:00","dateModified":"2021-02-22T08:35:09+00:00","author":{"@id":"https:\/\/likemetkovic.hr\/#\/schema\/person\/0a8b4ebfdfe1ff01192dccda40c5da0c"},"breadcrumb":{"@id":"https:\/\/likemetkovic.hr\/male-gradske-price-smeca-napretek-u-koritu-neretve-ceka-na-svoje-male-skupljace\/#breadcrumb"},"inLanguage":"hr","potentialAction":[{"@type":"ReadAction","target":["https:\/\/likemetkovic.hr\/male-gradske-price-smeca-napretek-u-koritu-neretve-ceka-na-svoje-male-skupljace\/"]}]},{"@type":"ImageObject","inLanguage":"hr","@id":"https:\/\/likemetkovic.hr\/male-gradske-price-smeca-napretek-u-koritu-neretve-ceka-na-svoje-male-skupljace\/#primaryimage","url":"https:\/\/likemetkovic.hr\/portal\/wp-content\/uploads\/2021\/02\/smece-neretva-1.jpg","contentUrl":"https:\/\/likemetkovic.hr\/portal\/wp-content\/uploads\/2021\/02\/smece-neretva-1.jpg","width":800,"height":481},{"@type":"BreadcrumbList","@id":"https:\/\/likemetkovic.hr\/male-gradske-price-smeca-napretek-u-koritu-neretve-ceka-na-svoje-male-skupljace\/#breadcrumb","itemListElement":[{"@type":"ListItem","position":1,"name":"Po\u010detna stranica","item":"https:\/\/likemetkovic.hr\/portal\/"},{"@type":"ListItem","position":2,"name":"MALE GRADSKE PRI\u010cE Sme\u0107a napretek u koritu Neretve, \u010deka na svoje male skuplja\u010de"}]},{"@type":"WebSite","@id":"https:\/\/likemetkovic.hr\/#website","url":"https:\/\/likemetkovic.hr\/","name":"likemetkovic.hr","description":"Misli pozitivno... \u010ditaj LIKE","potentialAction":[{"@type":"SearchAction","target":{"@type":"EntryPoint","urlTemplate":"https:\/\/likemetkovic.hr\/?s={search_term_string}"},"query-input":{"@type":"PropertyValueSpecification","valueRequired":true,"valueName":"search_term_string"}}],"inLanguage":"hr"},{"@type":"Person","@id":"https:\/\/likemetkovic.hr\/#\/schema\/person\/0a8b4ebfdfe1ff01192dccda40c5da0c","name":"K. J.","url":"https:\/\/likemetkovic.hr\/portal\/author\/likemetkovic\/"}]}},"_links":{"self":[{"href":"https:\/\/likemetkovic.hr\/portal\/wp-json\/wp\/v2\/posts\/114044","targetHints":{"allow":["GET"]}}],"collection":[{"href":"https:\/\/likemetkovic.hr\/portal\/wp-json\/wp\/v2\/posts"}],"about":[{"href":"https:\/\/likemetkovic.hr\/portal\/wp-json\/wp\/v2\/types\/post"}],"author":[{"embeddable":true,"href":"https:\/\/likemetkovic.hr\/portal\/wp-json\/wp\/v2\/users\/9"}],"replies":[{"embeddable":true,"href":"https:\/\/likemetkovic.hr\/portal\/wp-json\/wp\/v2\/comments?post=114044"}],"version-history":[{"count":0,"href":"https:\/\/likemetkovic.hr\/portal\/wp-json\/wp\/v2\/posts\/114044\/revisions"}],"wp:featuredmedia":[{"embeddable":true,"href":"https:\/\/likemetkovic.hr\/portal\/wp-json\/wp\/v2\/media\/114045"}],"wp:attachment":[{"href":"https:\/\/likemetkovic.hr\/portal\/wp-json\/wp\/v2\/media?parent=114044"}],"wp:term":[{"taxonomy":"category","embeddable":true,"href":"https:\/\/likemetkovic.hr\/portal\/wp-json\/wp\/v2\/categories?post=114044"},{"taxonomy":"post_tag","embeddable":true,"href":"https:\/\/likemetkovic.hr\/portal\/wp-json\/wp\/v2\/tags?post=114044"}],"curies":[{"name":"wp","href":"https:\/\/api.w.org\/{rel}","templated":true}]}}