{"id":114079,"date":"2021-02-22T22:05:30","date_gmt":"2021-02-22T21:05:30","guid":{"rendered":"https:\/\/likemetkovic.hr\/?p=114079"},"modified":"2021-02-22T22:05:30","modified_gmt":"2021-02-22T21:05:30","slug":"gradsko-vijece-smanjen-broj-vijecnika-i-zamjenika-gradonacelnika-oporbu-zanimala-novogradnja-u-ulici-ilije-bosnjaka","status":"publish","type":"post","link":"https:\/\/likemetkovic.hr\/portal\/gradsko-vijece-smanjen-broj-vijecnika-i-zamjenika-gradonacelnika-oporbu-zanimala-novogradnja-u-ulici-ilije-bosnjaka\/","title":{"rendered":"GRADSKO VIJE\u0106E: Smanjen broj vije\u0107nika i zamjenika gradona\u010delnika, oporbu zanimala novogradnja u Ulici Ilije Bo\u0161njaka"},"content":{"rendered":"<p>Danas je s po\u010detkom u 17 sati u Galeriji GKS-a odr\u017eana 31. sjednica Gradskoga vije\u0107a Grada Metkovi\u0107a.<\/p>\n<p>Prvom to\u010dkom dnevnoga reda usvojen je <strong>Prijedlog Statuta Grada Metkovi\u0107a<\/strong> koji se tako uskla\u0111uje s izmjenama i dopunama Zakona o lokalnoj i podru\u010dnoj (regionalnoj) samoupravi donesenim na sjednici Hrvatskoga sabora u prosincu 2020. godine. Novim Statutom ja\u010da se uloga<strong> zbora gra\u0111ana<\/strong> koji se mo\u017ee sazvati radi izja\u0161njavanja gra\u0111ana o pojedinim pitanjima i prijedlozima iz samoupravnog djelokruga Grada Metkovi\u0107a te raspravljanja o potrebama i interesima gra\u0111ana. Novim Statutom mijenja se broj \u010dlanova Gradskog vije\u0107a pa \u0107e, umjesto dosada\u0161njih 17, imati <strong>15 \u010dlanova<\/strong>. Gradona\u010delnik Metkovi\u0107a, s obzirom na broj stanovnika grada, imat \u0107e pravo na <strong>jednog zamjenika<\/strong>. Nadalje, ukupna godi\u0161nja netonaknada svakoga vije\u0107nika ne smije iznositi vi\u0161e od 10 tisu\u0107a kuna, a taj se iznos za predsjednika Gradskog vije\u0107a mo\u017ee uve\u0107ati za najvi\u0161e 50%, a za potpredsjednike za najvi\u0161e 30% pripadaju\u0107e naknade. Zbog trenutne situacije s pandemijom koronavirusa, sjednice Gradskoga vije\u0107a mogu se sazivati i virtualno.<\/p>\n<p>Direktor <em>\u010cisto\u0107e Metkovi\u0107 d.o.o., <\/em>Tomislav Jaki\u0107, predstavio je <strong>Zaklju\u010dak o prihva\u0107anju Izvje\u0161\u0107a o radu davatelja usluge skupljanja i zbrinjavanja mije\u0161anog komunalnog otpada u 2020. godini<\/strong>. Najavio je i pove\u0107anje broja posuda za odvojeno skupljanje, nabavu novih vozila, nastavak projekta izgradnje kompostane i sortirnice.<\/p>\n<p>Usvojen je i <strong>Zaklju\u010dak o prihva\u0107anju Izvje\u0161\u0107a o stanju u prostoru Grada Metkovi\u0107a u razdoblju od 2013. do 2020. godine<\/strong>.<\/p>\n<p>Najvi\u0161e se raspravljalo o to\u010dkama dnevnoga reda koje se odnose na poljoprivredu. Zamjenik gradona\u010delnika, Robert Doko, predstavio je <strong>Prijedlog Programa potpora u poljoprivredi na podru\u010dju Metkovi\u0107a za razdoblje 2021. \u2013 2023. godine<\/strong>, a vije\u0107nik Stipo Gabri\u0107 kritizirao ga je zbog sukoba interesa. Tako\u0111er, kritizirao je i izradu <strong>Prijedloga Odluke o dono\u0161enju Programa raspolaganja poljoprivrednim zemlji\u0161tem u vlasni\u0161tvu Republike Hrvatske na podru\u010dju grada Metkovi\u0107a.<\/strong><\/p>\n<p>Ve\u0107inom glasova usvojeni su i <strong>Prijedlog Godi\u0161njeg provedbenog plana unaprje\u0111enja za\u0161tite od po\u017eara <\/strong>te<strong> Odluka o dono\u0161enju Procjene rizika od velikih nesre\u0107a na podru\u010dju grada Metkovi\u0107a. <\/strong><\/p>\n<p>Novim Zakonom o vatrogastvu, koji je stupio na snagu 1. sije\u010dnja 2020. godine, cjelovito je ure\u0111en sustav vatrogastva u Republici Hrvatskoj pa se prema tome uskladio i <strong>Statut Javne vatrogasne postrojbe Metkovi\u0107. \u00a0<em>\u00a0\u00a0<\/em><\/strong><\/p>\n<p>Dnevni red dopunjen je <strong>Prijedlogom Odluke o produljenju va\u017eenja Strategije razvoja urbanog podru\u010dja Grada Metkovi\u0107a 2016. \u2013 2020. godine <\/strong>kojom se produljuje va\u017ee\u0107i strate\u0161ki akt do dono\u0161enja nove Strategije, najkasnije do 31. prosinca 2021. godine.<\/p>\n<p>Posljednja to\u010dka dnevnoga reda bio je <strong>Prijedlog Odluke o suglasnosti za provedbu ulaganja u projekt \u201eRekonstrukcija Podru\u010dnog dje\u010djeg vrti\u0107a Vid\u201c<\/strong> kojom se planiraju rekonstruirati prostorije Vrti\u0107a s obzirom da su u lo\u0161em stanju.<\/p>\n<p>Na kraju sjednice, vije\u0107nica Mosta <strong>Marijana Glu\u0161\u010devi\u0107<\/strong> pitala je gradona\u010delnika o <strong>gra\u0111evinskoj dozvoli za objekt povr\u0161ine 2000 m\u00b2<\/strong> <strong>s planiranim podzemnim gara\u017eama u Ulici Ilije Bo\u0161njak<\/strong> s obzirom da je to podru\u010dje ozna\u010deno kao djelomi\u010dno branjeno od poplava, bez rije\u0161enog problema odvodnje oborinskih i fekalnih voda. Bez obzira na to, Grad Metkovi\u0107, kao jedna od stranaka u tom postupku navela je da tu postoji odre\u0111ena infrastruktura, ali gradona\u010delnik danas nije odgovorio na pitanje, nego je <em>uputio vije\u0107nicu na drugu adresu<\/em>.<\/p>\n","protected":false},"excerpt":{"rendered":"<p>Danas je s po\u010detkom u 17 sati u Galeriji GKS-a odr\u017eana 31. sjednica Gradskoga vije\u0107a Grada Metkovi\u0107a. Prvom to\u010dkom dnevnoga reda usvojen je Prijedlog Statuta Grada Metkovi\u0107a koji se tako uskla\u0111uje s izmjenama i dopunama Zakona o lokalnoj i podru\u010dnoj (regionalnoj) samoupravi donesenim na sjednici Hrvatskoga sabora u prosincu 2020. godine. Novim Statutom ja\u010da se [&hellip;]<\/p>\n","protected":false},"author":9,"featured_media":99697,"comment_status":"open","ping_status":"open","sticky":false,"template":"","format":"standard","meta":{"footnotes":""},"categories":[283,11,290],"tags":[1321,3308],"class_list":{"0":"post-114079","1":"post","2":"type-post","3":"status-publish","4":"format-standard","5":"has-post-thumbnail","7":"category-a","8":"category-metkovic-dolina","9":"category-politika","10":"tag-gradsko-vijece","11":"tag-sjednica"},"yoast_head":"<!-- This site is optimized with the Yoast SEO plugin v25.2 - https:\/\/yoast.com\/wordpress\/plugins\/seo\/ -->\n<title>GRADSKO VIJE\u0106E: Smanjen broj vije\u0107nika i zamjenika gradona\u010delnika, oporbu zanimala novogradnja u Ulici Ilije Bo\u0161njaka - likemetkovic.hr<\/title>\n<meta name=\"robots\" content=\"index, follow, max-snippet:-1, max-image-preview:large, max-video-preview:-1\" \/>\n<link rel=\"canonical\" href=\"https:\/\/likemetkovic.hr\/gradsko-vijece-smanjen-broj-vijecnika-i-zamjenika-gradonacelnika-oporbu-zanimala-novogradnja-u-ulici-ilije-bosnjaka\/\" \/>\n<meta property=\"og:locale\" content=\"hr_HR\" \/>\n<meta property=\"og:type\" content=\"article\" \/>\n<meta property=\"og:title\" content=\"GRADSKO VIJE\u0106E: Smanjen broj vije\u0107nika i zamjenika gradona\u010delnika, oporbu zanimala novogradnja u Ulici Ilije Bo\u0161njaka - likemetkovic.hr\" \/>\n<meta property=\"og:description\" content=\"Danas je s po\u010detkom u 17 sati u Galeriji GKS-a odr\u017eana 31. sjednica Gradskoga vije\u0107a Grada Metkovi\u0107a. Prvom to\u010dkom dnevnoga reda usvojen je Prijedlog Statuta Grada Metkovi\u0107a koji se tako uskla\u0111uje s izmjenama i dopunama Zakona o lokalnoj i podru\u010dnoj (regionalnoj) samoupravi donesenim na sjednici Hrvatskoga sabora u prosincu 2020. godine. Novim Statutom ja\u010da se [&hellip;]\" \/>\n<meta property=\"og:url\" content=\"https:\/\/likemetkovic.hr\/gradsko-vijece-smanjen-broj-vijecnika-i-zamjenika-gradonacelnika-oporbu-zanimala-novogradnja-u-ulici-ilije-bosnjaka\/\" \/>\n<meta property=\"og:site_name\" content=\"likemetkovic.hr\" \/>\n<meta property=\"article:publisher\" content=\"https:\/\/www.facebook.com\/likemetkovic.hr\/\" \/>\n<meta property=\"article:published_time\" content=\"2021-02-22T21:05:30+00:00\" \/>\n<meta property=\"og:image\" content=\"https:\/\/likemetkovic.hr\/wp-content\/uploads\/2020\/03\/828sjednica-GV-korona.jpg\" \/>\n\t<meta property=\"og:image:width\" content=\"800\" \/>\n\t<meta property=\"og:image:height\" content=\"533\" \/>\n\t<meta property=\"og:image:type\" content=\"image\/jpeg\" \/>\n<meta name=\"author\" content=\"K. J.\" \/>\n<meta name=\"twitter:card\" content=\"summary_large_image\" \/>\n<meta name=\"twitter:label1\" content=\"Napisao\/la\" \/>\n\t<meta name=\"twitter:data1\" content=\"K. J.\" \/>\n\t<meta name=\"twitter:label2\" content=\"Procijenjeno vrijeme \u010ditanja\" \/>\n\t<meta name=\"twitter:data2\" content=\"3 minute\" \/>\n<script type=\"application\/ld+json\" class=\"yoast-schema-graph\">{\"@context\":\"https:\/\/schema.org\",\"@graph\":[{\"@type\":\"WebPage\",\"@id\":\"https:\/\/likemetkovic.hr\/gradsko-vijece-smanjen-broj-vijecnika-i-zamjenika-gradonacelnika-oporbu-zanimala-novogradnja-u-ulici-ilije-bosnjaka\/\",\"url\":\"https:\/\/likemetkovic.hr\/gradsko-vijece-smanjen-broj-vijecnika-i-zamjenika-gradonacelnika-oporbu-zanimala-novogradnja-u-ulici-ilije-bosnjaka\/\",\"name\":\"GRADSKO VIJE\u0106E: Smanjen broj vije\u0107nika i zamjenika gradona\u010delnika, oporbu zanimala novogradnja u Ulici Ilije Bo\u0161njaka - likemetkovic.hr\",\"isPartOf\":{\"@id\":\"https:\/\/likemetkovic.hr\/#website\"},\"primaryImageOfPage\":{\"@id\":\"https:\/\/likemetkovic.hr\/gradsko-vijece-smanjen-broj-vijecnika-i-zamjenika-gradonacelnika-oporbu-zanimala-novogradnja-u-ulici-ilije-bosnjaka\/#primaryimage\"},\"image\":{\"@id\":\"https:\/\/likemetkovic.hr\/gradsko-vijece-smanjen-broj-vijecnika-i-zamjenika-gradonacelnika-oporbu-zanimala-novogradnja-u-ulici-ilije-bosnjaka\/#primaryimage\"},\"thumbnailUrl\":\"https:\/\/likemetkovic.hr\/portal\/wp-content\/uploads\/2020\/03\/828sjednica-GV-korona.jpg\",\"datePublished\":\"2021-02-22T21:05:30+00:00\",\"author\":{\"@id\":\"https:\/\/likemetkovic.hr\/#\/schema\/person\/0a8b4ebfdfe1ff01192dccda40c5da0c\"},\"breadcrumb\":{\"@id\":\"https:\/\/likemetkovic.hr\/gradsko-vijece-smanjen-broj-vijecnika-i-zamjenika-gradonacelnika-oporbu-zanimala-novogradnja-u-ulici-ilije-bosnjaka\/#breadcrumb\"},\"inLanguage\":\"hr\",\"potentialAction\":[{\"@type\":\"ReadAction\",\"target\":[\"https:\/\/likemetkovic.hr\/gradsko-vijece-smanjen-broj-vijecnika-i-zamjenika-gradonacelnika-oporbu-zanimala-novogradnja-u-ulici-ilije-bosnjaka\/\"]}]},{\"@type\":\"ImageObject\",\"inLanguage\":\"hr\",\"@id\":\"https:\/\/likemetkovic.hr\/gradsko-vijece-smanjen-broj-vijecnika-i-zamjenika-gradonacelnika-oporbu-zanimala-novogradnja-u-ulici-ilije-bosnjaka\/#primaryimage\",\"url\":\"https:\/\/likemetkovic.hr\/portal\/wp-content\/uploads\/2020\/03\/828sjednica-GV-korona.jpg\",\"contentUrl\":\"https:\/\/likemetkovic.hr\/portal\/wp-content\/uploads\/2020\/03\/828sjednica-GV-korona.jpg\",\"width\":800,\"height\":533},{\"@type\":\"BreadcrumbList\",\"@id\":\"https:\/\/likemetkovic.hr\/gradsko-vijece-smanjen-broj-vijecnika-i-zamjenika-gradonacelnika-oporbu-zanimala-novogradnja-u-ulici-ilije-bosnjaka\/#breadcrumb\",\"itemListElement\":[{\"@type\":\"ListItem\",\"position\":1,\"name\":\"Po\u010detna stranica\",\"item\":\"https:\/\/likemetkovic.hr\/portal\/\"},{\"@type\":\"ListItem\",\"position\":2,\"name\":\"GRADSKO VIJE\u0106E: Smanjen broj vije\u0107nika i zamjenika gradona\u010delnika, oporbu zanimala novogradnja u Ulici Ilije Bo\u0161njaka\"}]},{\"@type\":\"WebSite\",\"@id\":\"https:\/\/likemetkovic.hr\/#website\",\"url\":\"https:\/\/likemetkovic.hr\/\",\"name\":\"likemetkovic.hr\",\"description\":\"Misli pozitivno... \u010ditaj LIKE\",\"potentialAction\":[{\"@type\":\"SearchAction\",\"target\":{\"@type\":\"EntryPoint\",\"urlTemplate\":\"https:\/\/likemetkovic.hr\/?s={search_term_string}\"},\"query-input\":{\"@type\":\"PropertyValueSpecification\",\"valueRequired\":true,\"valueName\":\"search_term_string\"}}],\"inLanguage\":\"hr\"},{\"@type\":\"Person\",\"@id\":\"https:\/\/likemetkovic.hr\/#\/schema\/person\/0a8b4ebfdfe1ff01192dccda40c5da0c\",\"name\":\"K. J.\",\"url\":\"https:\/\/likemetkovic.hr\/portal\/author\/likemetkovic\/\"}]}<\/script>\n<!-- \/ Yoast SEO plugin. -->","yoast_head_json":{"title":"GRADSKO VIJE\u0106E: Smanjen broj vije\u0107nika i zamjenika gradona\u010delnika, oporbu zanimala novogradnja u Ulici Ilije Bo\u0161njaka - likemetkovic.hr","robots":{"index":"index","follow":"follow","max-snippet":"max-snippet:-1","max-image-preview":"max-image-preview:large","max-video-preview":"max-video-preview:-1"},"canonical":"https:\/\/likemetkovic.hr\/gradsko-vijece-smanjen-broj-vijecnika-i-zamjenika-gradonacelnika-oporbu-zanimala-novogradnja-u-ulici-ilije-bosnjaka\/","og_locale":"hr_HR","og_type":"article","og_title":"GRADSKO VIJE\u0106E: Smanjen broj vije\u0107nika i zamjenika gradona\u010delnika, oporbu zanimala novogradnja u Ulici Ilije Bo\u0161njaka - likemetkovic.hr","og_description":"Danas je s po\u010detkom u 17 sati u Galeriji GKS-a odr\u017eana 31. sjednica Gradskoga vije\u0107a Grada Metkovi\u0107a. Prvom to\u010dkom dnevnoga reda usvojen je Prijedlog Statuta Grada Metkovi\u0107a koji se tako uskla\u0111uje s izmjenama i dopunama Zakona o lokalnoj i podru\u010dnoj (regionalnoj) samoupravi donesenim na sjednici Hrvatskoga sabora u prosincu 2020. godine. Novim Statutom ja\u010da se [&hellip;]","og_url":"https:\/\/likemetkovic.hr\/gradsko-vijece-smanjen-broj-vijecnika-i-zamjenika-gradonacelnika-oporbu-zanimala-novogradnja-u-ulici-ilije-bosnjaka\/","og_site_name":"likemetkovic.hr","article_publisher":"https:\/\/www.facebook.com\/likemetkovic.hr\/","article_published_time":"2021-02-22T21:05:30+00:00","og_image":[{"width":800,"height":533,"url":"https:\/\/likemetkovic.hr\/wp-content\/uploads\/2020\/03\/828sjednica-GV-korona.jpg","type":"image\/jpeg"}],"author":"K. J.","twitter_card":"summary_large_image","twitter_misc":{"Napisao\/la":"K. J.","Procijenjeno vrijeme \u010ditanja":"3 minute"},"schema":{"@context":"https:\/\/schema.org","@graph":[{"@type":"WebPage","@id":"https:\/\/likemetkovic.hr\/gradsko-vijece-smanjen-broj-vijecnika-i-zamjenika-gradonacelnika-oporbu-zanimala-novogradnja-u-ulici-ilije-bosnjaka\/","url":"https:\/\/likemetkovic.hr\/gradsko-vijece-smanjen-broj-vijecnika-i-zamjenika-gradonacelnika-oporbu-zanimala-novogradnja-u-ulici-ilije-bosnjaka\/","name":"GRADSKO VIJE\u0106E: Smanjen broj vije\u0107nika i zamjenika gradona\u010delnika, oporbu zanimala novogradnja u Ulici Ilije Bo\u0161njaka - likemetkovic.hr","isPartOf":{"@id":"https:\/\/likemetkovic.hr\/#website"},"primaryImageOfPage":{"@id":"https:\/\/likemetkovic.hr\/gradsko-vijece-smanjen-broj-vijecnika-i-zamjenika-gradonacelnika-oporbu-zanimala-novogradnja-u-ulici-ilije-bosnjaka\/#primaryimage"},"image":{"@id":"https:\/\/likemetkovic.hr\/gradsko-vijece-smanjen-broj-vijecnika-i-zamjenika-gradonacelnika-oporbu-zanimala-novogradnja-u-ulici-ilije-bosnjaka\/#primaryimage"},"thumbnailUrl":"https:\/\/likemetkovic.hr\/portal\/wp-content\/uploads\/2020\/03\/828sjednica-GV-korona.jpg","datePublished":"2021-02-22T21:05:30+00:00","author":{"@id":"https:\/\/likemetkovic.hr\/#\/schema\/person\/0a8b4ebfdfe1ff01192dccda40c5da0c"},"breadcrumb":{"@id":"https:\/\/likemetkovic.hr\/gradsko-vijece-smanjen-broj-vijecnika-i-zamjenika-gradonacelnika-oporbu-zanimala-novogradnja-u-ulici-ilije-bosnjaka\/#breadcrumb"},"inLanguage":"hr","potentialAction":[{"@type":"ReadAction","target":["https:\/\/likemetkovic.hr\/gradsko-vijece-smanjen-broj-vijecnika-i-zamjenika-gradonacelnika-oporbu-zanimala-novogradnja-u-ulici-ilije-bosnjaka\/"]}]},{"@type":"ImageObject","inLanguage":"hr","@id":"https:\/\/likemetkovic.hr\/gradsko-vijece-smanjen-broj-vijecnika-i-zamjenika-gradonacelnika-oporbu-zanimala-novogradnja-u-ulici-ilije-bosnjaka\/#primaryimage","url":"https:\/\/likemetkovic.hr\/portal\/wp-content\/uploads\/2020\/03\/828sjednica-GV-korona.jpg","contentUrl":"https:\/\/likemetkovic.hr\/portal\/wp-content\/uploads\/2020\/03\/828sjednica-GV-korona.jpg","width":800,"height":533},{"@type":"BreadcrumbList","@id":"https:\/\/likemetkovic.hr\/gradsko-vijece-smanjen-broj-vijecnika-i-zamjenika-gradonacelnika-oporbu-zanimala-novogradnja-u-ulici-ilije-bosnjaka\/#breadcrumb","itemListElement":[{"@type":"ListItem","position":1,"name":"Po\u010detna stranica","item":"https:\/\/likemetkovic.hr\/portal\/"},{"@type":"ListItem","position":2,"name":"GRADSKO VIJE\u0106E: Smanjen broj vije\u0107nika i zamjenika gradona\u010delnika, oporbu zanimala novogradnja u Ulici Ilije Bo\u0161njaka"}]},{"@type":"WebSite","@id":"https:\/\/likemetkovic.hr\/#website","url":"https:\/\/likemetkovic.hr\/","name":"likemetkovic.hr","description":"Misli pozitivno... \u010ditaj LIKE","potentialAction":[{"@type":"SearchAction","target":{"@type":"EntryPoint","urlTemplate":"https:\/\/likemetkovic.hr\/?s={search_term_string}"},"query-input":{"@type":"PropertyValueSpecification","valueRequired":true,"valueName":"search_term_string"}}],"inLanguage":"hr"},{"@type":"Person","@id":"https:\/\/likemetkovic.hr\/#\/schema\/person\/0a8b4ebfdfe1ff01192dccda40c5da0c","name":"K. J.","url":"https:\/\/likemetkovic.hr\/portal\/author\/likemetkovic\/"}]}},"_links":{"self":[{"href":"https:\/\/likemetkovic.hr\/portal\/wp-json\/wp\/v2\/posts\/114079","targetHints":{"allow":["GET"]}}],"collection":[{"href":"https:\/\/likemetkovic.hr\/portal\/wp-json\/wp\/v2\/posts"}],"about":[{"href":"https:\/\/likemetkovic.hr\/portal\/wp-json\/wp\/v2\/types\/post"}],"author":[{"embeddable":true,"href":"https:\/\/likemetkovic.hr\/portal\/wp-json\/wp\/v2\/users\/9"}],"replies":[{"embeddable":true,"href":"https:\/\/likemetkovic.hr\/portal\/wp-json\/wp\/v2\/comments?post=114079"}],"version-history":[{"count":0,"href":"https:\/\/likemetkovic.hr\/portal\/wp-json\/wp\/v2\/posts\/114079\/revisions"}],"wp:featuredmedia":[{"embeddable":true,"href":"https:\/\/likemetkovic.hr\/portal\/wp-json\/wp\/v2\/media\/99697"}],"wp:attachment":[{"href":"https:\/\/likemetkovic.hr\/portal\/wp-json\/wp\/v2\/media?parent=114079"}],"wp:term":[{"taxonomy":"category","embeddable":true,"href":"https:\/\/likemetkovic.hr\/portal\/wp-json\/wp\/v2\/categories?post=114079"},{"taxonomy":"post_tag","embeddable":true,"href":"https:\/\/likemetkovic.hr\/portal\/wp-json\/wp\/v2\/tags?post=114079"}],"curies":[{"name":"wp","href":"https:\/\/api.w.org\/{rel}","templated":true}]}}