{"id":114216,"date":"2021-02-27T11:00:57","date_gmt":"2021-02-27T10:00:57","guid":{"rendered":"https:\/\/likemetkovic.hr\/?p=114216"},"modified":"2021-02-27T11:59:07","modified_gmt":"2021-02-27T10:59:07","slug":"most-gradonacelnik-milana-nastavlja-s-omalovazavanjem","status":"publish","type":"post","link":"https:\/\/likemetkovic.hr\/portal\/most-gradonacelnik-milana-nastavlja-s-omalovazavanjem\/","title":{"rendered":"Most: Gradona\u010delnik Milan nastavlja s omalova\u017eavanjem"},"content":{"rendered":"<p dir=\"auto\">Most Metkovi\u0107 je novim priop\u0107enjem reagirao na posljednje obra\u0107anje javnosti putem medija gradona\u010delnika Dalibora Milana u kojem je naglasio da su Mostove prozivke <em>pucanj u prazno<\/em>. Prenosimo ga u cijelosti:<\/p>\n<p dir=\"auto\">Nakon \u0161to smo reagirali na gradona\u010delnikov neprimjeren nastup na pro\u0161loj sjednici Gradskoga vije\u0107a, gradona\u010delnik Dalibor Milan objavio je 25. velja\u010de priop\u0107enje u kojemu, govore\u0107i o mnogo\u010demu, zapravo izbjegava su\u0161tinu.\u00a0<u><\/u><u><\/u><\/p>\n<p>Stoga, iznosimo ponovno \u010dinjenice i pitanja na koje gradona\u010delnik uporno odbija odgovoriti:<u><\/u><u><\/u><\/p>\n<p>&#8211; Dalibor Milan vjerojatno je jedini gradona\u010delnik na svijetu koji je na sjednici Gradskoga vije\u0107a izjavio da ni kao gra\u0111anin ni kao gradona\u010delnik\u00a0<b>nema mi\u0161ljenje<\/b>\u00a0o urbanisti\u010dko-gra\u0111evinskom uni\u0161tenju grada kojemu je na \u010delu.<u><\/u><u><\/u><\/p>\n<p>&#8211; Dalibor Milan\u00a0<b>nije odgovorio na vije\u0107ni\u010dko pitanje.<\/b><u><\/u><u><\/u><\/p>\n<p>&#8211; Most ni u \u010demu ne dovodi u pitanje\u00a0<i>zakone, propise i prostorne planove<\/i>, kako insinuira Dalibor Milan. Naprotiv, pozivamo se upravo na te zakone, propise i planove.<u><\/u><u><\/u><\/p>\n<p>&#8211; Dalibor Milan tvrdi da\u00a0<i>Grad Metkovi\u0107 djeluje isklju\u010divo i jedino u skladu sa zakonima<\/i>\u00a0i da je\u00a0<i>Grad Metkovi\u0107 sudjelovao u postupku kao javno-pravno tijelo<\/i>. Pritom, pre\u0161u\u0107uje da je prema tim istim zakonima Grad Metkovi\u0107, osim \u0161to je sudjelovao u postupku kao javno-pravno tijelo, istovremeno bio i stranka u postupku.<u><\/u><u><\/u><\/p>\n<p>&#8211; Grad Metkovi\u0107,\u00a0<b>kao stranka u postupku<\/b>, nije ulo\u017eio ni prigovor ni \u017ealbu, nego je svojom \u0161utnjom dozvolu promovirao u pravomo\u0107nu i tako pogodovao investitoru. Za\u0161to gradona\u010delnik nije reagirao?<u><\/u><u><\/u><\/p>\n<p>&#8211; Grad Metkovi\u0107,\u00a0<b>kao javno-pravno tijelo<\/b>, napisao je da u predjelu Du\u0107inovci postoji\u00a0<i>odre\u0111ena infrastruktura<\/i>\u00a0iako tamo nema kanalizacije ni odvoda oborinske vode, a ulica je zapravo asfaltirani poljski put. U pojmovniku\u00a0<i>Zakona o gradnji<\/i>\u00a0i u pojmovniku\u00a0<i>Prostornog plana grada Metkovi\u0107a<\/i>\u00a0ta sintagma ne postoji. \u0160to je to\u00a0<b><i>odre\u0111ena infrastruktura<\/i><\/b>?\u00a0<u><\/u><u><\/u><\/p>\n<p>&#8211; Dalibor Milan pobijedio je na izborima 2017. isti\u010du\u0107i<b><i>dobrobit gra\u0111ana Metkovi\u0107a<\/i><\/b>. Misli li se ovdje na dobrobit gra\u0111ana, naro\u010dito onih u Ulici Ilije Bo\u0161njaka?<u><\/u><u><\/u><\/p>\n<p>&#8211; Ako su dobrobit i sigurnost gra\u0111ana u pitanju, kako to da Dalibor Milan nije uo\u010dio da u vremenu u kojemu \u017eivimo svjedo\u010dimo poplavama, potresima, pandemiji i po\u017earima s, na\u017ealost, smrtnim ishodima te da u dozvoli nema o\u010ditovanja MUP-ovog\u00a0<i>Ravnateljstva civilne za\u0161tite<\/i>, jedinog javno-pravnog tijela kojemu je du\u017enost brinuti o sigurnosti gra\u0111ana?<u><\/u><u><\/u><\/p>\n<p>&#8211; Dalibor Milan na isti se na\u010din pona\u0161ao i prije vi\u0161e od godinu dana kad se, poput gradnje na bedemima Dioklecijanove pala\u010de u Splitu prije 150 godina, gradilo na zidovima biv\u0161eg\u00a0<i>Poduha.<\/i><u><\/u><u><\/u><\/p>\n<p>&#8211; Priop\u0107enje Dalibora Milana je\u00a0<i>ad hominem<\/i>\u00a0perfidno vrije\u0111anje i omalova\u017eavanje, uz prozivke nekih navodnih \u0161apta\u010da. Mi ne znamo tko Daliboru Milanu pi\u0161e tekstove. Da je napisao sam, vjerojatno bi mogao i na sjednici Gradskoga vije\u0107a odgovoriti na postavljeno pitanje.<u><\/u><u><\/u><\/p>\n<p>Na kraju, mo\u017eemo pretpostaviti da gradona\u010delnik Dalibor Milan ne\u0107e odgovoriti ni na jedno konkretno pitanje, nego nastaviti\u00a0<i>u svome stilu.<\/i>\u00a0Zato se i mi radujemo su\u010deljavanju.<\/p>\n","protected":false},"excerpt":{"rendered":"<p>Most Metkovi\u0107 je novim priop\u0107enjem reagirao na posljednje obra\u0107anje javnosti putem medija gradona\u010delnika Dalibora Milana u kojem je naglasio da su Mostove prozivke pucanj u prazno. Prenosimo ga u cijelosti: Nakon \u0161to smo reagirali na gradona\u010delnikov neprimjeren nastup na pro\u0161loj sjednici Gradskoga vije\u0107a, gradona\u010delnik Dalibor Milan objavio je 25. velja\u010de priop\u0107enje u kojemu, govore\u0107i o [&hellip;]<\/p>\n","protected":false},"author":7,"featured_media":114217,"comment_status":"open","ping_status":"open","sticky":false,"template":"","format":"standard","meta":{"footnotes":""},"categories":[296,11,290],"tags":[414,322],"class_list":{"0":"post-114216","1":"post","2":"type-post","3":"status-publish","4":"format-standard","5":"has-post-thumbnail","7":"category-ab","8":"category-metkovic-dolina","9":"category-politika","10":"tag-dalibor-milan","11":"tag-most"},"yoast_head":"<!-- This site is optimized with the Yoast SEO plugin v25.2 - https:\/\/yoast.com\/wordpress\/plugins\/seo\/ -->\n<title>Most: Gradona\u010delnik Milan nastavlja s omalova\u017eavanjem - likemetkovic.hr<\/title>\n<meta name=\"robots\" content=\"index, follow, max-snippet:-1, max-image-preview:large, max-video-preview:-1\" \/>\n<link rel=\"canonical\" href=\"https:\/\/likemetkovic.hr\/most-gradonacelnik-milana-nastavlja-s-omalovazavanjem\/\" \/>\n<meta property=\"og:locale\" content=\"hr_HR\" \/>\n<meta property=\"og:type\" content=\"article\" \/>\n<meta property=\"og:title\" content=\"Most: Gradona\u010delnik Milan nastavlja s omalova\u017eavanjem - likemetkovic.hr\" \/>\n<meta property=\"og:description\" content=\"Most Metkovi\u0107 je novim priop\u0107enjem reagirao na posljednje obra\u0107anje javnosti putem medija gradona\u010delnika Dalibora Milana u kojem je naglasio da su Mostove prozivke pucanj u prazno. Prenosimo ga u cijelosti: Nakon \u0161to smo reagirali na gradona\u010delnikov neprimjeren nastup na pro\u0161loj sjednici Gradskoga vije\u0107a, gradona\u010delnik Dalibor Milan objavio je 25. velja\u010de priop\u0107enje u kojemu, govore\u0107i o [&hellip;]\" \/>\n<meta property=\"og:url\" content=\"https:\/\/likemetkovic.hr\/most-gradonacelnik-milana-nastavlja-s-omalovazavanjem\/\" \/>\n<meta property=\"og:site_name\" content=\"likemetkovic.hr\" \/>\n<meta property=\"article:publisher\" content=\"https:\/\/www.facebook.com\/likemetkovic.hr\/\" \/>\n<meta property=\"article:published_time\" content=\"2021-02-27T10:00:57+00:00\" \/>\n<meta property=\"article:modified_time\" content=\"2021-02-27T10:59:07+00:00\" \/>\n<meta property=\"og:image\" content=\"https:\/\/likemetkovic.hr\/wp-content\/uploads\/2021\/02\/Zid_edited.jpg\" \/>\n\t<meta property=\"og:image:width\" content=\"800\" \/>\n\t<meta property=\"og:image:height\" content=\"599\" \/>\n\t<meta property=\"og:image:type\" content=\"image\/jpeg\" \/>\n<meta name=\"author\" content=\"LIKEmetkovic.hr\" \/>\n<meta name=\"twitter:card\" content=\"summary_large_image\" \/>\n<meta name=\"twitter:label1\" content=\"Napisao\/la\" \/>\n\t<meta name=\"twitter:data1\" content=\"LIKEmetkovic.hr\" \/>\n\t<meta name=\"twitter:label2\" content=\"Procijenjeno vrijeme \u010ditanja\" \/>\n\t<meta name=\"twitter:data2\" content=\"2 minute\" \/>\n<script type=\"application\/ld+json\" class=\"yoast-schema-graph\">{\"@context\":\"https:\/\/schema.org\",\"@graph\":[{\"@type\":\"WebPage\",\"@id\":\"https:\/\/likemetkovic.hr\/most-gradonacelnik-milana-nastavlja-s-omalovazavanjem\/\",\"url\":\"https:\/\/likemetkovic.hr\/most-gradonacelnik-milana-nastavlja-s-omalovazavanjem\/\",\"name\":\"Most: Gradona\u010delnik Milan nastavlja s omalova\u017eavanjem - likemetkovic.hr\",\"isPartOf\":{\"@id\":\"https:\/\/likemetkovic.hr\/#website\"},\"primaryImageOfPage\":{\"@id\":\"https:\/\/likemetkovic.hr\/most-gradonacelnik-milana-nastavlja-s-omalovazavanjem\/#primaryimage\"},\"image\":{\"@id\":\"https:\/\/likemetkovic.hr\/most-gradonacelnik-milana-nastavlja-s-omalovazavanjem\/#primaryimage\"},\"thumbnailUrl\":\"https:\/\/likemetkovic.hr\/portal\/wp-content\/uploads\/2021\/02\/Zid_edited.jpg\",\"datePublished\":\"2021-02-27T10:00:57+00:00\",\"dateModified\":\"2021-02-27T10:59:07+00:00\",\"author\":{\"@id\":\"https:\/\/likemetkovic.hr\/#\/schema\/person\/a42711f3385a0e2be6f7e0443bfb28f0\"},\"breadcrumb\":{\"@id\":\"https:\/\/likemetkovic.hr\/most-gradonacelnik-milana-nastavlja-s-omalovazavanjem\/#breadcrumb\"},\"inLanguage\":\"hr\",\"potentialAction\":[{\"@type\":\"ReadAction\",\"target\":[\"https:\/\/likemetkovic.hr\/most-gradonacelnik-milana-nastavlja-s-omalovazavanjem\/\"]}]},{\"@type\":\"ImageObject\",\"inLanguage\":\"hr\",\"@id\":\"https:\/\/likemetkovic.hr\/most-gradonacelnik-milana-nastavlja-s-omalovazavanjem\/#primaryimage\",\"url\":\"https:\/\/likemetkovic.hr\/portal\/wp-content\/uploads\/2021\/02\/Zid_edited.jpg\",\"contentUrl\":\"https:\/\/likemetkovic.hr\/portal\/wp-content\/uploads\/2021\/02\/Zid_edited.jpg\",\"width\":800,\"height\":599},{\"@type\":\"BreadcrumbList\",\"@id\":\"https:\/\/likemetkovic.hr\/most-gradonacelnik-milana-nastavlja-s-omalovazavanjem\/#breadcrumb\",\"itemListElement\":[{\"@type\":\"ListItem\",\"position\":1,\"name\":\"Po\u010detna stranica\",\"item\":\"https:\/\/likemetkovic.hr\/portal\/\"},{\"@type\":\"ListItem\",\"position\":2,\"name\":\"Most: Gradona\u010delnik Milan nastavlja s omalova\u017eavanjem\"}]},{\"@type\":\"WebSite\",\"@id\":\"https:\/\/likemetkovic.hr\/#website\",\"url\":\"https:\/\/likemetkovic.hr\/\",\"name\":\"likemetkovic.hr\",\"description\":\"Misli pozitivno... \u010ditaj LIKE\",\"potentialAction\":[{\"@type\":\"SearchAction\",\"target\":{\"@type\":\"EntryPoint\",\"urlTemplate\":\"https:\/\/likemetkovic.hr\/?s={search_term_string}\"},\"query-input\":{\"@type\":\"PropertyValueSpecification\",\"valueRequired\":true,\"valueName\":\"search_term_string\"}}],\"inLanguage\":\"hr\"},{\"@type\":\"Person\",\"@id\":\"https:\/\/likemetkovic.hr\/#\/schema\/person\/a42711f3385a0e2be6f7e0443bfb28f0\",\"name\":\"LIKEmetkovic.hr\",\"sameAs\":[\"http:\/\/likemetkovic.hr\"],\"url\":\"https:\/\/likemetkovic.hr\/portal\/author\/likemetkovic-hr\/\"}]}<\/script>\n<!-- \/ Yoast SEO plugin. -->","yoast_head_json":{"title":"Most: Gradona\u010delnik Milan nastavlja s omalova\u017eavanjem - likemetkovic.hr","robots":{"index":"index","follow":"follow","max-snippet":"max-snippet:-1","max-image-preview":"max-image-preview:large","max-video-preview":"max-video-preview:-1"},"canonical":"https:\/\/likemetkovic.hr\/most-gradonacelnik-milana-nastavlja-s-omalovazavanjem\/","og_locale":"hr_HR","og_type":"article","og_title":"Most: Gradona\u010delnik Milan nastavlja s omalova\u017eavanjem - likemetkovic.hr","og_description":"Most Metkovi\u0107 je novim priop\u0107enjem reagirao na posljednje obra\u0107anje javnosti putem medija gradona\u010delnika Dalibora Milana u kojem je naglasio da su Mostove prozivke pucanj u prazno. Prenosimo ga u cijelosti: Nakon \u0161to smo reagirali na gradona\u010delnikov neprimjeren nastup na pro\u0161loj sjednici Gradskoga vije\u0107a, gradona\u010delnik Dalibor Milan objavio je 25. velja\u010de priop\u0107enje u kojemu, govore\u0107i o [&hellip;]","og_url":"https:\/\/likemetkovic.hr\/most-gradonacelnik-milana-nastavlja-s-omalovazavanjem\/","og_site_name":"likemetkovic.hr","article_publisher":"https:\/\/www.facebook.com\/likemetkovic.hr\/","article_published_time":"2021-02-27T10:00:57+00:00","article_modified_time":"2021-02-27T10:59:07+00:00","og_image":[{"width":800,"height":599,"url":"https:\/\/likemetkovic.hr\/wp-content\/uploads\/2021\/02\/Zid_edited.jpg","type":"image\/jpeg"}],"author":"LIKEmetkovic.hr","twitter_card":"summary_large_image","twitter_misc":{"Napisao\/la":"LIKEmetkovic.hr","Procijenjeno vrijeme \u010ditanja":"2 minute"},"schema":{"@context":"https:\/\/schema.org","@graph":[{"@type":"WebPage","@id":"https:\/\/likemetkovic.hr\/most-gradonacelnik-milana-nastavlja-s-omalovazavanjem\/","url":"https:\/\/likemetkovic.hr\/most-gradonacelnik-milana-nastavlja-s-omalovazavanjem\/","name":"Most: Gradona\u010delnik Milan nastavlja s omalova\u017eavanjem - likemetkovic.hr","isPartOf":{"@id":"https:\/\/likemetkovic.hr\/#website"},"primaryImageOfPage":{"@id":"https:\/\/likemetkovic.hr\/most-gradonacelnik-milana-nastavlja-s-omalovazavanjem\/#primaryimage"},"image":{"@id":"https:\/\/likemetkovic.hr\/most-gradonacelnik-milana-nastavlja-s-omalovazavanjem\/#primaryimage"},"thumbnailUrl":"https:\/\/likemetkovic.hr\/portal\/wp-content\/uploads\/2021\/02\/Zid_edited.jpg","datePublished":"2021-02-27T10:00:57+00:00","dateModified":"2021-02-27T10:59:07+00:00","author":{"@id":"https:\/\/likemetkovic.hr\/#\/schema\/person\/a42711f3385a0e2be6f7e0443bfb28f0"},"breadcrumb":{"@id":"https:\/\/likemetkovic.hr\/most-gradonacelnik-milana-nastavlja-s-omalovazavanjem\/#breadcrumb"},"inLanguage":"hr","potentialAction":[{"@type":"ReadAction","target":["https:\/\/likemetkovic.hr\/most-gradonacelnik-milana-nastavlja-s-omalovazavanjem\/"]}]},{"@type":"ImageObject","inLanguage":"hr","@id":"https:\/\/likemetkovic.hr\/most-gradonacelnik-milana-nastavlja-s-omalovazavanjem\/#primaryimage","url":"https:\/\/likemetkovic.hr\/portal\/wp-content\/uploads\/2021\/02\/Zid_edited.jpg","contentUrl":"https:\/\/likemetkovic.hr\/portal\/wp-content\/uploads\/2021\/02\/Zid_edited.jpg","width":800,"height":599},{"@type":"BreadcrumbList","@id":"https:\/\/likemetkovic.hr\/most-gradonacelnik-milana-nastavlja-s-omalovazavanjem\/#breadcrumb","itemListElement":[{"@type":"ListItem","position":1,"name":"Po\u010detna stranica","item":"https:\/\/likemetkovic.hr\/portal\/"},{"@type":"ListItem","position":2,"name":"Most: Gradona\u010delnik Milan nastavlja s omalova\u017eavanjem"}]},{"@type":"WebSite","@id":"https:\/\/likemetkovic.hr\/#website","url":"https:\/\/likemetkovic.hr\/","name":"likemetkovic.hr","description":"Misli pozitivno... \u010ditaj LIKE","potentialAction":[{"@type":"SearchAction","target":{"@type":"EntryPoint","urlTemplate":"https:\/\/likemetkovic.hr\/?s={search_term_string}"},"query-input":{"@type":"PropertyValueSpecification","valueRequired":true,"valueName":"search_term_string"}}],"inLanguage":"hr"},{"@type":"Person","@id":"https:\/\/likemetkovic.hr\/#\/schema\/person\/a42711f3385a0e2be6f7e0443bfb28f0","name":"LIKEmetkovic.hr","sameAs":["http:\/\/likemetkovic.hr"],"url":"https:\/\/likemetkovic.hr\/portal\/author\/likemetkovic-hr\/"}]}},"_links":{"self":[{"href":"https:\/\/likemetkovic.hr\/portal\/wp-json\/wp\/v2\/posts\/114216","targetHints":{"allow":["GET"]}}],"collection":[{"href":"https:\/\/likemetkovic.hr\/portal\/wp-json\/wp\/v2\/posts"}],"about":[{"href":"https:\/\/likemetkovic.hr\/portal\/wp-json\/wp\/v2\/types\/post"}],"author":[{"embeddable":true,"href":"https:\/\/likemetkovic.hr\/portal\/wp-json\/wp\/v2\/users\/7"}],"replies":[{"embeddable":true,"href":"https:\/\/likemetkovic.hr\/portal\/wp-json\/wp\/v2\/comments?post=114216"}],"version-history":[{"count":0,"href":"https:\/\/likemetkovic.hr\/portal\/wp-json\/wp\/v2\/posts\/114216\/revisions"}],"wp:featuredmedia":[{"embeddable":true,"href":"https:\/\/likemetkovic.hr\/portal\/wp-json\/wp\/v2\/media\/114217"}],"wp:attachment":[{"href":"https:\/\/likemetkovic.hr\/portal\/wp-json\/wp\/v2\/media?parent=114216"}],"wp:term":[{"taxonomy":"category","embeddable":true,"href":"https:\/\/likemetkovic.hr\/portal\/wp-json\/wp\/v2\/categories?post=114216"},{"taxonomy":"post_tag","embeddable":true,"href":"https:\/\/likemetkovic.hr\/portal\/wp-json\/wp\/v2\/tags?post=114216"}],"curies":[{"name":"wp","href":"https:\/\/api.w.org\/{rel}","templated":true}]}}