{"id":114339,"date":"2021-03-01T20:49:01","date_gmt":"2021-03-01T19:49:01","guid":{"rendered":"https:\/\/likemetkovic.hr\/?p=114339"},"modified":"2021-03-01T20:49:33","modified_gmt":"2021-03-01T19:49:33","slug":"video-zavrsili-su-vi-dani-o-ante-gabrica-pod-geslom-s-vjerom-do-zdravlja","status":"publish","type":"post","link":"https:\/\/likemetkovic.hr\/portal\/video-zavrsili-su-vi-dani-o-ante-gabrica-pod-geslom-s-vjerom-do-zdravlja\/","title":{"rendered":"VIDEO Zavr\u0161ili su VI. Dani o. Ante Gabri\u0107a pod geslom &#8216;S vjerom do zdravlja&#8217;"},"content":{"rendered":"<p>Za nama su jo\u0161 jedni<strong> Dani o. Ante Gabri\u0107a<\/strong> koji su ove godine bili pod geslom <em>S vjerom do zdravlja<\/em>.<\/p>\n<p>Odr\u017eani su od 22. do 28. velja\u010de i bit \u0107e zapam\u0107eni po posebnim okolnostima u kojima su mnoge predvi\u0111ene aktivnosti na\u0161ih \u0161kola, \u017eupa i udruga bile svedene na minimum.<\/p>\n<p>Sa\u017eetak zanimljivih zajedni\u010dkih projektnih aktivnosti O\u0160 Stjepana Radi\u0107a i Gimnazije Metkovi\u0107 u kojima je izme\u0111u ostalih gostovao fra Miroslav Petrac iz Osijeka, a glumac Robert Kurba\u0161a je izgovarao dijelove Antinih \u017eivopisnih pisama, priredile su Ivana \u010carapina i Vanja Gabri\u0107&#8230;<\/p>\n<div class=\"youtube-embed\" data-video_id=\"5P9rJ2chbhg\"><iframe title=\"S VJEROM DO ZDRAVLJA  - VI.  Dani oca Ante Gabri\u0107a, 2021.\" width=\"696\" height=\"392\" src=\"https:\/\/www.youtube.com\/embed\/5P9rJ2chbhg?feature=oembed&#038;enablejsapi=1\" frameborder=\"0\" allow=\"accelerometer; autoplay; clipboard-write; encrypted-media; gyroscope; picture-in-picture\" allowfullscreen><\/iframe><\/div>\n","protected":false},"excerpt":{"rendered":"<p>Za nama su jo\u0161 jedni Dani o. Ante Gabri\u0107a koji su ove godine bili pod geslom S vjerom do zdravlja. Odr\u017eani su od 22. do 28. velja\u010de i bit \u0107e zapam\u0107eni po posebnim okolnostima u kojima su mnoge predvi\u0111ene aktivnosti na\u0161ih \u0161kola, \u017eupa i udruga bile svedene na minimum. Sa\u017eetak zanimljivih zajedni\u010dkih projektnih aktivnosti O\u0160 [&hellip;]<\/p>\n","protected":false},"author":9,"featured_media":114340,"comment_status":"open","ping_status":"open","sticky":false,"template":"","format":"standard","meta":{"footnotes":""},"categories":[296,11,27],"tags":[9016],"class_list":{"0":"post-114339","1":"post","2":"type-post","3":"status-publish","4":"format-standard","5":"has-post-thumbnail","7":"category-ab","8":"category-metkovic-dolina","9":"category-vjera-i-zivot","10":"tag-6-dani-o-ante-gabrica"},"yoast_head":"<!-- This site is optimized with the Yoast SEO plugin v25.2 - https:\/\/yoast.com\/wordpress\/plugins\/seo\/ -->\n<title>VIDEO Zavr\u0161ili su VI. Dani o. Ante Gabri\u0107a pod geslom &#039;S vjerom do zdravlja&#039; - likemetkovic.hr<\/title>\n<meta name=\"robots\" content=\"index, follow, max-snippet:-1, max-image-preview:large, max-video-preview:-1\" \/>\n<link rel=\"canonical\" href=\"https:\/\/likemetkovic.hr\/video-zavrsili-su-vi-dani-o-ante-gabrica-pod-geslom-s-vjerom-do-zdravlja\/\" \/>\n<meta property=\"og:locale\" content=\"hr_HR\" \/>\n<meta property=\"og:type\" content=\"article\" \/>\n<meta property=\"og:title\" content=\"VIDEO Zavr\u0161ili su VI. Dani o. Ante Gabri\u0107a pod geslom &#039;S vjerom do zdravlja&#039; - likemetkovic.hr\" \/>\n<meta property=\"og:description\" content=\"Za nama su jo\u0161 jedni Dani o. Ante Gabri\u0107a koji su ove godine bili pod geslom S vjerom do zdravlja. Odr\u017eani su od 22. do 28. velja\u010de i bit \u0107e zapam\u0107eni po posebnim okolnostima u kojima su mnoge predvi\u0111ene aktivnosti na\u0161ih \u0161kola, \u017eupa i udruga bile svedene na minimum. Sa\u017eetak zanimljivih zajedni\u010dkih projektnih aktivnosti O\u0160 [&hellip;]\" \/>\n<meta property=\"og:url\" content=\"https:\/\/likemetkovic.hr\/video-zavrsili-su-vi-dani-o-ante-gabrica-pod-geslom-s-vjerom-do-zdravlja\/\" \/>\n<meta property=\"og:site_name\" content=\"likemetkovic.hr\" \/>\n<meta property=\"article:publisher\" content=\"https:\/\/www.facebook.com\/likemetkovic.hr\/\" \/>\n<meta property=\"article:published_time\" content=\"2021-03-01T19:49:01+00:00\" \/>\n<meta property=\"article:modified_time\" content=\"2021-03-01T19:49:33+00:00\" \/>\n<meta property=\"og:image\" content=\"https:\/\/likemetkovic.hr\/wp-content\/uploads\/2021\/03\/6.-dani-o-ante-gabrica.jpg\" \/>\n\t<meta property=\"og:image:width\" content=\"1366\" \/>\n\t<meta property=\"og:image:height\" content=\"768\" \/>\n\t<meta property=\"og:image:type\" content=\"image\/jpeg\" \/>\n<meta name=\"author\" content=\"K. J.\" \/>\n<meta name=\"twitter:card\" content=\"summary_large_image\" \/>\n<meta name=\"twitter:label1\" content=\"Napisao\/la\" \/>\n\t<meta name=\"twitter:data1\" content=\"K. J.\" \/>\n\t<meta name=\"twitter:label2\" content=\"Procijenjeno vrijeme \u010ditanja\" \/>\n\t<meta name=\"twitter:data2\" content=\"1 minuta\" \/>\n<script type=\"application\/ld+json\" class=\"yoast-schema-graph\">{\"@context\":\"https:\/\/schema.org\",\"@graph\":[{\"@type\":\"WebPage\",\"@id\":\"https:\/\/likemetkovic.hr\/video-zavrsili-su-vi-dani-o-ante-gabrica-pod-geslom-s-vjerom-do-zdravlja\/\",\"url\":\"https:\/\/likemetkovic.hr\/video-zavrsili-su-vi-dani-o-ante-gabrica-pod-geslom-s-vjerom-do-zdravlja\/\",\"name\":\"VIDEO Zavr\u0161ili su VI. Dani o. Ante Gabri\u0107a pod geslom 'S vjerom do zdravlja' - likemetkovic.hr\",\"isPartOf\":{\"@id\":\"https:\/\/likemetkovic.hr\/#website\"},\"primaryImageOfPage\":{\"@id\":\"https:\/\/likemetkovic.hr\/video-zavrsili-su-vi-dani-o-ante-gabrica-pod-geslom-s-vjerom-do-zdravlja\/#primaryimage\"},\"image\":{\"@id\":\"https:\/\/likemetkovic.hr\/video-zavrsili-su-vi-dani-o-ante-gabrica-pod-geslom-s-vjerom-do-zdravlja\/#primaryimage\"},\"thumbnailUrl\":\"https:\/\/likemetkovic.hr\/portal\/wp-content\/uploads\/2021\/03\/6.-dani-o-ante-gabrica.jpg\",\"datePublished\":\"2021-03-01T19:49:01+00:00\",\"dateModified\":\"2021-03-01T19:49:33+00:00\",\"author\":{\"@id\":\"https:\/\/likemetkovic.hr\/#\/schema\/person\/0a8b4ebfdfe1ff01192dccda40c5da0c\"},\"breadcrumb\":{\"@id\":\"https:\/\/likemetkovic.hr\/video-zavrsili-su-vi-dani-o-ante-gabrica-pod-geslom-s-vjerom-do-zdravlja\/#breadcrumb\"},\"inLanguage\":\"hr\",\"potentialAction\":[{\"@type\":\"ReadAction\",\"target\":[\"https:\/\/likemetkovic.hr\/video-zavrsili-su-vi-dani-o-ante-gabrica-pod-geslom-s-vjerom-do-zdravlja\/\"]}]},{\"@type\":\"ImageObject\",\"inLanguage\":\"hr\",\"@id\":\"https:\/\/likemetkovic.hr\/video-zavrsili-su-vi-dani-o-ante-gabrica-pod-geslom-s-vjerom-do-zdravlja\/#primaryimage\",\"url\":\"https:\/\/likemetkovic.hr\/portal\/wp-content\/uploads\/2021\/03\/6.-dani-o-ante-gabrica.jpg\",\"contentUrl\":\"https:\/\/likemetkovic.hr\/portal\/wp-content\/uploads\/2021\/03\/6.-dani-o-ante-gabrica.jpg\",\"width\":1366,\"height\":768},{\"@type\":\"BreadcrumbList\",\"@id\":\"https:\/\/likemetkovic.hr\/video-zavrsili-su-vi-dani-o-ante-gabrica-pod-geslom-s-vjerom-do-zdravlja\/#breadcrumb\",\"itemListElement\":[{\"@type\":\"ListItem\",\"position\":1,\"name\":\"Po\u010detna stranica\",\"item\":\"https:\/\/likemetkovic.hr\/portal\/\"},{\"@type\":\"ListItem\",\"position\":2,\"name\":\"VIDEO Zavr\u0161ili su VI. Dani o. Ante Gabri\u0107a pod geslom &#8216;S vjerom do zdravlja&#8217;\"}]},{\"@type\":\"WebSite\",\"@id\":\"https:\/\/likemetkovic.hr\/#website\",\"url\":\"https:\/\/likemetkovic.hr\/\",\"name\":\"likemetkovic.hr\",\"description\":\"Misli pozitivno... \u010ditaj LIKE\",\"potentialAction\":[{\"@type\":\"SearchAction\",\"target\":{\"@type\":\"EntryPoint\",\"urlTemplate\":\"https:\/\/likemetkovic.hr\/?s={search_term_string}\"},\"query-input\":{\"@type\":\"PropertyValueSpecification\",\"valueRequired\":true,\"valueName\":\"search_term_string\"}}],\"inLanguage\":\"hr\"},{\"@type\":\"Person\",\"@id\":\"https:\/\/likemetkovic.hr\/#\/schema\/person\/0a8b4ebfdfe1ff01192dccda40c5da0c\",\"name\":\"K. J.\",\"url\":\"https:\/\/likemetkovic.hr\/portal\/author\/likemetkovic\/\"}]}<\/script>\n<!-- \/ Yoast SEO plugin. -->","yoast_head_json":{"title":"VIDEO Zavr\u0161ili su VI. Dani o. Ante Gabri\u0107a pod geslom 'S vjerom do zdravlja' - likemetkovic.hr","robots":{"index":"index","follow":"follow","max-snippet":"max-snippet:-1","max-image-preview":"max-image-preview:large","max-video-preview":"max-video-preview:-1"},"canonical":"https:\/\/likemetkovic.hr\/video-zavrsili-su-vi-dani-o-ante-gabrica-pod-geslom-s-vjerom-do-zdravlja\/","og_locale":"hr_HR","og_type":"article","og_title":"VIDEO Zavr\u0161ili su VI. Dani o. Ante Gabri\u0107a pod geslom 'S vjerom do zdravlja' - likemetkovic.hr","og_description":"Za nama su jo\u0161 jedni Dani o. Ante Gabri\u0107a koji su ove godine bili pod geslom S vjerom do zdravlja. Odr\u017eani su od 22. do 28. velja\u010de i bit \u0107e zapam\u0107eni po posebnim okolnostima u kojima su mnoge predvi\u0111ene aktivnosti na\u0161ih \u0161kola, \u017eupa i udruga bile svedene na minimum. Sa\u017eetak zanimljivih zajedni\u010dkih projektnih aktivnosti O\u0160 [&hellip;]","og_url":"https:\/\/likemetkovic.hr\/video-zavrsili-su-vi-dani-o-ante-gabrica-pod-geslom-s-vjerom-do-zdravlja\/","og_site_name":"likemetkovic.hr","article_publisher":"https:\/\/www.facebook.com\/likemetkovic.hr\/","article_published_time":"2021-03-01T19:49:01+00:00","article_modified_time":"2021-03-01T19:49:33+00:00","og_image":[{"width":1366,"height":768,"url":"https:\/\/likemetkovic.hr\/wp-content\/uploads\/2021\/03\/6.-dani-o-ante-gabrica.jpg","type":"image\/jpeg"}],"author":"K. J.","twitter_card":"summary_large_image","twitter_misc":{"Napisao\/la":"K. J.","Procijenjeno vrijeme \u010ditanja":"1 minuta"},"schema":{"@context":"https:\/\/schema.org","@graph":[{"@type":"WebPage","@id":"https:\/\/likemetkovic.hr\/video-zavrsili-su-vi-dani-o-ante-gabrica-pod-geslom-s-vjerom-do-zdravlja\/","url":"https:\/\/likemetkovic.hr\/video-zavrsili-su-vi-dani-o-ante-gabrica-pod-geslom-s-vjerom-do-zdravlja\/","name":"VIDEO Zavr\u0161ili su VI. Dani o. Ante Gabri\u0107a pod geslom 'S vjerom do zdravlja' - likemetkovic.hr","isPartOf":{"@id":"https:\/\/likemetkovic.hr\/#website"},"primaryImageOfPage":{"@id":"https:\/\/likemetkovic.hr\/video-zavrsili-su-vi-dani-o-ante-gabrica-pod-geslom-s-vjerom-do-zdravlja\/#primaryimage"},"image":{"@id":"https:\/\/likemetkovic.hr\/video-zavrsili-su-vi-dani-o-ante-gabrica-pod-geslom-s-vjerom-do-zdravlja\/#primaryimage"},"thumbnailUrl":"https:\/\/likemetkovic.hr\/portal\/wp-content\/uploads\/2021\/03\/6.-dani-o-ante-gabrica.jpg","datePublished":"2021-03-01T19:49:01+00:00","dateModified":"2021-03-01T19:49:33+00:00","author":{"@id":"https:\/\/likemetkovic.hr\/#\/schema\/person\/0a8b4ebfdfe1ff01192dccda40c5da0c"},"breadcrumb":{"@id":"https:\/\/likemetkovic.hr\/video-zavrsili-su-vi-dani-o-ante-gabrica-pod-geslom-s-vjerom-do-zdravlja\/#breadcrumb"},"inLanguage":"hr","potentialAction":[{"@type":"ReadAction","target":["https:\/\/likemetkovic.hr\/video-zavrsili-su-vi-dani-o-ante-gabrica-pod-geslom-s-vjerom-do-zdravlja\/"]}]},{"@type":"ImageObject","inLanguage":"hr","@id":"https:\/\/likemetkovic.hr\/video-zavrsili-su-vi-dani-o-ante-gabrica-pod-geslom-s-vjerom-do-zdravlja\/#primaryimage","url":"https:\/\/likemetkovic.hr\/portal\/wp-content\/uploads\/2021\/03\/6.-dani-o-ante-gabrica.jpg","contentUrl":"https:\/\/likemetkovic.hr\/portal\/wp-content\/uploads\/2021\/03\/6.-dani-o-ante-gabrica.jpg","width":1366,"height":768},{"@type":"BreadcrumbList","@id":"https:\/\/likemetkovic.hr\/video-zavrsili-su-vi-dani-o-ante-gabrica-pod-geslom-s-vjerom-do-zdravlja\/#breadcrumb","itemListElement":[{"@type":"ListItem","position":1,"name":"Po\u010detna stranica","item":"https:\/\/likemetkovic.hr\/portal\/"},{"@type":"ListItem","position":2,"name":"VIDEO Zavr\u0161ili su VI. Dani o. Ante Gabri\u0107a pod geslom &#8216;S vjerom do zdravlja&#8217;"}]},{"@type":"WebSite","@id":"https:\/\/likemetkovic.hr\/#website","url":"https:\/\/likemetkovic.hr\/","name":"likemetkovic.hr","description":"Misli pozitivno... \u010ditaj LIKE","potentialAction":[{"@type":"SearchAction","target":{"@type":"EntryPoint","urlTemplate":"https:\/\/likemetkovic.hr\/?s={search_term_string}"},"query-input":{"@type":"PropertyValueSpecification","valueRequired":true,"valueName":"search_term_string"}}],"inLanguage":"hr"},{"@type":"Person","@id":"https:\/\/likemetkovic.hr\/#\/schema\/person\/0a8b4ebfdfe1ff01192dccda40c5da0c","name":"K. J.","url":"https:\/\/likemetkovic.hr\/portal\/author\/likemetkovic\/"}]}},"_links":{"self":[{"href":"https:\/\/likemetkovic.hr\/portal\/wp-json\/wp\/v2\/posts\/114339","targetHints":{"allow":["GET"]}}],"collection":[{"href":"https:\/\/likemetkovic.hr\/portal\/wp-json\/wp\/v2\/posts"}],"about":[{"href":"https:\/\/likemetkovic.hr\/portal\/wp-json\/wp\/v2\/types\/post"}],"author":[{"embeddable":true,"href":"https:\/\/likemetkovic.hr\/portal\/wp-json\/wp\/v2\/users\/9"}],"replies":[{"embeddable":true,"href":"https:\/\/likemetkovic.hr\/portal\/wp-json\/wp\/v2\/comments?post=114339"}],"version-history":[{"count":0,"href":"https:\/\/likemetkovic.hr\/portal\/wp-json\/wp\/v2\/posts\/114339\/revisions"}],"wp:featuredmedia":[{"embeddable":true,"href":"https:\/\/likemetkovic.hr\/portal\/wp-json\/wp\/v2\/media\/114340"}],"wp:attachment":[{"href":"https:\/\/likemetkovic.hr\/portal\/wp-json\/wp\/v2\/media?parent=114339"}],"wp:term":[{"taxonomy":"category","embeddable":true,"href":"https:\/\/likemetkovic.hr\/portal\/wp-json\/wp\/v2\/categories?post=114339"},{"taxonomy":"post_tag","embeddable":true,"href":"https:\/\/likemetkovic.hr\/portal\/wp-json\/wp\/v2\/tags?post=114339"}],"curies":[{"name":"wp","href":"https:\/\/api.w.org\/{rel}","templated":true}]}}