{"id":114373,"date":"2021-03-02T17:54:30","date_gmt":"2021-03-02T16:54:30","guid":{"rendered":"https:\/\/likemetkovic.hr\/?p=114373"},"modified":"2021-03-02T17:55:13","modified_gmt":"2021-03-02T16:55:13","slug":"kod-ljubuskog-sprijeceno-krijumcarenje-migranta-uhvaceni-su-u-kamionu","status":"publish","type":"post","link":"https:\/\/likemetkovic.hr\/portal\/kod-ljubuskog-sprijeceno-krijumcarenje-migranta-uhvaceni-su-u-kamionu\/","title":{"rendered":"Kod Ljubu\u0161kog sprije\u010deno krijum\u010darenje migranta, uhva\u0107eni su u kamionu"},"content":{"rendered":"<p>Pripadnici\u00a0policije \u017dupanije zapadnohercegova\u010dke (\u017dZH) u BiH sprije\u010dili su krijum\u010darenje trojice iranskih dr\u017eavljana u Republiku Hrvatsku, priop\u0107ili su u utorak iz tamo\u0161njeg MUP-a.<\/p>\n<p>Prema policijskom priop\u0107enju, ilegalni migranti zate\u010deni su u kamionu u Ljubu\u0161kom nakon \u0161to su ih prijavili gra\u0111ani. Oni su prona\u0111eni u okviru akcije Migrant koju provodi MUP \u017dupanije zapadnohercegova\u010dke. Rije\u010d je o<strong> dr\u017eavljanima Irana<\/strong>, navela je policija.<\/p>\n<p>Ured za strance u Ljubu\u0161kom je upoznat s ovim doga\u0111ajem. Migranti su privedeni u slu\u017ebene prostorije Policijske uprave Ljubu\u0161ki te su nakon toga upu\u0107eni u Prihvatni centar za migrante, navodi se u priop\u0107enju MUP-a \u017dZH-a.<\/p>\n<p>Migranti naj\u010de\u0161\u0107e preko sjeverozapadnoga dijela BiH, u Unsko-sanskoj \u017eupaniji, nastoje ilegalno prije\u0107i granicu s Republikom Hrvatskom. No, jedna od ruta koju migranti koriste je i ona preko ju\u017enoga dijela zemlje. Naj\u010de\u0161\u0107e je to preko Ljubu\u0161kog i Gruda, u \u017dupaniji zapadnohercegova\u010dkoj, odnosno preko ilegalnih prijelaza na podru\u010dju Hercegbosanske \u017eupanije sa sjedi\u0161tem u Livnu.<\/p>\n<p>U BiH se, prema podacima kojima raspola\u017eu vlasti te zemlje, nalazi<strong> izme\u0111u 7000 i 9000 migranata<\/strong>.<\/p>\n<p>S dolaskom toplijih dana<strong> o\u010dekuje se pove\u0107anje broja migranata<\/strong> koji \u0107e poku\u0161ati ilegalno u\u0107i u BiH te nastaviti dalje put prema Hrvatskoj, odnosno zemljama Europske unije, upozorila je ranije Grani\u010dna policija BiH.<\/p>\n","protected":false},"excerpt":{"rendered":"<p>Pripadnici\u00a0policije \u017dupanije zapadnohercegova\u010dke (\u017dZH) u BiH sprije\u010dili su krijum\u010darenje trojice iranskih dr\u017eavljana u Republiku Hrvatsku, priop\u0107ili su u utorak iz tamo\u0161njeg MUP-a. Prema policijskom priop\u0107enju, ilegalni migranti zate\u010deni su u kamionu u Ljubu\u0161kom nakon \u0161to su ih prijavili gra\u0111ani. Oni su prona\u0111eni u okviru akcije Migrant koju provodi MUP \u017dupanije zapadnohercegova\u010dke. Rije\u010d je o dr\u017eavljanima [&hellip;]<\/p>\n","protected":false},"author":7,"featured_media":114375,"comment_status":"open","ping_status":"open","sticky":false,"template":"","format":"standard","meta":{"footnotes":""},"categories":[296,305],"tags":[2331,3488],"class_list":{"0":"post-114373","1":"post","2":"type-post","3":"status-publish","4":"format-standard","5":"has-post-thumbnail","7":"category-ab","8":"category-crna-kronika","9":"tag-ljubuski","10":"tag-migranti"},"yoast_head":"<!-- This site is optimized with the Yoast SEO plugin v25.2 - https:\/\/yoast.com\/wordpress\/plugins\/seo\/ -->\n<title>Kod Ljubu\u0161kog sprije\u010deno krijum\u010darenje migranta, uhva\u0107eni su u kamionu - likemetkovic.hr<\/title>\n<meta name=\"robots\" content=\"index, follow, max-snippet:-1, max-image-preview:large, max-video-preview:-1\" \/>\n<link rel=\"canonical\" href=\"https:\/\/likemetkovic.hr\/kod-ljubuskog-sprijeceno-krijumcarenje-migranta-uhvaceni-su-u-kamionu\/\" \/>\n<meta property=\"og:locale\" content=\"hr_HR\" \/>\n<meta property=\"og:type\" content=\"article\" \/>\n<meta property=\"og:title\" content=\"Kod Ljubu\u0161kog sprije\u010deno krijum\u010darenje migranta, uhva\u0107eni su u kamionu - likemetkovic.hr\" \/>\n<meta property=\"og:description\" content=\"Pripadnici\u00a0policije \u017dupanije zapadnohercegova\u010dke (\u017dZH) u BiH sprije\u010dili su krijum\u010darenje trojice iranskih dr\u017eavljana u Republiku Hrvatsku, priop\u0107ili su u utorak iz tamo\u0161njeg MUP-a. Prema policijskom priop\u0107enju, ilegalni migranti zate\u010deni su u kamionu u Ljubu\u0161kom nakon \u0161to su ih prijavili gra\u0111ani. Oni su prona\u0111eni u okviru akcije Migrant koju provodi MUP \u017dupanije zapadnohercegova\u010dke. Rije\u010d je o dr\u017eavljanima [&hellip;]\" \/>\n<meta property=\"og:url\" content=\"https:\/\/likemetkovic.hr\/kod-ljubuskog-sprijeceno-krijumcarenje-migranta-uhvaceni-su-u-kamionu\/\" \/>\n<meta property=\"og:site_name\" content=\"likemetkovic.hr\" \/>\n<meta property=\"article:publisher\" content=\"https:\/\/www.facebook.com\/likemetkovic.hr\/\" \/>\n<meta property=\"article:published_time\" content=\"2021-03-02T16:54:30+00:00\" \/>\n<meta property=\"article:modified_time\" content=\"2021-03-02T16:55:13+00:00\" \/>\n<meta property=\"og:image\" content=\"https:\/\/likemetkovic.hr\/wp-content\/uploads\/2021\/03\/migranti-u-Ljub.jpg\" \/>\n\t<meta property=\"og:image:width\" content=\"800\" \/>\n\t<meta property=\"og:image:height\" content=\"533\" \/>\n\t<meta property=\"og:image:type\" content=\"image\/jpeg\" \/>\n<meta name=\"author\" content=\"LIKEmetkovic.hr\" \/>\n<meta name=\"twitter:card\" content=\"summary_large_image\" \/>\n<meta name=\"twitter:label1\" content=\"Napisao\/la\" \/>\n\t<meta name=\"twitter:data1\" content=\"LIKEmetkovic.hr\" \/>\n\t<meta name=\"twitter:label2\" content=\"Procijenjeno vrijeme \u010ditanja\" \/>\n\t<meta name=\"twitter:data2\" content=\"1 minuta\" \/>\n<script type=\"application\/ld+json\" class=\"yoast-schema-graph\">{\"@context\":\"https:\/\/schema.org\",\"@graph\":[{\"@type\":\"WebPage\",\"@id\":\"https:\/\/likemetkovic.hr\/kod-ljubuskog-sprijeceno-krijumcarenje-migranta-uhvaceni-su-u-kamionu\/\",\"url\":\"https:\/\/likemetkovic.hr\/kod-ljubuskog-sprijeceno-krijumcarenje-migranta-uhvaceni-su-u-kamionu\/\",\"name\":\"Kod Ljubu\u0161kog sprije\u010deno krijum\u010darenje migranta, uhva\u0107eni su u kamionu - likemetkovic.hr\",\"isPartOf\":{\"@id\":\"https:\/\/likemetkovic.hr\/#website\"},\"primaryImageOfPage\":{\"@id\":\"https:\/\/likemetkovic.hr\/kod-ljubuskog-sprijeceno-krijumcarenje-migranta-uhvaceni-su-u-kamionu\/#primaryimage\"},\"image\":{\"@id\":\"https:\/\/likemetkovic.hr\/kod-ljubuskog-sprijeceno-krijumcarenje-migranta-uhvaceni-su-u-kamionu\/#primaryimage\"},\"thumbnailUrl\":\"https:\/\/likemetkovic.hr\/portal\/wp-content\/uploads\/2021\/03\/migranti-u-Ljub.jpg\",\"datePublished\":\"2021-03-02T16:54:30+00:00\",\"dateModified\":\"2021-03-02T16:55:13+00:00\",\"author\":{\"@id\":\"https:\/\/likemetkovic.hr\/#\/schema\/person\/a42711f3385a0e2be6f7e0443bfb28f0\"},\"breadcrumb\":{\"@id\":\"https:\/\/likemetkovic.hr\/kod-ljubuskog-sprijeceno-krijumcarenje-migranta-uhvaceni-su-u-kamionu\/#breadcrumb\"},\"inLanguage\":\"hr\",\"potentialAction\":[{\"@type\":\"ReadAction\",\"target\":[\"https:\/\/likemetkovic.hr\/kod-ljubuskog-sprijeceno-krijumcarenje-migranta-uhvaceni-su-u-kamionu\/\"]}]},{\"@type\":\"ImageObject\",\"inLanguage\":\"hr\",\"@id\":\"https:\/\/likemetkovic.hr\/kod-ljubuskog-sprijeceno-krijumcarenje-migranta-uhvaceni-su-u-kamionu\/#primaryimage\",\"url\":\"https:\/\/likemetkovic.hr\/portal\/wp-content\/uploads\/2021\/03\/migranti-u-Ljub.jpg\",\"contentUrl\":\"https:\/\/likemetkovic.hr\/portal\/wp-content\/uploads\/2021\/03\/migranti-u-Ljub.jpg\",\"width\":800,\"height\":533},{\"@type\":\"BreadcrumbList\",\"@id\":\"https:\/\/likemetkovic.hr\/kod-ljubuskog-sprijeceno-krijumcarenje-migranta-uhvaceni-su-u-kamionu\/#breadcrumb\",\"itemListElement\":[{\"@type\":\"ListItem\",\"position\":1,\"name\":\"Po\u010detna stranica\",\"item\":\"https:\/\/likemetkovic.hr\/portal\/\"},{\"@type\":\"ListItem\",\"position\":2,\"name\":\"Kod Ljubu\u0161kog sprije\u010deno krijum\u010darenje migranta, uhva\u0107eni su u kamionu\"}]},{\"@type\":\"WebSite\",\"@id\":\"https:\/\/likemetkovic.hr\/#website\",\"url\":\"https:\/\/likemetkovic.hr\/\",\"name\":\"likemetkovic.hr\",\"description\":\"Misli pozitivno... \u010ditaj LIKE\",\"potentialAction\":[{\"@type\":\"SearchAction\",\"target\":{\"@type\":\"EntryPoint\",\"urlTemplate\":\"https:\/\/likemetkovic.hr\/?s={search_term_string}\"},\"query-input\":{\"@type\":\"PropertyValueSpecification\",\"valueRequired\":true,\"valueName\":\"search_term_string\"}}],\"inLanguage\":\"hr\"},{\"@type\":\"Person\",\"@id\":\"https:\/\/likemetkovic.hr\/#\/schema\/person\/a42711f3385a0e2be6f7e0443bfb28f0\",\"name\":\"LIKEmetkovic.hr\",\"sameAs\":[\"http:\/\/likemetkovic.hr\"],\"url\":\"https:\/\/likemetkovic.hr\/portal\/author\/likemetkovic-hr\/\"}]}<\/script>\n<!-- \/ Yoast SEO plugin. -->","yoast_head_json":{"title":"Kod Ljubu\u0161kog sprije\u010deno krijum\u010darenje migranta, uhva\u0107eni su u kamionu - likemetkovic.hr","robots":{"index":"index","follow":"follow","max-snippet":"max-snippet:-1","max-image-preview":"max-image-preview:large","max-video-preview":"max-video-preview:-1"},"canonical":"https:\/\/likemetkovic.hr\/kod-ljubuskog-sprijeceno-krijumcarenje-migranta-uhvaceni-su-u-kamionu\/","og_locale":"hr_HR","og_type":"article","og_title":"Kod Ljubu\u0161kog sprije\u010deno krijum\u010darenje migranta, uhva\u0107eni su u kamionu - likemetkovic.hr","og_description":"Pripadnici\u00a0policije \u017dupanije zapadnohercegova\u010dke (\u017dZH) u BiH sprije\u010dili su krijum\u010darenje trojice iranskih dr\u017eavljana u Republiku Hrvatsku, priop\u0107ili su u utorak iz tamo\u0161njeg MUP-a. Prema policijskom priop\u0107enju, ilegalni migranti zate\u010deni su u kamionu u Ljubu\u0161kom nakon \u0161to su ih prijavili gra\u0111ani. Oni su prona\u0111eni u okviru akcije Migrant koju provodi MUP \u017dupanije zapadnohercegova\u010dke. Rije\u010d je o dr\u017eavljanima [&hellip;]","og_url":"https:\/\/likemetkovic.hr\/kod-ljubuskog-sprijeceno-krijumcarenje-migranta-uhvaceni-su-u-kamionu\/","og_site_name":"likemetkovic.hr","article_publisher":"https:\/\/www.facebook.com\/likemetkovic.hr\/","article_published_time":"2021-03-02T16:54:30+00:00","article_modified_time":"2021-03-02T16:55:13+00:00","og_image":[{"width":800,"height":533,"url":"https:\/\/likemetkovic.hr\/wp-content\/uploads\/2021\/03\/migranti-u-Ljub.jpg","type":"image\/jpeg"}],"author":"LIKEmetkovic.hr","twitter_card":"summary_large_image","twitter_misc":{"Napisao\/la":"LIKEmetkovic.hr","Procijenjeno vrijeme \u010ditanja":"1 minuta"},"schema":{"@context":"https:\/\/schema.org","@graph":[{"@type":"WebPage","@id":"https:\/\/likemetkovic.hr\/kod-ljubuskog-sprijeceno-krijumcarenje-migranta-uhvaceni-su-u-kamionu\/","url":"https:\/\/likemetkovic.hr\/kod-ljubuskog-sprijeceno-krijumcarenje-migranta-uhvaceni-su-u-kamionu\/","name":"Kod Ljubu\u0161kog sprije\u010deno krijum\u010darenje migranta, uhva\u0107eni su u kamionu - likemetkovic.hr","isPartOf":{"@id":"https:\/\/likemetkovic.hr\/#website"},"primaryImageOfPage":{"@id":"https:\/\/likemetkovic.hr\/kod-ljubuskog-sprijeceno-krijumcarenje-migranta-uhvaceni-su-u-kamionu\/#primaryimage"},"image":{"@id":"https:\/\/likemetkovic.hr\/kod-ljubuskog-sprijeceno-krijumcarenje-migranta-uhvaceni-su-u-kamionu\/#primaryimage"},"thumbnailUrl":"https:\/\/likemetkovic.hr\/portal\/wp-content\/uploads\/2021\/03\/migranti-u-Ljub.jpg","datePublished":"2021-03-02T16:54:30+00:00","dateModified":"2021-03-02T16:55:13+00:00","author":{"@id":"https:\/\/likemetkovic.hr\/#\/schema\/person\/a42711f3385a0e2be6f7e0443bfb28f0"},"breadcrumb":{"@id":"https:\/\/likemetkovic.hr\/kod-ljubuskog-sprijeceno-krijumcarenje-migranta-uhvaceni-su-u-kamionu\/#breadcrumb"},"inLanguage":"hr","potentialAction":[{"@type":"ReadAction","target":["https:\/\/likemetkovic.hr\/kod-ljubuskog-sprijeceno-krijumcarenje-migranta-uhvaceni-su-u-kamionu\/"]}]},{"@type":"ImageObject","inLanguage":"hr","@id":"https:\/\/likemetkovic.hr\/kod-ljubuskog-sprijeceno-krijumcarenje-migranta-uhvaceni-su-u-kamionu\/#primaryimage","url":"https:\/\/likemetkovic.hr\/portal\/wp-content\/uploads\/2021\/03\/migranti-u-Ljub.jpg","contentUrl":"https:\/\/likemetkovic.hr\/portal\/wp-content\/uploads\/2021\/03\/migranti-u-Ljub.jpg","width":800,"height":533},{"@type":"BreadcrumbList","@id":"https:\/\/likemetkovic.hr\/kod-ljubuskog-sprijeceno-krijumcarenje-migranta-uhvaceni-su-u-kamionu\/#breadcrumb","itemListElement":[{"@type":"ListItem","position":1,"name":"Po\u010detna stranica","item":"https:\/\/likemetkovic.hr\/portal\/"},{"@type":"ListItem","position":2,"name":"Kod Ljubu\u0161kog sprije\u010deno krijum\u010darenje migranta, uhva\u0107eni su u kamionu"}]},{"@type":"WebSite","@id":"https:\/\/likemetkovic.hr\/#website","url":"https:\/\/likemetkovic.hr\/","name":"likemetkovic.hr","description":"Misli pozitivno... \u010ditaj LIKE","potentialAction":[{"@type":"SearchAction","target":{"@type":"EntryPoint","urlTemplate":"https:\/\/likemetkovic.hr\/?s={search_term_string}"},"query-input":{"@type":"PropertyValueSpecification","valueRequired":true,"valueName":"search_term_string"}}],"inLanguage":"hr"},{"@type":"Person","@id":"https:\/\/likemetkovic.hr\/#\/schema\/person\/a42711f3385a0e2be6f7e0443bfb28f0","name":"LIKEmetkovic.hr","sameAs":["http:\/\/likemetkovic.hr"],"url":"https:\/\/likemetkovic.hr\/portal\/author\/likemetkovic-hr\/"}]}},"_links":{"self":[{"href":"https:\/\/likemetkovic.hr\/portal\/wp-json\/wp\/v2\/posts\/114373","targetHints":{"allow":["GET"]}}],"collection":[{"href":"https:\/\/likemetkovic.hr\/portal\/wp-json\/wp\/v2\/posts"}],"about":[{"href":"https:\/\/likemetkovic.hr\/portal\/wp-json\/wp\/v2\/types\/post"}],"author":[{"embeddable":true,"href":"https:\/\/likemetkovic.hr\/portal\/wp-json\/wp\/v2\/users\/7"}],"replies":[{"embeddable":true,"href":"https:\/\/likemetkovic.hr\/portal\/wp-json\/wp\/v2\/comments?post=114373"}],"version-history":[{"count":0,"href":"https:\/\/likemetkovic.hr\/portal\/wp-json\/wp\/v2\/posts\/114373\/revisions"}],"wp:featuredmedia":[{"embeddable":true,"href":"https:\/\/likemetkovic.hr\/portal\/wp-json\/wp\/v2\/media\/114375"}],"wp:attachment":[{"href":"https:\/\/likemetkovic.hr\/portal\/wp-json\/wp\/v2\/media?parent=114373"}],"wp:term":[{"taxonomy":"category","embeddable":true,"href":"https:\/\/likemetkovic.hr\/portal\/wp-json\/wp\/v2\/categories?post=114373"},{"taxonomy":"post_tag","embeddable":true,"href":"https:\/\/likemetkovic.hr\/portal\/wp-json\/wp\/v2\/tags?post=114373"}],"curies":[{"name":"wp","href":"https:\/\/api.w.org\/{rel}","templated":true}]}}