{"id":114576,"date":"2021-03-08T12:09:14","date_gmt":"2021-03-08T11:09:14","guid":{"rendered":"https:\/\/likemetkovic.hr\/?p=114576"},"modified":"2021-03-08T12:09:14","modified_gmt":"2021-03-08T11:09:14","slug":"zbog-kvara-na-dalekovodu-nakratko-bez-struje-ostala-naselja-od-metkovica-do-vrgorca","status":"publish","type":"post","link":"https:\/\/likemetkovic.hr\/portal\/zbog-kvara-na-dalekovodu-nakratko-bez-struje-ostala-naselja-od-metkovica-do-vrgorca\/","title":{"rendered":"Zbog kvara na dalekovodu nakratko bez struje ostala naselja od Metkovi\u0107a do Vrgorca"},"content":{"rendered":"<p>Jutros oko 10 sati dogodio se kvar na 110 KV dalekovodu Neum- Opuzen na predjelu Simin dol pored Metkovi\u0107a zbog kojega su nakratko bez struje su ostala naselja od Metkovi\u0107a do Makarske i Vrgorca.<\/p>\n<p>U vrijeme pucanja elektri\u010dnog voda u blizini se nalazio Bari\u0161a Ili\u0107.<\/p>\n<p>&#8211;<em> Jutros na terenu izme\u0111u Simina dola i Svetog Ante negdje na pola puta visoko u brdu fotografiram orhideje i promatram ptice tiho, mirno, u\u017eivancija. Malo prije deset sati iskrenje i blaga detonacija zatim \u0161kripa izolatora na stupovima dalekovoda, znao sam \u0161ta se desilo. Pogledao sam dalekovod \u017eica je bila na podu nije mi bilo svejedno bio sam prije pet minuta ispod dalekovoda a i tada sam bio daleko svega desetak metara od dalekovoda ru\u017ean osje\u0107aj.<\/em> &#8211; ka\u017ee Bari\u0161a.<\/p>\n<p>Prekid nije dugo trajao preba\u010den je napon na drugi dalekovod. Vatrogasci, policija i radnici HEP-a su brzo do\u0161li na mjesto doga\u0111aja. Vatrogasci su ugasiti dva manja po\u017eara koji su izbili uslijed iskrenja dalekovoda.<\/p>\n\r\n                <style type=\"text\/css\">\r\n                    \r\n                    #tdi_1  .td-doubleSlider-2 .td-item1 {\r\n                        background: url(https:\/\/likemetkovic.hr\/portal\/wp-content\/uploads\/2021\/03\/dalekovod-simin-do-80x60.jpg) 0 0 no-repeat;\r\n                    }\r\n                    #tdi_1  .td-doubleSlider-2 .td-item2 {\r\n                        background: url(https:\/\/likemetkovic.hr\/portal\/wp-content\/uploads\/2021\/03\/dalekovod-simin-do_1-80x60.jpg) 0 0 no-repeat;\r\n                    }\r\n                <\/style>\r\n\r\n                <div id=\"tdi_1\" class=\"td-gallery td-slide-on-2-columns\">\r\n                    <div class=\"post_td_gallery\">\r\n                        <div class=\"td-gallery-slide-top\">\r\n                           <div class=\"td-gallery-title\"><\/div>\r\n\r\n                            <div class=\"td-gallery-controls-wrapper\">\r\n                                <div class=\"td-gallery-slide-count\"><span class=\"td-gallery-slide-item-focus\">1<\/span> of 2<\/div>\r\n                                <div class=\"td-gallery-slide-prev-next-but\">\r\n                                    <i class = \"td-icon-left doubleSliderPrevButton\"><\/i>\r\n                                    <i class = \"td-icon-right doubleSliderNextButton\"><\/i>\r\n                                <\/div>\r\n                            <\/div>\r\n                        <\/div>\r\n\r\n                        <div class = \"td-doubleSlider-1 \">\r\n                            <div class = \"td-slider\">\r\n                                \r\n                    <div class = \"td-slide-item td-item1\">\r\n                        <figure class=\"td-slide-galery-figure td-slide-popup-gallery\">\r\n                            <a class=\"slide-gallery-image-link\" href=\"https:\/\/likemetkovic.hr\/portal\/wp-content\/uploads\/2021\/03\/dalekovod-simin-do.jpg\" title=\"dalekovod simin do\"  data-caption=\"\"  data-description=\"\">\r\n                                <img decoding=\"async\" src=\"https:\/\/likemetkovic.hr\/portal\/wp-content\/uploads\/2021\/03\/dalekovod-simin-do-630x420.jpg\" srcset=\"https:\/\/likemetkovic.hr\/portal\/wp-content\/uploads\/2021\/03\/dalekovod-simin-do-630x420.jpg 630w, https:\/\/likemetkovic.hr\/portal\/wp-content\/uploads\/2021\/03\/dalekovod-simin-do-768x512.jpg 768w, https:\/\/likemetkovic.hr\/portal\/wp-content\/uploads\/2021\/03\/dalekovod-simin-do-696x464.jpg 696w, https:\/\/likemetkovic.hr\/portal\/wp-content\/uploads\/2021\/03\/dalekovod-simin-do.jpg 800w\" sizes=\"(max-width: 630px) 100vw, 630px\" alt=\"\">\r\n                            <\/a>\r\n                            \r\n                        <\/figure>\r\n                    <\/div>\r\n                    <div class = \"td-slide-item td-item2\">\r\n                        <figure class=\"td-slide-galery-figure td-slide-popup-gallery\">\r\n                            <a class=\"slide-gallery-image-link\" href=\"https:\/\/likemetkovic.hr\/portal\/wp-content\/uploads\/2021\/03\/dalekovod-simin-do_1.jpg\" title=\"dalekovod simin do_1\"  data-caption=\"\"  data-description=\"\">\r\n                                <img decoding=\"async\" src=\"https:\/\/likemetkovic.hr\/portal\/wp-content\/uploads\/2021\/03\/dalekovod-simin-do_1-630x420.jpg\" srcset=\"https:\/\/likemetkovic.hr\/portal\/wp-content\/uploads\/2021\/03\/dalekovod-simin-do_1-630x420.jpg 630w, https:\/\/likemetkovic.hr\/portal\/wp-content\/uploads\/2021\/03\/dalekovod-simin-do_1-768x512.jpg 768w, https:\/\/likemetkovic.hr\/portal\/wp-content\/uploads\/2021\/03\/dalekovod-simin-do_1-696x464.jpg 696w, https:\/\/likemetkovic.hr\/portal\/wp-content\/uploads\/2021\/03\/dalekovod-simin-do_1.jpg 800w\" sizes=\"(max-width: 630px) 100vw, 630px\" alt=\"\">\r\n                            <\/a>\r\n                            \r\n                        <\/figure>\r\n                    <\/div>\r\n                            <\/div>\r\n                        <\/div>\r\n\r\n                        <div class = \"td-doubleSlider-2\">\r\n                            <div class = \"td-slider\">\r\n                                \r\n                    <div class = \"td-button td-item1\">\r\n                        <div class = \"td-border\"><\/div>\r\n                    <\/div>\r\n                    <div class = \"td-button td-item2\">\r\n                        <div class = \"td-border\"><\/div>\r\n                    <\/div>\r\n                            <\/div>\r\n                        <\/div>\r\n\r\n                    <\/div>\r\n\r\n                <\/div>\r\n                \n","protected":false},"excerpt":{"rendered":"<p>Jutros oko 10 sati dogodio se kvar na 110 KV dalekovodu Neum- Opuzen na predjelu Simin dol pored Metkovi\u0107a zbog kojega su nakratko bez struje su ostala naselja od Metkovi\u0107a do Makarske i Vrgorca. U vrijeme pucanja elektri\u010dnog voda u blizini se nalazio Bari\u0161a Ili\u0107. &#8211; Jutros na terenu izme\u0111u Simina dola i Svetog Ante [&hellip;]<\/p>\n","protected":false},"author":9,"featured_media":114577,"comment_status":"open","ping_status":"open","sticky":false,"template":"","format":"standard","meta":{"footnotes":""},"categories":[296,11],"tags":[9060,3899,438,9061],"class_list":{"0":"post-114576","1":"post","2":"type-post","3":"status-publish","4":"format-standard","5":"has-post-thumbnail","7":"category-ab","8":"category-metkovic-dolina","9":"tag-dalekovod","10":"tag-kvar","11":"tag-pozar","12":"tag-simin-do"},"yoast_head":"<!-- This site is optimized with the Yoast SEO plugin v25.2 - https:\/\/yoast.com\/wordpress\/plugins\/seo\/ -->\n<title>Zbog kvara na dalekovodu nakratko bez struje ostala naselja od Metkovi\u0107a do Vrgorca - likemetkovic.hr<\/title>\n<meta name=\"robots\" content=\"index, follow, max-snippet:-1, max-image-preview:large, max-video-preview:-1\" \/>\n<link rel=\"canonical\" href=\"https:\/\/likemetkovic.hr\/zbog-kvara-na-dalekovodu-nakratko-bez-struje-ostala-naselja-od-metkovica-do-vrgorca\/\" \/>\n<meta property=\"og:locale\" content=\"hr_HR\" \/>\n<meta property=\"og:type\" content=\"article\" \/>\n<meta property=\"og:title\" content=\"Zbog kvara na dalekovodu nakratko bez struje ostala naselja od Metkovi\u0107a do Vrgorca - likemetkovic.hr\" \/>\n<meta property=\"og:description\" content=\"Jutros oko 10 sati dogodio se kvar na 110 KV dalekovodu Neum- Opuzen na predjelu Simin dol pored Metkovi\u0107a zbog kojega su nakratko bez struje su ostala naselja od Metkovi\u0107a do Makarske i Vrgorca. U vrijeme pucanja elektri\u010dnog voda u blizini se nalazio Bari\u0161a Ili\u0107. &#8211; Jutros na terenu izme\u0111u Simina dola i Svetog Ante [&hellip;]\" \/>\n<meta property=\"og:url\" content=\"https:\/\/likemetkovic.hr\/zbog-kvara-na-dalekovodu-nakratko-bez-struje-ostala-naselja-od-metkovica-do-vrgorca\/\" \/>\n<meta property=\"og:site_name\" content=\"likemetkovic.hr\" \/>\n<meta property=\"article:publisher\" content=\"https:\/\/www.facebook.com\/likemetkovic.hr\/\" \/>\n<meta property=\"article:published_time\" content=\"2021-03-08T11:09:14+00:00\" \/>\n<meta property=\"og:image\" content=\"https:\/\/likemetkovic.hr\/wp-content\/uploads\/2021\/03\/dalekovod-simin-do.jpg\" \/>\n\t<meta property=\"og:image:width\" content=\"800\" \/>\n\t<meta property=\"og:image:height\" content=\"533\" \/>\n\t<meta property=\"og:image:type\" content=\"image\/jpeg\" \/>\n<meta name=\"author\" content=\"K. J.\" \/>\n<meta name=\"twitter:card\" content=\"summary_large_image\" \/>\n<meta name=\"twitter:label1\" content=\"Napisao\/la\" \/>\n\t<meta name=\"twitter:data1\" content=\"K. J.\" \/>\n\t<meta name=\"twitter:label2\" content=\"Procijenjeno vrijeme \u010ditanja\" \/>\n\t<meta name=\"twitter:data2\" content=\"1 minuta\" \/>\n<script type=\"application\/ld+json\" class=\"yoast-schema-graph\">{\"@context\":\"https:\/\/schema.org\",\"@graph\":[{\"@type\":\"WebPage\",\"@id\":\"https:\/\/likemetkovic.hr\/zbog-kvara-na-dalekovodu-nakratko-bez-struje-ostala-naselja-od-metkovica-do-vrgorca\/\",\"url\":\"https:\/\/likemetkovic.hr\/zbog-kvara-na-dalekovodu-nakratko-bez-struje-ostala-naselja-od-metkovica-do-vrgorca\/\",\"name\":\"Zbog kvara na dalekovodu nakratko bez struje ostala naselja od Metkovi\u0107a do Vrgorca - likemetkovic.hr\",\"isPartOf\":{\"@id\":\"https:\/\/likemetkovic.hr\/#website\"},\"primaryImageOfPage\":{\"@id\":\"https:\/\/likemetkovic.hr\/zbog-kvara-na-dalekovodu-nakratko-bez-struje-ostala-naselja-od-metkovica-do-vrgorca\/#primaryimage\"},\"image\":{\"@id\":\"https:\/\/likemetkovic.hr\/zbog-kvara-na-dalekovodu-nakratko-bez-struje-ostala-naselja-od-metkovica-do-vrgorca\/#primaryimage\"},\"thumbnailUrl\":\"https:\/\/likemetkovic.hr\/portal\/wp-content\/uploads\/2021\/03\/dalekovod-simin-do.jpg\",\"datePublished\":\"2021-03-08T11:09:14+00:00\",\"author\":{\"@id\":\"https:\/\/likemetkovic.hr\/#\/schema\/person\/0a8b4ebfdfe1ff01192dccda40c5da0c\"},\"breadcrumb\":{\"@id\":\"https:\/\/likemetkovic.hr\/zbog-kvara-na-dalekovodu-nakratko-bez-struje-ostala-naselja-od-metkovica-do-vrgorca\/#breadcrumb\"},\"inLanguage\":\"hr\",\"potentialAction\":[{\"@type\":\"ReadAction\",\"target\":[\"https:\/\/likemetkovic.hr\/zbog-kvara-na-dalekovodu-nakratko-bez-struje-ostala-naselja-od-metkovica-do-vrgorca\/\"]}]},{\"@type\":\"ImageObject\",\"inLanguage\":\"hr\",\"@id\":\"https:\/\/likemetkovic.hr\/zbog-kvara-na-dalekovodu-nakratko-bez-struje-ostala-naselja-od-metkovica-do-vrgorca\/#primaryimage\",\"url\":\"https:\/\/likemetkovic.hr\/portal\/wp-content\/uploads\/2021\/03\/dalekovod-simin-do.jpg\",\"contentUrl\":\"https:\/\/likemetkovic.hr\/portal\/wp-content\/uploads\/2021\/03\/dalekovod-simin-do.jpg\",\"width\":800,\"height\":533},{\"@type\":\"BreadcrumbList\",\"@id\":\"https:\/\/likemetkovic.hr\/zbog-kvara-na-dalekovodu-nakratko-bez-struje-ostala-naselja-od-metkovica-do-vrgorca\/#breadcrumb\",\"itemListElement\":[{\"@type\":\"ListItem\",\"position\":1,\"name\":\"Po\u010detna stranica\",\"item\":\"https:\/\/likemetkovic.hr\/portal\/\"},{\"@type\":\"ListItem\",\"position\":2,\"name\":\"Zbog kvara na dalekovodu nakratko bez struje ostala naselja od Metkovi\u0107a do Vrgorca\"}]},{\"@type\":\"WebSite\",\"@id\":\"https:\/\/likemetkovic.hr\/#website\",\"url\":\"https:\/\/likemetkovic.hr\/\",\"name\":\"likemetkovic.hr\",\"description\":\"Misli pozitivno... \u010ditaj LIKE\",\"potentialAction\":[{\"@type\":\"SearchAction\",\"target\":{\"@type\":\"EntryPoint\",\"urlTemplate\":\"https:\/\/likemetkovic.hr\/?s={search_term_string}\"},\"query-input\":{\"@type\":\"PropertyValueSpecification\",\"valueRequired\":true,\"valueName\":\"search_term_string\"}}],\"inLanguage\":\"hr\"},{\"@type\":\"Person\",\"@id\":\"https:\/\/likemetkovic.hr\/#\/schema\/person\/0a8b4ebfdfe1ff01192dccda40c5da0c\",\"name\":\"K. J.\",\"url\":\"https:\/\/likemetkovic.hr\/portal\/author\/likemetkovic\/\"}]}<\/script>\n<!-- \/ Yoast SEO plugin. -->","yoast_head_json":{"title":"Zbog kvara na dalekovodu nakratko bez struje ostala naselja od Metkovi\u0107a do Vrgorca - likemetkovic.hr","robots":{"index":"index","follow":"follow","max-snippet":"max-snippet:-1","max-image-preview":"max-image-preview:large","max-video-preview":"max-video-preview:-1"},"canonical":"https:\/\/likemetkovic.hr\/zbog-kvara-na-dalekovodu-nakratko-bez-struje-ostala-naselja-od-metkovica-do-vrgorca\/","og_locale":"hr_HR","og_type":"article","og_title":"Zbog kvara na dalekovodu nakratko bez struje ostala naselja od Metkovi\u0107a do Vrgorca - likemetkovic.hr","og_description":"Jutros oko 10 sati dogodio se kvar na 110 KV dalekovodu Neum- Opuzen na predjelu Simin dol pored Metkovi\u0107a zbog kojega su nakratko bez struje su ostala naselja od Metkovi\u0107a do Makarske i Vrgorca. U vrijeme pucanja elektri\u010dnog voda u blizini se nalazio Bari\u0161a Ili\u0107. &#8211; Jutros na terenu izme\u0111u Simina dola i Svetog Ante [&hellip;]","og_url":"https:\/\/likemetkovic.hr\/zbog-kvara-na-dalekovodu-nakratko-bez-struje-ostala-naselja-od-metkovica-do-vrgorca\/","og_site_name":"likemetkovic.hr","article_publisher":"https:\/\/www.facebook.com\/likemetkovic.hr\/","article_published_time":"2021-03-08T11:09:14+00:00","og_image":[{"width":800,"height":533,"url":"https:\/\/likemetkovic.hr\/wp-content\/uploads\/2021\/03\/dalekovod-simin-do.jpg","type":"image\/jpeg"}],"author":"K. J.","twitter_card":"summary_large_image","twitter_misc":{"Napisao\/la":"K. J.","Procijenjeno vrijeme \u010ditanja":"1 minuta"},"schema":{"@context":"https:\/\/schema.org","@graph":[{"@type":"WebPage","@id":"https:\/\/likemetkovic.hr\/zbog-kvara-na-dalekovodu-nakratko-bez-struje-ostala-naselja-od-metkovica-do-vrgorca\/","url":"https:\/\/likemetkovic.hr\/zbog-kvara-na-dalekovodu-nakratko-bez-struje-ostala-naselja-od-metkovica-do-vrgorca\/","name":"Zbog kvara na dalekovodu nakratko bez struje ostala naselja od Metkovi\u0107a do Vrgorca - likemetkovic.hr","isPartOf":{"@id":"https:\/\/likemetkovic.hr\/#website"},"primaryImageOfPage":{"@id":"https:\/\/likemetkovic.hr\/zbog-kvara-na-dalekovodu-nakratko-bez-struje-ostala-naselja-od-metkovica-do-vrgorca\/#primaryimage"},"image":{"@id":"https:\/\/likemetkovic.hr\/zbog-kvara-na-dalekovodu-nakratko-bez-struje-ostala-naselja-od-metkovica-do-vrgorca\/#primaryimage"},"thumbnailUrl":"https:\/\/likemetkovic.hr\/portal\/wp-content\/uploads\/2021\/03\/dalekovod-simin-do.jpg","datePublished":"2021-03-08T11:09:14+00:00","author":{"@id":"https:\/\/likemetkovic.hr\/#\/schema\/person\/0a8b4ebfdfe1ff01192dccda40c5da0c"},"breadcrumb":{"@id":"https:\/\/likemetkovic.hr\/zbog-kvara-na-dalekovodu-nakratko-bez-struje-ostala-naselja-od-metkovica-do-vrgorca\/#breadcrumb"},"inLanguage":"hr","potentialAction":[{"@type":"ReadAction","target":["https:\/\/likemetkovic.hr\/zbog-kvara-na-dalekovodu-nakratko-bez-struje-ostala-naselja-od-metkovica-do-vrgorca\/"]}]},{"@type":"ImageObject","inLanguage":"hr","@id":"https:\/\/likemetkovic.hr\/zbog-kvara-na-dalekovodu-nakratko-bez-struje-ostala-naselja-od-metkovica-do-vrgorca\/#primaryimage","url":"https:\/\/likemetkovic.hr\/portal\/wp-content\/uploads\/2021\/03\/dalekovod-simin-do.jpg","contentUrl":"https:\/\/likemetkovic.hr\/portal\/wp-content\/uploads\/2021\/03\/dalekovod-simin-do.jpg","width":800,"height":533},{"@type":"BreadcrumbList","@id":"https:\/\/likemetkovic.hr\/zbog-kvara-na-dalekovodu-nakratko-bez-struje-ostala-naselja-od-metkovica-do-vrgorca\/#breadcrumb","itemListElement":[{"@type":"ListItem","position":1,"name":"Po\u010detna stranica","item":"https:\/\/likemetkovic.hr\/portal\/"},{"@type":"ListItem","position":2,"name":"Zbog kvara na dalekovodu nakratko bez struje ostala naselja od Metkovi\u0107a do Vrgorca"}]},{"@type":"WebSite","@id":"https:\/\/likemetkovic.hr\/#website","url":"https:\/\/likemetkovic.hr\/","name":"likemetkovic.hr","description":"Misli pozitivno... \u010ditaj LIKE","potentialAction":[{"@type":"SearchAction","target":{"@type":"EntryPoint","urlTemplate":"https:\/\/likemetkovic.hr\/?s={search_term_string}"},"query-input":{"@type":"PropertyValueSpecification","valueRequired":true,"valueName":"search_term_string"}}],"inLanguage":"hr"},{"@type":"Person","@id":"https:\/\/likemetkovic.hr\/#\/schema\/person\/0a8b4ebfdfe1ff01192dccda40c5da0c","name":"K. J.","url":"https:\/\/likemetkovic.hr\/portal\/author\/likemetkovic\/"}]}},"_links":{"self":[{"href":"https:\/\/likemetkovic.hr\/portal\/wp-json\/wp\/v2\/posts\/114576","targetHints":{"allow":["GET"]}}],"collection":[{"href":"https:\/\/likemetkovic.hr\/portal\/wp-json\/wp\/v2\/posts"}],"about":[{"href":"https:\/\/likemetkovic.hr\/portal\/wp-json\/wp\/v2\/types\/post"}],"author":[{"embeddable":true,"href":"https:\/\/likemetkovic.hr\/portal\/wp-json\/wp\/v2\/users\/9"}],"replies":[{"embeddable":true,"href":"https:\/\/likemetkovic.hr\/portal\/wp-json\/wp\/v2\/comments?post=114576"}],"version-history":[{"count":0,"href":"https:\/\/likemetkovic.hr\/portal\/wp-json\/wp\/v2\/posts\/114576\/revisions"}],"wp:featuredmedia":[{"embeddable":true,"href":"https:\/\/likemetkovic.hr\/portal\/wp-json\/wp\/v2\/media\/114577"}],"wp:attachment":[{"href":"https:\/\/likemetkovic.hr\/portal\/wp-json\/wp\/v2\/media?parent=114576"}],"wp:term":[{"taxonomy":"category","embeddable":true,"href":"https:\/\/likemetkovic.hr\/portal\/wp-json\/wp\/v2\/categories?post=114576"},{"taxonomy":"post_tag","embeddable":true,"href":"https:\/\/likemetkovic.hr\/portal\/wp-json\/wp\/v2\/tags?post=114576"}],"curies":[{"name":"wp","href":"https:\/\/api.w.org\/{rel}","templated":true}]}}