{"id":114620,"date":"2021-03-09T16:26:07","date_gmt":"2021-03-09T15:26:07","guid":{"rendered":"https:\/\/likemetkovic.hr\/?p=114620"},"modified":"2021-03-09T16:26:07","modified_gmt":"2021-03-09T15:26:07","slug":"optuzen-dvojac-zbog-ubojstva-29-godisnjaka-u-rogotinu","status":"publish","type":"post","link":"https:\/\/likemetkovic.hr\/portal\/optuzen-dvojac-zbog-ubojstva-29-godisnjaka-u-rogotinu\/","title":{"rendered":"Optu\u017een dvojac zbog ubojstva 29-godi\u0161njaka u Rogotinu"},"content":{"rendered":"<p><a href=\"http:\/\/www.dorh.hr\/dbr09032021\" target=\"_blank\" rel=\"noopener\">\u017dupanijsko dr\u017eavno odvjetni\u0161tvo<\/a> podiglo je optu\u017enicu protiv dvojice mu\u0161karaca zbog ubojstva 29-godi\u0161njaka kojega su lani u Rogotinu do smrti izudarali sjekirom po glavi, pi\u0161e Hina.<\/p>\n<p>Osumnji\u010dene u dobi od 40 i 41 godine dr\u017eavno odvjetni\u0161tvo tereti\u00a0da su 17. rujna 2020. u popodnevnim satima u\u00a0Rogotinu \u017ertvu &#8220;dogovorno i s ciljem da je li\u0161e \u017eivota&#8221; vi\u0161e puta udarali &#8220;tupotvrdim i o\u0161trim predmetima&#8221; po glavi i vratu.<\/p>\n<p>\u017drtva je zadobila penetralnu ranu glave s prijelomom svoda lubanje i ozljedom mozga, prijelome dva vratna kralje\u0161ka i tri ubodne rane vrata, izvijestilo je \u017dupanijsko dr\u017eavno odvjetni\u0161tvo u Dubrovniku, koje je sudu predlo\u017eilo produljenje istra\u017enog zatvora za obojicu okrivljenika.<\/p>\n<p>Napada\u010di i \u017ertva po pisanju portala 24 sata bili su dio iste dru\u017eine koja se danima zabavljala u ku\u0107i prvoosumnji\u010denog\u00a0<strong>Lovre \u0160.<\/strong>\u00a0koji je bio najbolji prijatelj ubijenog\u00a0<strong>I.T.<\/strong>\u00a0Za ubijenog su mje\u0161tani rekli da je imao sigurno stotinjak kaznenih i prekr\u0161ajnih prijava i da je stalno radio ekscese po mjestu.<\/p>\n<p>Motiv ubojstva nije poznat, a prema tada\u0161njim izjavama susjeda, mogu\u0107e je da se radilo o sva\u0111i koja je eskalirala uz konzumaciju alkohola ili droga.<\/p>\n<p>Lovre \u0160. navodno je prvo priznao nedjelo policajcima koji su stigli pred ku\u0107u, ali je kasnije u postaji odbijao govoriti.<\/p>\n","protected":false},"excerpt":{"rendered":"<p>\u017dupanijsko dr\u017eavno odvjetni\u0161tvo podiglo je optu\u017enicu protiv dvojice mu\u0161karaca zbog ubojstva 29-godi\u0161njaka kojega su lani u Rogotinu do smrti izudarali sjekirom po glavi, pi\u0161e Hina. Osumnji\u010dene u dobi od 40 i 41 godine dr\u017eavno odvjetni\u0161tvo tereti\u00a0da su 17. rujna 2020. u popodnevnim satima u\u00a0Rogotinu \u017ertvu &#8220;dogovorno i s ciljem da je li\u0161e \u017eivota&#8221; vi\u0161e puta [&hellip;]<\/p>\n","protected":false},"author":7,"featured_media":107755,"comment_status":"open","ping_status":"open","sticky":false,"template":"","format":"standard","meta":{"footnotes":""},"categories":[296,305],"tags":[4271,666,1677],"class_list":{"0":"post-114620","1":"post","2":"type-post","3":"status-publish","4":"format-standard","5":"has-post-thumbnail","7":"category-ab","8":"category-crna-kronika","9":"tag-dorh","10":"tag-rogotin","11":"tag-ubojstvo"},"yoast_head":"<!-- This site is optimized with the Yoast SEO plugin v25.2 - https:\/\/yoast.com\/wordpress\/plugins\/seo\/ -->\n<title>Optu\u017een dvojac zbog ubojstva 29-godi\u0161njaka u Rogotinu - likemetkovic.hr<\/title>\n<meta name=\"robots\" content=\"index, follow, max-snippet:-1, max-image-preview:large, max-video-preview:-1\" \/>\n<link rel=\"canonical\" href=\"https:\/\/likemetkovic.hr\/optuzen-dvojac-zbog-ubojstva-29-godisnjaka-u-rogotinu\/\" \/>\n<meta property=\"og:locale\" content=\"hr_HR\" \/>\n<meta property=\"og:type\" content=\"article\" \/>\n<meta property=\"og:title\" content=\"Optu\u017een dvojac zbog ubojstva 29-godi\u0161njaka u Rogotinu - likemetkovic.hr\" \/>\n<meta property=\"og:description\" content=\"\u017dupanijsko dr\u017eavno odvjetni\u0161tvo podiglo je optu\u017enicu protiv dvojice mu\u0161karaca zbog ubojstva 29-godi\u0161njaka kojega su lani u Rogotinu do smrti izudarali sjekirom po glavi, pi\u0161e Hina. Osumnji\u010dene u dobi od 40 i 41 godine dr\u017eavno odvjetni\u0161tvo tereti\u00a0da su 17. rujna 2020. u popodnevnim satima u\u00a0Rogotinu \u017ertvu &#8220;dogovorno i s ciljem da je li\u0161e \u017eivota&#8221; vi\u0161e puta [&hellip;]\" \/>\n<meta property=\"og:url\" content=\"https:\/\/likemetkovic.hr\/optuzen-dvojac-zbog-ubojstva-29-godisnjaka-u-rogotinu\/\" \/>\n<meta property=\"og:site_name\" content=\"likemetkovic.hr\" \/>\n<meta property=\"article:publisher\" content=\"https:\/\/www.facebook.com\/likemetkovic.hr\/\" \/>\n<meta property=\"article:published_time\" content=\"2021-03-09T15:26:07+00:00\" \/>\n<meta property=\"og:image\" content=\"https:\/\/likemetkovic.hr\/wp-content\/uploads\/2020\/09\/rogotin-ubojstvo.jpg\" \/>\n\t<meta property=\"og:image:width\" content=\"800\" \/>\n\t<meta property=\"og:image:height\" content=\"534\" \/>\n\t<meta property=\"og:image:type\" content=\"image\/jpeg\" \/>\n<meta name=\"author\" content=\"LIKEmetkovic.hr\" \/>\n<meta name=\"twitter:card\" content=\"summary_large_image\" \/>\n<meta name=\"twitter:label1\" content=\"Napisao\/la\" \/>\n\t<meta name=\"twitter:data1\" content=\"LIKEmetkovic.hr\" \/>\n\t<meta name=\"twitter:label2\" content=\"Procijenjeno vrijeme \u010ditanja\" \/>\n\t<meta name=\"twitter:data2\" content=\"1 minuta\" \/>\n<script type=\"application\/ld+json\" class=\"yoast-schema-graph\">{\"@context\":\"https:\/\/schema.org\",\"@graph\":[{\"@type\":\"WebPage\",\"@id\":\"https:\/\/likemetkovic.hr\/optuzen-dvojac-zbog-ubojstva-29-godisnjaka-u-rogotinu\/\",\"url\":\"https:\/\/likemetkovic.hr\/optuzen-dvojac-zbog-ubojstva-29-godisnjaka-u-rogotinu\/\",\"name\":\"Optu\u017een dvojac zbog ubojstva 29-godi\u0161njaka u Rogotinu - likemetkovic.hr\",\"isPartOf\":{\"@id\":\"https:\/\/likemetkovic.hr\/#website\"},\"primaryImageOfPage\":{\"@id\":\"https:\/\/likemetkovic.hr\/optuzen-dvojac-zbog-ubojstva-29-godisnjaka-u-rogotinu\/#primaryimage\"},\"image\":{\"@id\":\"https:\/\/likemetkovic.hr\/optuzen-dvojac-zbog-ubojstva-29-godisnjaka-u-rogotinu\/#primaryimage\"},\"thumbnailUrl\":\"https:\/\/likemetkovic.hr\/portal\/wp-content\/uploads\/2020\/09\/rogotin-ubojstvo.jpg\",\"datePublished\":\"2021-03-09T15:26:07+00:00\",\"author\":{\"@id\":\"https:\/\/likemetkovic.hr\/#\/schema\/person\/a42711f3385a0e2be6f7e0443bfb28f0\"},\"breadcrumb\":{\"@id\":\"https:\/\/likemetkovic.hr\/optuzen-dvojac-zbog-ubojstva-29-godisnjaka-u-rogotinu\/#breadcrumb\"},\"inLanguage\":\"hr\",\"potentialAction\":[{\"@type\":\"ReadAction\",\"target\":[\"https:\/\/likemetkovic.hr\/optuzen-dvojac-zbog-ubojstva-29-godisnjaka-u-rogotinu\/\"]}]},{\"@type\":\"ImageObject\",\"inLanguage\":\"hr\",\"@id\":\"https:\/\/likemetkovic.hr\/optuzen-dvojac-zbog-ubojstva-29-godisnjaka-u-rogotinu\/#primaryimage\",\"url\":\"https:\/\/likemetkovic.hr\/portal\/wp-content\/uploads\/2020\/09\/rogotin-ubojstvo.jpg\",\"contentUrl\":\"https:\/\/likemetkovic.hr\/portal\/wp-content\/uploads\/2020\/09\/rogotin-ubojstvo.jpg\",\"width\":800,\"height\":534},{\"@type\":\"BreadcrumbList\",\"@id\":\"https:\/\/likemetkovic.hr\/optuzen-dvojac-zbog-ubojstva-29-godisnjaka-u-rogotinu\/#breadcrumb\",\"itemListElement\":[{\"@type\":\"ListItem\",\"position\":1,\"name\":\"Po\u010detna stranica\",\"item\":\"https:\/\/likemetkovic.hr\/portal\/\"},{\"@type\":\"ListItem\",\"position\":2,\"name\":\"Optu\u017een dvojac zbog ubojstva 29-godi\u0161njaka u Rogotinu\"}]},{\"@type\":\"WebSite\",\"@id\":\"https:\/\/likemetkovic.hr\/#website\",\"url\":\"https:\/\/likemetkovic.hr\/\",\"name\":\"likemetkovic.hr\",\"description\":\"Misli pozitivno... \u010ditaj LIKE\",\"potentialAction\":[{\"@type\":\"SearchAction\",\"target\":{\"@type\":\"EntryPoint\",\"urlTemplate\":\"https:\/\/likemetkovic.hr\/?s={search_term_string}\"},\"query-input\":{\"@type\":\"PropertyValueSpecification\",\"valueRequired\":true,\"valueName\":\"search_term_string\"}}],\"inLanguage\":\"hr\"},{\"@type\":\"Person\",\"@id\":\"https:\/\/likemetkovic.hr\/#\/schema\/person\/a42711f3385a0e2be6f7e0443bfb28f0\",\"name\":\"LIKEmetkovic.hr\",\"sameAs\":[\"http:\/\/likemetkovic.hr\"],\"url\":\"https:\/\/likemetkovic.hr\/portal\/author\/likemetkovic-hr\/\"}]}<\/script>\n<!-- \/ Yoast SEO plugin. -->","yoast_head_json":{"title":"Optu\u017een dvojac zbog ubojstva 29-godi\u0161njaka u Rogotinu - likemetkovic.hr","robots":{"index":"index","follow":"follow","max-snippet":"max-snippet:-1","max-image-preview":"max-image-preview:large","max-video-preview":"max-video-preview:-1"},"canonical":"https:\/\/likemetkovic.hr\/optuzen-dvojac-zbog-ubojstva-29-godisnjaka-u-rogotinu\/","og_locale":"hr_HR","og_type":"article","og_title":"Optu\u017een dvojac zbog ubojstva 29-godi\u0161njaka u Rogotinu - likemetkovic.hr","og_description":"\u017dupanijsko dr\u017eavno odvjetni\u0161tvo podiglo je optu\u017enicu protiv dvojice mu\u0161karaca zbog ubojstva 29-godi\u0161njaka kojega su lani u Rogotinu do smrti izudarali sjekirom po glavi, pi\u0161e Hina. Osumnji\u010dene u dobi od 40 i 41 godine dr\u017eavno odvjetni\u0161tvo tereti\u00a0da su 17. rujna 2020. u popodnevnim satima u\u00a0Rogotinu \u017ertvu &#8220;dogovorno i s ciljem da je li\u0161e \u017eivota&#8221; vi\u0161e puta [&hellip;]","og_url":"https:\/\/likemetkovic.hr\/optuzen-dvojac-zbog-ubojstva-29-godisnjaka-u-rogotinu\/","og_site_name":"likemetkovic.hr","article_publisher":"https:\/\/www.facebook.com\/likemetkovic.hr\/","article_published_time":"2021-03-09T15:26:07+00:00","og_image":[{"width":800,"height":534,"url":"https:\/\/likemetkovic.hr\/wp-content\/uploads\/2020\/09\/rogotin-ubojstvo.jpg","type":"image\/jpeg"}],"author":"LIKEmetkovic.hr","twitter_card":"summary_large_image","twitter_misc":{"Napisao\/la":"LIKEmetkovic.hr","Procijenjeno vrijeme \u010ditanja":"1 minuta"},"schema":{"@context":"https:\/\/schema.org","@graph":[{"@type":"WebPage","@id":"https:\/\/likemetkovic.hr\/optuzen-dvojac-zbog-ubojstva-29-godisnjaka-u-rogotinu\/","url":"https:\/\/likemetkovic.hr\/optuzen-dvojac-zbog-ubojstva-29-godisnjaka-u-rogotinu\/","name":"Optu\u017een dvojac zbog ubojstva 29-godi\u0161njaka u Rogotinu - likemetkovic.hr","isPartOf":{"@id":"https:\/\/likemetkovic.hr\/#website"},"primaryImageOfPage":{"@id":"https:\/\/likemetkovic.hr\/optuzen-dvojac-zbog-ubojstva-29-godisnjaka-u-rogotinu\/#primaryimage"},"image":{"@id":"https:\/\/likemetkovic.hr\/optuzen-dvojac-zbog-ubojstva-29-godisnjaka-u-rogotinu\/#primaryimage"},"thumbnailUrl":"https:\/\/likemetkovic.hr\/portal\/wp-content\/uploads\/2020\/09\/rogotin-ubojstvo.jpg","datePublished":"2021-03-09T15:26:07+00:00","author":{"@id":"https:\/\/likemetkovic.hr\/#\/schema\/person\/a42711f3385a0e2be6f7e0443bfb28f0"},"breadcrumb":{"@id":"https:\/\/likemetkovic.hr\/optuzen-dvojac-zbog-ubojstva-29-godisnjaka-u-rogotinu\/#breadcrumb"},"inLanguage":"hr","potentialAction":[{"@type":"ReadAction","target":["https:\/\/likemetkovic.hr\/optuzen-dvojac-zbog-ubojstva-29-godisnjaka-u-rogotinu\/"]}]},{"@type":"ImageObject","inLanguage":"hr","@id":"https:\/\/likemetkovic.hr\/optuzen-dvojac-zbog-ubojstva-29-godisnjaka-u-rogotinu\/#primaryimage","url":"https:\/\/likemetkovic.hr\/portal\/wp-content\/uploads\/2020\/09\/rogotin-ubojstvo.jpg","contentUrl":"https:\/\/likemetkovic.hr\/portal\/wp-content\/uploads\/2020\/09\/rogotin-ubojstvo.jpg","width":800,"height":534},{"@type":"BreadcrumbList","@id":"https:\/\/likemetkovic.hr\/optuzen-dvojac-zbog-ubojstva-29-godisnjaka-u-rogotinu\/#breadcrumb","itemListElement":[{"@type":"ListItem","position":1,"name":"Po\u010detna stranica","item":"https:\/\/likemetkovic.hr\/portal\/"},{"@type":"ListItem","position":2,"name":"Optu\u017een dvojac zbog ubojstva 29-godi\u0161njaka u Rogotinu"}]},{"@type":"WebSite","@id":"https:\/\/likemetkovic.hr\/#website","url":"https:\/\/likemetkovic.hr\/","name":"likemetkovic.hr","description":"Misli pozitivno... \u010ditaj LIKE","potentialAction":[{"@type":"SearchAction","target":{"@type":"EntryPoint","urlTemplate":"https:\/\/likemetkovic.hr\/?s={search_term_string}"},"query-input":{"@type":"PropertyValueSpecification","valueRequired":true,"valueName":"search_term_string"}}],"inLanguage":"hr"},{"@type":"Person","@id":"https:\/\/likemetkovic.hr\/#\/schema\/person\/a42711f3385a0e2be6f7e0443bfb28f0","name":"LIKEmetkovic.hr","sameAs":["http:\/\/likemetkovic.hr"],"url":"https:\/\/likemetkovic.hr\/portal\/author\/likemetkovic-hr\/"}]}},"_links":{"self":[{"href":"https:\/\/likemetkovic.hr\/portal\/wp-json\/wp\/v2\/posts\/114620","targetHints":{"allow":["GET"]}}],"collection":[{"href":"https:\/\/likemetkovic.hr\/portal\/wp-json\/wp\/v2\/posts"}],"about":[{"href":"https:\/\/likemetkovic.hr\/portal\/wp-json\/wp\/v2\/types\/post"}],"author":[{"embeddable":true,"href":"https:\/\/likemetkovic.hr\/portal\/wp-json\/wp\/v2\/users\/7"}],"replies":[{"embeddable":true,"href":"https:\/\/likemetkovic.hr\/portal\/wp-json\/wp\/v2\/comments?post=114620"}],"version-history":[{"count":0,"href":"https:\/\/likemetkovic.hr\/portal\/wp-json\/wp\/v2\/posts\/114620\/revisions"}],"wp:featuredmedia":[{"embeddable":true,"href":"https:\/\/likemetkovic.hr\/portal\/wp-json\/wp\/v2\/media\/107755"}],"wp:attachment":[{"href":"https:\/\/likemetkovic.hr\/portal\/wp-json\/wp\/v2\/media?parent=114620"}],"wp:term":[{"taxonomy":"category","embeddable":true,"href":"https:\/\/likemetkovic.hr\/portal\/wp-json\/wp\/v2\/categories?post=114620"},{"taxonomy":"post_tag","embeddable":true,"href":"https:\/\/likemetkovic.hr\/portal\/wp-json\/wp\/v2\/tags?post=114620"}],"curies":[{"name":"wp","href":"https:\/\/api.w.org\/{rel}","templated":true}]}}