{"id":114711,"date":"2021-03-12T17:32:39","date_gmt":"2021-03-12T16:32:39","guid":{"rendered":"https:\/\/likemetkovic.hr\/?p=114711"},"modified":"2021-03-13T08:40:31","modified_gmt":"2021-03-13T07:40:31","slug":"30-posto-hrvata-danas-je-odbilo-cijepljenje","status":"publish","type":"post","link":"https:\/\/likemetkovic.hr\/portal\/30-posto-hrvata-danas-je-odbilo-cijepljenje\/","title":{"rendered":"30 posto Hrvata danas je odbilo cijepljenje"},"content":{"rendered":"<p>NAKON \u0161to je deset zemalja u posljednja dva dana objavilo da privremeno obustavlja cijepljenje cjepivom AstraZenece protiv covida-19, danas je velik broj ljudi u Hrvatskoj odbio cijepiti se navedenim cjepivom, pi\u0161e Index.hr.<\/p>\n<p>&#8220;Otprilike 30 posto ljudi u cijeloj Hrvatskoj je, kako sam se \u010dula s kolegama iz cijele zemlje, danas odbilo do\u0107i na zakazani termin za cijepljenje AstraZenecom. Ono \u0161to sam \u010dula od kolega, kao i \u0161to sam vidjela u svojoj ordinaciji, ljudi su se jako prepali. Dio pacijenata naru\u010denih za danas otkazao je\u00a0dolazak na cijepljenje, a oni kojima smo ga ponudili\u00a0nakon \u0161to su ovi otkazali, tako\u0111er su odbili cijepljenje AstraZenecom&#8221;, rekla je za Index dr. Nata\u0161a Ban Toski\u0107, predsjednica Koordinacije hrvatske obiteljske medicine.<\/p>\n<p>Navodi kako su pacijenti i prije ovog privremenog obustavljanja cijepljenja u drugim zemljama\u00a0imali puno pitanja o AstraZeneci, no da su ipak na kraju dolazili cijepiti se.<\/p>\n<h3>&#8220;Ljudi su i prije imali dvojbe, ali bi ipak do\u0161li&#8221;<\/h3>\n<p>&#8220;Imali su dvojbe, ali ipak bi do\u0161li. Danas masovno odbijaju. Nastala je ba\u0161 jedna te\u0161ka situacija u praksi. Normalno je da su ljudi zbunjeni i prepla\u0161eni, na\u0161e krovne institucije bi trebale bolje iskomunicirati situaciju s AstraZenecinim cjepivom prema javnosti i pacijentima. Pri tome mislim na HALMED, HZJZ, Ministarstvo zdravstva i HZZO. O\u010dito je da ljudima nije dovoljno jasno \u0161to je s tim cjepivom \u010dim se toliko boje cijepiti. Ove bi institucije trebale\u00a0u vi\u0161e medija i vi\u0161e puta objaviti konkretne informacije o stanju s tim cjepivom&#8221;, objasnila je dr. Ban Toski\u0107.<\/p>\n<p>Navodi kako su obiteljski lije\u010dnici stavljeni u dosta nelagodan polo\u017eaj.<\/p>\n<p>&#8220;Mi nemamo informacije koje \u0107emo cjepivo dobiti, kad i u kolikoj koli\u010dini \u0107e nam sti\u0107i, i to nas stavlja u dosta nezgodan polo\u017eaj jer se nalazimo na prvoj liniji komunikacije s pacijentima. Postoji opasnost da i jedini snosimo posljedice tu\u017ebi ljutite djece pacijenata, jer mi smo kao cjepitelji jedina odgovorna osoba ako pacijentima ne\u0161to bude, a istovremeno nemamo utjecaja na to koje \u0107emo cjepivo dobiti. Mi se moramo dr\u017eati slu\u017ebenih smjernica, ne mo\u017eemo sad odbiti cijepljenje AstraZenecom temeljem odluka drugih dr\u017eava. U problemati\u010dnoj smo situaciji jer ako ne cijepimo pacijente tim cjepivom koje smo dobili, onda smo krivi, a ako ih cijepimo, opet mo\u017eemo biti krivi. Bilo bi krajnje korektno prema nama i pacijentima da se intenzivno obavje\u0161tava javnost o novonastaloj situaciji s AstraZenecom&#8221;, smatra dr. Ban Toski\u0107.<\/p>\n<h4>Dr. Ban Toski\u0107: U velikim smo problemima<\/h4>\n<p>Navodi i kako je problem \u0161to u ve\u0107ini \u017eupanija nema mobilnih timova za cijepljenje po ku\u0107ama za nepokretne i slabo pokretne pacijente.<\/p>\n<p>Posebno ih, ka\u017ee, zabrinjavaju informacije koje pristi\u017eu do njih da \u0107e lije\u010dnici morati sami i\u0107i po ku\u0107ama i cijepiti pacijente.<\/p>\n<p>&#8220;To u ovim okolnostima ne dolazi u obzir. Da cjepitelj sam dolazi i riskira neki nepovoljni ishod, nema \u0161anse. Mi trebamo imati timove koji su opremljeni za slu\u010daj neke alergijske reakcije i da mogu odmah pru\u017eiti prvu pomo\u0107 pacijentu. Isto tako, iznimno je va\u017eno po\u0161tivati pravila hladnog transporta cjepiva, prenositi ga u hladnjaku, a to mo\u017ee samo mobilni tim, a ne da pojedinac ide sa svojom torbicom i javnim prijevozom\u00a0ili u svom automobilu bez fri\u017eidera i i\u010dega. I \u0161to ako tad do\u0111e do ne\u017eeljenog doga\u0111aja, onda optu\u017eite lije\u010dnika da nije adekvatno transportirao cjepivo. Puno je tu problema. Iskreno, nevjerojatno je da do danas nisu osnovani mobilni timovi u svim gradovima i \u017eupanijama, a cijepljenje traje ve\u0107 tri mjeseca&#8221;, kazala nam je dr. Ban Toski\u0107.<\/p>\n<p>O cijepljenju smo razgovarali s obiteljskom lije\u010dnicom dr. Tanjom Pekez koja je rekla da \u0107e idu\u0107i tjedan vidjeti kako \u0107e se odvijati situacija s cijepljenjem, no da je zasad sve i\u0161lo dobro u njenoj ordinaciji.<\/p>\n<h4>Lije\u010dnica opisala kako je dosad i\u0161lo cijepljenje<\/h4>\n<p>&#8220;Zasad je bilo dobro, s obzirom na to da smo sestra i ja ulo\u017eile jako puno vremena i truda. Za 42 prva pacijenta smo sestra i ja potro\u0161ile 8 sati, od odre\u0111ivanja tko \u0107e biti pozvan, pa smo ih sve nazvali, pa smo uputile pozive rezervnim pacijentima jer su neki pozvani odustali, onda je krenulo cijepljenje. \u0160to se ti\u010de daljnje situacije s cijepljenjem, nitko ne mo\u017ee znati kako \u0107e se stvari odvijati jer je sve postalo stvar politike. Naime, nije se vodilo ra\u010duna o Brexitu kada nam je Velika Britanija pokupila ogromnu koli\u010dinu cjepiva, pa eksplozija tvornice cjepiva u Indiji. Onda je tu i pitanje ulaska ruskog i eventualno kineskog cjepiva na europsko tr\u017ei\u0161te. Zna\u010di, predvi\u0111anja oko cijepljenja su vi\u0161e u domeni politike i to su trebali predvidjeti politi\u010dari, ne samo u Hrvatskoj nego u cijeloj EU, i koordinirati se&#8221;, kazala nam je dr. Pekez.<\/p>\n<p>Navodi i kako su se pacijenti po\u010deli vi\u0161e interesirati za cijepljenje nakon \u0161to su u medije iza\u0161le informacije o tome tko se sve preko reda cijepio, ali ne zna kako \u0107e se stvari odvijati nakon najnovijih doga\u0111anja u EU.<\/p>\n<p>&#8220;Za kraj bih samo dodala kako mislim da smo zbog mentalnog zdravlja mladih i srednje generacije trebali prvo njih cijepiti, tako bi imali ve\u0107u slobodu kretanja. I trebalo bi kona\u010dno po\u010deti sankcionirati neodgovaraju\u0107e pona\u0161anje&#8221;, kazala nam je.<\/p>\n<p>Podsjetimo, devet europskih zemalja i Tajland obustavili su cijepljenje AstraZenecom jer je zabilje\u017eeno vi\u0161e slu\u010dajeva problema s gru\u0161anjem krvi nakon cijepljenja te dva smrtna slu\u010daja u Italiji i po jedan u Danskoj i Austriji.<\/p>\n<h4>Evo tko je sve obustavio cijepljenje<\/h4>\n<p>Danska, Norve\u0161ka i Island privremeno su obustavili cijepljenje AstraZenecom, dok su Italija i Austrija iz predostro\u017enosti prestale koristiti odre\u0111ene serije tog cjepiva. Obustave u Italiji i Austriji uklju\u010duju razli\u010dite serije cjepiva \u2013 u Austriji to je serija ABV5300, a u Italiji ABV2856. Estonija, Latvija, Litva i Luksemburg obustavili su kori\u0161tenje serije koju je obustavila i Austrija. Tajland je tako\u0111er objavio da obustavlja cijepljenje AstraZenecom.<\/p>\n<p>Danas je na konferenciji za medije Krunoslav Capak, \u0161ef HZJZ-a, komentirao situaciju s AstraZenecom.<\/p>\n","protected":false},"excerpt":{"rendered":"<p>NAKON \u0161to je deset zemalja u posljednja dva dana objavilo da privremeno obustavlja cijepljenje cjepivom AstraZenece protiv covida-19, danas je velik broj ljudi u Hrvatskoj odbio cijepiti se navedenim cjepivom, pi\u0161e Index.hr. &#8220;Otprilike 30 posto ljudi u cijeloj Hrvatskoj je, kako sam se \u010dula s kolegama iz cijele zemlje, danas odbilo do\u0107i na zakazani termin [&hellip;]<\/p>\n","protected":false},"author":8,"featured_media":113797,"comment_status":"open","ping_status":"open","sticky":false,"template":"","format":"standard","meta":{"footnotes":""},"categories":[296,290,1026],"tags":[1764,7669],"class_list":{"0":"post-114711","1":"post","2":"type-post","3":"status-publish","4":"format-standard","5":"has-post-thumbnail","7":"category-ab","8":"category-politika","9":"category-vijesti","10":"tag-cijepljenje","11":"tag-korona"},"yoast_head":"<!-- This site is optimized with the Yoast SEO plugin v25.2 - https:\/\/yoast.com\/wordpress\/plugins\/seo\/ -->\n<title>30 posto Hrvata danas je odbilo cijepljenje - likemetkovic.hr<\/title>\n<meta name=\"robots\" content=\"index, follow, max-snippet:-1, max-image-preview:large, max-video-preview:-1\" \/>\n<link rel=\"canonical\" href=\"https:\/\/likemetkovic.hr\/30-posto-hrvata-danas-je-odbilo-cijepljenje\/\" \/>\n<meta property=\"og:locale\" content=\"hr_HR\" \/>\n<meta property=\"og:type\" content=\"article\" \/>\n<meta property=\"og:title\" content=\"30 posto Hrvata danas je odbilo cijepljenje - likemetkovic.hr\" \/>\n<meta property=\"og:description\" content=\"NAKON \u0161to je deset zemalja u posljednja dva dana objavilo da privremeno obustavlja cijepljenje cjepivom AstraZenece protiv covida-19, danas je velik broj ljudi u Hrvatskoj odbio cijepiti se navedenim cjepivom, pi\u0161e Index.hr. &#8220;Otprilike 30 posto ljudi u cijeloj Hrvatskoj je, kako sam se \u010dula s kolegama iz cijele zemlje, danas odbilo do\u0107i na zakazani termin [&hellip;]\" \/>\n<meta property=\"og:url\" content=\"https:\/\/likemetkovic.hr\/30-posto-hrvata-danas-je-odbilo-cijepljenje\/\" \/>\n<meta property=\"og:site_name\" content=\"likemetkovic.hr\" \/>\n<meta property=\"article:publisher\" content=\"https:\/\/www.facebook.com\/likemetkovic.hr\/\" \/>\n<meta property=\"article:published_time\" content=\"2021-03-12T16:32:39+00:00\" \/>\n<meta property=\"article:modified_time\" content=\"2021-03-13T07:40:31+00:00\" \/>\n<meta property=\"og:image\" content=\"https:\/\/likemetkovic.hr\/wp-content\/uploads\/2021\/02\/astrazeneca-cjepivo.jpg\" \/>\n\t<meta property=\"og:image:width\" content=\"800\" \/>\n\t<meta property=\"og:image:height\" content=\"533\" \/>\n\t<meta property=\"og:image:type\" content=\"image\/jpeg\" \/>\n<meta name=\"author\" content=\"LIKEmetkovic.hr\" \/>\n<meta name=\"twitter:card\" content=\"summary_large_image\" \/>\n<meta name=\"twitter:label1\" content=\"Napisao\/la\" \/>\n\t<meta name=\"twitter:data1\" content=\"LIKEmetkovic.hr\" \/>\n\t<meta name=\"twitter:label2\" content=\"Procijenjeno vrijeme \u010ditanja\" \/>\n\t<meta name=\"twitter:data2\" content=\"5 minuta\" \/>\n<script type=\"application\/ld+json\" class=\"yoast-schema-graph\">{\"@context\":\"https:\/\/schema.org\",\"@graph\":[{\"@type\":\"WebPage\",\"@id\":\"https:\/\/likemetkovic.hr\/30-posto-hrvata-danas-je-odbilo-cijepljenje\/\",\"url\":\"https:\/\/likemetkovic.hr\/30-posto-hrvata-danas-je-odbilo-cijepljenje\/\",\"name\":\"30 posto Hrvata danas je odbilo cijepljenje - likemetkovic.hr\",\"isPartOf\":{\"@id\":\"https:\/\/likemetkovic.hr\/#website\"},\"primaryImageOfPage\":{\"@id\":\"https:\/\/likemetkovic.hr\/30-posto-hrvata-danas-je-odbilo-cijepljenje\/#primaryimage\"},\"image\":{\"@id\":\"https:\/\/likemetkovic.hr\/30-posto-hrvata-danas-je-odbilo-cijepljenje\/#primaryimage\"},\"thumbnailUrl\":\"https:\/\/likemetkovic.hr\/portal\/wp-content\/uploads\/2021\/02\/astrazeneca-cjepivo.jpg\",\"datePublished\":\"2021-03-12T16:32:39+00:00\",\"dateModified\":\"2021-03-13T07:40:31+00:00\",\"author\":{\"@id\":\"https:\/\/likemetkovic.hr\/#\/schema\/person\/adba0fd43631b5fc581c97e6ca793693\"},\"breadcrumb\":{\"@id\":\"https:\/\/likemetkovic.hr\/30-posto-hrvata-danas-je-odbilo-cijepljenje\/#breadcrumb\"},\"inLanguage\":\"hr\",\"potentialAction\":[{\"@type\":\"ReadAction\",\"target\":[\"https:\/\/likemetkovic.hr\/30-posto-hrvata-danas-je-odbilo-cijepljenje\/\"]}]},{\"@type\":\"ImageObject\",\"inLanguage\":\"hr\",\"@id\":\"https:\/\/likemetkovic.hr\/30-posto-hrvata-danas-je-odbilo-cijepljenje\/#primaryimage\",\"url\":\"https:\/\/likemetkovic.hr\/portal\/wp-content\/uploads\/2021\/02\/astrazeneca-cjepivo.jpg\",\"contentUrl\":\"https:\/\/likemetkovic.hr\/portal\/wp-content\/uploads\/2021\/02\/astrazeneca-cjepivo.jpg\",\"width\":800,\"height\":533},{\"@type\":\"BreadcrumbList\",\"@id\":\"https:\/\/likemetkovic.hr\/30-posto-hrvata-danas-je-odbilo-cijepljenje\/#breadcrumb\",\"itemListElement\":[{\"@type\":\"ListItem\",\"position\":1,\"name\":\"Po\u010detna stranica\",\"item\":\"https:\/\/likemetkovic.hr\/portal\/\"},{\"@type\":\"ListItem\",\"position\":2,\"name\":\"30 posto Hrvata danas je odbilo cijepljenje\"}]},{\"@type\":\"WebSite\",\"@id\":\"https:\/\/likemetkovic.hr\/#website\",\"url\":\"https:\/\/likemetkovic.hr\/\",\"name\":\"likemetkovic.hr\",\"description\":\"Misli pozitivno... \u010ditaj LIKE\",\"potentialAction\":[{\"@type\":\"SearchAction\",\"target\":{\"@type\":\"EntryPoint\",\"urlTemplate\":\"https:\/\/likemetkovic.hr\/?s={search_term_string}\"},\"query-input\":{\"@type\":\"PropertyValueSpecification\",\"valueRequired\":true,\"valueName\":\"search_term_string\"}}],\"inLanguage\":\"hr\"},{\"@type\":\"Person\",\"@id\":\"https:\/\/likemetkovic.hr\/#\/schema\/person\/adba0fd43631b5fc581c97e6ca793693\",\"name\":\"LIKEmetkovic.hr\",\"url\":\"https:\/\/likemetkovic.hr\/portal\/author\/marijana\/\"}]}<\/script>\n<!-- \/ Yoast SEO plugin. -->","yoast_head_json":{"title":"30 posto Hrvata danas je odbilo cijepljenje - likemetkovic.hr","robots":{"index":"index","follow":"follow","max-snippet":"max-snippet:-1","max-image-preview":"max-image-preview:large","max-video-preview":"max-video-preview:-1"},"canonical":"https:\/\/likemetkovic.hr\/30-posto-hrvata-danas-je-odbilo-cijepljenje\/","og_locale":"hr_HR","og_type":"article","og_title":"30 posto Hrvata danas je odbilo cijepljenje - likemetkovic.hr","og_description":"NAKON \u0161to je deset zemalja u posljednja dva dana objavilo da privremeno obustavlja cijepljenje cjepivom AstraZenece protiv covida-19, danas je velik broj ljudi u Hrvatskoj odbio cijepiti se navedenim cjepivom, pi\u0161e Index.hr. &#8220;Otprilike 30 posto ljudi u cijeloj Hrvatskoj je, kako sam se \u010dula s kolegama iz cijele zemlje, danas odbilo do\u0107i na zakazani termin [&hellip;]","og_url":"https:\/\/likemetkovic.hr\/30-posto-hrvata-danas-je-odbilo-cijepljenje\/","og_site_name":"likemetkovic.hr","article_publisher":"https:\/\/www.facebook.com\/likemetkovic.hr\/","article_published_time":"2021-03-12T16:32:39+00:00","article_modified_time":"2021-03-13T07:40:31+00:00","og_image":[{"width":800,"height":533,"url":"https:\/\/likemetkovic.hr\/wp-content\/uploads\/2021\/02\/astrazeneca-cjepivo.jpg","type":"image\/jpeg"}],"author":"LIKEmetkovic.hr","twitter_card":"summary_large_image","twitter_misc":{"Napisao\/la":"LIKEmetkovic.hr","Procijenjeno vrijeme \u010ditanja":"5 minuta"},"schema":{"@context":"https:\/\/schema.org","@graph":[{"@type":"WebPage","@id":"https:\/\/likemetkovic.hr\/30-posto-hrvata-danas-je-odbilo-cijepljenje\/","url":"https:\/\/likemetkovic.hr\/30-posto-hrvata-danas-je-odbilo-cijepljenje\/","name":"30 posto Hrvata danas je odbilo cijepljenje - likemetkovic.hr","isPartOf":{"@id":"https:\/\/likemetkovic.hr\/#website"},"primaryImageOfPage":{"@id":"https:\/\/likemetkovic.hr\/30-posto-hrvata-danas-je-odbilo-cijepljenje\/#primaryimage"},"image":{"@id":"https:\/\/likemetkovic.hr\/30-posto-hrvata-danas-je-odbilo-cijepljenje\/#primaryimage"},"thumbnailUrl":"https:\/\/likemetkovic.hr\/portal\/wp-content\/uploads\/2021\/02\/astrazeneca-cjepivo.jpg","datePublished":"2021-03-12T16:32:39+00:00","dateModified":"2021-03-13T07:40:31+00:00","author":{"@id":"https:\/\/likemetkovic.hr\/#\/schema\/person\/adba0fd43631b5fc581c97e6ca793693"},"breadcrumb":{"@id":"https:\/\/likemetkovic.hr\/30-posto-hrvata-danas-je-odbilo-cijepljenje\/#breadcrumb"},"inLanguage":"hr","potentialAction":[{"@type":"ReadAction","target":["https:\/\/likemetkovic.hr\/30-posto-hrvata-danas-je-odbilo-cijepljenje\/"]}]},{"@type":"ImageObject","inLanguage":"hr","@id":"https:\/\/likemetkovic.hr\/30-posto-hrvata-danas-je-odbilo-cijepljenje\/#primaryimage","url":"https:\/\/likemetkovic.hr\/portal\/wp-content\/uploads\/2021\/02\/astrazeneca-cjepivo.jpg","contentUrl":"https:\/\/likemetkovic.hr\/portal\/wp-content\/uploads\/2021\/02\/astrazeneca-cjepivo.jpg","width":800,"height":533},{"@type":"BreadcrumbList","@id":"https:\/\/likemetkovic.hr\/30-posto-hrvata-danas-je-odbilo-cijepljenje\/#breadcrumb","itemListElement":[{"@type":"ListItem","position":1,"name":"Po\u010detna stranica","item":"https:\/\/likemetkovic.hr\/portal\/"},{"@type":"ListItem","position":2,"name":"30 posto Hrvata danas je odbilo cijepljenje"}]},{"@type":"WebSite","@id":"https:\/\/likemetkovic.hr\/#website","url":"https:\/\/likemetkovic.hr\/","name":"likemetkovic.hr","description":"Misli pozitivno... \u010ditaj LIKE","potentialAction":[{"@type":"SearchAction","target":{"@type":"EntryPoint","urlTemplate":"https:\/\/likemetkovic.hr\/?s={search_term_string}"},"query-input":{"@type":"PropertyValueSpecification","valueRequired":true,"valueName":"search_term_string"}}],"inLanguage":"hr"},{"@type":"Person","@id":"https:\/\/likemetkovic.hr\/#\/schema\/person\/adba0fd43631b5fc581c97e6ca793693","name":"LIKEmetkovic.hr","url":"https:\/\/likemetkovic.hr\/portal\/author\/marijana\/"}]}},"_links":{"self":[{"href":"https:\/\/likemetkovic.hr\/portal\/wp-json\/wp\/v2\/posts\/114711","targetHints":{"allow":["GET"]}}],"collection":[{"href":"https:\/\/likemetkovic.hr\/portal\/wp-json\/wp\/v2\/posts"}],"about":[{"href":"https:\/\/likemetkovic.hr\/portal\/wp-json\/wp\/v2\/types\/post"}],"author":[{"embeddable":true,"href":"https:\/\/likemetkovic.hr\/portal\/wp-json\/wp\/v2\/users\/8"}],"replies":[{"embeddable":true,"href":"https:\/\/likemetkovic.hr\/portal\/wp-json\/wp\/v2\/comments?post=114711"}],"version-history":[{"count":0,"href":"https:\/\/likemetkovic.hr\/portal\/wp-json\/wp\/v2\/posts\/114711\/revisions"}],"wp:featuredmedia":[{"embeddable":true,"href":"https:\/\/likemetkovic.hr\/portal\/wp-json\/wp\/v2\/media\/113797"}],"wp:attachment":[{"href":"https:\/\/likemetkovic.hr\/portal\/wp-json\/wp\/v2\/media?parent=114711"}],"wp:term":[{"taxonomy":"category","embeddable":true,"href":"https:\/\/likemetkovic.hr\/portal\/wp-json\/wp\/v2\/categories?post=114711"},{"taxonomy":"post_tag","embeddable":true,"href":"https:\/\/likemetkovic.hr\/portal\/wp-json\/wp\/v2\/tags?post=114711"}],"curies":[{"name":"wp","href":"https:\/\/api.w.org\/{rel}","templated":true}]}}