{"id":114770,"date":"2021-03-15T08:10:19","date_gmt":"2021-03-15T07:10:19","guid":{"rendered":"https:\/\/likemetkovic.hr\/?p=114770"},"modified":"2021-03-15T08:10:19","modified_gmt":"2021-03-15T07:10:19","slug":"u-nastavku-tjedna-promjenjivo-i-jos-malo-hladnije","status":"publish","type":"post","link":"https:\/\/likemetkovic.hr\/portal\/u-nastavku-tjedna-promjenjivo-i-jos-malo-hladnije\/","title":{"rendered":"U nastavku tjedna promjenjivo i jo\u0161 malo hladnije"},"content":{"rendered":"<p>&#8211; U novome tjednu vrijeme ne\u0107e biti ni pribli\u017eno intenzivno, barem ne do \u010detvrtka, a daljnji pad temperature bit \u0107e polagan. No ne\u0107e biti stabilno pa \u0107e mjestimice biti slabih oborina, uglavnom na kopnu, i to pogotovo u utorak. Prema kraju tjedna izgledna je nova promjena vremena s kojom bi i na moru opet bilo ki\u0161e, prognozirao je za <a href=\"https:\/\/vrijeme-i-promet.hrt.hr\/vrijeme\/vremenska-prognoza-za-15-3-2021-1076457\" target=\"_blank\" rel=\"noopener\">HRT<\/a>\u00a0Tomislav Kozari\u0107, dipl. ing. iz\u00a0DHMZ-a.<\/p>\n<p>U Dalmaciji \u0107e ujutro prestati oborine, a do sredine dana i razvedravanje. <strong>Umjerena i jaka bura<\/strong> i sjeverni vjetar, ponegdje i s olujnim udarima, okrenut \u0107e na sjeverozapadnjak i poslijepodne postupno slabjeti, uz smirivanje valovitog mora. Bit \u0107e hladnije nego u nedjelju, uz najvi\u0161u temperaturu od 10 do 13\u00b0C.<\/p>\n<p><strong>U nastavku ovoga tjedna bit \u0107e promjenjivo i jo\u0161 malo hladnije&#8230;<\/strong><\/p>\n<p><img decoding=\"async\" class=\"alignnone size-full wp-image-114771\" src=\"https:\/\/likemetkovic.hr\/wp-content\/uploads\/2021\/03\/dhmz-metk-7-1.jpg\" alt=\"\" width=\"800\" height=\"384\" srcset=\"https:\/\/likemetkovic.hr\/portal\/wp-content\/uploads\/2021\/03\/dhmz-metk-7-1.jpg 800w, https:\/\/likemetkovic.hr\/portal\/wp-content\/uploads\/2021\/03\/dhmz-metk-7-1-768x369.jpg 768w, https:\/\/likemetkovic.hr\/portal\/wp-content\/uploads\/2021\/03\/dhmz-metk-7-1-696x334.jpg 696w\" sizes=\"(max-width: 800px) 100vw, 800px\" \/>Na Jadranu do srijede uglavnom suho i barem djelomice sun\u010dano, a u \u010detvrtak je izgledno naobla\u010denje, mjestimice i ki\u0161a. Puhat \u0107e slaba i umjerena bura\u00a0te sjeverni i sjeverozapadni vjetar. U \u010detvrtak na sjeveru ja\u010da bura, a u Dalmaciji bi trebao zapuhati isto\u010dnjak i jugo. U utorak malo toplije, a zatim ponovno ni\u017ea temperatura.<\/p>\n<p>Nova jaka ki\u0161no-snje\u017ena epizoda izgledna je pred vikend, javlja\u00a0<a href=\"https:\/\/www.rtl.hr\/vijesti-hr\/rtl-vrijeme\/novosti\/vremenska-prognoza\/3997636\/nakon-kisne-a-u-gorju-i-snjezne-nedjelja-kratko-predahnite-uskoro-stize-nova-jaka-kisno-snjezna-epizoda\/\" target=\"_blank\" rel=\"noopener\">RTL<\/a>. Na more sti\u017ee i ranije. \u010cini se ve\u0107 u petak uz jako jugo. Do tada, uz obalu \u0107e biti uglavnom sun\u010dano i prohladno uz umjeren sjeverac.<\/p>\n","protected":false},"excerpt":{"rendered":"<p>&#8211; U novome tjednu vrijeme ne\u0107e biti ni pribli\u017eno intenzivno, barem ne do \u010detvrtka, a daljnji pad temperature bit \u0107e polagan. No ne\u0107e biti stabilno pa \u0107e mjestimice biti slabih oborina, uglavnom na kopnu, i to pogotovo u utorak. Prema kraju tjedna izgledna je nova promjena vremena s kojom bi i na moru opet bilo [&hellip;]<\/p>\n","protected":false},"author":9,"featured_media":79845,"comment_status":"open","ping_status":"open","sticky":false,"template":"","format":"standard","meta":{"footnotes":""},"categories":[283,1027],"tags":[365],"class_list":{"0":"post-114770","1":"post","2":"type-post","3":"status-publish","4":"format-standard","5":"has-post-thumbnail","7":"category-a","8":"category-hrvatska","9":"tag-vremenska-prognoza"},"yoast_head":"<!-- This site is optimized with the Yoast SEO plugin v25.2 - https:\/\/yoast.com\/wordpress\/plugins\/seo\/ -->\n<title>U nastavku tjedna promjenjivo i jo\u0161 malo hladnije - likemetkovic.hr<\/title>\n<meta name=\"robots\" content=\"index, follow, max-snippet:-1, max-image-preview:large, max-video-preview:-1\" \/>\n<link rel=\"canonical\" href=\"https:\/\/likemetkovic.hr\/u-nastavku-tjedna-promjenjivo-i-jos-malo-hladnije\/\" \/>\n<meta property=\"og:locale\" content=\"hr_HR\" \/>\n<meta property=\"og:type\" content=\"article\" \/>\n<meta property=\"og:title\" content=\"U nastavku tjedna promjenjivo i jo\u0161 malo hladnije - likemetkovic.hr\" \/>\n<meta property=\"og:description\" content=\"&#8211; U novome tjednu vrijeme ne\u0107e biti ni pribli\u017eno intenzivno, barem ne do \u010detvrtka, a daljnji pad temperature bit \u0107e polagan. No ne\u0107e biti stabilno pa \u0107e mjestimice biti slabih oborina, uglavnom na kopnu, i to pogotovo u utorak. Prema kraju tjedna izgledna je nova promjena vremena s kojom bi i na moru opet bilo [&hellip;]\" \/>\n<meta property=\"og:url\" content=\"https:\/\/likemetkovic.hr\/u-nastavku-tjedna-promjenjivo-i-jos-malo-hladnije\/\" \/>\n<meta property=\"og:site_name\" content=\"likemetkovic.hr\" \/>\n<meta property=\"article:publisher\" content=\"https:\/\/www.facebook.com\/likemetkovic.hr\/\" \/>\n<meta property=\"article:published_time\" content=\"2021-03-15T07:10:19+00:00\" \/>\n<meta property=\"og:image\" content=\"https:\/\/likemetkovic.hr\/wp-content\/uploads\/2019\/04\/setnica-riva-metkovic.jpg\" \/>\n\t<meta property=\"og:image:width\" content=\"800\" \/>\n\t<meta property=\"og:image:height\" content=\"519\" \/>\n\t<meta property=\"og:image:type\" content=\"image\/jpeg\" \/>\n<meta name=\"author\" content=\"K. J.\" \/>\n<meta name=\"twitter:card\" content=\"summary_large_image\" \/>\n<meta name=\"twitter:label1\" content=\"Napisao\/la\" \/>\n\t<meta name=\"twitter:data1\" content=\"K. J.\" \/>\n\t<meta name=\"twitter:label2\" content=\"Procijenjeno vrijeme \u010ditanja\" \/>\n\t<meta name=\"twitter:data2\" content=\"1 minuta\" \/>\n<script type=\"application\/ld+json\" class=\"yoast-schema-graph\">{\"@context\":\"https:\/\/schema.org\",\"@graph\":[{\"@type\":\"WebPage\",\"@id\":\"https:\/\/likemetkovic.hr\/u-nastavku-tjedna-promjenjivo-i-jos-malo-hladnije\/\",\"url\":\"https:\/\/likemetkovic.hr\/u-nastavku-tjedna-promjenjivo-i-jos-malo-hladnije\/\",\"name\":\"U nastavku tjedna promjenjivo i jo\u0161 malo hladnije - likemetkovic.hr\",\"isPartOf\":{\"@id\":\"https:\/\/likemetkovic.hr\/#website\"},\"primaryImageOfPage\":{\"@id\":\"https:\/\/likemetkovic.hr\/u-nastavku-tjedna-promjenjivo-i-jos-malo-hladnije\/#primaryimage\"},\"image\":{\"@id\":\"https:\/\/likemetkovic.hr\/u-nastavku-tjedna-promjenjivo-i-jos-malo-hladnije\/#primaryimage\"},\"thumbnailUrl\":\"https:\/\/likemetkovic.hr\/portal\/wp-content\/uploads\/2019\/04\/setnica-riva-metkovic.jpg\",\"datePublished\":\"2021-03-15T07:10:19+00:00\",\"author\":{\"@id\":\"https:\/\/likemetkovic.hr\/#\/schema\/person\/0a8b4ebfdfe1ff01192dccda40c5da0c\"},\"breadcrumb\":{\"@id\":\"https:\/\/likemetkovic.hr\/u-nastavku-tjedna-promjenjivo-i-jos-malo-hladnije\/#breadcrumb\"},\"inLanguage\":\"hr\",\"potentialAction\":[{\"@type\":\"ReadAction\",\"target\":[\"https:\/\/likemetkovic.hr\/u-nastavku-tjedna-promjenjivo-i-jos-malo-hladnije\/\"]}]},{\"@type\":\"ImageObject\",\"inLanguage\":\"hr\",\"@id\":\"https:\/\/likemetkovic.hr\/u-nastavku-tjedna-promjenjivo-i-jos-malo-hladnije\/#primaryimage\",\"url\":\"https:\/\/likemetkovic.hr\/portal\/wp-content\/uploads\/2019\/04\/setnica-riva-metkovic.jpg\",\"contentUrl\":\"https:\/\/likemetkovic.hr\/portal\/wp-content\/uploads\/2019\/04\/setnica-riva-metkovic.jpg\",\"width\":800,\"height\":519},{\"@type\":\"BreadcrumbList\",\"@id\":\"https:\/\/likemetkovic.hr\/u-nastavku-tjedna-promjenjivo-i-jos-malo-hladnije\/#breadcrumb\",\"itemListElement\":[{\"@type\":\"ListItem\",\"position\":1,\"name\":\"Po\u010detna stranica\",\"item\":\"https:\/\/likemetkovic.hr\/portal\/\"},{\"@type\":\"ListItem\",\"position\":2,\"name\":\"U nastavku tjedna promjenjivo i jo\u0161 malo hladnije\"}]},{\"@type\":\"WebSite\",\"@id\":\"https:\/\/likemetkovic.hr\/#website\",\"url\":\"https:\/\/likemetkovic.hr\/\",\"name\":\"likemetkovic.hr\",\"description\":\"Misli pozitivno... \u010ditaj LIKE\",\"potentialAction\":[{\"@type\":\"SearchAction\",\"target\":{\"@type\":\"EntryPoint\",\"urlTemplate\":\"https:\/\/likemetkovic.hr\/?s={search_term_string}\"},\"query-input\":{\"@type\":\"PropertyValueSpecification\",\"valueRequired\":true,\"valueName\":\"search_term_string\"}}],\"inLanguage\":\"hr\"},{\"@type\":\"Person\",\"@id\":\"https:\/\/likemetkovic.hr\/#\/schema\/person\/0a8b4ebfdfe1ff01192dccda40c5da0c\",\"name\":\"K. J.\",\"url\":\"https:\/\/likemetkovic.hr\/portal\/author\/likemetkovic\/\"}]}<\/script>\n<!-- \/ Yoast SEO plugin. -->","yoast_head_json":{"title":"U nastavku tjedna promjenjivo i jo\u0161 malo hladnije - likemetkovic.hr","robots":{"index":"index","follow":"follow","max-snippet":"max-snippet:-1","max-image-preview":"max-image-preview:large","max-video-preview":"max-video-preview:-1"},"canonical":"https:\/\/likemetkovic.hr\/u-nastavku-tjedna-promjenjivo-i-jos-malo-hladnije\/","og_locale":"hr_HR","og_type":"article","og_title":"U nastavku tjedna promjenjivo i jo\u0161 malo hladnije - likemetkovic.hr","og_description":"&#8211; U novome tjednu vrijeme ne\u0107e biti ni pribli\u017eno intenzivno, barem ne do \u010detvrtka, a daljnji pad temperature bit \u0107e polagan. No ne\u0107e biti stabilno pa \u0107e mjestimice biti slabih oborina, uglavnom na kopnu, i to pogotovo u utorak. Prema kraju tjedna izgledna je nova promjena vremena s kojom bi i na moru opet bilo [&hellip;]","og_url":"https:\/\/likemetkovic.hr\/u-nastavku-tjedna-promjenjivo-i-jos-malo-hladnije\/","og_site_name":"likemetkovic.hr","article_publisher":"https:\/\/www.facebook.com\/likemetkovic.hr\/","article_published_time":"2021-03-15T07:10:19+00:00","og_image":[{"width":800,"height":519,"url":"https:\/\/likemetkovic.hr\/wp-content\/uploads\/2019\/04\/setnica-riva-metkovic.jpg","type":"image\/jpeg"}],"author":"K. J.","twitter_card":"summary_large_image","twitter_misc":{"Napisao\/la":"K. J.","Procijenjeno vrijeme \u010ditanja":"1 minuta"},"schema":{"@context":"https:\/\/schema.org","@graph":[{"@type":"WebPage","@id":"https:\/\/likemetkovic.hr\/u-nastavku-tjedna-promjenjivo-i-jos-malo-hladnije\/","url":"https:\/\/likemetkovic.hr\/u-nastavku-tjedna-promjenjivo-i-jos-malo-hladnije\/","name":"U nastavku tjedna promjenjivo i jo\u0161 malo hladnije - likemetkovic.hr","isPartOf":{"@id":"https:\/\/likemetkovic.hr\/#website"},"primaryImageOfPage":{"@id":"https:\/\/likemetkovic.hr\/u-nastavku-tjedna-promjenjivo-i-jos-malo-hladnije\/#primaryimage"},"image":{"@id":"https:\/\/likemetkovic.hr\/u-nastavku-tjedna-promjenjivo-i-jos-malo-hladnije\/#primaryimage"},"thumbnailUrl":"https:\/\/likemetkovic.hr\/portal\/wp-content\/uploads\/2019\/04\/setnica-riva-metkovic.jpg","datePublished":"2021-03-15T07:10:19+00:00","author":{"@id":"https:\/\/likemetkovic.hr\/#\/schema\/person\/0a8b4ebfdfe1ff01192dccda40c5da0c"},"breadcrumb":{"@id":"https:\/\/likemetkovic.hr\/u-nastavku-tjedna-promjenjivo-i-jos-malo-hladnije\/#breadcrumb"},"inLanguage":"hr","potentialAction":[{"@type":"ReadAction","target":["https:\/\/likemetkovic.hr\/u-nastavku-tjedna-promjenjivo-i-jos-malo-hladnije\/"]}]},{"@type":"ImageObject","inLanguage":"hr","@id":"https:\/\/likemetkovic.hr\/u-nastavku-tjedna-promjenjivo-i-jos-malo-hladnije\/#primaryimage","url":"https:\/\/likemetkovic.hr\/portal\/wp-content\/uploads\/2019\/04\/setnica-riva-metkovic.jpg","contentUrl":"https:\/\/likemetkovic.hr\/portal\/wp-content\/uploads\/2019\/04\/setnica-riva-metkovic.jpg","width":800,"height":519},{"@type":"BreadcrumbList","@id":"https:\/\/likemetkovic.hr\/u-nastavku-tjedna-promjenjivo-i-jos-malo-hladnije\/#breadcrumb","itemListElement":[{"@type":"ListItem","position":1,"name":"Po\u010detna stranica","item":"https:\/\/likemetkovic.hr\/portal\/"},{"@type":"ListItem","position":2,"name":"U nastavku tjedna promjenjivo i jo\u0161 malo hladnije"}]},{"@type":"WebSite","@id":"https:\/\/likemetkovic.hr\/#website","url":"https:\/\/likemetkovic.hr\/","name":"likemetkovic.hr","description":"Misli pozitivno... \u010ditaj LIKE","potentialAction":[{"@type":"SearchAction","target":{"@type":"EntryPoint","urlTemplate":"https:\/\/likemetkovic.hr\/?s={search_term_string}"},"query-input":{"@type":"PropertyValueSpecification","valueRequired":true,"valueName":"search_term_string"}}],"inLanguage":"hr"},{"@type":"Person","@id":"https:\/\/likemetkovic.hr\/#\/schema\/person\/0a8b4ebfdfe1ff01192dccda40c5da0c","name":"K. J.","url":"https:\/\/likemetkovic.hr\/portal\/author\/likemetkovic\/"}]}},"_links":{"self":[{"href":"https:\/\/likemetkovic.hr\/portal\/wp-json\/wp\/v2\/posts\/114770","targetHints":{"allow":["GET"]}}],"collection":[{"href":"https:\/\/likemetkovic.hr\/portal\/wp-json\/wp\/v2\/posts"}],"about":[{"href":"https:\/\/likemetkovic.hr\/portal\/wp-json\/wp\/v2\/types\/post"}],"author":[{"embeddable":true,"href":"https:\/\/likemetkovic.hr\/portal\/wp-json\/wp\/v2\/users\/9"}],"replies":[{"embeddable":true,"href":"https:\/\/likemetkovic.hr\/portal\/wp-json\/wp\/v2\/comments?post=114770"}],"version-history":[{"count":0,"href":"https:\/\/likemetkovic.hr\/portal\/wp-json\/wp\/v2\/posts\/114770\/revisions"}],"wp:featuredmedia":[{"embeddable":true,"href":"https:\/\/likemetkovic.hr\/portal\/wp-json\/wp\/v2\/media\/79845"}],"wp:attachment":[{"href":"https:\/\/likemetkovic.hr\/portal\/wp-json\/wp\/v2\/media?parent=114770"}],"wp:term":[{"taxonomy":"category","embeddable":true,"href":"https:\/\/likemetkovic.hr\/portal\/wp-json\/wp\/v2\/categories?post=114770"},{"taxonomy":"post_tag","embeddable":true,"href":"https:\/\/likemetkovic.hr\/portal\/wp-json\/wp\/v2\/tags?post=114770"}],"curies":[{"name":"wp","href":"https:\/\/api.w.org\/{rel}","templated":true}]}}