{"id":114779,"date":"2021-03-15T10:21:28","date_gmt":"2021-03-15T09:21:28","guid":{"rendered":"https:\/\/likemetkovic.hr\/?p=114779"},"modified":"2021-03-15T10:22:36","modified_gmt":"2021-03-15T09:22:36","slug":"neizvjesna-sezona-hoce-li-ove-godine-propasti-gotovo-2-milijuna-kamenica","status":"publish","type":"post","link":"https:\/\/likemetkovic.hr\/portal\/neizvjesna-sezona-hoce-li-ove-godine-propasti-gotovo-2-milijuna-kamenica\/","title":{"rendered":"NEIZVJESNA SEZONA Ho\u0107e li ove godine propasti gotovo 2 milijuna kamenica?"},"content":{"rendered":"<p>Iako je o\u017eujak tek po\u010deo, pelje\u0161ki \u0161koljkari ve\u0107 znaju da ni ove godine za blagdan svetog Josipa ne\u0107e biti Dana malostonske kamenice. Ljubitelji najpoznatijeg morskog afrodizijaka ponovno \u0107e biti na prinudnom postu, a Mali Ston drugu godinu zaredom ne\u0107e do\u010dekati tisu\u0107e gostiju koji su u redovima \u010dekali na porciju kamenica i \u010da\u0161u vrhunskih pelje\u0161kih vina.<\/p>\n<p>A kamenice nisu odavno bile ovako izda\u0161ne, ukusne i zdrave kao sada. Aroma je vrhunska, no \u0161koljku se mo\u017ee kupiti samo na Pelje\u0161cu i pojesti pod vedrim nebom, u izvornom ozra\u010dju uzgojnih polja ili doma. Uzgajiva\u010dima krnja prodaja ne\u0107e mnogo pomo\u0107i: u moru \u0107e ostati stotine tisu\u0107a kamenica vrhunske kvalitete i konzumne veli\u010dine. A nakon uspje\u0161nog upisa u Registar za\u0161ti\u0107enih oznaka izvornosti i za\u0161ti\u0107enih oznaka zemljopisnog podrijetla Europske unije, \u0161koljkari su vjerovali da \u0107e blagdan 19.o\u017eujka na najbolji na\u010din najaviti sezonu 2021. i otkloniti egzistencijalnu neizvjesnost, pi\u0161e <a href=\"https:\/\/dubrovacki.slobodnadalmacija.hr\/dubrovnik\/vijesti\/turizam-i-gospodarstvo\/neizvjesna-sezona-za-stonske-skoljkare-hoce-li-ove-godine-propasti-skoro-2-milijuna-kamenica-1083995\" target=\"_blank\" rel=\"noopener\">Dubrova\u010dki vjesnik.<\/a><\/p>\n<h4><img decoding=\"async\" class=\"alignnone size-full wp-image-114780\" src=\"https:\/\/likemetkovic.hr\/wp-content\/uploads\/2021\/03\/kamenice-malostonske.jpg\" alt=\"\" width=\"800\" height=\"533\" srcset=\"https:\/\/likemetkovic.hr\/portal\/wp-content\/uploads\/2021\/03\/kamenice-malostonske.jpg 800w, https:\/\/likemetkovic.hr\/portal\/wp-content\/uploads\/2021\/03\/kamenice-malostonske-768x512.jpg 768w, https:\/\/likemetkovic.hr\/portal\/wp-content\/uploads\/2021\/03\/kamenice-malostonske-696x464.jpg 696w, https:\/\/likemetkovic.hr\/portal\/wp-content\/uploads\/2021\/03\/kamenice-malostonske-630x420.jpg 630w\" sizes=\"(max-width: 800px) 100vw, 800px\" \/><\/h4>\n<h4>Prodaja <em>visi u<\/em><em> z<\/em><em>raku<\/em><\/h4>\n<p>&#8211; Kamenice su kao loza: ako je jednu godinu ne ore\u017eete, ne dolazi vi\u0161e. I kamenice su vi\u0161egodi\u0161nji kontinuirani rad od kojeg nema odustanka. Situacija je lo\u0161a jer ih lani nismo prodali, ne\u0107emo vjerojatno ni ov sezone. Nadamo se pomo\u0107i dr\u017eave da bismo se odr\u017eali na \u017eivotu &#8211; pri\u010da uzgajiva\u010d Mario Radibratovi\u0107. Biv\u0161i \u010delnik udruge Stonski \u0161koljkari Boris Franu\u0161i\u0107 dodaje kako se protiv pandemije ne mo\u017ee:<\/p>\n<p>&#8211; Valjda \u0107e sezona 2021. ipak biti bolja nego 2020. ina\u010de \u0107e sav trud propasti u more gdje, ako ostare, mo\u017ee uginuti 50 do 60 posto! Jedina nada je obe\u0107anje dr\u017eave da \u0107e sufinancirati dio proizvodnje i pla\u0107a zaposlenika. Ina\u010de, ove godine visi u zraku uobi\u010dajena prodaja 150 do 200 tisu\u0107a komada kamenica!<\/p>\n<p>Idili\u010dni prizor pitoresknog Malostonskog zaljeva i mirnu morsku povr\u0161inu remeti tek poneka barka kojom \u0161koljkari obilaze &#8216;nasade&#8217; s kamenicama. O njima svjedo\u010de stotine bova \u0161to se lijeno ljulju\u0161kaju, a na pro\u0161lost \u0161koljkara podsje\u0107aju drveni stokovi koji su jo\u0161 od 1927. godine u moru Zamasline, gdje ih je postavio Luko Ma\u0161kari\u0107, djed predsjednice udruge Stonski \u0161koljkari Marije Radi\u0107:<\/p>\n<p>&#8211; Iako smo se nadali, manifestacije ni ove godine ne\u0107e biti. Turisti\u010dka zajednica je, da se ljudi ne grupiraju, predlo\u017eila istodobno odr\u017eavanje na vi\u0161e lokacija, a ne samo u Malom Stonu. To smo dogovorili da odr\u017eimo kontinuitet, ali zbog pogor\u0161anja epidemiolo\u0161ke situacije smo odustali, iako su stigle najave autobusa iz Makarske, Splita&#8230; Bolje je stati, nego postati novo \u017eari\u0161te. Ne mo\u017eemo gostima, kad ve\u0107 uzmu kamenice, re\u0107i da nema zadr\u017eavanja. Kako? Prodaja je minimalna, samo posredstvom virtualnih tr\u017enica, a restorani ne rade. Lani je promet pao i \u0161koljkari su se na\u0161li u nezavidnoj situaciji. Mu\u010de se, moraju i dalje ulagati, proizvodnja se nastavlja, a prihodi su nula! Proizvodni proces od prikupljanja mla\u0111i do stola traje dvije- tri godine. I treba imati sre\u0107u jer je bilo godina kad mla\u0111i uop\u0107e nije bilo! Sve ovisi o vremenskim uvjetima i prirodnim ciklusima. Tu su i plimni valovi koji mogu povu\u0107i cijele instalacije. Tad su \u0161tetu velike i tra\u017ee nova ulaganja, rad i monitoring. Mla\u0111 mo\u017eda i ne uhitimo, a treba je &#8220;\u010dupati&#8221; i slagati u velike, zatvorene za\u0161titne gajbe zbog ovrate koja ih pro\u017edire. Ovako, u moru \u0107e ostati dosta kamenica, bit \u0107e mortaliteta, obra\u0161taja i velike \u0161tete. Sre\u0107om, Ministarstvo poljoprivrede nam je iza\u0161lo u susret i imat \u0107emo dosta izda\u0161ne kompenzacijske mjere. Ufamo se u sezonu: neka bude kao lani, bit \u0107emo sretni da se barem dio proizvodenog proda, da trud nije uzalud. &#8211; opisuje aktualnu neizvjesnost Marija Radi\u0107.<\/p>\n<h4><img decoding=\"async\" class=\"alignnone size-medium wp-image-76963\" src=\"https:\/\/likemetkovic.hr\/wp-content\/uploads\/2019\/03\/kamenice-mali-ston-800x534.jpg\" alt=\"\" width=\"800\" height=\"534\" srcset=\"https:\/\/likemetkovic.hr\/portal\/wp-content\/uploads\/2019\/03\/kamenice-mali-ston.jpg 800w, https:\/\/likemetkovic.hr\/portal\/wp-content\/uploads\/2019\/03\/kamenice-mali-ston-768x513.jpg 768w, https:\/\/likemetkovic.hr\/portal\/wp-content\/uploads\/2019\/03\/kamenice-mali-ston-696x465.jpg 696w, https:\/\/likemetkovic.hr\/portal\/wp-content\/uploads\/2019\/03\/kamenice-mali-ston-629x420.jpg 629w\" sizes=\"(max-width: 800px) 100vw, 800px\" \/><\/h4>\n<h4>EU sve pla\u0107a!<\/h4>\n<p>Udruga ima 37 \u010dlanova, a jo\u0161 toliko je izvan udruge. Sad crpe zalihe, ali su optimisti\u010dni iako \u0107e izostati manifestacija tijekom koje se proda 15- 20 tiosu\u0107a kamenica. Godi\u0161nje proizvedu 1,5- 2 milijuna komada koje nikad dosad nije bio problem plasirati. Nakon stjecanja za\u0161ti\u0107ene oznake izvornosti, certifikat se obnavlja svake godine, a cerificiranje financira Dubrova\u010dko-neretvanska \u017eupanija:<\/p>\n<p>&#8211; To je prvi za\u0161ti\u0107eni proizvod iz mora, a ove \u0107e ih godine certificirati 14 proizvo\u0111a\u010da. Ovo je specifi\u010dna godina. \u0160koljkari dosad nisu bili u ovakvoj situaciji jer smo ugostiteljima uglavnom sve prodavali! Jednostavno nismo imali \u0161to izvesti! Znali smo da je kamenica jedinstvena, posebna, tradicijski o\u010duvana i nije im bilo te\u0161ko mu\u010diti se dvije- tri godine do konzumne veli\u010dine. Ako se do svibnja pandemija smiri, nadamo se da \u0107e mjere uroditi, a turizam iznova krenuti da bi uz po\u0161tivanje mjera odradili nekoliko mjeseci bez prekida &#8211; nagla\u0161ava na kraju \u010delnica Udruge koja je pokrenula i izradu monografije Malostonskog zaljeva u kojoj \u0107e nakon dugo godina stare vje\u0161tine i tradicija biti sa\u017eeti na jednom mjestu. Voditelj projekta je Vedran Kunica koji je pridonio i u dobivanju oznake izvornosti.<\/p>\n<p>-Jo\u0161 od 2006. \u0161koljkari zajedni\u010dki funkcioniraju kroz udrugu i ve\u0107ina proizvodnje kamenica je na njima, \u0161to je rezultiralo uspjesima. Za EU-oznaku izvornosti borili sm ose pet godina i dokazali da je posebna i razli\u010dita od svih sli\u010dnih u Europi. Nakon tog priznanja, 14 \u0161koljkara je ve\u0107 zainteresirano za proces certificiranja. Oni \u010dine ve\u0107inu proizvodnje u zaljevu, ali na tom projektu nismo stali jer smo upravo dobili novac EU-fondova za marketing kamenice koji se temelji na oznaci izvornosti. Ta oznaka nije gotova stvar nego temelj brendiranja, a projekt kre\u0107e ovog mjeseca. Kakva god sezona bila, planiramo sna\u017eni marketing kako bi pove\u0107ali protro\u0161nju po osobi, jer je ona na\u0161 prepoznatljivi gastronomski proizvod, da se ona mora ku\u0161ati te da im brendiranje pove\u0107a cijenu.<\/p>\n<p>Pi\u0161e: Ahmet Kalajd\u017ei\u0107\/<a href=\"https:\/\/dubrovacki.slobodnadalmacija.hr\/dubrovnik\/vijesti\/turizam-i-gospodarstvo\/neizvjesna-sezona-za-stonske-skoljkare-hoce-li-ove-godine-propasti-skoro-2-milijuna-kamenica-1083995\" target=\"_blank\" rel=\"noopener\">Dubrova\u010dki vjesnik<\/a><br \/>\nFoto: Bo\u017eo Radi\u0107<\/p>\n","protected":false},"excerpt":{"rendered":"<p>Iako je o\u017eujak tek po\u010deo, pelje\u0161ki \u0161koljkari ve\u0107 znaju da ni ove godine za blagdan svetog Josipa ne\u0107e biti Dana malostonske kamenice. Ljubitelji najpoznatijeg morskog afrodizijaka ponovno \u0107e biti na prinudnom postu, a Mali Ston drugu godinu zaredom ne\u0107e do\u010dekati tisu\u0107e gostiju koji su u redovima \u010dekali na porciju kamenica i \u010da\u0161u vrhunskih pelje\u0161kih vina. [&hellip;]<\/p>\n","protected":false},"author":9,"featured_media":114780,"comment_status":"open","ping_status":"open","sticky":false,"template":"","format":"standard","meta":{"footnotes":""},"categories":[296,290],"tags":[7676],"class_list":{"0":"post-114779","1":"post","2":"type-post","3":"status-publish","4":"format-standard","5":"has-post-thumbnail","7":"category-ab","8":"category-politika","9":"tag-malostonska-kamenica"},"yoast_head":"<!-- This site is optimized with the Yoast SEO plugin v25.2 - https:\/\/yoast.com\/wordpress\/plugins\/seo\/ -->\n<title>NEIZVJESNA SEZONA Ho\u0107e li ove godine propasti gotovo 2 milijuna kamenica? - likemetkovic.hr<\/title>\n<meta name=\"robots\" content=\"index, follow, max-snippet:-1, max-image-preview:large, max-video-preview:-1\" \/>\n<link rel=\"canonical\" href=\"https:\/\/likemetkovic.hr\/neizvjesna-sezona-hoce-li-ove-godine-propasti-gotovo-2-milijuna-kamenica\/\" \/>\n<meta property=\"og:locale\" content=\"hr_HR\" \/>\n<meta property=\"og:type\" content=\"article\" \/>\n<meta property=\"og:title\" content=\"NEIZVJESNA SEZONA Ho\u0107e li ove godine propasti gotovo 2 milijuna kamenica? - likemetkovic.hr\" \/>\n<meta property=\"og:description\" content=\"Iako je o\u017eujak tek po\u010deo, pelje\u0161ki \u0161koljkari ve\u0107 znaju da ni ove godine za blagdan svetog Josipa ne\u0107e biti Dana malostonske kamenice. Ljubitelji najpoznatijeg morskog afrodizijaka ponovno \u0107e biti na prinudnom postu, a Mali Ston drugu godinu zaredom ne\u0107e do\u010dekati tisu\u0107e gostiju koji su u redovima \u010dekali na porciju kamenica i \u010da\u0161u vrhunskih pelje\u0161kih vina. [&hellip;]\" \/>\n<meta property=\"og:url\" content=\"https:\/\/likemetkovic.hr\/neizvjesna-sezona-hoce-li-ove-godine-propasti-gotovo-2-milijuna-kamenica\/\" \/>\n<meta property=\"og:site_name\" content=\"likemetkovic.hr\" \/>\n<meta property=\"article:publisher\" content=\"https:\/\/www.facebook.com\/likemetkovic.hr\/\" \/>\n<meta property=\"article:published_time\" content=\"2021-03-15T09:21:28+00:00\" \/>\n<meta property=\"article:modified_time\" content=\"2021-03-15T09:22:36+00:00\" \/>\n<meta property=\"og:image\" content=\"https:\/\/likemetkovic.hr\/wp-content\/uploads\/2021\/03\/kamenice-malostonske.jpg\" \/>\n\t<meta property=\"og:image:width\" content=\"800\" \/>\n\t<meta property=\"og:image:height\" content=\"533\" \/>\n\t<meta property=\"og:image:type\" content=\"image\/jpeg\" \/>\n<meta name=\"author\" content=\"K. J.\" \/>\n<meta name=\"twitter:card\" content=\"summary_large_image\" \/>\n<meta name=\"twitter:label1\" content=\"Napisao\/la\" \/>\n\t<meta name=\"twitter:data1\" content=\"K. J.\" \/>\n\t<meta name=\"twitter:label2\" content=\"Procijenjeno vrijeme \u010ditanja\" \/>\n\t<meta name=\"twitter:data2\" content=\"5 minuta\" \/>\n<script type=\"application\/ld+json\" class=\"yoast-schema-graph\">{\"@context\":\"https:\/\/schema.org\",\"@graph\":[{\"@type\":\"WebPage\",\"@id\":\"https:\/\/likemetkovic.hr\/neizvjesna-sezona-hoce-li-ove-godine-propasti-gotovo-2-milijuna-kamenica\/\",\"url\":\"https:\/\/likemetkovic.hr\/neizvjesna-sezona-hoce-li-ove-godine-propasti-gotovo-2-milijuna-kamenica\/\",\"name\":\"NEIZVJESNA SEZONA Ho\u0107e li ove godine propasti gotovo 2 milijuna kamenica? - likemetkovic.hr\",\"isPartOf\":{\"@id\":\"https:\/\/likemetkovic.hr\/#website\"},\"primaryImageOfPage\":{\"@id\":\"https:\/\/likemetkovic.hr\/neizvjesna-sezona-hoce-li-ove-godine-propasti-gotovo-2-milijuna-kamenica\/#primaryimage\"},\"image\":{\"@id\":\"https:\/\/likemetkovic.hr\/neizvjesna-sezona-hoce-li-ove-godine-propasti-gotovo-2-milijuna-kamenica\/#primaryimage\"},\"thumbnailUrl\":\"https:\/\/likemetkovic.hr\/portal\/wp-content\/uploads\/2021\/03\/kamenice-malostonske.jpg\",\"datePublished\":\"2021-03-15T09:21:28+00:00\",\"dateModified\":\"2021-03-15T09:22:36+00:00\",\"author\":{\"@id\":\"https:\/\/likemetkovic.hr\/#\/schema\/person\/0a8b4ebfdfe1ff01192dccda40c5da0c\"},\"breadcrumb\":{\"@id\":\"https:\/\/likemetkovic.hr\/neizvjesna-sezona-hoce-li-ove-godine-propasti-gotovo-2-milijuna-kamenica\/#breadcrumb\"},\"inLanguage\":\"hr\",\"potentialAction\":[{\"@type\":\"ReadAction\",\"target\":[\"https:\/\/likemetkovic.hr\/neizvjesna-sezona-hoce-li-ove-godine-propasti-gotovo-2-milijuna-kamenica\/\"]}]},{\"@type\":\"ImageObject\",\"inLanguage\":\"hr\",\"@id\":\"https:\/\/likemetkovic.hr\/neizvjesna-sezona-hoce-li-ove-godine-propasti-gotovo-2-milijuna-kamenica\/#primaryimage\",\"url\":\"https:\/\/likemetkovic.hr\/portal\/wp-content\/uploads\/2021\/03\/kamenice-malostonske.jpg\",\"contentUrl\":\"https:\/\/likemetkovic.hr\/portal\/wp-content\/uploads\/2021\/03\/kamenice-malostonske.jpg\",\"width\":800,\"height\":533},{\"@type\":\"BreadcrumbList\",\"@id\":\"https:\/\/likemetkovic.hr\/neizvjesna-sezona-hoce-li-ove-godine-propasti-gotovo-2-milijuna-kamenica\/#breadcrumb\",\"itemListElement\":[{\"@type\":\"ListItem\",\"position\":1,\"name\":\"Po\u010detna stranica\",\"item\":\"https:\/\/likemetkovic.hr\/portal\/\"},{\"@type\":\"ListItem\",\"position\":2,\"name\":\"NEIZVJESNA SEZONA Ho\u0107e li ove godine propasti gotovo 2 milijuna kamenica?\"}]},{\"@type\":\"WebSite\",\"@id\":\"https:\/\/likemetkovic.hr\/#website\",\"url\":\"https:\/\/likemetkovic.hr\/\",\"name\":\"likemetkovic.hr\",\"description\":\"Misli pozitivno... \u010ditaj LIKE\",\"potentialAction\":[{\"@type\":\"SearchAction\",\"target\":{\"@type\":\"EntryPoint\",\"urlTemplate\":\"https:\/\/likemetkovic.hr\/?s={search_term_string}\"},\"query-input\":{\"@type\":\"PropertyValueSpecification\",\"valueRequired\":true,\"valueName\":\"search_term_string\"}}],\"inLanguage\":\"hr\"},{\"@type\":\"Person\",\"@id\":\"https:\/\/likemetkovic.hr\/#\/schema\/person\/0a8b4ebfdfe1ff01192dccda40c5da0c\",\"name\":\"K. J.\",\"url\":\"https:\/\/likemetkovic.hr\/portal\/author\/likemetkovic\/\"}]}<\/script>\n<!-- \/ Yoast SEO plugin. -->","yoast_head_json":{"title":"NEIZVJESNA SEZONA Ho\u0107e li ove godine propasti gotovo 2 milijuna kamenica? - likemetkovic.hr","robots":{"index":"index","follow":"follow","max-snippet":"max-snippet:-1","max-image-preview":"max-image-preview:large","max-video-preview":"max-video-preview:-1"},"canonical":"https:\/\/likemetkovic.hr\/neizvjesna-sezona-hoce-li-ove-godine-propasti-gotovo-2-milijuna-kamenica\/","og_locale":"hr_HR","og_type":"article","og_title":"NEIZVJESNA SEZONA Ho\u0107e li ove godine propasti gotovo 2 milijuna kamenica? - likemetkovic.hr","og_description":"Iako je o\u017eujak tek po\u010deo, pelje\u0161ki \u0161koljkari ve\u0107 znaju da ni ove godine za blagdan svetog Josipa ne\u0107e biti Dana malostonske kamenice. Ljubitelji najpoznatijeg morskog afrodizijaka ponovno \u0107e biti na prinudnom postu, a Mali Ston drugu godinu zaredom ne\u0107e do\u010dekati tisu\u0107e gostiju koji su u redovima \u010dekali na porciju kamenica i \u010da\u0161u vrhunskih pelje\u0161kih vina. [&hellip;]","og_url":"https:\/\/likemetkovic.hr\/neizvjesna-sezona-hoce-li-ove-godine-propasti-gotovo-2-milijuna-kamenica\/","og_site_name":"likemetkovic.hr","article_publisher":"https:\/\/www.facebook.com\/likemetkovic.hr\/","article_published_time":"2021-03-15T09:21:28+00:00","article_modified_time":"2021-03-15T09:22:36+00:00","og_image":[{"width":800,"height":533,"url":"https:\/\/likemetkovic.hr\/wp-content\/uploads\/2021\/03\/kamenice-malostonske.jpg","type":"image\/jpeg"}],"author":"K. J.","twitter_card":"summary_large_image","twitter_misc":{"Napisao\/la":"K. J.","Procijenjeno vrijeme \u010ditanja":"5 minuta"},"schema":{"@context":"https:\/\/schema.org","@graph":[{"@type":"WebPage","@id":"https:\/\/likemetkovic.hr\/neizvjesna-sezona-hoce-li-ove-godine-propasti-gotovo-2-milijuna-kamenica\/","url":"https:\/\/likemetkovic.hr\/neizvjesna-sezona-hoce-li-ove-godine-propasti-gotovo-2-milijuna-kamenica\/","name":"NEIZVJESNA SEZONA Ho\u0107e li ove godine propasti gotovo 2 milijuna kamenica? - likemetkovic.hr","isPartOf":{"@id":"https:\/\/likemetkovic.hr\/#website"},"primaryImageOfPage":{"@id":"https:\/\/likemetkovic.hr\/neizvjesna-sezona-hoce-li-ove-godine-propasti-gotovo-2-milijuna-kamenica\/#primaryimage"},"image":{"@id":"https:\/\/likemetkovic.hr\/neizvjesna-sezona-hoce-li-ove-godine-propasti-gotovo-2-milijuna-kamenica\/#primaryimage"},"thumbnailUrl":"https:\/\/likemetkovic.hr\/portal\/wp-content\/uploads\/2021\/03\/kamenice-malostonske.jpg","datePublished":"2021-03-15T09:21:28+00:00","dateModified":"2021-03-15T09:22:36+00:00","author":{"@id":"https:\/\/likemetkovic.hr\/#\/schema\/person\/0a8b4ebfdfe1ff01192dccda40c5da0c"},"breadcrumb":{"@id":"https:\/\/likemetkovic.hr\/neizvjesna-sezona-hoce-li-ove-godine-propasti-gotovo-2-milijuna-kamenica\/#breadcrumb"},"inLanguage":"hr","potentialAction":[{"@type":"ReadAction","target":["https:\/\/likemetkovic.hr\/neizvjesna-sezona-hoce-li-ove-godine-propasti-gotovo-2-milijuna-kamenica\/"]}]},{"@type":"ImageObject","inLanguage":"hr","@id":"https:\/\/likemetkovic.hr\/neizvjesna-sezona-hoce-li-ove-godine-propasti-gotovo-2-milijuna-kamenica\/#primaryimage","url":"https:\/\/likemetkovic.hr\/portal\/wp-content\/uploads\/2021\/03\/kamenice-malostonske.jpg","contentUrl":"https:\/\/likemetkovic.hr\/portal\/wp-content\/uploads\/2021\/03\/kamenice-malostonske.jpg","width":800,"height":533},{"@type":"BreadcrumbList","@id":"https:\/\/likemetkovic.hr\/neizvjesna-sezona-hoce-li-ove-godine-propasti-gotovo-2-milijuna-kamenica\/#breadcrumb","itemListElement":[{"@type":"ListItem","position":1,"name":"Po\u010detna stranica","item":"https:\/\/likemetkovic.hr\/portal\/"},{"@type":"ListItem","position":2,"name":"NEIZVJESNA SEZONA Ho\u0107e li ove godine propasti gotovo 2 milijuna kamenica?"}]},{"@type":"WebSite","@id":"https:\/\/likemetkovic.hr\/#website","url":"https:\/\/likemetkovic.hr\/","name":"likemetkovic.hr","description":"Misli pozitivno... \u010ditaj LIKE","potentialAction":[{"@type":"SearchAction","target":{"@type":"EntryPoint","urlTemplate":"https:\/\/likemetkovic.hr\/?s={search_term_string}"},"query-input":{"@type":"PropertyValueSpecification","valueRequired":true,"valueName":"search_term_string"}}],"inLanguage":"hr"},{"@type":"Person","@id":"https:\/\/likemetkovic.hr\/#\/schema\/person\/0a8b4ebfdfe1ff01192dccda40c5da0c","name":"K. J.","url":"https:\/\/likemetkovic.hr\/portal\/author\/likemetkovic\/"}]}},"_links":{"self":[{"href":"https:\/\/likemetkovic.hr\/portal\/wp-json\/wp\/v2\/posts\/114779","targetHints":{"allow":["GET"]}}],"collection":[{"href":"https:\/\/likemetkovic.hr\/portal\/wp-json\/wp\/v2\/posts"}],"about":[{"href":"https:\/\/likemetkovic.hr\/portal\/wp-json\/wp\/v2\/types\/post"}],"author":[{"embeddable":true,"href":"https:\/\/likemetkovic.hr\/portal\/wp-json\/wp\/v2\/users\/9"}],"replies":[{"embeddable":true,"href":"https:\/\/likemetkovic.hr\/portal\/wp-json\/wp\/v2\/comments?post=114779"}],"version-history":[{"count":0,"href":"https:\/\/likemetkovic.hr\/portal\/wp-json\/wp\/v2\/posts\/114779\/revisions"}],"wp:featuredmedia":[{"embeddable":true,"href":"https:\/\/likemetkovic.hr\/portal\/wp-json\/wp\/v2\/media\/114780"}],"wp:attachment":[{"href":"https:\/\/likemetkovic.hr\/portal\/wp-json\/wp\/v2\/media?parent=114779"}],"wp:term":[{"taxonomy":"category","embeddable":true,"href":"https:\/\/likemetkovic.hr\/portal\/wp-json\/wp\/v2\/categories?post=114779"},{"taxonomy":"post_tag","embeddable":true,"href":"https:\/\/likemetkovic.hr\/portal\/wp-json\/wp\/v2\/tags?post=114779"}],"curies":[{"name":"wp","href":"https:\/\/api.w.org\/{rel}","templated":true}]}}