{"id":114818,"date":"2021-03-16T12:38:36","date_gmt":"2021-03-16T11:38:36","guid":{"rendered":"https:\/\/likemetkovic.hr\/?p=114818"},"modified":"2021-03-16T12:57:20","modified_gmt":"2021-03-16T11:57:20","slug":"kandidat-za-zupana-je-i-roko-tolic-podrzavaju-ga-sdp-i-hns","status":"publish","type":"post","link":"https:\/\/likemetkovic.hr\/portal\/kandidat-za-zupana-je-i-roko-tolic-podrzavaju-ga-sdp-i-hns\/","title":{"rendered":"Kandidat za \u017eupana je i Roko Toli\u0107, podr\u017eavaju ga SDP i HNS"},"content":{"rendered":"<p>Roko Toli\u0107 izlazi na lokalne izbore kao nezavisan kandidat za \u017eupana uz podr\u0161ku SDP-a i HNS-a Dubrova\u010dko neretvanske \u017eupanije.<\/p>\n<p>Na predstavljanju kandidature pred Dvorom gdje su mu podr\u0161ku dali predsjednik \u017dO SDP-a Nikola Hajdi\u0107 s \u010delnicima \u017eupanijskih op\u0107ina i gradova iz SDP-a kao i dopredsjednik \u017dO HNS-a Vedran Kunica nije otkrio tko \u0107e biti njegova zamjenica, no rekao je kako je rije\u010d o tako\u0111er nezavisnoj kandidatkinji iz doline Neretve.<\/p>\n<p>Na predstavljanju je Toli\u0107 kazao kako mu je kao nezavisnom kandidatu va\u017ena podr\u0161ka strana\u010dkih struktura te je istaknuo je kako je tijekom svoje karijere uvijek bio inkluzivan te okupljao oko sebe sposobne ljude.<\/p>\n<p>&nbsp;<\/p>\n","protected":false},"excerpt":{"rendered":"<p>Roko Toli\u0107 izlazi na lokalne izbore kao nezavisan kandidat za \u017eupana uz podr\u0161ku SDP-a i HNS-a Dubrova\u010dko neretvanske \u017eupanije. Na predstavljanju kandidature pred Dvorom gdje su mu podr\u0161ku dali predsjednik \u017dO SDP-a Nikola Hajdi\u0107 s \u010delnicima \u017eupanijskih op\u0107ina i gradova iz SDP-a kao i dopredsjednik \u017dO HNS-a Vedran Kunica nije otkrio tko \u0107e biti njegova [&hellip;]<\/p>\n","protected":false},"author":7,"featured_media":114819,"comment_status":"open","ping_status":"open","sticky":false,"template":"","format":"standard","meta":{"footnotes":""},"categories":[296,290],"tags":[8932,9088],"class_list":{"0":"post-114818","1":"post","2":"type-post","3":"status-publish","4":"format-standard","5":"has-post-thumbnail","7":"category-ab","8":"category-politika","9":"tag-lokalni-izbori-2021","10":"tag-roko-tolic"},"yoast_head":"<!-- This site is optimized with the Yoast SEO plugin v25.2 - https:\/\/yoast.com\/wordpress\/plugins\/seo\/ -->\n<title>Kandidat za \u017eupana je i Roko Toli\u0107, podr\u017eavaju ga SDP i HNS - likemetkovic.hr<\/title>\n<meta name=\"robots\" content=\"index, follow, max-snippet:-1, max-image-preview:large, max-video-preview:-1\" \/>\n<link rel=\"canonical\" href=\"https:\/\/likemetkovic.hr\/kandidat-za-zupana-je-i-roko-tolic-podrzavaju-ga-sdp-i-hns\/\" \/>\n<meta property=\"og:locale\" content=\"hr_HR\" \/>\n<meta property=\"og:type\" content=\"article\" \/>\n<meta property=\"og:title\" content=\"Kandidat za \u017eupana je i Roko Toli\u0107, podr\u017eavaju ga SDP i HNS - likemetkovic.hr\" \/>\n<meta property=\"og:description\" content=\"Roko Toli\u0107 izlazi na lokalne izbore kao nezavisan kandidat za \u017eupana uz podr\u0161ku SDP-a i HNS-a Dubrova\u010dko neretvanske \u017eupanije. Na predstavljanju kandidature pred Dvorom gdje su mu podr\u0161ku dali predsjednik \u017dO SDP-a Nikola Hajdi\u0107 s \u010delnicima \u017eupanijskih op\u0107ina i gradova iz SDP-a kao i dopredsjednik \u017dO HNS-a Vedran Kunica nije otkrio tko \u0107e biti njegova [&hellip;]\" \/>\n<meta property=\"og:url\" content=\"https:\/\/likemetkovic.hr\/kandidat-za-zupana-je-i-roko-tolic-podrzavaju-ga-sdp-i-hns\/\" \/>\n<meta property=\"og:site_name\" content=\"likemetkovic.hr\" \/>\n<meta property=\"article:publisher\" content=\"https:\/\/www.facebook.com\/likemetkovic.hr\/\" \/>\n<meta property=\"article:published_time\" content=\"2021-03-16T11:38:36+00:00\" \/>\n<meta property=\"article:modified_time\" content=\"2021-03-16T11:57:20+00:00\" \/>\n<meta property=\"og:image\" content=\"https:\/\/likemetkovic.hr\/wp-content\/uploads\/2021\/03\/roko-tolic.jpg\" \/>\n\t<meta property=\"og:image:width\" content=\"800\" \/>\n\t<meta property=\"og:image:height\" content=\"533\" \/>\n\t<meta property=\"og:image:type\" content=\"image\/jpeg\" \/>\n<meta name=\"author\" content=\"LIKEmetkovic.hr\" \/>\n<meta name=\"twitter:card\" content=\"summary_large_image\" \/>\n<meta name=\"twitter:label1\" content=\"Napisao\/la\" \/>\n\t<meta name=\"twitter:data1\" content=\"LIKEmetkovic.hr\" \/>\n\t<meta name=\"twitter:label2\" content=\"Procijenjeno vrijeme \u010ditanja\" \/>\n\t<meta name=\"twitter:data2\" content=\"1 minuta\" \/>\n<script type=\"application\/ld+json\" class=\"yoast-schema-graph\">{\"@context\":\"https:\/\/schema.org\",\"@graph\":[{\"@type\":\"WebPage\",\"@id\":\"https:\/\/likemetkovic.hr\/kandidat-za-zupana-je-i-roko-tolic-podrzavaju-ga-sdp-i-hns\/\",\"url\":\"https:\/\/likemetkovic.hr\/kandidat-za-zupana-je-i-roko-tolic-podrzavaju-ga-sdp-i-hns\/\",\"name\":\"Kandidat za \u017eupana je i Roko Toli\u0107, podr\u017eavaju ga SDP i HNS - likemetkovic.hr\",\"isPartOf\":{\"@id\":\"https:\/\/likemetkovic.hr\/#website\"},\"primaryImageOfPage\":{\"@id\":\"https:\/\/likemetkovic.hr\/kandidat-za-zupana-je-i-roko-tolic-podrzavaju-ga-sdp-i-hns\/#primaryimage\"},\"image\":{\"@id\":\"https:\/\/likemetkovic.hr\/kandidat-za-zupana-je-i-roko-tolic-podrzavaju-ga-sdp-i-hns\/#primaryimage\"},\"thumbnailUrl\":\"https:\/\/likemetkovic.hr\/portal\/wp-content\/uploads\/2021\/03\/roko-tolic.jpg\",\"datePublished\":\"2021-03-16T11:38:36+00:00\",\"dateModified\":\"2021-03-16T11:57:20+00:00\",\"author\":{\"@id\":\"https:\/\/likemetkovic.hr\/#\/schema\/person\/a42711f3385a0e2be6f7e0443bfb28f0\"},\"breadcrumb\":{\"@id\":\"https:\/\/likemetkovic.hr\/kandidat-za-zupana-je-i-roko-tolic-podrzavaju-ga-sdp-i-hns\/#breadcrumb\"},\"inLanguage\":\"hr\",\"potentialAction\":[{\"@type\":\"ReadAction\",\"target\":[\"https:\/\/likemetkovic.hr\/kandidat-za-zupana-je-i-roko-tolic-podrzavaju-ga-sdp-i-hns\/\"]}]},{\"@type\":\"ImageObject\",\"inLanguage\":\"hr\",\"@id\":\"https:\/\/likemetkovic.hr\/kandidat-za-zupana-je-i-roko-tolic-podrzavaju-ga-sdp-i-hns\/#primaryimage\",\"url\":\"https:\/\/likemetkovic.hr\/portal\/wp-content\/uploads\/2021\/03\/roko-tolic.jpg\",\"contentUrl\":\"https:\/\/likemetkovic.hr\/portal\/wp-content\/uploads\/2021\/03\/roko-tolic.jpg\",\"width\":800,\"height\":533},{\"@type\":\"BreadcrumbList\",\"@id\":\"https:\/\/likemetkovic.hr\/kandidat-za-zupana-je-i-roko-tolic-podrzavaju-ga-sdp-i-hns\/#breadcrumb\",\"itemListElement\":[{\"@type\":\"ListItem\",\"position\":1,\"name\":\"Po\u010detna stranica\",\"item\":\"https:\/\/likemetkovic.hr\/portal\/\"},{\"@type\":\"ListItem\",\"position\":2,\"name\":\"Kandidat za \u017eupana je i Roko Toli\u0107, podr\u017eavaju ga SDP i HNS\"}]},{\"@type\":\"WebSite\",\"@id\":\"https:\/\/likemetkovic.hr\/#website\",\"url\":\"https:\/\/likemetkovic.hr\/\",\"name\":\"likemetkovic.hr\",\"description\":\"Misli pozitivno... \u010ditaj LIKE\",\"potentialAction\":[{\"@type\":\"SearchAction\",\"target\":{\"@type\":\"EntryPoint\",\"urlTemplate\":\"https:\/\/likemetkovic.hr\/?s={search_term_string}\"},\"query-input\":{\"@type\":\"PropertyValueSpecification\",\"valueRequired\":true,\"valueName\":\"search_term_string\"}}],\"inLanguage\":\"hr\"},{\"@type\":\"Person\",\"@id\":\"https:\/\/likemetkovic.hr\/#\/schema\/person\/a42711f3385a0e2be6f7e0443bfb28f0\",\"name\":\"LIKEmetkovic.hr\",\"sameAs\":[\"http:\/\/likemetkovic.hr\"],\"url\":\"https:\/\/likemetkovic.hr\/portal\/author\/likemetkovic-hr\/\"}]}<\/script>\n<!-- \/ Yoast SEO plugin. -->","yoast_head_json":{"title":"Kandidat za \u017eupana je i Roko Toli\u0107, podr\u017eavaju ga SDP i HNS - likemetkovic.hr","robots":{"index":"index","follow":"follow","max-snippet":"max-snippet:-1","max-image-preview":"max-image-preview:large","max-video-preview":"max-video-preview:-1"},"canonical":"https:\/\/likemetkovic.hr\/kandidat-za-zupana-je-i-roko-tolic-podrzavaju-ga-sdp-i-hns\/","og_locale":"hr_HR","og_type":"article","og_title":"Kandidat za \u017eupana je i Roko Toli\u0107, podr\u017eavaju ga SDP i HNS - likemetkovic.hr","og_description":"Roko Toli\u0107 izlazi na lokalne izbore kao nezavisan kandidat za \u017eupana uz podr\u0161ku SDP-a i HNS-a Dubrova\u010dko neretvanske \u017eupanije. Na predstavljanju kandidature pred Dvorom gdje su mu podr\u0161ku dali predsjednik \u017dO SDP-a Nikola Hajdi\u0107 s \u010delnicima \u017eupanijskih op\u0107ina i gradova iz SDP-a kao i dopredsjednik \u017dO HNS-a Vedran Kunica nije otkrio tko \u0107e biti njegova [&hellip;]","og_url":"https:\/\/likemetkovic.hr\/kandidat-za-zupana-je-i-roko-tolic-podrzavaju-ga-sdp-i-hns\/","og_site_name":"likemetkovic.hr","article_publisher":"https:\/\/www.facebook.com\/likemetkovic.hr\/","article_published_time":"2021-03-16T11:38:36+00:00","article_modified_time":"2021-03-16T11:57:20+00:00","og_image":[{"width":800,"height":533,"url":"https:\/\/likemetkovic.hr\/wp-content\/uploads\/2021\/03\/roko-tolic.jpg","type":"image\/jpeg"}],"author":"LIKEmetkovic.hr","twitter_card":"summary_large_image","twitter_misc":{"Napisao\/la":"LIKEmetkovic.hr","Procijenjeno vrijeme \u010ditanja":"1 minuta"},"schema":{"@context":"https:\/\/schema.org","@graph":[{"@type":"WebPage","@id":"https:\/\/likemetkovic.hr\/kandidat-za-zupana-je-i-roko-tolic-podrzavaju-ga-sdp-i-hns\/","url":"https:\/\/likemetkovic.hr\/kandidat-za-zupana-je-i-roko-tolic-podrzavaju-ga-sdp-i-hns\/","name":"Kandidat za \u017eupana je i Roko Toli\u0107, podr\u017eavaju ga SDP i HNS - likemetkovic.hr","isPartOf":{"@id":"https:\/\/likemetkovic.hr\/#website"},"primaryImageOfPage":{"@id":"https:\/\/likemetkovic.hr\/kandidat-za-zupana-je-i-roko-tolic-podrzavaju-ga-sdp-i-hns\/#primaryimage"},"image":{"@id":"https:\/\/likemetkovic.hr\/kandidat-za-zupana-je-i-roko-tolic-podrzavaju-ga-sdp-i-hns\/#primaryimage"},"thumbnailUrl":"https:\/\/likemetkovic.hr\/portal\/wp-content\/uploads\/2021\/03\/roko-tolic.jpg","datePublished":"2021-03-16T11:38:36+00:00","dateModified":"2021-03-16T11:57:20+00:00","author":{"@id":"https:\/\/likemetkovic.hr\/#\/schema\/person\/a42711f3385a0e2be6f7e0443bfb28f0"},"breadcrumb":{"@id":"https:\/\/likemetkovic.hr\/kandidat-za-zupana-je-i-roko-tolic-podrzavaju-ga-sdp-i-hns\/#breadcrumb"},"inLanguage":"hr","potentialAction":[{"@type":"ReadAction","target":["https:\/\/likemetkovic.hr\/kandidat-za-zupana-je-i-roko-tolic-podrzavaju-ga-sdp-i-hns\/"]}]},{"@type":"ImageObject","inLanguage":"hr","@id":"https:\/\/likemetkovic.hr\/kandidat-za-zupana-je-i-roko-tolic-podrzavaju-ga-sdp-i-hns\/#primaryimage","url":"https:\/\/likemetkovic.hr\/portal\/wp-content\/uploads\/2021\/03\/roko-tolic.jpg","contentUrl":"https:\/\/likemetkovic.hr\/portal\/wp-content\/uploads\/2021\/03\/roko-tolic.jpg","width":800,"height":533},{"@type":"BreadcrumbList","@id":"https:\/\/likemetkovic.hr\/kandidat-za-zupana-je-i-roko-tolic-podrzavaju-ga-sdp-i-hns\/#breadcrumb","itemListElement":[{"@type":"ListItem","position":1,"name":"Po\u010detna stranica","item":"https:\/\/likemetkovic.hr\/portal\/"},{"@type":"ListItem","position":2,"name":"Kandidat za \u017eupana je i Roko Toli\u0107, podr\u017eavaju ga SDP i HNS"}]},{"@type":"WebSite","@id":"https:\/\/likemetkovic.hr\/#website","url":"https:\/\/likemetkovic.hr\/","name":"likemetkovic.hr","description":"Misli pozitivno... \u010ditaj LIKE","potentialAction":[{"@type":"SearchAction","target":{"@type":"EntryPoint","urlTemplate":"https:\/\/likemetkovic.hr\/?s={search_term_string}"},"query-input":{"@type":"PropertyValueSpecification","valueRequired":true,"valueName":"search_term_string"}}],"inLanguage":"hr"},{"@type":"Person","@id":"https:\/\/likemetkovic.hr\/#\/schema\/person\/a42711f3385a0e2be6f7e0443bfb28f0","name":"LIKEmetkovic.hr","sameAs":["http:\/\/likemetkovic.hr"],"url":"https:\/\/likemetkovic.hr\/portal\/author\/likemetkovic-hr\/"}]}},"_links":{"self":[{"href":"https:\/\/likemetkovic.hr\/portal\/wp-json\/wp\/v2\/posts\/114818","targetHints":{"allow":["GET"]}}],"collection":[{"href":"https:\/\/likemetkovic.hr\/portal\/wp-json\/wp\/v2\/posts"}],"about":[{"href":"https:\/\/likemetkovic.hr\/portal\/wp-json\/wp\/v2\/types\/post"}],"author":[{"embeddable":true,"href":"https:\/\/likemetkovic.hr\/portal\/wp-json\/wp\/v2\/users\/7"}],"replies":[{"embeddable":true,"href":"https:\/\/likemetkovic.hr\/portal\/wp-json\/wp\/v2\/comments?post=114818"}],"version-history":[{"count":0,"href":"https:\/\/likemetkovic.hr\/portal\/wp-json\/wp\/v2\/posts\/114818\/revisions"}],"wp:featuredmedia":[{"embeddable":true,"href":"https:\/\/likemetkovic.hr\/portal\/wp-json\/wp\/v2\/media\/114819"}],"wp:attachment":[{"href":"https:\/\/likemetkovic.hr\/portal\/wp-json\/wp\/v2\/media?parent=114818"}],"wp:term":[{"taxonomy":"category","embeddable":true,"href":"https:\/\/likemetkovic.hr\/portal\/wp-json\/wp\/v2\/categories?post=114818"},{"taxonomy":"post_tag","embeddable":true,"href":"https:\/\/likemetkovic.hr\/portal\/wp-json\/wp\/v2\/tags?post=114818"}],"curies":[{"name":"wp","href":"https:\/\/api.w.org\/{rel}","templated":true}]}}