{"id":114926,"date":"2021-03-20T10:03:32","date_gmt":"2021-03-20T09:03:32","guid":{"rendered":"https:\/\/likemetkovic.hr\/?p=114926"},"modified":"2021-03-20T10:04:18","modified_gmt":"2021-03-20T09:04:18","slug":"srecko-celic-je-mostov-kandidat-za-nacelnika-opcine-kula-norinska","status":"publish","type":"post","link":"https:\/\/likemetkovic.hr\/portal\/srecko-celic-je-mostov-kandidat-za-nacelnika-opcine-kula-norinska\/","title":{"rendered":"Sre\u0107ko \u0106eli\u0107 je Mostov kandidat za na\u010delnika Op\u0107ine Kula Norinska"},"content":{"rendered":"<p>Most je jutros predstavio <strong>Sre\u0107ka \u0106eli\u0107a<\/strong> kao svog kandidata za na\u010delnika Op\u0107ine Kula Norinska na lokalnim izborima koji \u0107e se odr\u017eati 16. svibnja 2021.<\/p>\n<p>Predstavljanju je prisustvovao i <strong>Bo\u017eo Petrov<\/strong>, kandidat za \u017eupana dubrova\u010dko-neretvanskoga.<\/p>\n<p>Sre\u0107ko \u0106eli\u0107 je diplomirani pravnik, otac \u010detvero djece te vlasnik obiteljskog poljoprivrednog gospodarstva koje od 2008 godine uspje\u0161no posluje na razini cijele Hrvatske. Ro\u0111en je 2. svibnja1980 u Metkovi\u0107u, diplomirao je na Pravnom fakultetu u Mostaru 2005 godine. Potje\u010de iz vrijedne obitelji iz Podrujnice koja cijeli svoj \u017eivot mukotrpno radi poljoprivredu. Mo\u017ee se zasigurno re\u0107i da na\u010din na koji Sre\u0107ko upravlja svojim OPG-om mo\u017ee biti za primjer drugima, priop\u0107ili su iz Mosta.<\/p>\n<p><img decoding=\"async\" class=\"alignnone size-medium wp-image-114928\" src=\"https:\/\/likemetkovic.hr\/wp-content\/uploads\/2021\/03\/srecko-celic-most.jpg\" alt=\"\" width=\"800\" height=\"533\" srcset=\"https:\/\/likemetkovic.hr\/portal\/wp-content\/uploads\/2021\/03\/srecko-celic-most.jpg 800w, https:\/\/likemetkovic.hr\/portal\/wp-content\/uploads\/2021\/03\/srecko-celic-most-768x512.jpg 768w, https:\/\/likemetkovic.hr\/portal\/wp-content\/uploads\/2021\/03\/srecko-celic-most-696x464.jpg 696w, https:\/\/likemetkovic.hr\/portal\/wp-content\/uploads\/2021\/03\/srecko-celic-most-630x420.jpg 630w\" sizes=\"(max-width: 800px) 100vw, 800px\" \/><\/p>\n<p>\u010celnik Mosta i kandidat za \u017eupana Bozo Petrov je izjavio kako je Most u proteklim izborima ostvarivao zavidne rezultate u Op\u0107ini Kula Norinska te da smatra da Sre\u0107ko \u0106eli\u0107 i ljudi u Mostu imaju snage i \u017eelje za promjene u svojoj sredini, a jedini na\u010din za promjene je vo\u0111enje \u010dasne i po\u0161tene politike, a to nudi upravo Most.<\/p>\n<p>&#8211;<em> Izuzetna \u010dast sto je kandidat Mosta za na\u010delnika te naglasio da op\u0107ini Kula Norinska prijeti demografski slom. U zadnjih 5 godina iz na\u0161e op\u0107ine od nepunih 2000 stanovnika njih 200 je iselilo van u potrazi za poslom i boljim \u017eivotom. Kroz na\u0161 mandat fokus \u0107e nam biti na dono\u0161enju niza demografskih mjera i potpora za mlade da ostaju \u017eivjeti u na\u0161oj op\u0107ini, baviti \u0107emo se konkretnim stvarima za razvoj svih dijelova na\u0161e op\u0107ine, naro\u010dito Krvavca 2 gdje op\u0107ina zadnjih 10 godina osim igrali\u0161ta zaraslog u travu nije ni\u0161ta napravila. Prilikom dodjele poslova poput raznih projekata i javnih radova koje velikim dijelom sufinancira EU strana\u010dka iskaznica ne\u0107e biti preduvjet za dobivanje poslova<\/em>, izjavio je Sre\u0107ko \u0106eli\u0107.<\/p>\n<p><img decoding=\"async\" class=\"alignnone size-full wp-image-114927\" src=\"https:\/\/likemetkovic.hr\/wp-content\/uploads\/2021\/03\/most-kula-norinska.jpg\" alt=\"\" width=\"800\" height=\"418\" srcset=\"https:\/\/likemetkovic.hr\/portal\/wp-content\/uploads\/2021\/03\/most-kula-norinska.jpg 800w, https:\/\/likemetkovic.hr\/portal\/wp-content\/uploads\/2021\/03\/most-kula-norinska-768x401.jpg 768w, https:\/\/likemetkovic.hr\/portal\/wp-content\/uploads\/2021\/03\/most-kula-norinska-696x364.jpg 696w\" sizes=\"(max-width: 800px) 100vw, 800px\" \/><\/p>\n<p>Koordinator Mosta za Op\u0107inu Kula Norinska <strong>Luka Likovi\u0107<\/strong> je naglasio:<\/p>\n<p>&#8211;<em> Na na\u0161em zadnjem sastanku smo donijeli jednoglasnu odluku da nas kandidat za na\u010delnika bude Sre\u0107ko \u0106eli\u0107. Smatramo da je Sre\u0107ko idealan izbor, \u010dovjek koji prije svega \u017eivi i radi u svojoj op\u0107ini za razliku od ostalih protukandidata te jedini ima energije i hrabrosti potaknuti usmjeriti razvoj na\u0161e op\u0107ine u pravom smjeru. Tako\u0111er smo donijeli odluku o samostalnom izlasku na izbore u Op\u0107ini Kula Norinska kako bi bez kalkulacija i s jasnim programom iza\u0161li \u010disti pred bira\u010de i tra\u017eio njihovu potporu za program i ljude koji stoje \u010dvrsti i odlu\u010dni da ga realiziraju.<\/em><\/p>\n","protected":false},"excerpt":{"rendered":"<p>Most je jutros predstavio Sre\u0107ka \u0106eli\u0107a kao svog kandidata za na\u010delnika Op\u0107ine Kula Norinska na lokalnim izborima koji \u0107e se odr\u017eati 16. svibnja 2021. Predstavljanju je prisustvovao i Bo\u017eo Petrov, kandidat za \u017eupana dubrova\u010dko-neretvanskoga. Sre\u0107ko \u0106eli\u0107 je diplomirani pravnik, otac \u010detvero djece te vlasnik obiteljskog poljoprivrednog gospodarstva koje od 2008 godine uspje\u0161no posluje na razini [&hellip;]<\/p>\n","protected":false},"author":7,"featured_media":114928,"comment_status":"open","ping_status":"open","sticky":false,"template":"","format":"standard","meta":{"footnotes":""},"categories":[283,290],"tags":[665,322,9099],"class_list":{"0":"post-114926","1":"post","2":"type-post","3":"status-publish","4":"format-standard","5":"has-post-thumbnail","7":"category-a","8":"category-politika","9":"tag-kula-norinska","10":"tag-most","11":"tag-srecko-celic"},"yoast_head":"<!-- This site is optimized with the Yoast SEO plugin v25.2 - https:\/\/yoast.com\/wordpress\/plugins\/seo\/ -->\n<title>Sre\u0107ko \u0106eli\u0107 je Mostov kandidat za na\u010delnika Op\u0107ine Kula Norinska - likemetkovic.hr<\/title>\n<meta name=\"robots\" content=\"index, follow, max-snippet:-1, max-image-preview:large, max-video-preview:-1\" \/>\n<link rel=\"canonical\" href=\"https:\/\/likemetkovic.hr\/srecko-celic-je-mostov-kandidat-za-nacelnika-opcine-kula-norinska\/\" \/>\n<meta property=\"og:locale\" content=\"hr_HR\" \/>\n<meta property=\"og:type\" content=\"article\" \/>\n<meta property=\"og:title\" content=\"Sre\u0107ko \u0106eli\u0107 je Mostov kandidat za na\u010delnika Op\u0107ine Kula Norinska - likemetkovic.hr\" \/>\n<meta property=\"og:description\" content=\"Most je jutros predstavio Sre\u0107ka \u0106eli\u0107a kao svog kandidata za na\u010delnika Op\u0107ine Kula Norinska na lokalnim izborima koji \u0107e se odr\u017eati 16. svibnja 2021. Predstavljanju je prisustvovao i Bo\u017eo Petrov, kandidat za \u017eupana dubrova\u010dko-neretvanskoga. Sre\u0107ko \u0106eli\u0107 je diplomirani pravnik, otac \u010detvero djece te vlasnik obiteljskog poljoprivrednog gospodarstva koje od 2008 godine uspje\u0161no posluje na razini [&hellip;]\" \/>\n<meta property=\"og:url\" content=\"https:\/\/likemetkovic.hr\/srecko-celic-je-mostov-kandidat-za-nacelnika-opcine-kula-norinska\/\" \/>\n<meta property=\"og:site_name\" content=\"likemetkovic.hr\" \/>\n<meta property=\"article:publisher\" content=\"https:\/\/www.facebook.com\/likemetkovic.hr\/\" \/>\n<meta property=\"article:published_time\" content=\"2021-03-20T09:03:32+00:00\" \/>\n<meta property=\"article:modified_time\" content=\"2021-03-20T09:04:18+00:00\" \/>\n<meta property=\"og:image\" content=\"https:\/\/likemetkovic.hr\/wp-content\/uploads\/2021\/03\/srecko-celic-most.jpg\" \/>\n\t<meta property=\"og:image:width\" content=\"800\" \/>\n\t<meta property=\"og:image:height\" content=\"533\" \/>\n\t<meta property=\"og:image:type\" content=\"image\/jpeg\" \/>\n<meta name=\"author\" content=\"LIKEmetkovic.hr\" \/>\n<meta name=\"twitter:card\" content=\"summary_large_image\" \/>\n<meta name=\"twitter:label1\" content=\"Napisao\/la\" \/>\n\t<meta name=\"twitter:data1\" content=\"LIKEmetkovic.hr\" \/>\n\t<meta name=\"twitter:label2\" content=\"Procijenjeno vrijeme \u010ditanja\" \/>\n\t<meta name=\"twitter:data2\" content=\"3 minute\" \/>\n<script type=\"application\/ld+json\" class=\"yoast-schema-graph\">{\"@context\":\"https:\/\/schema.org\",\"@graph\":[{\"@type\":\"WebPage\",\"@id\":\"https:\/\/likemetkovic.hr\/srecko-celic-je-mostov-kandidat-za-nacelnika-opcine-kula-norinska\/\",\"url\":\"https:\/\/likemetkovic.hr\/srecko-celic-je-mostov-kandidat-za-nacelnika-opcine-kula-norinska\/\",\"name\":\"Sre\u0107ko \u0106eli\u0107 je Mostov kandidat za na\u010delnika Op\u0107ine Kula Norinska - likemetkovic.hr\",\"isPartOf\":{\"@id\":\"https:\/\/likemetkovic.hr\/#website\"},\"primaryImageOfPage\":{\"@id\":\"https:\/\/likemetkovic.hr\/srecko-celic-je-mostov-kandidat-za-nacelnika-opcine-kula-norinska\/#primaryimage\"},\"image\":{\"@id\":\"https:\/\/likemetkovic.hr\/srecko-celic-je-mostov-kandidat-za-nacelnika-opcine-kula-norinska\/#primaryimage\"},\"thumbnailUrl\":\"https:\/\/likemetkovic.hr\/portal\/wp-content\/uploads\/2021\/03\/srecko-celic-most.jpg\",\"datePublished\":\"2021-03-20T09:03:32+00:00\",\"dateModified\":\"2021-03-20T09:04:18+00:00\",\"author\":{\"@id\":\"https:\/\/likemetkovic.hr\/#\/schema\/person\/a42711f3385a0e2be6f7e0443bfb28f0\"},\"breadcrumb\":{\"@id\":\"https:\/\/likemetkovic.hr\/srecko-celic-je-mostov-kandidat-za-nacelnika-opcine-kula-norinska\/#breadcrumb\"},\"inLanguage\":\"hr\",\"potentialAction\":[{\"@type\":\"ReadAction\",\"target\":[\"https:\/\/likemetkovic.hr\/srecko-celic-je-mostov-kandidat-za-nacelnika-opcine-kula-norinska\/\"]}]},{\"@type\":\"ImageObject\",\"inLanguage\":\"hr\",\"@id\":\"https:\/\/likemetkovic.hr\/srecko-celic-je-mostov-kandidat-za-nacelnika-opcine-kula-norinska\/#primaryimage\",\"url\":\"https:\/\/likemetkovic.hr\/portal\/wp-content\/uploads\/2021\/03\/srecko-celic-most.jpg\",\"contentUrl\":\"https:\/\/likemetkovic.hr\/portal\/wp-content\/uploads\/2021\/03\/srecko-celic-most.jpg\",\"width\":800,\"height\":533},{\"@type\":\"BreadcrumbList\",\"@id\":\"https:\/\/likemetkovic.hr\/srecko-celic-je-mostov-kandidat-za-nacelnika-opcine-kula-norinska\/#breadcrumb\",\"itemListElement\":[{\"@type\":\"ListItem\",\"position\":1,\"name\":\"Po\u010detna stranica\",\"item\":\"https:\/\/likemetkovic.hr\/portal\/\"},{\"@type\":\"ListItem\",\"position\":2,\"name\":\"Sre\u0107ko \u0106eli\u0107 je Mostov kandidat za na\u010delnika Op\u0107ine Kula Norinska\"}]},{\"@type\":\"WebSite\",\"@id\":\"https:\/\/likemetkovic.hr\/#website\",\"url\":\"https:\/\/likemetkovic.hr\/\",\"name\":\"likemetkovic.hr\",\"description\":\"Misli pozitivno... \u010ditaj LIKE\",\"potentialAction\":[{\"@type\":\"SearchAction\",\"target\":{\"@type\":\"EntryPoint\",\"urlTemplate\":\"https:\/\/likemetkovic.hr\/?s={search_term_string}\"},\"query-input\":{\"@type\":\"PropertyValueSpecification\",\"valueRequired\":true,\"valueName\":\"search_term_string\"}}],\"inLanguage\":\"hr\"},{\"@type\":\"Person\",\"@id\":\"https:\/\/likemetkovic.hr\/#\/schema\/person\/a42711f3385a0e2be6f7e0443bfb28f0\",\"name\":\"LIKEmetkovic.hr\",\"sameAs\":[\"http:\/\/likemetkovic.hr\"],\"url\":\"https:\/\/likemetkovic.hr\/portal\/author\/likemetkovic-hr\/\"}]}<\/script>\n<!-- \/ Yoast SEO plugin. -->","yoast_head_json":{"title":"Sre\u0107ko \u0106eli\u0107 je Mostov kandidat za na\u010delnika Op\u0107ine Kula Norinska - likemetkovic.hr","robots":{"index":"index","follow":"follow","max-snippet":"max-snippet:-1","max-image-preview":"max-image-preview:large","max-video-preview":"max-video-preview:-1"},"canonical":"https:\/\/likemetkovic.hr\/srecko-celic-je-mostov-kandidat-za-nacelnika-opcine-kula-norinska\/","og_locale":"hr_HR","og_type":"article","og_title":"Sre\u0107ko \u0106eli\u0107 je Mostov kandidat za na\u010delnika Op\u0107ine Kula Norinska - likemetkovic.hr","og_description":"Most je jutros predstavio Sre\u0107ka \u0106eli\u0107a kao svog kandidata za na\u010delnika Op\u0107ine Kula Norinska na lokalnim izborima koji \u0107e se odr\u017eati 16. svibnja 2021. Predstavljanju je prisustvovao i Bo\u017eo Petrov, kandidat za \u017eupana dubrova\u010dko-neretvanskoga. Sre\u0107ko \u0106eli\u0107 je diplomirani pravnik, otac \u010detvero djece te vlasnik obiteljskog poljoprivrednog gospodarstva koje od 2008 godine uspje\u0161no posluje na razini [&hellip;]","og_url":"https:\/\/likemetkovic.hr\/srecko-celic-je-mostov-kandidat-za-nacelnika-opcine-kula-norinska\/","og_site_name":"likemetkovic.hr","article_publisher":"https:\/\/www.facebook.com\/likemetkovic.hr\/","article_published_time":"2021-03-20T09:03:32+00:00","article_modified_time":"2021-03-20T09:04:18+00:00","og_image":[{"width":800,"height":533,"url":"https:\/\/likemetkovic.hr\/wp-content\/uploads\/2021\/03\/srecko-celic-most.jpg","type":"image\/jpeg"}],"author":"LIKEmetkovic.hr","twitter_card":"summary_large_image","twitter_misc":{"Napisao\/la":"LIKEmetkovic.hr","Procijenjeno vrijeme \u010ditanja":"3 minute"},"schema":{"@context":"https:\/\/schema.org","@graph":[{"@type":"WebPage","@id":"https:\/\/likemetkovic.hr\/srecko-celic-je-mostov-kandidat-za-nacelnika-opcine-kula-norinska\/","url":"https:\/\/likemetkovic.hr\/srecko-celic-je-mostov-kandidat-za-nacelnika-opcine-kula-norinska\/","name":"Sre\u0107ko \u0106eli\u0107 je Mostov kandidat za na\u010delnika Op\u0107ine Kula Norinska - likemetkovic.hr","isPartOf":{"@id":"https:\/\/likemetkovic.hr\/#website"},"primaryImageOfPage":{"@id":"https:\/\/likemetkovic.hr\/srecko-celic-je-mostov-kandidat-za-nacelnika-opcine-kula-norinska\/#primaryimage"},"image":{"@id":"https:\/\/likemetkovic.hr\/srecko-celic-je-mostov-kandidat-za-nacelnika-opcine-kula-norinska\/#primaryimage"},"thumbnailUrl":"https:\/\/likemetkovic.hr\/portal\/wp-content\/uploads\/2021\/03\/srecko-celic-most.jpg","datePublished":"2021-03-20T09:03:32+00:00","dateModified":"2021-03-20T09:04:18+00:00","author":{"@id":"https:\/\/likemetkovic.hr\/#\/schema\/person\/a42711f3385a0e2be6f7e0443bfb28f0"},"breadcrumb":{"@id":"https:\/\/likemetkovic.hr\/srecko-celic-je-mostov-kandidat-za-nacelnika-opcine-kula-norinska\/#breadcrumb"},"inLanguage":"hr","potentialAction":[{"@type":"ReadAction","target":["https:\/\/likemetkovic.hr\/srecko-celic-je-mostov-kandidat-za-nacelnika-opcine-kula-norinska\/"]}]},{"@type":"ImageObject","inLanguage":"hr","@id":"https:\/\/likemetkovic.hr\/srecko-celic-je-mostov-kandidat-za-nacelnika-opcine-kula-norinska\/#primaryimage","url":"https:\/\/likemetkovic.hr\/portal\/wp-content\/uploads\/2021\/03\/srecko-celic-most.jpg","contentUrl":"https:\/\/likemetkovic.hr\/portal\/wp-content\/uploads\/2021\/03\/srecko-celic-most.jpg","width":800,"height":533},{"@type":"BreadcrumbList","@id":"https:\/\/likemetkovic.hr\/srecko-celic-je-mostov-kandidat-za-nacelnika-opcine-kula-norinska\/#breadcrumb","itemListElement":[{"@type":"ListItem","position":1,"name":"Po\u010detna stranica","item":"https:\/\/likemetkovic.hr\/portal\/"},{"@type":"ListItem","position":2,"name":"Sre\u0107ko \u0106eli\u0107 je Mostov kandidat za na\u010delnika Op\u0107ine Kula Norinska"}]},{"@type":"WebSite","@id":"https:\/\/likemetkovic.hr\/#website","url":"https:\/\/likemetkovic.hr\/","name":"likemetkovic.hr","description":"Misli pozitivno... \u010ditaj LIKE","potentialAction":[{"@type":"SearchAction","target":{"@type":"EntryPoint","urlTemplate":"https:\/\/likemetkovic.hr\/?s={search_term_string}"},"query-input":{"@type":"PropertyValueSpecification","valueRequired":true,"valueName":"search_term_string"}}],"inLanguage":"hr"},{"@type":"Person","@id":"https:\/\/likemetkovic.hr\/#\/schema\/person\/a42711f3385a0e2be6f7e0443bfb28f0","name":"LIKEmetkovic.hr","sameAs":["http:\/\/likemetkovic.hr"],"url":"https:\/\/likemetkovic.hr\/portal\/author\/likemetkovic-hr\/"}]}},"_links":{"self":[{"href":"https:\/\/likemetkovic.hr\/portal\/wp-json\/wp\/v2\/posts\/114926","targetHints":{"allow":["GET"]}}],"collection":[{"href":"https:\/\/likemetkovic.hr\/portal\/wp-json\/wp\/v2\/posts"}],"about":[{"href":"https:\/\/likemetkovic.hr\/portal\/wp-json\/wp\/v2\/types\/post"}],"author":[{"embeddable":true,"href":"https:\/\/likemetkovic.hr\/portal\/wp-json\/wp\/v2\/users\/7"}],"replies":[{"embeddable":true,"href":"https:\/\/likemetkovic.hr\/portal\/wp-json\/wp\/v2\/comments?post=114926"}],"version-history":[{"count":0,"href":"https:\/\/likemetkovic.hr\/portal\/wp-json\/wp\/v2\/posts\/114926\/revisions"}],"wp:featuredmedia":[{"embeddable":true,"href":"https:\/\/likemetkovic.hr\/portal\/wp-json\/wp\/v2\/media\/114928"}],"wp:attachment":[{"href":"https:\/\/likemetkovic.hr\/portal\/wp-json\/wp\/v2\/media?parent=114926"}],"wp:term":[{"taxonomy":"category","embeddable":true,"href":"https:\/\/likemetkovic.hr\/portal\/wp-json\/wp\/v2\/categories?post=114926"},{"taxonomy":"post_tag","embeddable":true,"href":"https:\/\/likemetkovic.hr\/portal\/wp-json\/wp\/v2\/tags?post=114926"}],"curies":[{"name":"wp","href":"https:\/\/api.w.org\/{rel}","templated":true}]}}