{"id":115031,"date":"2021-03-23T16:45:26","date_gmt":"2021-03-23T15:45:26","guid":{"rendered":"https:\/\/likemetkovic.hr\/?p=115031"},"modified":"2021-03-23T16:48:03","modified_gmt":"2021-03-23T15:48:03","slug":"izbori-2021-bozo-petrov-i-josko-mikus-ovu-cemo-zupaniju-dobro-provjetriti","status":"publish","type":"post","link":"https:\/\/likemetkovic.hr\/portal\/izbori-2021-bozo-petrov-i-josko-mikus-ovu-cemo-zupaniju-dobro-provjetriti\/","title":{"rendered":"IZBORI 2021. Bo\u017eo Petrov i Jo\u0161ko Miku\u0161: Ovu \u0107emo \u017eupaniju dobro provjetriti"},"content":{"rendered":"<p><strong>Bo\u017eo Petrov<\/strong> kao kandidat za dubrova\u010dko-neretvanskog \u017eupana i <strong>Jo\u0161ko Miku\u0161<\/strong> kao kandidat za njegova zamjenika na dana\u0161njem predstavljanju kandidature na listi Mosta uputili su apel \u017eupanu, vladaju\u0107ima i oporbi da pomognu jugu dr\u017eave kad se budu raspodjeljivala sredstva:<\/p>\n<p>&#8211; Hvalili su se vertikalom, a u pro\u0161loj godini ostvarili smo 15 posto od planiranog turisti\u010dkog prometa. Vrijeme je da doka\u017eu da ta vertikala radi. Stotinjak obitelji \u0161koljkara \u0107e potpuno propasti, pa bih volio da ozbiljno shvate ovaj apel i u suradnji s na\u010delnicima i gradona\u010delnicima spase \u0161to se mo\u017ee spasiti &#8211; rekao je Bo\u017eo Petrov. Mostov kandidat za \u017eupana dodao je kako, kad ve\u0107 postoje \u017eupanije, tu dobru Tu\u0111manovu ideju treba vratiti na pravi put, pi\u0161e <a href=\"https:\/\/dubrovacki.slobodnadalmacija.hr\/dubrovnik\/zupanija\/dubrovnik\/kandidat-za-zupana-bozo-petrov-ako-vec-postoje-zupanije-tu-dobru-tudmanovu-ideju-treba-vratiti-na-pravi-put-ovu-cemo-zupaniju-dobro-provjetriti-1086057\" target=\"_blank\" rel=\"noopener\">Dubrova\u010dki vjesnik<\/a>.<\/p>\n<p>&#8211; Oni koji vode ovu \u017dupaniju zadnjih 30 godina morali bi znati da ideja nije bila boljitak samo njima i podobnima, nego ravnomjerno razvijanje svih dijelova zemlje. Nakon 30 godina provjetrit \u0107emo \u017dupaniju otvaranjem svih vrata i prozora i pokazati kako se mo\u017ee bolje &#8211; poru\u010dio je Petrov.<\/p>\n<p>Jo\u0161ko Miku\u0161 kao biolog i ekolog, te izvanredni profesor na Sveu\u010dili\u0161tu u Dubrovniku istaknuo je kako se iz aktivizma odlu\u010dio za politiku i Most jer vjeruje da se na bolji na\u010din mo\u017ee slu\u017eiti interesima zajednice, pogotovo po pitanju za\u0161tite okoli\u0161a.<\/p>\n<p>&#8211; Kao nestrana\u010dki kandidat, mora spomenuti ogroman problem za\u0161tite okoli\u0161a i Lu\u010dina razdolja, te neiskori\u0161tenog poljoprivrednog zemlji\u0161ta ali i brojnih situacija u kojima je slovo ispred \u010dovjeka. Nitko me ne mo\u017ee uvjeriti da je ono \u0161to je lo\u0161e za prirodu dobro za okoli\u0161 i dru\u0161tvo &#8211; zaklju\u010dio je Miku\u0161.<\/p>\n<p>Pi\u0161e: Lorita Vierda\/<a href=\"https:\/\/dubrovacki.slobodnadalmacija.hr\/dubrovnik\/zupanija\/dubrovnik\/kandidat-za-zupana-bozo-petrov-ako-vec-postoje-zupanije-tu-dobru-tudmanovu-ideju-treba-vratiti-na-pravi-put-ovu-cemo-zupaniju-dobro-provjetriti-1086057\" target=\"_blank\" rel=\"noopener\">Dubrova\u010dki vjesnik<\/a><br \/>\nFoto: Ton\u0107i Plazibat<\/p>\n","protected":false},"excerpt":{"rendered":"<p>Bo\u017eo Petrov kao kandidat za dubrova\u010dko-neretvanskog \u017eupana i Jo\u0161ko Miku\u0161 kao kandidat za njegova zamjenika na dana\u0161njem predstavljanju kandidature na listi Mosta uputili su apel \u017eupanu, vladaju\u0107ima i oporbi da pomognu jugu dr\u017eave kad se budu raspodjeljivala sredstva: &#8211; Hvalili su se vertikalom, a u pro\u0161loj godini ostvarili smo 15 posto od planiranog turisti\u010dkog prometa. [&hellip;]<\/p>\n","protected":false},"author":7,"featured_media":115032,"comment_status":"open","ping_status":"open","sticky":false,"template":"","format":"standard","meta":{"footnotes":""},"categories":[283,290],"tags":[429,9112,9113],"class_list":{"0":"post-115031","1":"post","2":"type-post","3":"status-publish","4":"format-standard","5":"has-post-thumbnail","7":"category-a","8":"category-politika","9":"tag-bozo-petrov","10":"tag-izbori-2021","11":"tag-josko-mikus"},"yoast_head":"<!-- This site is optimized with the Yoast SEO plugin v25.2 - https:\/\/yoast.com\/wordpress\/plugins\/seo\/ -->\n<title>IZBORI 2021. Bo\u017eo Petrov i Jo\u0161ko Miku\u0161: Ovu \u0107emo \u017eupaniju dobro provjetriti - likemetkovic.hr<\/title>\n<meta name=\"robots\" content=\"index, follow, max-snippet:-1, max-image-preview:large, max-video-preview:-1\" \/>\n<link rel=\"canonical\" href=\"https:\/\/likemetkovic.hr\/izbori-2021-bozo-petrov-i-josko-mikus-ovu-cemo-zupaniju-dobro-provjetriti\/\" \/>\n<meta property=\"og:locale\" content=\"hr_HR\" \/>\n<meta property=\"og:type\" content=\"article\" \/>\n<meta property=\"og:title\" content=\"IZBORI 2021. Bo\u017eo Petrov i Jo\u0161ko Miku\u0161: Ovu \u0107emo \u017eupaniju dobro provjetriti - likemetkovic.hr\" \/>\n<meta property=\"og:description\" content=\"Bo\u017eo Petrov kao kandidat za dubrova\u010dko-neretvanskog \u017eupana i Jo\u0161ko Miku\u0161 kao kandidat za njegova zamjenika na dana\u0161njem predstavljanju kandidature na listi Mosta uputili su apel \u017eupanu, vladaju\u0107ima i oporbi da pomognu jugu dr\u017eave kad se budu raspodjeljivala sredstva: &#8211; Hvalili su se vertikalom, a u pro\u0161loj godini ostvarili smo 15 posto od planiranog turisti\u010dkog prometa. [&hellip;]\" \/>\n<meta property=\"og:url\" content=\"https:\/\/likemetkovic.hr\/izbori-2021-bozo-petrov-i-josko-mikus-ovu-cemo-zupaniju-dobro-provjetriti\/\" \/>\n<meta property=\"og:site_name\" content=\"likemetkovic.hr\" \/>\n<meta property=\"article:publisher\" content=\"https:\/\/www.facebook.com\/likemetkovic.hr\/\" \/>\n<meta property=\"article:published_time\" content=\"2021-03-23T15:45:26+00:00\" \/>\n<meta property=\"article:modified_time\" content=\"2021-03-23T15:48:03+00:00\" \/>\n<meta property=\"og:image\" content=\"https:\/\/likemetkovic.hr\/wp-content\/uploads\/2021\/03\/petrov-mikus-.jpg\" \/>\n\t<meta property=\"og:image:width\" content=\"800\" \/>\n\t<meta property=\"og:image:height\" content=\"523\" \/>\n\t<meta property=\"og:image:type\" content=\"image\/jpeg\" \/>\n<meta name=\"author\" content=\"LIKEmetkovic.hr\" \/>\n<meta name=\"twitter:card\" content=\"summary_large_image\" \/>\n<meta name=\"twitter:label1\" content=\"Napisao\/la\" \/>\n\t<meta name=\"twitter:data1\" content=\"LIKEmetkovic.hr\" \/>\n\t<meta name=\"twitter:label2\" content=\"Procijenjeno vrijeme \u010ditanja\" \/>\n\t<meta name=\"twitter:data2\" content=\"2 minute\" \/>\n<script type=\"application\/ld+json\" class=\"yoast-schema-graph\">{\"@context\":\"https:\/\/schema.org\",\"@graph\":[{\"@type\":\"WebPage\",\"@id\":\"https:\/\/likemetkovic.hr\/izbori-2021-bozo-petrov-i-josko-mikus-ovu-cemo-zupaniju-dobro-provjetriti\/\",\"url\":\"https:\/\/likemetkovic.hr\/izbori-2021-bozo-petrov-i-josko-mikus-ovu-cemo-zupaniju-dobro-provjetriti\/\",\"name\":\"IZBORI 2021. Bo\u017eo Petrov i Jo\u0161ko Miku\u0161: Ovu \u0107emo \u017eupaniju dobro provjetriti - likemetkovic.hr\",\"isPartOf\":{\"@id\":\"https:\/\/likemetkovic.hr\/#website\"},\"primaryImageOfPage\":{\"@id\":\"https:\/\/likemetkovic.hr\/izbori-2021-bozo-petrov-i-josko-mikus-ovu-cemo-zupaniju-dobro-provjetriti\/#primaryimage\"},\"image\":{\"@id\":\"https:\/\/likemetkovic.hr\/izbori-2021-bozo-petrov-i-josko-mikus-ovu-cemo-zupaniju-dobro-provjetriti\/#primaryimage\"},\"thumbnailUrl\":\"https:\/\/likemetkovic.hr\/portal\/wp-content\/uploads\/2021\/03\/petrov-mikus-.jpg\",\"datePublished\":\"2021-03-23T15:45:26+00:00\",\"dateModified\":\"2021-03-23T15:48:03+00:00\",\"author\":{\"@id\":\"https:\/\/likemetkovic.hr\/#\/schema\/person\/a42711f3385a0e2be6f7e0443bfb28f0\"},\"breadcrumb\":{\"@id\":\"https:\/\/likemetkovic.hr\/izbori-2021-bozo-petrov-i-josko-mikus-ovu-cemo-zupaniju-dobro-provjetriti\/#breadcrumb\"},\"inLanguage\":\"hr\",\"potentialAction\":[{\"@type\":\"ReadAction\",\"target\":[\"https:\/\/likemetkovic.hr\/izbori-2021-bozo-petrov-i-josko-mikus-ovu-cemo-zupaniju-dobro-provjetriti\/\"]}]},{\"@type\":\"ImageObject\",\"inLanguage\":\"hr\",\"@id\":\"https:\/\/likemetkovic.hr\/izbori-2021-bozo-petrov-i-josko-mikus-ovu-cemo-zupaniju-dobro-provjetriti\/#primaryimage\",\"url\":\"https:\/\/likemetkovic.hr\/portal\/wp-content\/uploads\/2021\/03\/petrov-mikus-.jpg\",\"contentUrl\":\"https:\/\/likemetkovic.hr\/portal\/wp-content\/uploads\/2021\/03\/petrov-mikus-.jpg\",\"width\":800,\"height\":523},{\"@type\":\"BreadcrumbList\",\"@id\":\"https:\/\/likemetkovic.hr\/izbori-2021-bozo-petrov-i-josko-mikus-ovu-cemo-zupaniju-dobro-provjetriti\/#breadcrumb\",\"itemListElement\":[{\"@type\":\"ListItem\",\"position\":1,\"name\":\"Po\u010detna stranica\",\"item\":\"https:\/\/likemetkovic.hr\/portal\/\"},{\"@type\":\"ListItem\",\"position\":2,\"name\":\"IZBORI 2021. Bo\u017eo Petrov i Jo\u0161ko Miku\u0161: Ovu \u0107emo \u017eupaniju dobro provjetriti\"}]},{\"@type\":\"WebSite\",\"@id\":\"https:\/\/likemetkovic.hr\/#website\",\"url\":\"https:\/\/likemetkovic.hr\/\",\"name\":\"likemetkovic.hr\",\"description\":\"Misli pozitivno... \u010ditaj LIKE\",\"potentialAction\":[{\"@type\":\"SearchAction\",\"target\":{\"@type\":\"EntryPoint\",\"urlTemplate\":\"https:\/\/likemetkovic.hr\/?s={search_term_string}\"},\"query-input\":{\"@type\":\"PropertyValueSpecification\",\"valueRequired\":true,\"valueName\":\"search_term_string\"}}],\"inLanguage\":\"hr\"},{\"@type\":\"Person\",\"@id\":\"https:\/\/likemetkovic.hr\/#\/schema\/person\/a42711f3385a0e2be6f7e0443bfb28f0\",\"name\":\"LIKEmetkovic.hr\",\"sameAs\":[\"http:\/\/likemetkovic.hr\"],\"url\":\"https:\/\/likemetkovic.hr\/portal\/author\/likemetkovic-hr\/\"}]}<\/script>\n<!-- \/ Yoast SEO plugin. -->","yoast_head_json":{"title":"IZBORI 2021. Bo\u017eo Petrov i Jo\u0161ko Miku\u0161: Ovu \u0107emo \u017eupaniju dobro provjetriti - likemetkovic.hr","robots":{"index":"index","follow":"follow","max-snippet":"max-snippet:-1","max-image-preview":"max-image-preview:large","max-video-preview":"max-video-preview:-1"},"canonical":"https:\/\/likemetkovic.hr\/izbori-2021-bozo-petrov-i-josko-mikus-ovu-cemo-zupaniju-dobro-provjetriti\/","og_locale":"hr_HR","og_type":"article","og_title":"IZBORI 2021. Bo\u017eo Petrov i Jo\u0161ko Miku\u0161: Ovu \u0107emo \u017eupaniju dobro provjetriti - likemetkovic.hr","og_description":"Bo\u017eo Petrov kao kandidat za dubrova\u010dko-neretvanskog \u017eupana i Jo\u0161ko Miku\u0161 kao kandidat za njegova zamjenika na dana\u0161njem predstavljanju kandidature na listi Mosta uputili su apel \u017eupanu, vladaju\u0107ima i oporbi da pomognu jugu dr\u017eave kad se budu raspodjeljivala sredstva: &#8211; Hvalili su se vertikalom, a u pro\u0161loj godini ostvarili smo 15 posto od planiranog turisti\u010dkog prometa. [&hellip;]","og_url":"https:\/\/likemetkovic.hr\/izbori-2021-bozo-petrov-i-josko-mikus-ovu-cemo-zupaniju-dobro-provjetriti\/","og_site_name":"likemetkovic.hr","article_publisher":"https:\/\/www.facebook.com\/likemetkovic.hr\/","article_published_time":"2021-03-23T15:45:26+00:00","article_modified_time":"2021-03-23T15:48:03+00:00","og_image":[{"width":800,"height":523,"url":"https:\/\/likemetkovic.hr\/wp-content\/uploads\/2021\/03\/petrov-mikus-.jpg","type":"image\/jpeg"}],"author":"LIKEmetkovic.hr","twitter_card":"summary_large_image","twitter_misc":{"Napisao\/la":"LIKEmetkovic.hr","Procijenjeno vrijeme \u010ditanja":"2 minute"},"schema":{"@context":"https:\/\/schema.org","@graph":[{"@type":"WebPage","@id":"https:\/\/likemetkovic.hr\/izbori-2021-bozo-petrov-i-josko-mikus-ovu-cemo-zupaniju-dobro-provjetriti\/","url":"https:\/\/likemetkovic.hr\/izbori-2021-bozo-petrov-i-josko-mikus-ovu-cemo-zupaniju-dobro-provjetriti\/","name":"IZBORI 2021. Bo\u017eo Petrov i Jo\u0161ko Miku\u0161: Ovu \u0107emo \u017eupaniju dobro provjetriti - likemetkovic.hr","isPartOf":{"@id":"https:\/\/likemetkovic.hr\/#website"},"primaryImageOfPage":{"@id":"https:\/\/likemetkovic.hr\/izbori-2021-bozo-petrov-i-josko-mikus-ovu-cemo-zupaniju-dobro-provjetriti\/#primaryimage"},"image":{"@id":"https:\/\/likemetkovic.hr\/izbori-2021-bozo-petrov-i-josko-mikus-ovu-cemo-zupaniju-dobro-provjetriti\/#primaryimage"},"thumbnailUrl":"https:\/\/likemetkovic.hr\/portal\/wp-content\/uploads\/2021\/03\/petrov-mikus-.jpg","datePublished":"2021-03-23T15:45:26+00:00","dateModified":"2021-03-23T15:48:03+00:00","author":{"@id":"https:\/\/likemetkovic.hr\/#\/schema\/person\/a42711f3385a0e2be6f7e0443bfb28f0"},"breadcrumb":{"@id":"https:\/\/likemetkovic.hr\/izbori-2021-bozo-petrov-i-josko-mikus-ovu-cemo-zupaniju-dobro-provjetriti\/#breadcrumb"},"inLanguage":"hr","potentialAction":[{"@type":"ReadAction","target":["https:\/\/likemetkovic.hr\/izbori-2021-bozo-petrov-i-josko-mikus-ovu-cemo-zupaniju-dobro-provjetriti\/"]}]},{"@type":"ImageObject","inLanguage":"hr","@id":"https:\/\/likemetkovic.hr\/izbori-2021-bozo-petrov-i-josko-mikus-ovu-cemo-zupaniju-dobro-provjetriti\/#primaryimage","url":"https:\/\/likemetkovic.hr\/portal\/wp-content\/uploads\/2021\/03\/petrov-mikus-.jpg","contentUrl":"https:\/\/likemetkovic.hr\/portal\/wp-content\/uploads\/2021\/03\/petrov-mikus-.jpg","width":800,"height":523},{"@type":"BreadcrumbList","@id":"https:\/\/likemetkovic.hr\/izbori-2021-bozo-petrov-i-josko-mikus-ovu-cemo-zupaniju-dobro-provjetriti\/#breadcrumb","itemListElement":[{"@type":"ListItem","position":1,"name":"Po\u010detna stranica","item":"https:\/\/likemetkovic.hr\/portal\/"},{"@type":"ListItem","position":2,"name":"IZBORI 2021. Bo\u017eo Petrov i Jo\u0161ko Miku\u0161: Ovu \u0107emo \u017eupaniju dobro provjetriti"}]},{"@type":"WebSite","@id":"https:\/\/likemetkovic.hr\/#website","url":"https:\/\/likemetkovic.hr\/","name":"likemetkovic.hr","description":"Misli pozitivno... \u010ditaj LIKE","potentialAction":[{"@type":"SearchAction","target":{"@type":"EntryPoint","urlTemplate":"https:\/\/likemetkovic.hr\/?s={search_term_string}"},"query-input":{"@type":"PropertyValueSpecification","valueRequired":true,"valueName":"search_term_string"}}],"inLanguage":"hr"},{"@type":"Person","@id":"https:\/\/likemetkovic.hr\/#\/schema\/person\/a42711f3385a0e2be6f7e0443bfb28f0","name":"LIKEmetkovic.hr","sameAs":["http:\/\/likemetkovic.hr"],"url":"https:\/\/likemetkovic.hr\/portal\/author\/likemetkovic-hr\/"}]}},"_links":{"self":[{"href":"https:\/\/likemetkovic.hr\/portal\/wp-json\/wp\/v2\/posts\/115031","targetHints":{"allow":["GET"]}}],"collection":[{"href":"https:\/\/likemetkovic.hr\/portal\/wp-json\/wp\/v2\/posts"}],"about":[{"href":"https:\/\/likemetkovic.hr\/portal\/wp-json\/wp\/v2\/types\/post"}],"author":[{"embeddable":true,"href":"https:\/\/likemetkovic.hr\/portal\/wp-json\/wp\/v2\/users\/7"}],"replies":[{"embeddable":true,"href":"https:\/\/likemetkovic.hr\/portal\/wp-json\/wp\/v2\/comments?post=115031"}],"version-history":[{"count":0,"href":"https:\/\/likemetkovic.hr\/portal\/wp-json\/wp\/v2\/posts\/115031\/revisions"}],"wp:featuredmedia":[{"embeddable":true,"href":"https:\/\/likemetkovic.hr\/portal\/wp-json\/wp\/v2\/media\/115032"}],"wp:attachment":[{"href":"https:\/\/likemetkovic.hr\/portal\/wp-json\/wp\/v2\/media?parent=115031"}],"wp:term":[{"taxonomy":"category","embeddable":true,"href":"https:\/\/likemetkovic.hr\/portal\/wp-json\/wp\/v2\/categories?post=115031"},{"taxonomy":"post_tag","embeddable":true,"href":"https:\/\/likemetkovic.hr\/portal\/wp-json\/wp\/v2\/tags?post=115031"}],"curies":[{"name":"wp","href":"https:\/\/api.w.org\/{rel}","templated":true}]}}