{"id":115062,"date":"2021-03-24T12:17:30","date_gmt":"2021-03-24T11:17:30","guid":{"rendered":"https:\/\/likemetkovic.hr\/?p=115062"},"modified":"2021-03-24T13:50:44","modified_gmt":"2021-03-24T12:50:44","slug":"restriktivne-mjere-ce-se-prosiriti-na-cijelu-zupaniju-danas-ce-biti-objavljeni-detalji","status":"publish","type":"post","link":"https:\/\/likemetkovic.hr\/portal\/restriktivne-mjere-ce-se-prosiriti-na-cijelu-zupaniju-danas-ce-biti-objavljeni-detalji\/","title":{"rendered":"Restriktivne mjere \u0107e se pro\u0161iriti na cijelu \u017dupaniju, danas \u0107e biti objavljeni detalji!"},"content":{"rendered":"<p>&#8211; Nacionalni sto\u017eer je danas usvojio prijedlog Dubrova\u010dko-neretvanske da se njihove restriktivne mjere pro\u0161ire na cijelu \u017eupaniju, dosad je bio dio op\u0107ina kod Dubrovnika. To govori da je sto\u017eer dubrova\u010dko-neretvanski shvatio da se sada vodi bitka za koliko-toliko uspje\u0161nu turisti\u010dku sezonu. &#8211; izjavio je danas na<a href=\"https:\/\/www.index.hr\/vijesti\/clanak\/bozinovic-na-stozeru-pocetkom-travnja-idu-nove-mjere-napravit-cemo-ozbiljan-okvir\/2263469.aspx\" target=\"_blank\" rel=\"noopener\"> konferenciji za medije<\/a> ministar Davor Bo\u017einovi\u0107.<\/p>\n<p>Kako doznajemo, tijekom popodneva \u0107e \u017eupanijski Sto\u017eer CZ objaviti detalje o novim mjerama koje \u0107e se pro\u0161iriti i na podru\u010dje Neretvanske doline, Pelje\u0161ca i Kor\u010dule.<\/p>\n<p>Do sada na podru\u010dju Dubrovnika, Konavala i Dubrova\u010dkog primorja nije bilo mogu\u0107e otvaranje ugostiteljskih objekata (terase), \u0161kole ve\u0107 du\u017ee vrijeme rade <em>online<\/em>, a u nekim mjestima su zatvoreni i dje\u010dji vrti\u0107i.<\/p>\n","protected":false},"excerpt":{"rendered":"<p>&#8211; Nacionalni sto\u017eer je danas usvojio prijedlog Dubrova\u010dko-neretvanske da se njihove restriktivne mjere pro\u0161ire na cijelu \u017eupaniju, dosad je bio dio op\u0107ina kod Dubrovnika. To govori da je sto\u017eer dubrova\u010dko-neretvanski shvatio da se sada vodi bitka za koliko-toliko uspje\u0161nu turisti\u010dku sezonu. &#8211; izjavio je danas na konferenciji za medije ministar Davor Bo\u017einovi\u0107. Kako doznajemo, tijekom [&hellip;]<\/p>\n","protected":false},"author":9,"featured_media":107496,"comment_status":"open","ping_status":"open","sticky":false,"template":"","format":"standard","meta":{"footnotes":""},"categories":[296,300],"tags":[1218,7597,6820,7421],"class_list":{"0":"post-115062","1":"post","2":"type-post","3":"status-publish","4":"format-standard","5":"has-post-thumbnail","7":"category-ab","8":"category-zupanija","9":"tag-dnz","10":"tag-epidemioloske-mjere","11":"tag-koronavirus","12":"tag-nacionalni-stozer"},"yoast_head":"<!-- This site is optimized with the Yoast SEO plugin v25.2 - https:\/\/yoast.com\/wordpress\/plugins\/seo\/ -->\n<title>Restriktivne mjere \u0107e se pro\u0161iriti na cijelu \u017dupaniju, danas \u0107e biti objavljeni detalji! - likemetkovic.hr<\/title>\n<meta name=\"robots\" content=\"index, follow, max-snippet:-1, max-image-preview:large, max-video-preview:-1\" \/>\n<link rel=\"canonical\" href=\"https:\/\/likemetkovic.hr\/restriktivne-mjere-ce-se-prosiriti-na-cijelu-zupaniju-danas-ce-biti-objavljeni-detalji\/\" \/>\n<meta property=\"og:locale\" content=\"hr_HR\" \/>\n<meta property=\"og:type\" content=\"article\" \/>\n<meta property=\"og:title\" content=\"Restriktivne mjere \u0107e se pro\u0161iriti na cijelu \u017dupaniju, danas \u0107e biti objavljeni detalji! - likemetkovic.hr\" \/>\n<meta property=\"og:description\" content=\"&#8211; Nacionalni sto\u017eer je danas usvojio prijedlog Dubrova\u010dko-neretvanske da se njihove restriktivne mjere pro\u0161ire na cijelu \u017eupaniju, dosad je bio dio op\u0107ina kod Dubrovnika. To govori da je sto\u017eer dubrova\u010dko-neretvanski shvatio da se sada vodi bitka za koliko-toliko uspje\u0161nu turisti\u010dku sezonu. &#8211; izjavio je danas na konferenciji za medije ministar Davor Bo\u017einovi\u0107. Kako doznajemo, tijekom [&hellip;]\" \/>\n<meta property=\"og:url\" content=\"https:\/\/likemetkovic.hr\/restriktivne-mjere-ce-se-prosiriti-na-cijelu-zupaniju-danas-ce-biti-objavljeni-detalji\/\" \/>\n<meta property=\"og:site_name\" content=\"likemetkovic.hr\" \/>\n<meta property=\"article:publisher\" content=\"https:\/\/www.facebook.com\/likemetkovic.hr\/\" \/>\n<meta property=\"article:published_time\" content=\"2021-03-24T11:17:30+00:00\" \/>\n<meta property=\"article:modified_time\" content=\"2021-03-24T12:50:44+00:00\" \/>\n<meta property=\"og:image\" content=\"https:\/\/likemetkovic.hr\/wp-content\/uploads\/2020\/09\/cebalo-sto\u017eer.jpg\" \/>\n\t<meta property=\"og:image:width\" content=\"800\" \/>\n\t<meta property=\"og:image:height\" content=\"533\" \/>\n\t<meta property=\"og:image:type\" content=\"image\/jpeg\" \/>\n<meta name=\"author\" content=\"K. J.\" \/>\n<meta name=\"twitter:card\" content=\"summary_large_image\" \/>\n<meta name=\"twitter:label1\" content=\"Napisao\/la\" \/>\n\t<meta name=\"twitter:data1\" content=\"K. J.\" \/>\n\t<meta name=\"twitter:label2\" content=\"Procijenjeno vrijeme \u010ditanja\" \/>\n\t<meta name=\"twitter:data2\" content=\"1 minuta\" \/>\n<script type=\"application\/ld+json\" class=\"yoast-schema-graph\">{\"@context\":\"https:\/\/schema.org\",\"@graph\":[{\"@type\":\"WebPage\",\"@id\":\"https:\/\/likemetkovic.hr\/restriktivne-mjere-ce-se-prosiriti-na-cijelu-zupaniju-danas-ce-biti-objavljeni-detalji\/\",\"url\":\"https:\/\/likemetkovic.hr\/restriktivne-mjere-ce-se-prosiriti-na-cijelu-zupaniju-danas-ce-biti-objavljeni-detalji\/\",\"name\":\"Restriktivne mjere \u0107e se pro\u0161iriti na cijelu \u017dupaniju, danas \u0107e biti objavljeni detalji! - likemetkovic.hr\",\"isPartOf\":{\"@id\":\"https:\/\/likemetkovic.hr\/#website\"},\"primaryImageOfPage\":{\"@id\":\"https:\/\/likemetkovic.hr\/restriktivne-mjere-ce-se-prosiriti-na-cijelu-zupaniju-danas-ce-biti-objavljeni-detalji\/#primaryimage\"},\"image\":{\"@id\":\"https:\/\/likemetkovic.hr\/restriktivne-mjere-ce-se-prosiriti-na-cijelu-zupaniju-danas-ce-biti-objavljeni-detalji\/#primaryimage\"},\"thumbnailUrl\":\"https:\/\/likemetkovic.hr\/portal\/wp-content\/uploads\/2020\/09\/cebalo-sto\u017eer.jpg\",\"datePublished\":\"2021-03-24T11:17:30+00:00\",\"dateModified\":\"2021-03-24T12:50:44+00:00\",\"author\":{\"@id\":\"https:\/\/likemetkovic.hr\/#\/schema\/person\/0a8b4ebfdfe1ff01192dccda40c5da0c\"},\"breadcrumb\":{\"@id\":\"https:\/\/likemetkovic.hr\/restriktivne-mjere-ce-se-prosiriti-na-cijelu-zupaniju-danas-ce-biti-objavljeni-detalji\/#breadcrumb\"},\"inLanguage\":\"hr\",\"potentialAction\":[{\"@type\":\"ReadAction\",\"target\":[\"https:\/\/likemetkovic.hr\/restriktivne-mjere-ce-se-prosiriti-na-cijelu-zupaniju-danas-ce-biti-objavljeni-detalji\/\"]}]},{\"@type\":\"ImageObject\",\"inLanguage\":\"hr\",\"@id\":\"https:\/\/likemetkovic.hr\/restriktivne-mjere-ce-se-prosiriti-na-cijelu-zupaniju-danas-ce-biti-objavljeni-detalji\/#primaryimage\",\"url\":\"https:\/\/likemetkovic.hr\/portal\/wp-content\/uploads\/2020\/09\/cebalo-sto\u017eer.jpg\",\"contentUrl\":\"https:\/\/likemetkovic.hr\/portal\/wp-content\/uploads\/2020\/09\/cebalo-sto\u017eer.jpg\",\"width\":800,\"height\":533},{\"@type\":\"BreadcrumbList\",\"@id\":\"https:\/\/likemetkovic.hr\/restriktivne-mjere-ce-se-prosiriti-na-cijelu-zupaniju-danas-ce-biti-objavljeni-detalji\/#breadcrumb\",\"itemListElement\":[{\"@type\":\"ListItem\",\"position\":1,\"name\":\"Po\u010detna stranica\",\"item\":\"https:\/\/likemetkovic.hr\/portal\/\"},{\"@type\":\"ListItem\",\"position\":2,\"name\":\"Restriktivne mjere \u0107e se pro\u0161iriti na cijelu \u017dupaniju, danas \u0107e biti objavljeni detalji!\"}]},{\"@type\":\"WebSite\",\"@id\":\"https:\/\/likemetkovic.hr\/#website\",\"url\":\"https:\/\/likemetkovic.hr\/\",\"name\":\"likemetkovic.hr\",\"description\":\"Misli pozitivno... \u010ditaj LIKE\",\"potentialAction\":[{\"@type\":\"SearchAction\",\"target\":{\"@type\":\"EntryPoint\",\"urlTemplate\":\"https:\/\/likemetkovic.hr\/?s={search_term_string}\"},\"query-input\":{\"@type\":\"PropertyValueSpecification\",\"valueRequired\":true,\"valueName\":\"search_term_string\"}}],\"inLanguage\":\"hr\"},{\"@type\":\"Person\",\"@id\":\"https:\/\/likemetkovic.hr\/#\/schema\/person\/0a8b4ebfdfe1ff01192dccda40c5da0c\",\"name\":\"K. J.\",\"url\":\"https:\/\/likemetkovic.hr\/portal\/author\/likemetkovic\/\"}]}<\/script>\n<!-- \/ Yoast SEO plugin. -->","yoast_head_json":{"title":"Restriktivne mjere \u0107e se pro\u0161iriti na cijelu \u017dupaniju, danas \u0107e biti objavljeni detalji! - likemetkovic.hr","robots":{"index":"index","follow":"follow","max-snippet":"max-snippet:-1","max-image-preview":"max-image-preview:large","max-video-preview":"max-video-preview:-1"},"canonical":"https:\/\/likemetkovic.hr\/restriktivne-mjere-ce-se-prosiriti-na-cijelu-zupaniju-danas-ce-biti-objavljeni-detalji\/","og_locale":"hr_HR","og_type":"article","og_title":"Restriktivne mjere \u0107e se pro\u0161iriti na cijelu \u017dupaniju, danas \u0107e biti objavljeni detalji! - likemetkovic.hr","og_description":"&#8211; Nacionalni sto\u017eer je danas usvojio prijedlog Dubrova\u010dko-neretvanske da se njihove restriktivne mjere pro\u0161ire na cijelu \u017eupaniju, dosad je bio dio op\u0107ina kod Dubrovnika. To govori da je sto\u017eer dubrova\u010dko-neretvanski shvatio da se sada vodi bitka za koliko-toliko uspje\u0161nu turisti\u010dku sezonu. &#8211; izjavio je danas na konferenciji za medije ministar Davor Bo\u017einovi\u0107. Kako doznajemo, tijekom [&hellip;]","og_url":"https:\/\/likemetkovic.hr\/restriktivne-mjere-ce-se-prosiriti-na-cijelu-zupaniju-danas-ce-biti-objavljeni-detalji\/","og_site_name":"likemetkovic.hr","article_publisher":"https:\/\/www.facebook.com\/likemetkovic.hr\/","article_published_time":"2021-03-24T11:17:30+00:00","article_modified_time":"2021-03-24T12:50:44+00:00","og_image":[{"width":800,"height":533,"url":"https:\/\/likemetkovic.hr\/wp-content\/uploads\/2020\/09\/cebalo-sto\u017eer.jpg","type":"image\/jpeg"}],"author":"K. J.","twitter_card":"summary_large_image","twitter_misc":{"Napisao\/la":"K. J.","Procijenjeno vrijeme \u010ditanja":"1 minuta"},"schema":{"@context":"https:\/\/schema.org","@graph":[{"@type":"WebPage","@id":"https:\/\/likemetkovic.hr\/restriktivne-mjere-ce-se-prosiriti-na-cijelu-zupaniju-danas-ce-biti-objavljeni-detalji\/","url":"https:\/\/likemetkovic.hr\/restriktivne-mjere-ce-se-prosiriti-na-cijelu-zupaniju-danas-ce-biti-objavljeni-detalji\/","name":"Restriktivne mjere \u0107e se pro\u0161iriti na cijelu \u017dupaniju, danas \u0107e biti objavljeni detalji! - likemetkovic.hr","isPartOf":{"@id":"https:\/\/likemetkovic.hr\/#website"},"primaryImageOfPage":{"@id":"https:\/\/likemetkovic.hr\/restriktivne-mjere-ce-se-prosiriti-na-cijelu-zupaniju-danas-ce-biti-objavljeni-detalji\/#primaryimage"},"image":{"@id":"https:\/\/likemetkovic.hr\/restriktivne-mjere-ce-se-prosiriti-na-cijelu-zupaniju-danas-ce-biti-objavljeni-detalji\/#primaryimage"},"thumbnailUrl":"https:\/\/likemetkovic.hr\/portal\/wp-content\/uploads\/2020\/09\/cebalo-sto\u017eer.jpg","datePublished":"2021-03-24T11:17:30+00:00","dateModified":"2021-03-24T12:50:44+00:00","author":{"@id":"https:\/\/likemetkovic.hr\/#\/schema\/person\/0a8b4ebfdfe1ff01192dccda40c5da0c"},"breadcrumb":{"@id":"https:\/\/likemetkovic.hr\/restriktivne-mjere-ce-se-prosiriti-na-cijelu-zupaniju-danas-ce-biti-objavljeni-detalji\/#breadcrumb"},"inLanguage":"hr","potentialAction":[{"@type":"ReadAction","target":["https:\/\/likemetkovic.hr\/restriktivne-mjere-ce-se-prosiriti-na-cijelu-zupaniju-danas-ce-biti-objavljeni-detalji\/"]}]},{"@type":"ImageObject","inLanguage":"hr","@id":"https:\/\/likemetkovic.hr\/restriktivne-mjere-ce-se-prosiriti-na-cijelu-zupaniju-danas-ce-biti-objavljeni-detalji\/#primaryimage","url":"https:\/\/likemetkovic.hr\/portal\/wp-content\/uploads\/2020\/09\/cebalo-sto\u017eer.jpg","contentUrl":"https:\/\/likemetkovic.hr\/portal\/wp-content\/uploads\/2020\/09\/cebalo-sto\u017eer.jpg","width":800,"height":533},{"@type":"BreadcrumbList","@id":"https:\/\/likemetkovic.hr\/restriktivne-mjere-ce-se-prosiriti-na-cijelu-zupaniju-danas-ce-biti-objavljeni-detalji\/#breadcrumb","itemListElement":[{"@type":"ListItem","position":1,"name":"Po\u010detna stranica","item":"https:\/\/likemetkovic.hr\/portal\/"},{"@type":"ListItem","position":2,"name":"Restriktivne mjere \u0107e se pro\u0161iriti na cijelu \u017dupaniju, danas \u0107e biti objavljeni detalji!"}]},{"@type":"WebSite","@id":"https:\/\/likemetkovic.hr\/#website","url":"https:\/\/likemetkovic.hr\/","name":"likemetkovic.hr","description":"Misli pozitivno... \u010ditaj LIKE","potentialAction":[{"@type":"SearchAction","target":{"@type":"EntryPoint","urlTemplate":"https:\/\/likemetkovic.hr\/?s={search_term_string}"},"query-input":{"@type":"PropertyValueSpecification","valueRequired":true,"valueName":"search_term_string"}}],"inLanguage":"hr"},{"@type":"Person","@id":"https:\/\/likemetkovic.hr\/#\/schema\/person\/0a8b4ebfdfe1ff01192dccda40c5da0c","name":"K. J.","url":"https:\/\/likemetkovic.hr\/portal\/author\/likemetkovic\/"}]}},"_links":{"self":[{"href":"https:\/\/likemetkovic.hr\/portal\/wp-json\/wp\/v2\/posts\/115062","targetHints":{"allow":["GET"]}}],"collection":[{"href":"https:\/\/likemetkovic.hr\/portal\/wp-json\/wp\/v2\/posts"}],"about":[{"href":"https:\/\/likemetkovic.hr\/portal\/wp-json\/wp\/v2\/types\/post"}],"author":[{"embeddable":true,"href":"https:\/\/likemetkovic.hr\/portal\/wp-json\/wp\/v2\/users\/9"}],"replies":[{"embeddable":true,"href":"https:\/\/likemetkovic.hr\/portal\/wp-json\/wp\/v2\/comments?post=115062"}],"version-history":[{"count":0,"href":"https:\/\/likemetkovic.hr\/portal\/wp-json\/wp\/v2\/posts\/115062\/revisions"}],"wp:featuredmedia":[{"embeddable":true,"href":"https:\/\/likemetkovic.hr\/portal\/wp-json\/wp\/v2\/media\/107496"}],"wp:attachment":[{"href":"https:\/\/likemetkovic.hr\/portal\/wp-json\/wp\/v2\/media?parent=115062"}],"wp:term":[{"taxonomy":"category","embeddable":true,"href":"https:\/\/likemetkovic.hr\/portal\/wp-json\/wp\/v2\/categories?post=115062"},{"taxonomy":"post_tag","embeddable":true,"href":"https:\/\/likemetkovic.hr\/portal\/wp-json\/wp\/v2\/tags?post=115062"}],"curies":[{"name":"wp","href":"https:\/\/api.w.org\/{rel}","templated":true}]}}