{"id":115091,"date":"2021-03-25T14:46:17","date_gmt":"2021-03-25T13:46:17","guid":{"rendered":"https:\/\/likemetkovic.hr\/?p=115091"},"modified":"2021-03-25T14:54:12","modified_gmt":"2021-03-25T13:54:12","slug":"propada-li-kandidatura-stipe-gabrica-jambe-osudeni-na-najmanje-6-mjeseci-zatvora-nece-se-moci-kandidirati-na-izborima","status":"publish","type":"post","link":"https:\/\/likemetkovic.hr\/portal\/propada-li-kandidatura-stipe-gabrica-jambe-osudeni-na-najmanje-6-mjeseci-zatvora-nece-se-moci-kandidirati-na-izborima\/","title":{"rendered":"Propada li kandidatura Stipe Gabri\u0107a Jambe? Osu\u0111eni na najmanje 6 mjeseci zatvora ne\u0107e se mo\u0107i kandidirati na izborima"},"content":{"rendered":"<p>Na lokalnim izborima ubudu\u0107e se ne\u0107e mo\u0107i kandidirati oni kojima je za neko kazneno djelo pravomo\u0107nom sudskom presudom izre\u010dena kazna zatvora u trajanju od najmanje \u0161est mjeseci, predla\u017ee Vlada izmjenama <strong>Zakona o lokalnim izborima<\/strong>, prenosi Hina.<\/p>\n<p>Izmjena zakona kojima dora\u0111uju odredbe kojima se propisuje zabrana kandidiranja na lokalnim izborima Vlada je sa sjednice u \u010detvrtak uputila <strong>u hitnu saborsku proceduru<\/strong>.<\/p>\n<p>Prema prijedlogu, zabrana kandidiranja postojala bi<strong> za svako kazneno djelo<\/strong> za koje je po\u010diniteljima pravomo\u0107nom sudskom presudom izre\u010dena kazna zatvora u trajanju <strong>od najmanje \u0161est mjeseci<\/strong> ili je tako izre\u010dena kazna zamijenjena radom za op\u0107e dobro ili je na istu primijenjena uvjetna osuda.<\/p>\n<p>Time se \u017eeli osigurati ujedna\u010denost nemogu\u0107nosti kandidiranja svih po\u010dinitelja kaznenih djela, <strong>neovisno o kojem se kaznenom djelu radi<\/strong>, a provodi se i ujedna\u010davanje s odredbama Kaznenog zakona, istaknuo je ministar pravosu\u0111a i uprave Ivan Malenica.<\/p>\n<p>Biv\u0161i metkovski gradona\u010delnik <strong>Stipo Gabri\u0107 Jambo<\/strong> je ve\u0107 najavio kandidaturu za gradona\u010delnika Metkovi\u0107 na predstoje\u0107im lokalnim izborima. Me\u0111utim, ako ove izmjene zakona pro\u0111u saborsku proceduru i stupe na snagu, Jambo se tada ne bi mogao kandidirati na tim izborima jer je u studenom 2020. pravomo\u0107no osu\u0111en na \u017dupanijskom sudu u Osijeku na <strong>kaznu zatvora u trajanju od 7 mjeseci<\/strong>, te mu je izre\u010dena izre\u010dena uvjetna osuda s rokom provjeravanja od 1 godine,<b>\u00a0zbog kaznenog djela sprje\u010davanje dokazivanja <\/b>\u0161to je vezano uz slu\u010daj <em>Su\u0161a<\/em>.<\/p>\n<h4>Postro\u017eava se i prestanak mandata<\/h4>\n<p>Izmjenama se postro\u017eava i prestanak mandata <strong>op\u0107inskog na\u010delnika, gradona\u010delnika i \u017eupana i njihovog zamjenika.<\/strong><\/p>\n<p>Propisuje se, naime, da im <strong>mandat prestaje po sili zakona<\/strong> danom pravomo\u0107nosti presude kojom su za kazneno djelo osu\u0111eni na kaznu zatvora ili mu je ta kazna zamijenjena radom za op\u0107e dobro ili uvjetnom osudom, neovisno o du\u017eini kazne zatvora.<\/p>\n<p>Razlozi prestanka mandata uskla\u0111uju se i s odredbama Zakona o prebivali\u0161tu te se propisuje prestanak mandata za predstavni\u010dko i za izvr\u0161no tijelo u slu\u010daju odjave prebivali\u0161ta s podru\u010dja jedinice, danom odjave prebivali\u0161ta, a ne prestanka prebivali\u0161ta kao do sada.<\/p>\n<p><strong>Zakon bi stupio na snagu prvoga dana od dana objave<\/strong> u \u201cNarodnim novinama\u201d kako bi se njegove odredbe mogle<strong> primijeniti na redovnim lokalnim izborima<\/strong> koji \u0107e se odr\u017eati 16. svibnja.<\/p>\n","protected":false},"excerpt":{"rendered":"<p>Na lokalnim izborima ubudu\u0107e se ne\u0107e mo\u0107i kandidirati oni kojima je za neko kazneno djelo pravomo\u0107nom sudskom presudom izre\u010dena kazna zatvora u trajanju od najmanje \u0161est mjeseci, predla\u017ee Vlada izmjenama Zakona o lokalnim izborima, prenosi Hina. Izmjena zakona kojima dora\u0111uju odredbe kojima se propisuje zabrana kandidiranja na lokalnim izborima Vlada je sa sjednice u \u010detvrtak [&hellip;]<\/p>\n","protected":false},"author":7,"featured_media":36805,"comment_status":"open","ping_status":"open","sticky":false,"template":"","format":"standard","meta":{"footnotes":""},"categories":[283,290],"tags":[8932,526,9118],"class_list":{"0":"post-115091","1":"post","2":"type-post","3":"status-publish","4":"format-standard","5":"has-post-thumbnail","7":"category-a","8":"category-politika","9":"tag-lokalni-izbori-2021","10":"tag-stipo-gabric-jambo","11":"tag-zakon-o-lokalnim-izborima"},"yoast_head":"<!-- This site is optimized with the Yoast SEO plugin v25.2 - https:\/\/yoast.com\/wordpress\/plugins\/seo\/ -->\n<title>Propada li kandidatura Stipe Gabri\u0107a Jambe? Osu\u0111eni na najmanje 6 mjeseci zatvora ne\u0107e se mo\u0107i kandidirati na izborima - likemetkovic.hr<\/title>\n<meta name=\"robots\" content=\"index, follow, max-snippet:-1, max-image-preview:large, max-video-preview:-1\" \/>\n<link rel=\"canonical\" href=\"https:\/\/likemetkovic.hr\/propada-li-kandidatura-stipe-gabrica-jambe-osudeni-na-najmanje-6-mjeseci-zatvora-nece-se-moci-kandidirati-na-izborima\/\" \/>\n<meta property=\"og:locale\" content=\"hr_HR\" \/>\n<meta property=\"og:type\" content=\"article\" \/>\n<meta property=\"og:title\" content=\"Propada li kandidatura Stipe Gabri\u0107a Jambe? Osu\u0111eni na najmanje 6 mjeseci zatvora ne\u0107e se mo\u0107i kandidirati na izborima - likemetkovic.hr\" \/>\n<meta property=\"og:description\" content=\"Na lokalnim izborima ubudu\u0107e se ne\u0107e mo\u0107i kandidirati oni kojima je za neko kazneno djelo pravomo\u0107nom sudskom presudom izre\u010dena kazna zatvora u trajanju od najmanje \u0161est mjeseci, predla\u017ee Vlada izmjenama Zakona o lokalnim izborima, prenosi Hina. Izmjena zakona kojima dora\u0111uju odredbe kojima se propisuje zabrana kandidiranja na lokalnim izborima Vlada je sa sjednice u \u010detvrtak [&hellip;]\" \/>\n<meta property=\"og:url\" content=\"https:\/\/likemetkovic.hr\/propada-li-kandidatura-stipe-gabrica-jambe-osudeni-na-najmanje-6-mjeseci-zatvora-nece-se-moci-kandidirati-na-izborima\/\" \/>\n<meta property=\"og:site_name\" content=\"likemetkovic.hr\" \/>\n<meta property=\"article:publisher\" content=\"https:\/\/www.facebook.com\/likemetkovic.hr\/\" \/>\n<meta property=\"article:published_time\" content=\"2021-03-25T13:46:17+00:00\" \/>\n<meta property=\"article:modified_time\" content=\"2021-03-25T13:54:12+00:00\" \/>\n<meta property=\"og:image\" content=\"https:\/\/likemetkovic.hr\/wp-content\/uploads\/2017\/02\/Stipo-Gabric-Jambo.jpg\" \/>\n\t<meta property=\"og:image:width\" content=\"902\" \/>\n\t<meta property=\"og:image:height\" content=\"600\" \/>\n\t<meta property=\"og:image:type\" content=\"image\/jpeg\" \/>\n<meta name=\"author\" content=\"LIKEmetkovic.hr\" \/>\n<meta name=\"twitter:card\" content=\"summary_large_image\" \/>\n<meta name=\"twitter:label1\" content=\"Napisao\/la\" \/>\n\t<meta name=\"twitter:data1\" content=\"LIKEmetkovic.hr\" \/>\n\t<meta name=\"twitter:label2\" content=\"Procijenjeno vrijeme \u010ditanja\" \/>\n\t<meta name=\"twitter:data2\" content=\"2 minute\" \/>\n<script type=\"application\/ld+json\" class=\"yoast-schema-graph\">{\"@context\":\"https:\/\/schema.org\",\"@graph\":[{\"@type\":\"WebPage\",\"@id\":\"https:\/\/likemetkovic.hr\/propada-li-kandidatura-stipe-gabrica-jambe-osudeni-na-najmanje-6-mjeseci-zatvora-nece-se-moci-kandidirati-na-izborima\/\",\"url\":\"https:\/\/likemetkovic.hr\/propada-li-kandidatura-stipe-gabrica-jambe-osudeni-na-najmanje-6-mjeseci-zatvora-nece-se-moci-kandidirati-na-izborima\/\",\"name\":\"Propada li kandidatura Stipe Gabri\u0107a Jambe? Osu\u0111eni na najmanje 6 mjeseci zatvora ne\u0107e se mo\u0107i kandidirati na izborima - likemetkovic.hr\",\"isPartOf\":{\"@id\":\"https:\/\/likemetkovic.hr\/#website\"},\"primaryImageOfPage\":{\"@id\":\"https:\/\/likemetkovic.hr\/propada-li-kandidatura-stipe-gabrica-jambe-osudeni-na-najmanje-6-mjeseci-zatvora-nece-se-moci-kandidirati-na-izborima\/#primaryimage\"},\"image\":{\"@id\":\"https:\/\/likemetkovic.hr\/propada-li-kandidatura-stipe-gabrica-jambe-osudeni-na-najmanje-6-mjeseci-zatvora-nece-se-moci-kandidirati-na-izborima\/#primaryimage\"},\"thumbnailUrl\":\"https:\/\/likemetkovic.hr\/portal\/wp-content\/uploads\/2017\/02\/Stipo-Gabric-Jambo.jpg\",\"datePublished\":\"2021-03-25T13:46:17+00:00\",\"dateModified\":\"2021-03-25T13:54:12+00:00\",\"author\":{\"@id\":\"https:\/\/likemetkovic.hr\/#\/schema\/person\/a42711f3385a0e2be6f7e0443bfb28f0\"},\"breadcrumb\":{\"@id\":\"https:\/\/likemetkovic.hr\/propada-li-kandidatura-stipe-gabrica-jambe-osudeni-na-najmanje-6-mjeseci-zatvora-nece-se-moci-kandidirati-na-izborima\/#breadcrumb\"},\"inLanguage\":\"hr\",\"potentialAction\":[{\"@type\":\"ReadAction\",\"target\":[\"https:\/\/likemetkovic.hr\/propada-li-kandidatura-stipe-gabrica-jambe-osudeni-na-najmanje-6-mjeseci-zatvora-nece-se-moci-kandidirati-na-izborima\/\"]}]},{\"@type\":\"ImageObject\",\"inLanguage\":\"hr\",\"@id\":\"https:\/\/likemetkovic.hr\/propada-li-kandidatura-stipe-gabrica-jambe-osudeni-na-najmanje-6-mjeseci-zatvora-nece-se-moci-kandidirati-na-izborima\/#primaryimage\",\"url\":\"https:\/\/likemetkovic.hr\/portal\/wp-content\/uploads\/2017\/02\/Stipo-Gabric-Jambo.jpg\",\"contentUrl\":\"https:\/\/likemetkovic.hr\/portal\/wp-content\/uploads\/2017\/02\/Stipo-Gabric-Jambo.jpg\",\"width\":902,\"height\":600},{\"@type\":\"BreadcrumbList\",\"@id\":\"https:\/\/likemetkovic.hr\/propada-li-kandidatura-stipe-gabrica-jambe-osudeni-na-najmanje-6-mjeseci-zatvora-nece-se-moci-kandidirati-na-izborima\/#breadcrumb\",\"itemListElement\":[{\"@type\":\"ListItem\",\"position\":1,\"name\":\"Po\u010detna stranica\",\"item\":\"https:\/\/likemetkovic.hr\/portal\/\"},{\"@type\":\"ListItem\",\"position\":2,\"name\":\"Propada li kandidatura Stipe Gabri\u0107a Jambe? Osu\u0111eni na najmanje 6 mjeseci zatvora ne\u0107e se mo\u0107i kandidirati na izborima\"}]},{\"@type\":\"WebSite\",\"@id\":\"https:\/\/likemetkovic.hr\/#website\",\"url\":\"https:\/\/likemetkovic.hr\/\",\"name\":\"likemetkovic.hr\",\"description\":\"Misli pozitivno... \u010ditaj LIKE\",\"potentialAction\":[{\"@type\":\"SearchAction\",\"target\":{\"@type\":\"EntryPoint\",\"urlTemplate\":\"https:\/\/likemetkovic.hr\/?s={search_term_string}\"},\"query-input\":{\"@type\":\"PropertyValueSpecification\",\"valueRequired\":true,\"valueName\":\"search_term_string\"}}],\"inLanguage\":\"hr\"},{\"@type\":\"Person\",\"@id\":\"https:\/\/likemetkovic.hr\/#\/schema\/person\/a42711f3385a0e2be6f7e0443bfb28f0\",\"name\":\"LIKEmetkovic.hr\",\"sameAs\":[\"http:\/\/likemetkovic.hr\"],\"url\":\"https:\/\/likemetkovic.hr\/portal\/author\/likemetkovic-hr\/\"}]}<\/script>\n<!-- \/ Yoast SEO plugin. -->","yoast_head_json":{"title":"Propada li kandidatura Stipe Gabri\u0107a Jambe? Osu\u0111eni na najmanje 6 mjeseci zatvora ne\u0107e se mo\u0107i kandidirati na izborima - likemetkovic.hr","robots":{"index":"index","follow":"follow","max-snippet":"max-snippet:-1","max-image-preview":"max-image-preview:large","max-video-preview":"max-video-preview:-1"},"canonical":"https:\/\/likemetkovic.hr\/propada-li-kandidatura-stipe-gabrica-jambe-osudeni-na-najmanje-6-mjeseci-zatvora-nece-se-moci-kandidirati-na-izborima\/","og_locale":"hr_HR","og_type":"article","og_title":"Propada li kandidatura Stipe Gabri\u0107a Jambe? Osu\u0111eni na najmanje 6 mjeseci zatvora ne\u0107e se mo\u0107i kandidirati na izborima - likemetkovic.hr","og_description":"Na lokalnim izborima ubudu\u0107e se ne\u0107e mo\u0107i kandidirati oni kojima je za neko kazneno djelo pravomo\u0107nom sudskom presudom izre\u010dena kazna zatvora u trajanju od najmanje \u0161est mjeseci, predla\u017ee Vlada izmjenama Zakona o lokalnim izborima, prenosi Hina. Izmjena zakona kojima dora\u0111uju odredbe kojima se propisuje zabrana kandidiranja na lokalnim izborima Vlada je sa sjednice u \u010detvrtak [&hellip;]","og_url":"https:\/\/likemetkovic.hr\/propada-li-kandidatura-stipe-gabrica-jambe-osudeni-na-najmanje-6-mjeseci-zatvora-nece-se-moci-kandidirati-na-izborima\/","og_site_name":"likemetkovic.hr","article_publisher":"https:\/\/www.facebook.com\/likemetkovic.hr\/","article_published_time":"2021-03-25T13:46:17+00:00","article_modified_time":"2021-03-25T13:54:12+00:00","og_image":[{"width":902,"height":600,"url":"https:\/\/likemetkovic.hr\/wp-content\/uploads\/2017\/02\/Stipo-Gabric-Jambo.jpg","type":"image\/jpeg"}],"author":"LIKEmetkovic.hr","twitter_card":"summary_large_image","twitter_misc":{"Napisao\/la":"LIKEmetkovic.hr","Procijenjeno vrijeme \u010ditanja":"2 minute"},"schema":{"@context":"https:\/\/schema.org","@graph":[{"@type":"WebPage","@id":"https:\/\/likemetkovic.hr\/propada-li-kandidatura-stipe-gabrica-jambe-osudeni-na-najmanje-6-mjeseci-zatvora-nece-se-moci-kandidirati-na-izborima\/","url":"https:\/\/likemetkovic.hr\/propada-li-kandidatura-stipe-gabrica-jambe-osudeni-na-najmanje-6-mjeseci-zatvora-nece-se-moci-kandidirati-na-izborima\/","name":"Propada li kandidatura Stipe Gabri\u0107a Jambe? Osu\u0111eni na najmanje 6 mjeseci zatvora ne\u0107e se mo\u0107i kandidirati na izborima - likemetkovic.hr","isPartOf":{"@id":"https:\/\/likemetkovic.hr\/#website"},"primaryImageOfPage":{"@id":"https:\/\/likemetkovic.hr\/propada-li-kandidatura-stipe-gabrica-jambe-osudeni-na-najmanje-6-mjeseci-zatvora-nece-se-moci-kandidirati-na-izborima\/#primaryimage"},"image":{"@id":"https:\/\/likemetkovic.hr\/propada-li-kandidatura-stipe-gabrica-jambe-osudeni-na-najmanje-6-mjeseci-zatvora-nece-se-moci-kandidirati-na-izborima\/#primaryimage"},"thumbnailUrl":"https:\/\/likemetkovic.hr\/portal\/wp-content\/uploads\/2017\/02\/Stipo-Gabric-Jambo.jpg","datePublished":"2021-03-25T13:46:17+00:00","dateModified":"2021-03-25T13:54:12+00:00","author":{"@id":"https:\/\/likemetkovic.hr\/#\/schema\/person\/a42711f3385a0e2be6f7e0443bfb28f0"},"breadcrumb":{"@id":"https:\/\/likemetkovic.hr\/propada-li-kandidatura-stipe-gabrica-jambe-osudeni-na-najmanje-6-mjeseci-zatvora-nece-se-moci-kandidirati-na-izborima\/#breadcrumb"},"inLanguage":"hr","potentialAction":[{"@type":"ReadAction","target":["https:\/\/likemetkovic.hr\/propada-li-kandidatura-stipe-gabrica-jambe-osudeni-na-najmanje-6-mjeseci-zatvora-nece-se-moci-kandidirati-na-izborima\/"]}]},{"@type":"ImageObject","inLanguage":"hr","@id":"https:\/\/likemetkovic.hr\/propada-li-kandidatura-stipe-gabrica-jambe-osudeni-na-najmanje-6-mjeseci-zatvora-nece-se-moci-kandidirati-na-izborima\/#primaryimage","url":"https:\/\/likemetkovic.hr\/portal\/wp-content\/uploads\/2017\/02\/Stipo-Gabric-Jambo.jpg","contentUrl":"https:\/\/likemetkovic.hr\/portal\/wp-content\/uploads\/2017\/02\/Stipo-Gabric-Jambo.jpg","width":902,"height":600},{"@type":"BreadcrumbList","@id":"https:\/\/likemetkovic.hr\/propada-li-kandidatura-stipe-gabrica-jambe-osudeni-na-najmanje-6-mjeseci-zatvora-nece-se-moci-kandidirati-na-izborima\/#breadcrumb","itemListElement":[{"@type":"ListItem","position":1,"name":"Po\u010detna stranica","item":"https:\/\/likemetkovic.hr\/portal\/"},{"@type":"ListItem","position":2,"name":"Propada li kandidatura Stipe Gabri\u0107a Jambe? Osu\u0111eni na najmanje 6 mjeseci zatvora ne\u0107e se mo\u0107i kandidirati na izborima"}]},{"@type":"WebSite","@id":"https:\/\/likemetkovic.hr\/#website","url":"https:\/\/likemetkovic.hr\/","name":"likemetkovic.hr","description":"Misli pozitivno... \u010ditaj LIKE","potentialAction":[{"@type":"SearchAction","target":{"@type":"EntryPoint","urlTemplate":"https:\/\/likemetkovic.hr\/?s={search_term_string}"},"query-input":{"@type":"PropertyValueSpecification","valueRequired":true,"valueName":"search_term_string"}}],"inLanguage":"hr"},{"@type":"Person","@id":"https:\/\/likemetkovic.hr\/#\/schema\/person\/a42711f3385a0e2be6f7e0443bfb28f0","name":"LIKEmetkovic.hr","sameAs":["http:\/\/likemetkovic.hr"],"url":"https:\/\/likemetkovic.hr\/portal\/author\/likemetkovic-hr\/"}]}},"_links":{"self":[{"href":"https:\/\/likemetkovic.hr\/portal\/wp-json\/wp\/v2\/posts\/115091","targetHints":{"allow":["GET"]}}],"collection":[{"href":"https:\/\/likemetkovic.hr\/portal\/wp-json\/wp\/v2\/posts"}],"about":[{"href":"https:\/\/likemetkovic.hr\/portal\/wp-json\/wp\/v2\/types\/post"}],"author":[{"embeddable":true,"href":"https:\/\/likemetkovic.hr\/portal\/wp-json\/wp\/v2\/users\/7"}],"replies":[{"embeddable":true,"href":"https:\/\/likemetkovic.hr\/portal\/wp-json\/wp\/v2\/comments?post=115091"}],"version-history":[{"count":0,"href":"https:\/\/likemetkovic.hr\/portal\/wp-json\/wp\/v2\/posts\/115091\/revisions"}],"wp:featuredmedia":[{"embeddable":true,"href":"https:\/\/likemetkovic.hr\/portal\/wp-json\/wp\/v2\/media\/36805"}],"wp:attachment":[{"href":"https:\/\/likemetkovic.hr\/portal\/wp-json\/wp\/v2\/media?parent=115091"}],"wp:term":[{"taxonomy":"category","embeddable":true,"href":"https:\/\/likemetkovic.hr\/portal\/wp-json\/wp\/v2\/categories?post=115091"},{"taxonomy":"post_tag","embeddable":true,"href":"https:\/\/likemetkovic.hr\/portal\/wp-json\/wp\/v2\/tags?post=115091"}],"curies":[{"name":"wp","href":"https:\/\/api.w.org\/{rel}","templated":true}]}}