{"id":115138,"date":"2021-03-26T13:00:25","date_gmt":"2021-03-26T12:00:25","guid":{"rendered":"https:\/\/likemetkovic.hr\/?p=115138"},"modified":"2021-03-26T13:01:21","modified_gmt":"2021-03-26T12:01:21","slug":"lokalni-zbori-roko-tolic-predstavio-maju-erak-svoju-kandidatkinju-za-zamjenicu-zupana","status":"publish","type":"post","link":"https:\/\/likemetkovic.hr\/portal\/lokalni-zbori-roko-tolic-predstavio-maju-erak-svoju-kandidatkinju-za-zamjenicu-zupana\/","title":{"rendered":"LOKALNI ZBORI: Roko Toli\u0107 predstavio Maju Erak, svoju kandidatkinju za zamjenicu \u017eupana"},"content":{"rendered":"<p>Nezavisni kandidat za dubrova\u010dko-neretvanskog \u017eupana <strong>Roko Toli\u0107<\/strong>, kojega podupiru SDP i HNS, jutros je u Plo\u010dama predstavio svoju kandidatkinju za zamjenicu <strong>Maju Erak<\/strong>, trenutnu direktoricu Turisti\u010dke zajednice grada Plo\u010da.<\/p>\n<p><em>&#8211; Danas smo tu kako bi poslali jasnu poruku Dolini Neretve i svim njenim stanovnicima: zaboravljeni ste od strane \u017eupanije ali ne brinite uskoro \u0107emo to zajedno promijeniti&#8230; Za mene je nedopustivo da je poljoprivreda u lo\u0161ijem stanju nego 2009. kad je Dobroslavi\u0107 do\u0161ao na vlast, ne mogu shvatiti kako se problemi i u zdravstvenom i obrazovnom i gospodarskom ali i poljoprivrednom sektoru na ovom podru\u010dju samo gomilaju umjesto da se rje\u0161avaju.<\/em> &#8211;\u00a0rekao je Toli\u0107 i dodao da mu je posebna \u010dast predstaviti svoju prvu suradnicu, Maju Erak.<\/p>\n<p><img decoding=\"async\" class=\"alignnone size-full wp-image-115139\" src=\"https:\/\/likemetkovic.hr\/wp-content\/uploads\/2021\/03\/Maja_Erak_tolic-SDP.jpg\" alt=\"\" width=\"800\" height=\"533\" srcset=\"https:\/\/likemetkovic.hr\/portal\/wp-content\/uploads\/2021\/03\/Maja_Erak_tolic-SDP.jpg 800w, https:\/\/likemetkovic.hr\/portal\/wp-content\/uploads\/2021\/03\/Maja_Erak_tolic-SDP-768x512.jpg 768w, https:\/\/likemetkovic.hr\/portal\/wp-content\/uploads\/2021\/03\/Maja_Erak_tolic-SDP-696x464.jpg 696w, https:\/\/likemetkovic.hr\/portal\/wp-content\/uploads\/2021\/03\/Maja_Erak_tolic-SDP-630x420.jpg 630w\" sizes=\"(max-width: 800px) 100vw, 800px\" \/><\/p>\n<p>&#8211; <em>Odlu\u010dili smo se za nju jer ima \u0161iroko znanje kako u agronomiji tako i u gospodarstvu, obrazovanju i turizmu. Kada idete u ovakvu ozbiljnu utakmicu \u017eelite i\u0107i s najboljim igra\u010dima i razgovarao sam s mnogima, imali su razne prijedloge i uvjete no Majin uvjet me je odu\u0161evio. Rekla mi je da \u0107e i\u0107i sa mnom u ovu utakmicu jedino ako nikada ne\u0107u dopustiti da se zapostave ljudi Doline Neretve<\/em>. &#8211; kazao je Toli\u0107<\/p>\n<p>&#8211; <em>Dva glavna razloga su \u0161to vjerujem da imam dovoljno znanja, iskustva, snage i hrabrosti zajedno s Rokom donijeti pozitivne promjene \u017eupaniji i uhvatiti se u ko\u0161tac s brojnim problemima koji mu\u010de na\u0161e ljude. Drugi razlog je naravno taj \u0161to se poziv pobjedni\u010dkog tima nikada ne odbija.<\/em> \u2013 kazala je Erak i istaknula kako kao agronomka po struci i dugogodi\u0161nja profesorica agronomskih predmeta itekako razumije potrebe i probleme poljoprivrednika ali i nastavnika, u\u010denika i svih dionika obrazovnog sustava.<\/p>\n<p><strong>Maja Erak<\/strong> je diplomirala na Agronomskom fakultetu u Zagrebu. Dugi niz godina radila je kao nastavnik poljoprivredne grupe predmeta u srednjoj \u0161koli u Metkovi\u0107u i u Opuzenu. Godine 2018. izabrana za direktoricu Turisti\u010dke zajednice Grada Plo\u010da te tu funkciju obna\u0161a i danas. Maja Erak je aktivni sudionik dru\u0161tva te je bila jedna od \u010dlanica Gra\u0111anske inicijative <em>Pravo na zdrav \u017eivot<\/em> koja se protivila izgradnji termoelektrane u Plo\u010dama upozoravaju\u0107i na posljedice djelovanja TE na poljoprivredu, s naglaskom na dolinu Neretve.<\/p>\n","protected":false},"excerpt":{"rendered":"<p>Nezavisni kandidat za dubrova\u010dko-neretvanskog \u017eupana Roko Toli\u0107, kojega podupiru SDP i HNS, jutros je u Plo\u010dama predstavio svoju kandidatkinju za zamjenicu Maju Erak, trenutnu direktoricu Turisti\u010dke zajednice grada Plo\u010da. &#8211; Danas smo tu kako bi poslali jasnu poruku Dolini Neretve i svim njenim stanovnicima: zaboravljeni ste od strane \u017eupanije ali ne brinite uskoro \u0107emo to [&hellip;]<\/p>\n","protected":false},"author":7,"featured_media":115139,"comment_status":"open","ping_status":"open","sticky":false,"template":"","format":"standard","meta":{"footnotes":""},"categories":[296,290],"tags":[8932,9121,9088],"class_list":{"0":"post-115138","1":"post","2":"type-post","3":"status-publish","4":"format-standard","5":"has-post-thumbnail","7":"category-ab","8":"category-politika","9":"tag-lokalni-izbori-2021","10":"tag-maja-erak","11":"tag-roko-tolic"},"yoast_head":"<!-- This site is optimized with the Yoast SEO plugin v25.2 - https:\/\/yoast.com\/wordpress\/plugins\/seo\/ -->\n<title>LOKALNI ZBORI: Roko Toli\u0107 predstavio Maju Erak, svoju kandidatkinju za zamjenicu \u017eupana - likemetkovic.hr<\/title>\n<meta name=\"robots\" content=\"index, follow, max-snippet:-1, max-image-preview:large, max-video-preview:-1\" \/>\n<link rel=\"canonical\" href=\"https:\/\/likemetkovic.hr\/lokalni-zbori-roko-tolic-predstavio-maju-erak-svoju-kandidatkinju-za-zamjenicu-zupana\/\" \/>\n<meta property=\"og:locale\" content=\"hr_HR\" \/>\n<meta property=\"og:type\" content=\"article\" \/>\n<meta property=\"og:title\" content=\"LOKALNI ZBORI: Roko Toli\u0107 predstavio Maju Erak, svoju kandidatkinju za zamjenicu \u017eupana - likemetkovic.hr\" \/>\n<meta property=\"og:description\" content=\"Nezavisni kandidat za dubrova\u010dko-neretvanskog \u017eupana Roko Toli\u0107, kojega podupiru SDP i HNS, jutros je u Plo\u010dama predstavio svoju kandidatkinju za zamjenicu Maju Erak, trenutnu direktoricu Turisti\u010dke zajednice grada Plo\u010da. &#8211; Danas smo tu kako bi poslali jasnu poruku Dolini Neretve i svim njenim stanovnicima: zaboravljeni ste od strane \u017eupanije ali ne brinite uskoro \u0107emo to [&hellip;]\" \/>\n<meta property=\"og:url\" content=\"https:\/\/likemetkovic.hr\/lokalni-zbori-roko-tolic-predstavio-maju-erak-svoju-kandidatkinju-za-zamjenicu-zupana\/\" \/>\n<meta property=\"og:site_name\" content=\"likemetkovic.hr\" \/>\n<meta property=\"article:publisher\" content=\"https:\/\/www.facebook.com\/likemetkovic.hr\/\" \/>\n<meta property=\"article:published_time\" content=\"2021-03-26T12:00:25+00:00\" \/>\n<meta property=\"article:modified_time\" content=\"2021-03-26T12:01:21+00:00\" \/>\n<meta property=\"og:image\" content=\"https:\/\/likemetkovic.hr\/wp-content\/uploads\/2021\/03\/Maja_Erak_tolic-SDP.jpg\" \/>\n\t<meta property=\"og:image:width\" content=\"800\" \/>\n\t<meta property=\"og:image:height\" content=\"533\" \/>\n\t<meta property=\"og:image:type\" content=\"image\/jpeg\" \/>\n<meta name=\"author\" content=\"LIKEmetkovic.hr\" \/>\n<meta name=\"twitter:card\" content=\"summary_large_image\" \/>\n<meta name=\"twitter:label1\" content=\"Napisao\/la\" \/>\n\t<meta name=\"twitter:data1\" content=\"LIKEmetkovic.hr\" \/>\n\t<meta name=\"twitter:label2\" content=\"Procijenjeno vrijeme \u010ditanja\" \/>\n\t<meta name=\"twitter:data2\" content=\"2 minute\" \/>\n<script type=\"application\/ld+json\" class=\"yoast-schema-graph\">{\"@context\":\"https:\/\/schema.org\",\"@graph\":[{\"@type\":\"WebPage\",\"@id\":\"https:\/\/likemetkovic.hr\/lokalni-zbori-roko-tolic-predstavio-maju-erak-svoju-kandidatkinju-za-zamjenicu-zupana\/\",\"url\":\"https:\/\/likemetkovic.hr\/lokalni-zbori-roko-tolic-predstavio-maju-erak-svoju-kandidatkinju-za-zamjenicu-zupana\/\",\"name\":\"LOKALNI ZBORI: Roko Toli\u0107 predstavio Maju Erak, svoju kandidatkinju za zamjenicu \u017eupana - likemetkovic.hr\",\"isPartOf\":{\"@id\":\"https:\/\/likemetkovic.hr\/#website\"},\"primaryImageOfPage\":{\"@id\":\"https:\/\/likemetkovic.hr\/lokalni-zbori-roko-tolic-predstavio-maju-erak-svoju-kandidatkinju-za-zamjenicu-zupana\/#primaryimage\"},\"image\":{\"@id\":\"https:\/\/likemetkovic.hr\/lokalni-zbori-roko-tolic-predstavio-maju-erak-svoju-kandidatkinju-za-zamjenicu-zupana\/#primaryimage\"},\"thumbnailUrl\":\"https:\/\/likemetkovic.hr\/portal\/wp-content\/uploads\/2021\/03\/Maja_Erak_tolic-SDP.jpg\",\"datePublished\":\"2021-03-26T12:00:25+00:00\",\"dateModified\":\"2021-03-26T12:01:21+00:00\",\"author\":{\"@id\":\"https:\/\/likemetkovic.hr\/#\/schema\/person\/a42711f3385a0e2be6f7e0443bfb28f0\"},\"breadcrumb\":{\"@id\":\"https:\/\/likemetkovic.hr\/lokalni-zbori-roko-tolic-predstavio-maju-erak-svoju-kandidatkinju-za-zamjenicu-zupana\/#breadcrumb\"},\"inLanguage\":\"hr\",\"potentialAction\":[{\"@type\":\"ReadAction\",\"target\":[\"https:\/\/likemetkovic.hr\/lokalni-zbori-roko-tolic-predstavio-maju-erak-svoju-kandidatkinju-za-zamjenicu-zupana\/\"]}]},{\"@type\":\"ImageObject\",\"inLanguage\":\"hr\",\"@id\":\"https:\/\/likemetkovic.hr\/lokalni-zbori-roko-tolic-predstavio-maju-erak-svoju-kandidatkinju-za-zamjenicu-zupana\/#primaryimage\",\"url\":\"https:\/\/likemetkovic.hr\/portal\/wp-content\/uploads\/2021\/03\/Maja_Erak_tolic-SDP.jpg\",\"contentUrl\":\"https:\/\/likemetkovic.hr\/portal\/wp-content\/uploads\/2021\/03\/Maja_Erak_tolic-SDP.jpg\",\"width\":800,\"height\":533},{\"@type\":\"BreadcrumbList\",\"@id\":\"https:\/\/likemetkovic.hr\/lokalni-zbori-roko-tolic-predstavio-maju-erak-svoju-kandidatkinju-za-zamjenicu-zupana\/#breadcrumb\",\"itemListElement\":[{\"@type\":\"ListItem\",\"position\":1,\"name\":\"Po\u010detna stranica\",\"item\":\"https:\/\/likemetkovic.hr\/portal\/\"},{\"@type\":\"ListItem\",\"position\":2,\"name\":\"LOKALNI ZBORI: Roko Toli\u0107 predstavio Maju Erak, svoju kandidatkinju za zamjenicu \u017eupana\"}]},{\"@type\":\"WebSite\",\"@id\":\"https:\/\/likemetkovic.hr\/#website\",\"url\":\"https:\/\/likemetkovic.hr\/\",\"name\":\"likemetkovic.hr\",\"description\":\"Misli pozitivno... \u010ditaj LIKE\",\"potentialAction\":[{\"@type\":\"SearchAction\",\"target\":{\"@type\":\"EntryPoint\",\"urlTemplate\":\"https:\/\/likemetkovic.hr\/?s={search_term_string}\"},\"query-input\":{\"@type\":\"PropertyValueSpecification\",\"valueRequired\":true,\"valueName\":\"search_term_string\"}}],\"inLanguage\":\"hr\"},{\"@type\":\"Person\",\"@id\":\"https:\/\/likemetkovic.hr\/#\/schema\/person\/a42711f3385a0e2be6f7e0443bfb28f0\",\"name\":\"LIKEmetkovic.hr\",\"sameAs\":[\"http:\/\/likemetkovic.hr\"],\"url\":\"https:\/\/likemetkovic.hr\/portal\/author\/likemetkovic-hr\/\"}]}<\/script>\n<!-- \/ Yoast SEO plugin. -->","yoast_head_json":{"title":"LOKALNI ZBORI: Roko Toli\u0107 predstavio Maju Erak, svoju kandidatkinju za zamjenicu \u017eupana - likemetkovic.hr","robots":{"index":"index","follow":"follow","max-snippet":"max-snippet:-1","max-image-preview":"max-image-preview:large","max-video-preview":"max-video-preview:-1"},"canonical":"https:\/\/likemetkovic.hr\/lokalni-zbori-roko-tolic-predstavio-maju-erak-svoju-kandidatkinju-za-zamjenicu-zupana\/","og_locale":"hr_HR","og_type":"article","og_title":"LOKALNI ZBORI: Roko Toli\u0107 predstavio Maju Erak, svoju kandidatkinju za zamjenicu \u017eupana - likemetkovic.hr","og_description":"Nezavisni kandidat za dubrova\u010dko-neretvanskog \u017eupana Roko Toli\u0107, kojega podupiru SDP i HNS, jutros je u Plo\u010dama predstavio svoju kandidatkinju za zamjenicu Maju Erak, trenutnu direktoricu Turisti\u010dke zajednice grada Plo\u010da. &#8211; Danas smo tu kako bi poslali jasnu poruku Dolini Neretve i svim njenim stanovnicima: zaboravljeni ste od strane \u017eupanije ali ne brinite uskoro \u0107emo to [&hellip;]","og_url":"https:\/\/likemetkovic.hr\/lokalni-zbori-roko-tolic-predstavio-maju-erak-svoju-kandidatkinju-za-zamjenicu-zupana\/","og_site_name":"likemetkovic.hr","article_publisher":"https:\/\/www.facebook.com\/likemetkovic.hr\/","article_published_time":"2021-03-26T12:00:25+00:00","article_modified_time":"2021-03-26T12:01:21+00:00","og_image":[{"width":800,"height":533,"url":"https:\/\/likemetkovic.hr\/wp-content\/uploads\/2021\/03\/Maja_Erak_tolic-SDP.jpg","type":"image\/jpeg"}],"author":"LIKEmetkovic.hr","twitter_card":"summary_large_image","twitter_misc":{"Napisao\/la":"LIKEmetkovic.hr","Procijenjeno vrijeme \u010ditanja":"2 minute"},"schema":{"@context":"https:\/\/schema.org","@graph":[{"@type":"WebPage","@id":"https:\/\/likemetkovic.hr\/lokalni-zbori-roko-tolic-predstavio-maju-erak-svoju-kandidatkinju-za-zamjenicu-zupana\/","url":"https:\/\/likemetkovic.hr\/lokalni-zbori-roko-tolic-predstavio-maju-erak-svoju-kandidatkinju-za-zamjenicu-zupana\/","name":"LOKALNI ZBORI: Roko Toli\u0107 predstavio Maju Erak, svoju kandidatkinju za zamjenicu \u017eupana - likemetkovic.hr","isPartOf":{"@id":"https:\/\/likemetkovic.hr\/#website"},"primaryImageOfPage":{"@id":"https:\/\/likemetkovic.hr\/lokalni-zbori-roko-tolic-predstavio-maju-erak-svoju-kandidatkinju-za-zamjenicu-zupana\/#primaryimage"},"image":{"@id":"https:\/\/likemetkovic.hr\/lokalni-zbori-roko-tolic-predstavio-maju-erak-svoju-kandidatkinju-za-zamjenicu-zupana\/#primaryimage"},"thumbnailUrl":"https:\/\/likemetkovic.hr\/portal\/wp-content\/uploads\/2021\/03\/Maja_Erak_tolic-SDP.jpg","datePublished":"2021-03-26T12:00:25+00:00","dateModified":"2021-03-26T12:01:21+00:00","author":{"@id":"https:\/\/likemetkovic.hr\/#\/schema\/person\/a42711f3385a0e2be6f7e0443bfb28f0"},"breadcrumb":{"@id":"https:\/\/likemetkovic.hr\/lokalni-zbori-roko-tolic-predstavio-maju-erak-svoju-kandidatkinju-za-zamjenicu-zupana\/#breadcrumb"},"inLanguage":"hr","potentialAction":[{"@type":"ReadAction","target":["https:\/\/likemetkovic.hr\/lokalni-zbori-roko-tolic-predstavio-maju-erak-svoju-kandidatkinju-za-zamjenicu-zupana\/"]}]},{"@type":"ImageObject","inLanguage":"hr","@id":"https:\/\/likemetkovic.hr\/lokalni-zbori-roko-tolic-predstavio-maju-erak-svoju-kandidatkinju-za-zamjenicu-zupana\/#primaryimage","url":"https:\/\/likemetkovic.hr\/portal\/wp-content\/uploads\/2021\/03\/Maja_Erak_tolic-SDP.jpg","contentUrl":"https:\/\/likemetkovic.hr\/portal\/wp-content\/uploads\/2021\/03\/Maja_Erak_tolic-SDP.jpg","width":800,"height":533},{"@type":"BreadcrumbList","@id":"https:\/\/likemetkovic.hr\/lokalni-zbori-roko-tolic-predstavio-maju-erak-svoju-kandidatkinju-za-zamjenicu-zupana\/#breadcrumb","itemListElement":[{"@type":"ListItem","position":1,"name":"Po\u010detna stranica","item":"https:\/\/likemetkovic.hr\/portal\/"},{"@type":"ListItem","position":2,"name":"LOKALNI ZBORI: Roko Toli\u0107 predstavio Maju Erak, svoju kandidatkinju za zamjenicu \u017eupana"}]},{"@type":"WebSite","@id":"https:\/\/likemetkovic.hr\/#website","url":"https:\/\/likemetkovic.hr\/","name":"likemetkovic.hr","description":"Misli pozitivno... \u010ditaj LIKE","potentialAction":[{"@type":"SearchAction","target":{"@type":"EntryPoint","urlTemplate":"https:\/\/likemetkovic.hr\/?s={search_term_string}"},"query-input":{"@type":"PropertyValueSpecification","valueRequired":true,"valueName":"search_term_string"}}],"inLanguage":"hr"},{"@type":"Person","@id":"https:\/\/likemetkovic.hr\/#\/schema\/person\/a42711f3385a0e2be6f7e0443bfb28f0","name":"LIKEmetkovic.hr","sameAs":["http:\/\/likemetkovic.hr"],"url":"https:\/\/likemetkovic.hr\/portal\/author\/likemetkovic-hr\/"}]}},"_links":{"self":[{"href":"https:\/\/likemetkovic.hr\/portal\/wp-json\/wp\/v2\/posts\/115138","targetHints":{"allow":["GET"]}}],"collection":[{"href":"https:\/\/likemetkovic.hr\/portal\/wp-json\/wp\/v2\/posts"}],"about":[{"href":"https:\/\/likemetkovic.hr\/portal\/wp-json\/wp\/v2\/types\/post"}],"author":[{"embeddable":true,"href":"https:\/\/likemetkovic.hr\/portal\/wp-json\/wp\/v2\/users\/7"}],"replies":[{"embeddable":true,"href":"https:\/\/likemetkovic.hr\/portal\/wp-json\/wp\/v2\/comments?post=115138"}],"version-history":[{"count":0,"href":"https:\/\/likemetkovic.hr\/portal\/wp-json\/wp\/v2\/posts\/115138\/revisions"}],"wp:featuredmedia":[{"embeddable":true,"href":"https:\/\/likemetkovic.hr\/portal\/wp-json\/wp\/v2\/media\/115139"}],"wp:attachment":[{"href":"https:\/\/likemetkovic.hr\/portal\/wp-json\/wp\/v2\/media?parent=115138"}],"wp:term":[{"taxonomy":"category","embeddable":true,"href":"https:\/\/likemetkovic.hr\/portal\/wp-json\/wp\/v2\/categories?post=115138"},{"taxonomy":"post_tag","embeddable":true,"href":"https:\/\/likemetkovic.hr\/portal\/wp-json\/wp\/v2\/tags?post=115138"}],"curies":[{"name":"wp","href":"https:\/\/api.w.org\/{rel}","templated":true}]}}