{"id":115173,"date":"2021-03-27T16:49:25","date_gmt":"2021-03-27T15:49:25","guid":{"rendered":"https:\/\/likemetkovic.hr\/?p=115173"},"modified":"2021-03-27T16:50:20","modified_gmt":"2021-03-27T15:50:20","slug":"josip-talajic-je-mostov-kandidat-za-zamjenika-gradonacelnika","status":"publish","type":"post","link":"https:\/\/likemetkovic.hr\/portal\/josip-talajic-je-mostov-kandidat-za-zamjenika-gradonacelnika\/","title":{"rendered":"Josip Talaji\u0107 je Mostov kandidat za zamjenika gradona\u010delnika"},"content":{"rendered":"<p>Most je na dana\u0161njoj konferenciji za medije pored kru\u017enoga toka u Ulici kneza Branimira predstavio<strong> Josipa Talaji\u0107a<\/strong> kao kandidata za zamjenika gradona\u010delnika na svibanjskim lokalnim izborima.<\/p>\n<p>Na po\u010detku je <strong>dr. med. Nikica Hajvaz<\/strong>, Mostov kandidat za gradona\u010delnika, zahvalio g. Talaji\u0107u na prihva\u0107anju kandidature:<\/p>\n<p><em>&#8211; Imam izvrsna suradnika koji se dokazao u realnome sektoru i koji \u0107e mi iznimno pomo\u0107i u promi\u0161ljanju gospodarske budu\u0107nosti na\u0161ega grada. S njim sam dugo razgovarao o stanju u Metkovi\u0107u i posebno mi je drago \u0161to nam se pridru\u017eio kao nezavisni kandidat koji je svjestan da napretka Metkovi\u0107a nema dok poduzetnici i obrtnici ne prestanu ovisiti o lokalnim politi\u010darima. <strong>Metkovskome gospodarstvu<\/strong> treba poduzetni\u010dka sloboda i tu Most ne\u0107e biti kao aktualna vlast iza koje stoje interesi raznih lobija te koja nema vlastita mi\u0161ljenja.<\/em><\/p>\n<p><img decoding=\"async\" class=\"alignnone size-full wp-image-115174\" src=\"https:\/\/likemetkovic.hr\/wp-content\/uploads\/2021\/03\/hajvaz-talajic-most-1.jpg\" alt=\"\" width=\"800\" height=\"519\" srcset=\"https:\/\/likemetkovic.hr\/portal\/wp-content\/uploads\/2021\/03\/hajvaz-talajic-most-1.jpg 800w, https:\/\/likemetkovic.hr\/portal\/wp-content\/uploads\/2021\/03\/hajvaz-talajic-most-1-768x498.jpg 768w, https:\/\/likemetkovic.hr\/portal\/wp-content\/uploads\/2021\/03\/hajvaz-talajic-most-1-696x452.jpg 696w, https:\/\/likemetkovic.hr\/portal\/wp-content\/uploads\/2021\/03\/hajvaz-talajic-most-1-647x420.jpg 647w\" sizes=\"(max-width: 800px) 100vw, 800px\" \/><\/p>\n<p>Josip Talaji\u0107 \u017eivi i radi u Metkovi\u0107u. Tu je zavr\u0161io osnovnu \u0161kolu, a u \u010capljini Srednju poljoprivrednu \u0161kolu. Nakon zavr\u0161etka Agronomskog fakulteta u Sarajevu zaposlio se u metkovskom poduze\u0107u <em>Poduh<\/em> u kojemu je do 1994. radio kao vi\u0161i tehnolog obrade i prerade duhana.<\/p>\n<p><em>&#8211; Znamo \u0161to se sve doga\u0111alo tih godina u <strong>famoznoj privatizaciji<\/strong> i pretvorbi pa je i na\u0161 Poduh dijelio sudbinu tisu\u0107a hrvatskih poduze\u0107a. Stoga sam se otisnuo u poduzetni\u0161tvo i osnovao firmu Poljotehna d.o.o. za trgovinu i ugostiteljstvo, u kojoj i danas radim kao odgovorna osoba. Moja firma trenutno zapo\u0161ljava 13 djelatnika<\/em>, rekao je g. Talaji\u0107.<\/p>\n<p>Nadodao je da se razlozi prihva\u0107anja kandidature mogu naslutiti iz njegove biografije:<\/p>\n<p>&#8211; <em>Kada sam shvatio \u0161to bi se moglo dogoditi s Poduhom, nisam \u010dekao da netko drugi rje\u0161ava moju sudbinu, nego sam se otisnuo u poduzetni\u010dke vode. Kada je na\u0161a dr\u017eava bila napadnuta, nisam \u010dekao da je umjesto mene brani netko drugi, nego sam se 1991. uklju\u010dio u Domovinski rat. Budu\u0107i da sam kao glumac-amater bio aktivan i u kulturnom \u017eivotu na\u0161ega grada, nastojat \u0107u da se na\u0161emu nekada slavnom gluma\u010dkom amaterizmu vrati stari sjaj. Kao ljubitelj sporta i biv\u0161i igra\u010d maloga nogometa slo\u017eio sam se s dr. Hajvazom da metkovski sport \u0161to prije treba osloboditi okova politike i vratiti ga sporta\u0161ima. I na kraju, vjerojatno najva\u017enije jer o tome ovisi sveukupan metkovski \u017eivot, s budu\u0107im gradona\u010delnikom okupit \u0107u na\u0161e sugra\u0111ane s iskustvom u poduzetni\u0161tvu i obrtni\u0161tvu i s njima promi\u0161ljati budu\u0107nost Metkovi\u0107a koji ima mno\u0161tvo neiskori\u0161tenih prilika. Ne\u0107emo izmi\u0161ljati toplu vodu, uspostavit \u0107emo <strong>kontakte sa sredinama u Hrvatskoj koje su odmakle daleko ispred nas<\/strong> i u\u010diti na njihovim primjerima.<\/em><\/p>\n<p>Naglasio je kako je lo\u0161e \u0161to <strong>puno radnih mjesta u Metkovi\u0107u ovisi<\/strong> o dr\u017eavnim, \u017eupanijskim i gradskim slu\u017ebama jer grad tako postaje taocem trenutnih politika, a politike se mijenjaju. Smatra da <strong>slobodno poduzetni\u0161tvo i obrtni\u0161tvo<\/strong> svugdje u naprednome svijetu daje sigurnost, stvara radna mjesta i novu vrijednost, a ovdje se svakom promjenom vlasti ljudi boje \u0161to \u0107e se dogoditi.<\/p>\n<p>&#8211; <em>Pripadam tom <strong>realnom sektoru<\/strong>, dobro znam o \u010demu govorim i to mi je bio jedan od najve\u0107ih motiva da se kandidiram za mjesto zamjenika gradona\u010delnika. Posebno \u0107emo raditi na pobolj\u0161anju poduzetni\u010dke klime te motivirati i stimulirati mlade da se svojim znanjem i energijom uklju\u010de u realni sektor, da u Metkovi\u0107u imamo \u0161to vi\u0161e svojih proizvoda jer stvaranje poduzetni\u010dke klime nije usmjereno samo na dovla\u010denje raznih firmi izvan Metkovi\u0107a. Tako \u0107e biti vi\u0161e novca i za socijalu i za kulturu i za sport i za druge brojne udruge koje oplemenjuju \u017eivot na\u0161ega grada<\/em>, zaklju\u010dio je g. Talaji\u0107.<\/p>\n","protected":false},"excerpt":{"rendered":"<p>Most je na dana\u0161njoj konferenciji za medije pored kru\u017enoga toka u Ulici kneza Branimira predstavio Josipa Talaji\u0107a kao kandidata za zamjenika gradona\u010delnika na svibanjskim lokalnim izborima. Na po\u010detku je dr. med. Nikica Hajvaz, Mostov kandidat za gradona\u010delnika, zahvalio g. Talaji\u0107u na prihva\u0107anju kandidature: &#8211; Imam izvrsna suradnika koji se dokazao u realnome sektoru i koji [&hellip;]<\/p>\n","protected":false},"author":9,"featured_media":115174,"comment_status":"open","ping_status":"open","sticky":false,"template":"","format":"standard","meta":{"footnotes":""},"categories":[283,11,290],"tags":[9123,8932,322,8924],"class_list":{"0":"post-115173","1":"post","2":"type-post","3":"status-publish","4":"format-standard","5":"has-post-thumbnail","7":"category-a","8":"category-metkovic-dolina","9":"category-politika","10":"tag-josip-talajic","11":"tag-lokalni-izbori-2021","12":"tag-most","13":"tag-nikica-hajvaz"},"yoast_head":"<!-- This site is optimized with the Yoast SEO plugin v25.2 - https:\/\/yoast.com\/wordpress\/plugins\/seo\/ -->\n<title>Josip Talaji\u0107 je Mostov kandidat za zamjenika gradona\u010delnika - likemetkovic.hr<\/title>\n<meta name=\"robots\" content=\"index, follow, max-snippet:-1, max-image-preview:large, max-video-preview:-1\" \/>\n<link rel=\"canonical\" href=\"https:\/\/likemetkovic.hr\/josip-talajic-je-mostov-kandidat-za-zamjenika-gradonacelnika\/\" \/>\n<meta property=\"og:locale\" content=\"hr_HR\" \/>\n<meta property=\"og:type\" content=\"article\" \/>\n<meta property=\"og:title\" content=\"Josip Talaji\u0107 je Mostov kandidat za zamjenika gradona\u010delnika - likemetkovic.hr\" \/>\n<meta property=\"og:description\" content=\"Most je na dana\u0161njoj konferenciji za medije pored kru\u017enoga toka u Ulici kneza Branimira predstavio Josipa Talaji\u0107a kao kandidata za zamjenika gradona\u010delnika na svibanjskim lokalnim izborima. Na po\u010detku je dr. med. Nikica Hajvaz, Mostov kandidat za gradona\u010delnika, zahvalio g. Talaji\u0107u na prihva\u0107anju kandidature: &#8211; Imam izvrsna suradnika koji se dokazao u realnome sektoru i koji [&hellip;]\" \/>\n<meta property=\"og:url\" content=\"https:\/\/likemetkovic.hr\/josip-talajic-je-mostov-kandidat-za-zamjenika-gradonacelnika\/\" \/>\n<meta property=\"og:site_name\" content=\"likemetkovic.hr\" \/>\n<meta property=\"article:publisher\" content=\"https:\/\/www.facebook.com\/likemetkovic.hr\/\" \/>\n<meta property=\"article:published_time\" content=\"2021-03-27T15:49:25+00:00\" \/>\n<meta property=\"article:modified_time\" content=\"2021-03-27T15:50:20+00:00\" \/>\n<meta property=\"og:image\" content=\"https:\/\/likemetkovic.hr\/wp-content\/uploads\/2021\/03\/hajvaz-talajic-most-1.jpg\" \/>\n\t<meta property=\"og:image:width\" content=\"800\" \/>\n\t<meta property=\"og:image:height\" content=\"519\" \/>\n\t<meta property=\"og:image:type\" content=\"image\/jpeg\" \/>\n<meta name=\"author\" content=\"K. J.\" \/>\n<meta name=\"twitter:card\" content=\"summary_large_image\" \/>\n<meta name=\"twitter:label1\" content=\"Napisao\/la\" \/>\n\t<meta name=\"twitter:data1\" content=\"K. J.\" \/>\n\t<meta name=\"twitter:label2\" content=\"Procijenjeno vrijeme \u010ditanja\" \/>\n\t<meta name=\"twitter:data2\" content=\"3 minute\" \/>\n<script type=\"application\/ld+json\" class=\"yoast-schema-graph\">{\"@context\":\"https:\/\/schema.org\",\"@graph\":[{\"@type\":\"WebPage\",\"@id\":\"https:\/\/likemetkovic.hr\/josip-talajic-je-mostov-kandidat-za-zamjenika-gradonacelnika\/\",\"url\":\"https:\/\/likemetkovic.hr\/josip-talajic-je-mostov-kandidat-za-zamjenika-gradonacelnika\/\",\"name\":\"Josip Talaji\u0107 je Mostov kandidat za zamjenika gradona\u010delnika - likemetkovic.hr\",\"isPartOf\":{\"@id\":\"https:\/\/likemetkovic.hr\/#website\"},\"primaryImageOfPage\":{\"@id\":\"https:\/\/likemetkovic.hr\/josip-talajic-je-mostov-kandidat-za-zamjenika-gradonacelnika\/#primaryimage\"},\"image\":{\"@id\":\"https:\/\/likemetkovic.hr\/josip-talajic-je-mostov-kandidat-za-zamjenika-gradonacelnika\/#primaryimage\"},\"thumbnailUrl\":\"https:\/\/likemetkovic.hr\/portal\/wp-content\/uploads\/2021\/03\/hajvaz-talajic-most-1.jpg\",\"datePublished\":\"2021-03-27T15:49:25+00:00\",\"dateModified\":\"2021-03-27T15:50:20+00:00\",\"author\":{\"@id\":\"https:\/\/likemetkovic.hr\/#\/schema\/person\/0a8b4ebfdfe1ff01192dccda40c5da0c\"},\"breadcrumb\":{\"@id\":\"https:\/\/likemetkovic.hr\/josip-talajic-je-mostov-kandidat-za-zamjenika-gradonacelnika\/#breadcrumb\"},\"inLanguage\":\"hr\",\"potentialAction\":[{\"@type\":\"ReadAction\",\"target\":[\"https:\/\/likemetkovic.hr\/josip-talajic-je-mostov-kandidat-za-zamjenika-gradonacelnika\/\"]}]},{\"@type\":\"ImageObject\",\"inLanguage\":\"hr\",\"@id\":\"https:\/\/likemetkovic.hr\/josip-talajic-je-mostov-kandidat-za-zamjenika-gradonacelnika\/#primaryimage\",\"url\":\"https:\/\/likemetkovic.hr\/portal\/wp-content\/uploads\/2021\/03\/hajvaz-talajic-most-1.jpg\",\"contentUrl\":\"https:\/\/likemetkovic.hr\/portal\/wp-content\/uploads\/2021\/03\/hajvaz-talajic-most-1.jpg\",\"width\":800,\"height\":519},{\"@type\":\"BreadcrumbList\",\"@id\":\"https:\/\/likemetkovic.hr\/josip-talajic-je-mostov-kandidat-za-zamjenika-gradonacelnika\/#breadcrumb\",\"itemListElement\":[{\"@type\":\"ListItem\",\"position\":1,\"name\":\"Po\u010detna stranica\",\"item\":\"https:\/\/likemetkovic.hr\/portal\/\"},{\"@type\":\"ListItem\",\"position\":2,\"name\":\"Josip Talaji\u0107 je Mostov kandidat za zamjenika gradona\u010delnika\"}]},{\"@type\":\"WebSite\",\"@id\":\"https:\/\/likemetkovic.hr\/#website\",\"url\":\"https:\/\/likemetkovic.hr\/\",\"name\":\"likemetkovic.hr\",\"description\":\"Misli pozitivno... \u010ditaj LIKE\",\"potentialAction\":[{\"@type\":\"SearchAction\",\"target\":{\"@type\":\"EntryPoint\",\"urlTemplate\":\"https:\/\/likemetkovic.hr\/?s={search_term_string}\"},\"query-input\":{\"@type\":\"PropertyValueSpecification\",\"valueRequired\":true,\"valueName\":\"search_term_string\"}}],\"inLanguage\":\"hr\"},{\"@type\":\"Person\",\"@id\":\"https:\/\/likemetkovic.hr\/#\/schema\/person\/0a8b4ebfdfe1ff01192dccda40c5da0c\",\"name\":\"K. J.\",\"url\":\"https:\/\/likemetkovic.hr\/portal\/author\/likemetkovic\/\"}]}<\/script>\n<!-- \/ Yoast SEO plugin. -->","yoast_head_json":{"title":"Josip Talaji\u0107 je Mostov kandidat za zamjenika gradona\u010delnika - likemetkovic.hr","robots":{"index":"index","follow":"follow","max-snippet":"max-snippet:-1","max-image-preview":"max-image-preview:large","max-video-preview":"max-video-preview:-1"},"canonical":"https:\/\/likemetkovic.hr\/josip-talajic-je-mostov-kandidat-za-zamjenika-gradonacelnika\/","og_locale":"hr_HR","og_type":"article","og_title":"Josip Talaji\u0107 je Mostov kandidat za zamjenika gradona\u010delnika - likemetkovic.hr","og_description":"Most je na dana\u0161njoj konferenciji za medije pored kru\u017enoga toka u Ulici kneza Branimira predstavio Josipa Talaji\u0107a kao kandidata za zamjenika gradona\u010delnika na svibanjskim lokalnim izborima. Na po\u010detku je dr. med. Nikica Hajvaz, Mostov kandidat za gradona\u010delnika, zahvalio g. Talaji\u0107u na prihva\u0107anju kandidature: &#8211; Imam izvrsna suradnika koji se dokazao u realnome sektoru i koji [&hellip;]","og_url":"https:\/\/likemetkovic.hr\/josip-talajic-je-mostov-kandidat-za-zamjenika-gradonacelnika\/","og_site_name":"likemetkovic.hr","article_publisher":"https:\/\/www.facebook.com\/likemetkovic.hr\/","article_published_time":"2021-03-27T15:49:25+00:00","article_modified_time":"2021-03-27T15:50:20+00:00","og_image":[{"width":800,"height":519,"url":"https:\/\/likemetkovic.hr\/wp-content\/uploads\/2021\/03\/hajvaz-talajic-most-1.jpg","type":"image\/jpeg"}],"author":"K. J.","twitter_card":"summary_large_image","twitter_misc":{"Napisao\/la":"K. J.","Procijenjeno vrijeme \u010ditanja":"3 minute"},"schema":{"@context":"https:\/\/schema.org","@graph":[{"@type":"WebPage","@id":"https:\/\/likemetkovic.hr\/josip-talajic-je-mostov-kandidat-za-zamjenika-gradonacelnika\/","url":"https:\/\/likemetkovic.hr\/josip-talajic-je-mostov-kandidat-za-zamjenika-gradonacelnika\/","name":"Josip Talaji\u0107 je Mostov kandidat za zamjenika gradona\u010delnika - likemetkovic.hr","isPartOf":{"@id":"https:\/\/likemetkovic.hr\/#website"},"primaryImageOfPage":{"@id":"https:\/\/likemetkovic.hr\/josip-talajic-je-mostov-kandidat-za-zamjenika-gradonacelnika\/#primaryimage"},"image":{"@id":"https:\/\/likemetkovic.hr\/josip-talajic-je-mostov-kandidat-za-zamjenika-gradonacelnika\/#primaryimage"},"thumbnailUrl":"https:\/\/likemetkovic.hr\/portal\/wp-content\/uploads\/2021\/03\/hajvaz-talajic-most-1.jpg","datePublished":"2021-03-27T15:49:25+00:00","dateModified":"2021-03-27T15:50:20+00:00","author":{"@id":"https:\/\/likemetkovic.hr\/#\/schema\/person\/0a8b4ebfdfe1ff01192dccda40c5da0c"},"breadcrumb":{"@id":"https:\/\/likemetkovic.hr\/josip-talajic-je-mostov-kandidat-za-zamjenika-gradonacelnika\/#breadcrumb"},"inLanguage":"hr","potentialAction":[{"@type":"ReadAction","target":["https:\/\/likemetkovic.hr\/josip-talajic-je-mostov-kandidat-za-zamjenika-gradonacelnika\/"]}]},{"@type":"ImageObject","inLanguage":"hr","@id":"https:\/\/likemetkovic.hr\/josip-talajic-je-mostov-kandidat-za-zamjenika-gradonacelnika\/#primaryimage","url":"https:\/\/likemetkovic.hr\/portal\/wp-content\/uploads\/2021\/03\/hajvaz-talajic-most-1.jpg","contentUrl":"https:\/\/likemetkovic.hr\/portal\/wp-content\/uploads\/2021\/03\/hajvaz-talajic-most-1.jpg","width":800,"height":519},{"@type":"BreadcrumbList","@id":"https:\/\/likemetkovic.hr\/josip-talajic-je-mostov-kandidat-za-zamjenika-gradonacelnika\/#breadcrumb","itemListElement":[{"@type":"ListItem","position":1,"name":"Po\u010detna stranica","item":"https:\/\/likemetkovic.hr\/portal\/"},{"@type":"ListItem","position":2,"name":"Josip Talaji\u0107 je Mostov kandidat za zamjenika gradona\u010delnika"}]},{"@type":"WebSite","@id":"https:\/\/likemetkovic.hr\/#website","url":"https:\/\/likemetkovic.hr\/","name":"likemetkovic.hr","description":"Misli pozitivno... \u010ditaj LIKE","potentialAction":[{"@type":"SearchAction","target":{"@type":"EntryPoint","urlTemplate":"https:\/\/likemetkovic.hr\/?s={search_term_string}"},"query-input":{"@type":"PropertyValueSpecification","valueRequired":true,"valueName":"search_term_string"}}],"inLanguage":"hr"},{"@type":"Person","@id":"https:\/\/likemetkovic.hr\/#\/schema\/person\/0a8b4ebfdfe1ff01192dccda40c5da0c","name":"K. J.","url":"https:\/\/likemetkovic.hr\/portal\/author\/likemetkovic\/"}]}},"_links":{"self":[{"href":"https:\/\/likemetkovic.hr\/portal\/wp-json\/wp\/v2\/posts\/115173","targetHints":{"allow":["GET"]}}],"collection":[{"href":"https:\/\/likemetkovic.hr\/portal\/wp-json\/wp\/v2\/posts"}],"about":[{"href":"https:\/\/likemetkovic.hr\/portal\/wp-json\/wp\/v2\/types\/post"}],"author":[{"embeddable":true,"href":"https:\/\/likemetkovic.hr\/portal\/wp-json\/wp\/v2\/users\/9"}],"replies":[{"embeddable":true,"href":"https:\/\/likemetkovic.hr\/portal\/wp-json\/wp\/v2\/comments?post=115173"}],"version-history":[{"count":0,"href":"https:\/\/likemetkovic.hr\/portal\/wp-json\/wp\/v2\/posts\/115173\/revisions"}],"wp:featuredmedia":[{"embeddable":true,"href":"https:\/\/likemetkovic.hr\/portal\/wp-json\/wp\/v2\/media\/115174"}],"wp:attachment":[{"href":"https:\/\/likemetkovic.hr\/portal\/wp-json\/wp\/v2\/media?parent=115173"}],"wp:term":[{"taxonomy":"category","embeddable":true,"href":"https:\/\/likemetkovic.hr\/portal\/wp-json\/wp\/v2\/categories?post=115173"},{"taxonomy":"post_tag","embeddable":true,"href":"https:\/\/likemetkovic.hr\/portal\/wp-json\/wp\/v2\/tags?post=115173"}],"curies":[{"name":"wp","href":"https:\/\/api.w.org\/{rel}","templated":true}]}}