{"id":115202,"date":"2021-03-28T10:22:11","date_gmt":"2021-03-28T08:22:11","guid":{"rendered":"https:\/\/likemetkovic.hr\/?p=115202"},"modified":"2021-03-28T10:22:11","modified_gmt":"2021-03-28T08:22:11","slug":"lokalni-izbori-kresimir-sunjic-je-kandidat-hdz-a-za-gradonacelnika-ploca","status":"publish","type":"post","link":"https:\/\/likemetkovic.hr\/portal\/lokalni-izbori-kresimir-sunjic-je-kandidat-hdz-a-za-gradonacelnika-ploca\/","title":{"rendered":"LOKALNI IZBORI Kre\u0161imir \u0160unji\u0107 je kandidat HDZ-a za gradona\u010delnika Plo\u010da"},"content":{"rendered":"<p><strong>Kre\u0161imir \u0160unji\u0107<\/strong>, predsjednik GO HDZ Plo\u010da, istakao je ju\u010dersvoju kandidaturu za gradona\u010delnika Plo\u010da na skorim svibanjskim izborima u prisutnosti \u010dlanova i simpatizera stranke, koalicijskih partnera iz HSLS-a, te dvoje HDZ-ovih ministara iz Plo\u010da, Marije Vu\u010dkovi\u0107 i Tomislava \u0106ori\u0107a, \u017eupana Nikole Dobroslavi\u0107a, njegove zamjenice \u017dakline Marevi\u0107 i drugih.<\/p>\n<p>Evo \u0161to je poru\u010dio:<\/p>\n<p><em>&#8211; Ponosan sam \u0161to Vam se danas mogu predstaviti kao kandidat Hrvatske demokratske zajednice na predstoje\u0107im lokalnim izborima.\u00a0Hvala na\u0161oj stranci na ovoj kandidaturi, hvala i Mariji i Tomislavu \u0161to su danas ovdje, hvala na\u0161em \u017dupanu i do\u017eupanici, hvala svima vama dragi strana\u010dki kolege na potpori.\u00a0Svi mi volimo na\u0161 grad. On je mjesto gdje smo ro\u0111eni, gdje \u017eivimo, radimo i starimo. Ne smijemo vi\u0161e dopustiti da ga se vodi na daljinu, da stagnira i propada. Da nema dr\u017eavnih i \u017eupanijskih projekata \u2013 ne bi bilo nikakve pozitivne promjene u zadnje 4 godine&#8230;<\/em><\/p>\n<p><img decoding=\"async\" class=\"alignnone size-full wp-image-115203\" src=\"https:\/\/likemetkovic.hr\/wp-content\/uploads\/2021\/03\/kresimir-sunjic-hdz-ploce.jpg\" alt=\"\" width=\"800\" height=\"514\" srcset=\"https:\/\/likemetkovic.hr\/portal\/wp-content\/uploads\/2021\/03\/kresimir-sunjic-hdz-ploce.jpg 800w, https:\/\/likemetkovic.hr\/portal\/wp-content\/uploads\/2021\/03\/kresimir-sunjic-hdz-ploce-768x493.jpg 768w, https:\/\/likemetkovic.hr\/portal\/wp-content\/uploads\/2021\/03\/kresimir-sunjic-hdz-ploce-696x447.jpg 696w, https:\/\/likemetkovic.hr\/portal\/wp-content\/uploads\/2021\/03\/kresimir-sunjic-hdz-ploce-654x420.jpg 654w\" sizes=\"(max-width: 800px) 100vw, 800px\" \/><\/p>\n<p>Vi\u0161e mo\u017eete pro\u010ditati na <a href=\"http:\/\/www.rogotin.hr\/2021\/03\/27\/kresimir-sunjic-hdz-kandidat-za-gradonacelnika-ploca\/\" target=\"_blank\" rel=\"noopener\">Rogotinskom portalu<\/a>.<\/p>\n","protected":false},"excerpt":{"rendered":"<p>Kre\u0161imir \u0160unji\u0107, predsjednik GO HDZ Plo\u010da, istakao je ju\u010dersvoju kandidaturu za gradona\u010delnika Plo\u010da na skorim svibanjskim izborima u prisutnosti \u010dlanova i simpatizera stranke, koalicijskih partnera iz HSLS-a, te dvoje HDZ-ovih ministara iz Plo\u010da, Marije Vu\u010dkovi\u0107 i Tomislava \u0106ori\u0107a, \u017eupana Nikole Dobroslavi\u0107a, njegove zamjenice \u017dakline Marevi\u0107 i drugih. Evo \u0161to je poru\u010dio: &#8211; Ponosan sam \u0161to [&hellip;]<\/p>\n","protected":false},"author":9,"featured_media":115203,"comment_status":"open","ping_status":"open","sticky":false,"template":"","format":"standard","meta":{"footnotes":""},"categories":[296,290],"tags":[415,9126,8932,576],"class_list":{"0":"post-115202","1":"post","2":"type-post","3":"status-publish","4":"format-standard","5":"has-post-thumbnail","7":"category-ab","8":"category-politika","9":"tag-hdz","10":"tag-kresimir-sunjic","11":"tag-lokalni-izbori-2021","12":"tag-ploce"},"yoast_head":"<!-- This site is optimized with the Yoast SEO plugin v25.2 - https:\/\/yoast.com\/wordpress\/plugins\/seo\/ -->\n<title>LOKALNI IZBORI Kre\u0161imir \u0160unji\u0107 je kandidat HDZ-a za gradona\u010delnika Plo\u010da - likemetkovic.hr<\/title>\n<meta name=\"robots\" content=\"index, follow, max-snippet:-1, max-image-preview:large, max-video-preview:-1\" \/>\n<link rel=\"canonical\" href=\"https:\/\/likemetkovic.hr\/lokalni-izbori-kresimir-sunjic-je-kandidat-hdz-a-za-gradonacelnika-ploca\/\" \/>\n<meta property=\"og:locale\" content=\"hr_HR\" \/>\n<meta property=\"og:type\" content=\"article\" \/>\n<meta property=\"og:title\" content=\"LOKALNI IZBORI Kre\u0161imir \u0160unji\u0107 je kandidat HDZ-a za gradona\u010delnika Plo\u010da - likemetkovic.hr\" \/>\n<meta property=\"og:description\" content=\"Kre\u0161imir \u0160unji\u0107, predsjednik GO HDZ Plo\u010da, istakao je ju\u010dersvoju kandidaturu za gradona\u010delnika Plo\u010da na skorim svibanjskim izborima u prisutnosti \u010dlanova i simpatizera stranke, koalicijskih partnera iz HSLS-a, te dvoje HDZ-ovih ministara iz Plo\u010da, Marije Vu\u010dkovi\u0107 i Tomislava \u0106ori\u0107a, \u017eupana Nikole Dobroslavi\u0107a, njegove zamjenice \u017dakline Marevi\u0107 i drugih. Evo \u0161to je poru\u010dio: &#8211; Ponosan sam \u0161to [&hellip;]\" \/>\n<meta property=\"og:url\" content=\"https:\/\/likemetkovic.hr\/lokalni-izbori-kresimir-sunjic-je-kandidat-hdz-a-za-gradonacelnika-ploca\/\" \/>\n<meta property=\"og:site_name\" content=\"likemetkovic.hr\" \/>\n<meta property=\"article:publisher\" content=\"https:\/\/www.facebook.com\/likemetkovic.hr\/\" \/>\n<meta property=\"article:published_time\" content=\"2021-03-28T08:22:11+00:00\" \/>\n<meta property=\"og:image\" content=\"https:\/\/likemetkovic.hr\/wp-content\/uploads\/2021\/03\/kresimir-sunjic-hdz-ploce.jpg\" \/>\n\t<meta property=\"og:image:width\" content=\"800\" \/>\n\t<meta property=\"og:image:height\" content=\"514\" \/>\n\t<meta property=\"og:image:type\" content=\"image\/jpeg\" \/>\n<meta name=\"author\" content=\"K. J.\" \/>\n<meta name=\"twitter:card\" content=\"summary_large_image\" \/>\n<meta name=\"twitter:label1\" content=\"Napisao\/la\" \/>\n\t<meta name=\"twitter:data1\" content=\"K. J.\" \/>\n\t<meta name=\"twitter:label2\" content=\"Procijenjeno vrijeme \u010ditanja\" \/>\n\t<meta name=\"twitter:data2\" content=\"1 minuta\" \/>\n<script type=\"application\/ld+json\" class=\"yoast-schema-graph\">{\"@context\":\"https:\/\/schema.org\",\"@graph\":[{\"@type\":\"WebPage\",\"@id\":\"https:\/\/likemetkovic.hr\/lokalni-izbori-kresimir-sunjic-je-kandidat-hdz-a-za-gradonacelnika-ploca\/\",\"url\":\"https:\/\/likemetkovic.hr\/lokalni-izbori-kresimir-sunjic-je-kandidat-hdz-a-za-gradonacelnika-ploca\/\",\"name\":\"LOKALNI IZBORI Kre\u0161imir \u0160unji\u0107 je kandidat HDZ-a za gradona\u010delnika Plo\u010da - likemetkovic.hr\",\"isPartOf\":{\"@id\":\"https:\/\/likemetkovic.hr\/#website\"},\"primaryImageOfPage\":{\"@id\":\"https:\/\/likemetkovic.hr\/lokalni-izbori-kresimir-sunjic-je-kandidat-hdz-a-za-gradonacelnika-ploca\/#primaryimage\"},\"image\":{\"@id\":\"https:\/\/likemetkovic.hr\/lokalni-izbori-kresimir-sunjic-je-kandidat-hdz-a-za-gradonacelnika-ploca\/#primaryimage\"},\"thumbnailUrl\":\"https:\/\/likemetkovic.hr\/portal\/wp-content\/uploads\/2021\/03\/kresimir-sunjic-hdz-ploce.jpg\",\"datePublished\":\"2021-03-28T08:22:11+00:00\",\"author\":{\"@id\":\"https:\/\/likemetkovic.hr\/#\/schema\/person\/0a8b4ebfdfe1ff01192dccda40c5da0c\"},\"breadcrumb\":{\"@id\":\"https:\/\/likemetkovic.hr\/lokalni-izbori-kresimir-sunjic-je-kandidat-hdz-a-za-gradonacelnika-ploca\/#breadcrumb\"},\"inLanguage\":\"hr\",\"potentialAction\":[{\"@type\":\"ReadAction\",\"target\":[\"https:\/\/likemetkovic.hr\/lokalni-izbori-kresimir-sunjic-je-kandidat-hdz-a-za-gradonacelnika-ploca\/\"]}]},{\"@type\":\"ImageObject\",\"inLanguage\":\"hr\",\"@id\":\"https:\/\/likemetkovic.hr\/lokalni-izbori-kresimir-sunjic-je-kandidat-hdz-a-za-gradonacelnika-ploca\/#primaryimage\",\"url\":\"https:\/\/likemetkovic.hr\/portal\/wp-content\/uploads\/2021\/03\/kresimir-sunjic-hdz-ploce.jpg\",\"contentUrl\":\"https:\/\/likemetkovic.hr\/portal\/wp-content\/uploads\/2021\/03\/kresimir-sunjic-hdz-ploce.jpg\",\"width\":800,\"height\":514},{\"@type\":\"BreadcrumbList\",\"@id\":\"https:\/\/likemetkovic.hr\/lokalni-izbori-kresimir-sunjic-je-kandidat-hdz-a-za-gradonacelnika-ploca\/#breadcrumb\",\"itemListElement\":[{\"@type\":\"ListItem\",\"position\":1,\"name\":\"Po\u010detna stranica\",\"item\":\"https:\/\/likemetkovic.hr\/portal\/\"},{\"@type\":\"ListItem\",\"position\":2,\"name\":\"LOKALNI IZBORI Kre\u0161imir \u0160unji\u0107 je kandidat HDZ-a za gradona\u010delnika Plo\u010da\"}]},{\"@type\":\"WebSite\",\"@id\":\"https:\/\/likemetkovic.hr\/#website\",\"url\":\"https:\/\/likemetkovic.hr\/\",\"name\":\"likemetkovic.hr\",\"description\":\"Misli pozitivno... \u010ditaj LIKE\",\"potentialAction\":[{\"@type\":\"SearchAction\",\"target\":{\"@type\":\"EntryPoint\",\"urlTemplate\":\"https:\/\/likemetkovic.hr\/?s={search_term_string}\"},\"query-input\":{\"@type\":\"PropertyValueSpecification\",\"valueRequired\":true,\"valueName\":\"search_term_string\"}}],\"inLanguage\":\"hr\"},{\"@type\":\"Person\",\"@id\":\"https:\/\/likemetkovic.hr\/#\/schema\/person\/0a8b4ebfdfe1ff01192dccda40c5da0c\",\"name\":\"K. J.\",\"url\":\"https:\/\/likemetkovic.hr\/portal\/author\/likemetkovic\/\"}]}<\/script>\n<!-- \/ Yoast SEO plugin. -->","yoast_head_json":{"title":"LOKALNI IZBORI Kre\u0161imir \u0160unji\u0107 je kandidat HDZ-a za gradona\u010delnika Plo\u010da - likemetkovic.hr","robots":{"index":"index","follow":"follow","max-snippet":"max-snippet:-1","max-image-preview":"max-image-preview:large","max-video-preview":"max-video-preview:-1"},"canonical":"https:\/\/likemetkovic.hr\/lokalni-izbori-kresimir-sunjic-je-kandidat-hdz-a-za-gradonacelnika-ploca\/","og_locale":"hr_HR","og_type":"article","og_title":"LOKALNI IZBORI Kre\u0161imir \u0160unji\u0107 je kandidat HDZ-a za gradona\u010delnika Plo\u010da - likemetkovic.hr","og_description":"Kre\u0161imir \u0160unji\u0107, predsjednik GO HDZ Plo\u010da, istakao je ju\u010dersvoju kandidaturu za gradona\u010delnika Plo\u010da na skorim svibanjskim izborima u prisutnosti \u010dlanova i simpatizera stranke, koalicijskih partnera iz HSLS-a, te dvoje HDZ-ovih ministara iz Plo\u010da, Marije Vu\u010dkovi\u0107 i Tomislava \u0106ori\u0107a, \u017eupana Nikole Dobroslavi\u0107a, njegove zamjenice \u017dakline Marevi\u0107 i drugih. Evo \u0161to je poru\u010dio: &#8211; Ponosan sam \u0161to [&hellip;]","og_url":"https:\/\/likemetkovic.hr\/lokalni-izbori-kresimir-sunjic-je-kandidat-hdz-a-za-gradonacelnika-ploca\/","og_site_name":"likemetkovic.hr","article_publisher":"https:\/\/www.facebook.com\/likemetkovic.hr\/","article_published_time":"2021-03-28T08:22:11+00:00","og_image":[{"width":800,"height":514,"url":"https:\/\/likemetkovic.hr\/wp-content\/uploads\/2021\/03\/kresimir-sunjic-hdz-ploce.jpg","type":"image\/jpeg"}],"author":"K. J.","twitter_card":"summary_large_image","twitter_misc":{"Napisao\/la":"K. J.","Procijenjeno vrijeme \u010ditanja":"1 minuta"},"schema":{"@context":"https:\/\/schema.org","@graph":[{"@type":"WebPage","@id":"https:\/\/likemetkovic.hr\/lokalni-izbori-kresimir-sunjic-je-kandidat-hdz-a-za-gradonacelnika-ploca\/","url":"https:\/\/likemetkovic.hr\/lokalni-izbori-kresimir-sunjic-je-kandidat-hdz-a-za-gradonacelnika-ploca\/","name":"LOKALNI IZBORI Kre\u0161imir \u0160unji\u0107 je kandidat HDZ-a za gradona\u010delnika Plo\u010da - likemetkovic.hr","isPartOf":{"@id":"https:\/\/likemetkovic.hr\/#website"},"primaryImageOfPage":{"@id":"https:\/\/likemetkovic.hr\/lokalni-izbori-kresimir-sunjic-je-kandidat-hdz-a-za-gradonacelnika-ploca\/#primaryimage"},"image":{"@id":"https:\/\/likemetkovic.hr\/lokalni-izbori-kresimir-sunjic-je-kandidat-hdz-a-za-gradonacelnika-ploca\/#primaryimage"},"thumbnailUrl":"https:\/\/likemetkovic.hr\/portal\/wp-content\/uploads\/2021\/03\/kresimir-sunjic-hdz-ploce.jpg","datePublished":"2021-03-28T08:22:11+00:00","author":{"@id":"https:\/\/likemetkovic.hr\/#\/schema\/person\/0a8b4ebfdfe1ff01192dccda40c5da0c"},"breadcrumb":{"@id":"https:\/\/likemetkovic.hr\/lokalni-izbori-kresimir-sunjic-je-kandidat-hdz-a-za-gradonacelnika-ploca\/#breadcrumb"},"inLanguage":"hr","potentialAction":[{"@type":"ReadAction","target":["https:\/\/likemetkovic.hr\/lokalni-izbori-kresimir-sunjic-je-kandidat-hdz-a-za-gradonacelnika-ploca\/"]}]},{"@type":"ImageObject","inLanguage":"hr","@id":"https:\/\/likemetkovic.hr\/lokalni-izbori-kresimir-sunjic-je-kandidat-hdz-a-za-gradonacelnika-ploca\/#primaryimage","url":"https:\/\/likemetkovic.hr\/portal\/wp-content\/uploads\/2021\/03\/kresimir-sunjic-hdz-ploce.jpg","contentUrl":"https:\/\/likemetkovic.hr\/portal\/wp-content\/uploads\/2021\/03\/kresimir-sunjic-hdz-ploce.jpg","width":800,"height":514},{"@type":"BreadcrumbList","@id":"https:\/\/likemetkovic.hr\/lokalni-izbori-kresimir-sunjic-je-kandidat-hdz-a-za-gradonacelnika-ploca\/#breadcrumb","itemListElement":[{"@type":"ListItem","position":1,"name":"Po\u010detna stranica","item":"https:\/\/likemetkovic.hr\/portal\/"},{"@type":"ListItem","position":2,"name":"LOKALNI IZBORI Kre\u0161imir \u0160unji\u0107 je kandidat HDZ-a za gradona\u010delnika Plo\u010da"}]},{"@type":"WebSite","@id":"https:\/\/likemetkovic.hr\/#website","url":"https:\/\/likemetkovic.hr\/","name":"likemetkovic.hr","description":"Misli pozitivno... \u010ditaj LIKE","potentialAction":[{"@type":"SearchAction","target":{"@type":"EntryPoint","urlTemplate":"https:\/\/likemetkovic.hr\/?s={search_term_string}"},"query-input":{"@type":"PropertyValueSpecification","valueRequired":true,"valueName":"search_term_string"}}],"inLanguage":"hr"},{"@type":"Person","@id":"https:\/\/likemetkovic.hr\/#\/schema\/person\/0a8b4ebfdfe1ff01192dccda40c5da0c","name":"K. J.","url":"https:\/\/likemetkovic.hr\/portal\/author\/likemetkovic\/"}]}},"_links":{"self":[{"href":"https:\/\/likemetkovic.hr\/portal\/wp-json\/wp\/v2\/posts\/115202","targetHints":{"allow":["GET"]}}],"collection":[{"href":"https:\/\/likemetkovic.hr\/portal\/wp-json\/wp\/v2\/posts"}],"about":[{"href":"https:\/\/likemetkovic.hr\/portal\/wp-json\/wp\/v2\/types\/post"}],"author":[{"embeddable":true,"href":"https:\/\/likemetkovic.hr\/portal\/wp-json\/wp\/v2\/users\/9"}],"replies":[{"embeddable":true,"href":"https:\/\/likemetkovic.hr\/portal\/wp-json\/wp\/v2\/comments?post=115202"}],"version-history":[{"count":0,"href":"https:\/\/likemetkovic.hr\/portal\/wp-json\/wp\/v2\/posts\/115202\/revisions"}],"wp:featuredmedia":[{"embeddable":true,"href":"https:\/\/likemetkovic.hr\/portal\/wp-json\/wp\/v2\/media\/115203"}],"wp:attachment":[{"href":"https:\/\/likemetkovic.hr\/portal\/wp-json\/wp\/v2\/media?parent=115202"}],"wp:term":[{"taxonomy":"category","embeddable":true,"href":"https:\/\/likemetkovic.hr\/portal\/wp-json\/wp\/v2\/categories?post=115202"},{"taxonomy":"post_tag","embeddable":true,"href":"https:\/\/likemetkovic.hr\/portal\/wp-json\/wp\/v2\/tags?post=115202"}],"curies":[{"name":"wp","href":"https:\/\/api.w.org\/{rel}","templated":true}]}}