{"id":115362,"date":"2021-04-01T16:00:50","date_gmt":"2021-04-01T14:00:50","guid":{"rendered":"https:\/\/likemetkovic.hr\/?p=115362"},"modified":"2021-04-01T16:01:37","modified_gmt":"2021-04-01T14:01:37","slug":"ivan-cupic-glavna-tema-na-stranicama-ehf-a","status":"publish","type":"post","link":"https:\/\/likemetkovic.hr\/portal\/ivan-cupic-glavna-tema-na-stranicama-ehf-a\/","title":{"rendered":"Ivan \u010cupi\u0107 glavna tema na stranicama EHF-a"},"content":{"rendered":"<p>Ovih dana na stranicama Europske rukometne federacija objavljen je sjajan intervju s na\u0161im Ivanom \u010cupi\u0107em pod naslovom <a href=\"https:\/\/www.eurohandball.com\/en\/news\/en\/this-is-me-ivan-cupic\/\" target=\"_blank\" rel=\"noopener\"><em><strong>This is me: Ivan \u010cupi\u0107<\/strong><\/em><\/a>. Razgovarali su tako o \u017eivotu i sportskoj karijeri s proslavljenim Metkovcem te se dotakli i budu\u0107nosti i gdje se Ivan vidi po zavr\u0161etku svoje igra\u010dke karijere. Radi se o jednom zaista opse\u017enom intervjuu i tekstu koji bi trebali pro\u010ditati svi ljubitelji rukometa, sporta, pa \u010dak i oni koji ga prate povr\u0161no samo kada igra Hrvatska ili zbog <a href=\"https:\/\/sportske-kladionice.com\/online-kladionice\/u-hrvatskoj\/\">sportske kladionice<\/a>.<\/p>\n<h4>Osvojio sam mnogo trofeja, ali jo\u0161 sam gladan<\/h4>\n<p>U samom uvodu \u010cupi\u0107 isti\u010de kako iako ima 35 godina, definitivno se mo\u017ee zamisliti kako igra rukomet na najvi\u0161oj razini jo\u0161 barem godinu ili dvije. Dotaknuo se svojih prvih rukometnih koraka:<\/p>\n<p>&#8211; <em>Kad se osvrnem na sve, shvatim da sam oduvijek znao da \u017eelim biti rukometa\u0161. Ja sam iz Metkovi\u0107a, malog grada na jugu Hrvatske. To je grad koji \u017eivi i di\u0161e rukomet. Sje\u0107am se kako sam i\u0161ao s mamom na svaki me\u010d. Bio je to vrhunac mog tjedna. Moja obitelj je rukometna obitelj, otac je radio u klubu Metkovi\u0107 Mehanika u upravi kluba. Moj odabir da se oku\u0161am u rukometu stoga\u00a0 nikoga nije iznenadio.<\/em><\/p>\n<h4><img decoding=\"async\" class=\"alignnone size-full wp-image-112575\" src=\"https:\/\/likemetkovic.hr\/wp-content\/uploads\/2021\/01\/ivan-cupic-vardar.jpg\" alt=\"\" width=\"800\" height=\"540\" srcset=\"https:\/\/likemetkovic.hr\/portal\/wp-content\/uploads\/2021\/01\/ivan-cupic-vardar.jpg 800w, https:\/\/likemetkovic.hr\/portal\/wp-content\/uploads\/2021\/01\/ivan-cupic-vardar-768x518.jpg 768w, https:\/\/likemetkovic.hr\/portal\/wp-content\/uploads\/2021\/01\/ivan-cupic-vardar-696x470.jpg 696w, https:\/\/likemetkovic.hr\/portal\/wp-content\/uploads\/2021\/01\/ivan-cupic-vardar-622x420.jpg 622w\" sizes=\"(max-width: 800px) 100vw, 800px\" \/><\/h4>\n<h4>Sve je po\u010delo u Metkovi\u0107u<\/h4>\n<p>\u010cupi\u0107 je svoju karijeru po\u010deo u svom gradu Metkovi\u0107u, odakle je pre\u0161ao u Medve\u0161\u010dak Zagreb. Tijekom svog sta\u017ea u Medve\u0161\u010daku dobio je i pozivnicu za reprezentaciju \u010diji je \u010dlan bio tijekom Europskog prvenstva 2006. u \u0160vicarskoj. Prva velika odsko\u010dna daska za \u010cupi\u0107a bio je \u0161panjolski klub Vigo:<\/p>\n<p><em>&#8211; Moja avantura zapo\u010dela je 2007. godine u \u0161panjolskoj ASOBAL ligi, jednoj od najboljih svjetskih liga u tom trenutku, u klubu zvanom Vigo. To se pokazalo izvrsnom odlukom. Ubrzo sam shvatio da \u017eelim ve\u0107e stvari i znao sam da sam spreman za to. Vigo se u to vrijeme borio za ostanak u najvi\u0161oj ligi, a mi smo igrali samo jedan me\u010d tjedno. Samo sam \u017eelio ne\u0161to vi\u0161e i to me odvelo u Sloveniju. Gorenje Velenje imalo je velike ambicije. Imao sam priliku imati va\u017enu ulogu u klubu. Pozvao me trener Ivica Obrvan da do\u0111em i pridru\u017eim se mom\u010dadi. To je bio jedan ogroman korak prema velikim stvarima, velikim klubovima i trofejima koje svi \u017eelimo. Znao sam \u0161to mogu o\u010dekivati, a Obrvan je znao da sam vi\u0161e od pukog krila te da imam i druge kvalitete. Dao mi je dovoljno minuta na terenu i vjerovao je u mene. Ono \u0161to je uslijedilo je uspjeh. <a href=\"https:\/\/www.jutarnji.hr\/sport\/sport-mix\/ivan-cupic-iz-gorenja-presao-u-l%C3%B6wen-2228711\">Iz Gorenja sam pre\u0161ao u <\/a><u>L\u00f6wen<\/u>, zatim Kielce i sada Vardar. Osvojio sam tri Lige prvaka, jednu s Kielceom i dvije s Vardarom.<\/em><\/p>\n<h4><img decoding=\"async\" class=\"alignnone size-medium wp-image-112636\" src=\"https:\/\/likemetkovic.hr\/wp-content\/uploads\/2021\/01\/ivna-cupic-1-800x559.jpg\" alt=\"\" width=\"800\" height=\"559\" srcset=\"https:\/\/likemetkovic.hr\/portal\/wp-content\/uploads\/2021\/01\/ivna-cupic-1-800x559.jpg 800w, https:\/\/likemetkovic.hr\/portal\/wp-content\/uploads\/2021\/01\/ivna-cupic-1-768x537.jpg 768w, https:\/\/likemetkovic.hr\/portal\/wp-content\/uploads\/2021\/01\/ivna-cupic-1-696x487.jpg 696w, https:\/\/likemetkovic.hr\/portal\/wp-content\/uploads\/2021\/01\/ivna-cupic-1-601x420.jpg 601w, https:\/\/likemetkovic.hr\/portal\/wp-content\/uploads\/2021\/01\/ivna-cupic-1-100x70.jpg 100w, https:\/\/likemetkovic.hr\/portal\/wp-content\/uploads\/2021\/01\/ivna-cupic-1.jpg 1024w\" sizes=\"(max-width: 800px) 100vw, 800px\" \/><\/h4>\n<h4>Reprezentacija<\/h4>\n<p>Dotaknuo se Ivan \u010cupi\u0107 i nastupa u reprezentativnom dresu:<\/p>\n<p><em>&#8211; S reprezentacijom Hrvatske imam osam medalja. Svaki od tih uspjeha je poseban. Iza svakog dobrog i lo\u0161eg rezultata stoje sati i sati rada, znoja, nevjerojatne pri\u010de, timski duh i neki vrlo posebni ljudi. Njegujem svaki trenutak te sre\u0107e. Ali nije sve bilo bajno. Imao sam puno ozljeda, a svaka od njih bila je jedna prepreka koju sam trebao prevladati. Imao sam dvije operacije koljena. Pokidao sam kri\u017ene ligamente. Tako\u0111er, <a href=\"https:\/\/www.index.hr\/sport\/clanak\/hrvatskom-reprezentativcu-ivanu-cupicu-amputiran-prst-nakon-bizarne-nesrece\/396124.aspx\">dogodilo se i da sam ostao bez prsta na lijevoj ruci<\/a> ba\u0161 pred Olimpijske igre 2008. godine. Na teren sam se vratio mjesec i pol kasnije i samo sam htio vidjeti mogu li dr\u017eati loptu. Ispostavilo se da se ni\u0161ta nije promijenilo. Jednom kada sam uhvatio loptu nisam vi\u0161e sumnjao u sebe.<\/em><\/p>\n<h4>Idoli<\/h4>\n<p>Osvrnuv\u0161i se na svoje sportske idole, Ivan je pri\u010dao o nekim istinskim sportskim imenima. Kao prvi na njegovom popisu su se na\u0161li Mirza D\u017eomba i Irfan Smajlagi\u0107. Isti\u010de kako je volio gledati i ko\u0161arka\u0161e poput Dra\u017eena Petrovi\u0107a , Tonija Kuko\u010da i Michaela Jordana. Tako\u0111er, povukao je paralelu izme\u0111u sebe i drugog velikana hrvatskog sporta koji sada ima 35 godina, a rije\u010d je o Luki Modri\u0107u. Ka\u017ee kako mu se divi, kao i svim sporta\u0161ima koje je spomenuo uz njega, pi\u0161e <a href=\"https:\/\/hrsport.hr\/rukomet\/\">hr sport<\/a>.<\/p>\n<p><img decoding=\"async\" src=\"https:\/\/net.hr\/wp-content\/uploads\/2018\/01\/pxl_160118_19303456.jpg?quality=100&amp;strip=all&amp;w=669\" alt=\"Ivan \u010cupi\u0107 i rukometni klub PPD Zagreb potpisali trogodi\u0161nji ugovor\" \/><\/p>\n<h4><\/h4>\n<h4>Budu\u0107nost<\/h4>\n<p>Za kraj, \u010cupi\u0107 se dotakao i svoje budu\u0107nosti u rukometu:<\/p>\n<p>&#8211;<em> U ovom trenutku \u017eivota do\u0161ao sam do zaklju\u010dka da bi bilo najbolje da se vratim ku\u0107i, u na\u0161u Hrvatsku. Igrat \u0107u za PPD Zagreb od sljede\u0107e sezone i nadam se da \u0107u im mo\u0107i pomo\u0107i. Ne razmi\u0161ljam o onome \u0161to \u0107e do\u0107i nakon. Samo \u017eelim igrati \u0161to du\u017ee mogu i najbolje \u0161to mogu. Znam da dolazi puno mla\u0111ih igra\u010da, ali jo\u0161 uvijek ih mogu pratiti. Kad je fitnes u pitanju, ja samo slu\u0161am svoje tijelo. Sad mi je lak\u0161e nego kad sam bio mla\u0111i. Tijekom svoje karijere morate slu\u0161ati trenere i isprobavati mnogo razli\u010ditih na\u010dina treninga. Nakon ozljeda i svega \u0161to sam pro\u0161ao nau\u010dio sam kako moje tijelo reagira na svaku vje\u017ebu, tempo i stil igre. Jednostavno se osje\u0107am dobro i nemam bolova. I dok je tako i dalje \u0107u igrati. Nikada ne\u0107u napustiti rukomet. To je dio mene dok moje tijelo ne ka\u017ee da je to dovoljno. Sebe do\u017eivljavam kao trenera. Imam licencu trenera rukometne kategorije \u201eB\u201c i poha\u0111am dodatne te\u010dajeve kako bih stekao vi\u0161u kategoriju licence. Uz hrvatski naravno, govorim jo\u0161 \u0161est jezika: engleski, \u0161panjolski, poljski, njema\u010dki, makedonski i slovenski. Imam puno iskustva iza sebe i mislim da bih nekada mogao puno pomo\u0107i drugim igra\u010dima, ali vidjet \u0107emo \u0161to donosi budu\u0107nost.<\/em><\/p>\n<p>Punu pri\u010du Ivana \u010cupi\u0107a mo\u017ee se prona\u0107i <a href=\"https:\/\/www.eurohandball.com\/en\/news\/en\/this-is-me-ivan-cupic\/\">na stranicama EHF-a<\/a> i zaista je \u0161tivo vrijedno \u010ditanja.<\/p>\n","protected":false},"excerpt":{"rendered":"<p>Ovih dana na stranicama Europske rukometne federacija objavljen je sjajan intervju s na\u0161im Ivanom \u010cupi\u0107em pod naslovom This is me: Ivan \u010cupi\u0107. Razgovarali su tako o \u017eivotu i sportskoj karijeri s proslavljenim Metkovcem te se dotakli i budu\u0107nosti i gdje se Ivan vidi po zavr\u0161etku svoje igra\u010dke karijere. Radi se o jednom zaista opse\u017enom intervjuu [&hellip;]<\/p>\n","protected":false},"author":7,"featured_media":112636,"comment_status":"open","ping_status":"open","sticky":false,"template":"","format":"standard","meta":{"footnotes":""},"categories":[283,31],"tags":[829],"class_list":{"0":"post-115362","1":"post","2":"type-post","3":"status-publish","4":"format-standard","5":"has-post-thumbnail","7":"category-a","8":"category-rukomet","9":"tag-ivan-cupic"},"yoast_head":"<!-- This site is optimized with the Yoast SEO plugin v25.2 - https:\/\/yoast.com\/wordpress\/plugins\/seo\/ -->\n<title>Ivan \u010cupi\u0107 glavna tema na stranicama EHF-a - likemetkovic.hr<\/title>\n<meta name=\"robots\" content=\"index, follow, max-snippet:-1, max-image-preview:large, max-video-preview:-1\" \/>\n<link rel=\"canonical\" href=\"https:\/\/likemetkovic.hr\/ivan-cupic-glavna-tema-na-stranicama-ehf-a\/\" \/>\n<meta property=\"og:locale\" content=\"hr_HR\" \/>\n<meta property=\"og:type\" content=\"article\" \/>\n<meta property=\"og:title\" content=\"Ivan \u010cupi\u0107 glavna tema na stranicama EHF-a - likemetkovic.hr\" \/>\n<meta property=\"og:description\" content=\"Ovih dana na stranicama Europske rukometne federacija objavljen je sjajan intervju s na\u0161im Ivanom \u010cupi\u0107em pod naslovom This is me: Ivan \u010cupi\u0107. Razgovarali su tako o \u017eivotu i sportskoj karijeri s proslavljenim Metkovcem te se dotakli i budu\u0107nosti i gdje se Ivan vidi po zavr\u0161etku svoje igra\u010dke karijere. Radi se o jednom zaista opse\u017enom intervjuu [&hellip;]\" \/>\n<meta property=\"og:url\" content=\"https:\/\/likemetkovic.hr\/ivan-cupic-glavna-tema-na-stranicama-ehf-a\/\" \/>\n<meta property=\"og:site_name\" content=\"likemetkovic.hr\" \/>\n<meta property=\"article:publisher\" content=\"https:\/\/www.facebook.com\/likemetkovic.hr\/\" \/>\n<meta property=\"article:published_time\" content=\"2021-04-01T14:00:50+00:00\" \/>\n<meta property=\"article:modified_time\" content=\"2021-04-01T14:01:37+00:00\" \/>\n<meta property=\"og:image\" content=\"https:\/\/likemetkovic.hr\/wp-content\/uploads\/2021\/01\/ivna-cupic-1.jpg\" \/>\n\t<meta property=\"og:image:width\" content=\"1024\" \/>\n\t<meta property=\"og:image:height\" content=\"716\" \/>\n\t<meta property=\"og:image:type\" content=\"image\/jpeg\" \/>\n<meta name=\"author\" content=\"LIKEmetkovic.hr\" \/>\n<meta name=\"twitter:card\" content=\"summary_large_image\" \/>\n<meta name=\"twitter:label1\" content=\"Napisao\/la\" \/>\n\t<meta name=\"twitter:data1\" content=\"LIKEmetkovic.hr\" \/>\n\t<meta name=\"twitter:label2\" content=\"Procijenjeno vrijeme \u010ditanja\" \/>\n\t<meta name=\"twitter:data2\" content=\"5 minuta\" \/>\n<script type=\"application\/ld+json\" class=\"yoast-schema-graph\">{\"@context\":\"https:\/\/schema.org\",\"@graph\":[{\"@type\":\"WebPage\",\"@id\":\"https:\/\/likemetkovic.hr\/ivan-cupic-glavna-tema-na-stranicama-ehf-a\/\",\"url\":\"https:\/\/likemetkovic.hr\/ivan-cupic-glavna-tema-na-stranicama-ehf-a\/\",\"name\":\"Ivan \u010cupi\u0107 glavna tema na stranicama EHF-a - likemetkovic.hr\",\"isPartOf\":{\"@id\":\"https:\/\/likemetkovic.hr\/#website\"},\"primaryImageOfPage\":{\"@id\":\"https:\/\/likemetkovic.hr\/ivan-cupic-glavna-tema-na-stranicama-ehf-a\/#primaryimage\"},\"image\":{\"@id\":\"https:\/\/likemetkovic.hr\/ivan-cupic-glavna-tema-na-stranicama-ehf-a\/#primaryimage\"},\"thumbnailUrl\":\"https:\/\/likemetkovic.hr\/portal\/wp-content\/uploads\/2021\/01\/ivna-cupic-1.jpg\",\"datePublished\":\"2021-04-01T14:00:50+00:00\",\"dateModified\":\"2021-04-01T14:01:37+00:00\",\"author\":{\"@id\":\"https:\/\/likemetkovic.hr\/#\/schema\/person\/a42711f3385a0e2be6f7e0443bfb28f0\"},\"breadcrumb\":{\"@id\":\"https:\/\/likemetkovic.hr\/ivan-cupic-glavna-tema-na-stranicama-ehf-a\/#breadcrumb\"},\"inLanguage\":\"hr\",\"potentialAction\":[{\"@type\":\"ReadAction\",\"target\":[\"https:\/\/likemetkovic.hr\/ivan-cupic-glavna-tema-na-stranicama-ehf-a\/\"]}]},{\"@type\":\"ImageObject\",\"inLanguage\":\"hr\",\"@id\":\"https:\/\/likemetkovic.hr\/ivan-cupic-glavna-tema-na-stranicama-ehf-a\/#primaryimage\",\"url\":\"https:\/\/likemetkovic.hr\/portal\/wp-content\/uploads\/2021\/01\/ivna-cupic-1.jpg\",\"contentUrl\":\"https:\/\/likemetkovic.hr\/portal\/wp-content\/uploads\/2021\/01\/ivna-cupic-1.jpg\",\"width\":1024,\"height\":716},{\"@type\":\"BreadcrumbList\",\"@id\":\"https:\/\/likemetkovic.hr\/ivan-cupic-glavna-tema-na-stranicama-ehf-a\/#breadcrumb\",\"itemListElement\":[{\"@type\":\"ListItem\",\"position\":1,\"name\":\"Po\u010detna stranica\",\"item\":\"https:\/\/likemetkovic.hr\/portal\/\"},{\"@type\":\"ListItem\",\"position\":2,\"name\":\"Ivan \u010cupi\u0107 glavna tema na stranicama EHF-a\"}]},{\"@type\":\"WebSite\",\"@id\":\"https:\/\/likemetkovic.hr\/#website\",\"url\":\"https:\/\/likemetkovic.hr\/\",\"name\":\"likemetkovic.hr\",\"description\":\"Misli pozitivno... \u010ditaj LIKE\",\"potentialAction\":[{\"@type\":\"SearchAction\",\"target\":{\"@type\":\"EntryPoint\",\"urlTemplate\":\"https:\/\/likemetkovic.hr\/?s={search_term_string}\"},\"query-input\":{\"@type\":\"PropertyValueSpecification\",\"valueRequired\":true,\"valueName\":\"search_term_string\"}}],\"inLanguage\":\"hr\"},{\"@type\":\"Person\",\"@id\":\"https:\/\/likemetkovic.hr\/#\/schema\/person\/a42711f3385a0e2be6f7e0443bfb28f0\",\"name\":\"LIKEmetkovic.hr\",\"sameAs\":[\"http:\/\/likemetkovic.hr\"],\"url\":\"https:\/\/likemetkovic.hr\/portal\/author\/likemetkovic-hr\/\"}]}<\/script>\n<!-- \/ Yoast SEO plugin. -->","yoast_head_json":{"title":"Ivan \u010cupi\u0107 glavna tema na stranicama EHF-a - likemetkovic.hr","robots":{"index":"index","follow":"follow","max-snippet":"max-snippet:-1","max-image-preview":"max-image-preview:large","max-video-preview":"max-video-preview:-1"},"canonical":"https:\/\/likemetkovic.hr\/ivan-cupic-glavna-tema-na-stranicama-ehf-a\/","og_locale":"hr_HR","og_type":"article","og_title":"Ivan \u010cupi\u0107 glavna tema na stranicama EHF-a - likemetkovic.hr","og_description":"Ovih dana na stranicama Europske rukometne federacija objavljen je sjajan intervju s na\u0161im Ivanom \u010cupi\u0107em pod naslovom This is me: Ivan \u010cupi\u0107. Razgovarali su tako o \u017eivotu i sportskoj karijeri s proslavljenim Metkovcem te se dotakli i budu\u0107nosti i gdje se Ivan vidi po zavr\u0161etku svoje igra\u010dke karijere. Radi se o jednom zaista opse\u017enom intervjuu [&hellip;]","og_url":"https:\/\/likemetkovic.hr\/ivan-cupic-glavna-tema-na-stranicama-ehf-a\/","og_site_name":"likemetkovic.hr","article_publisher":"https:\/\/www.facebook.com\/likemetkovic.hr\/","article_published_time":"2021-04-01T14:00:50+00:00","article_modified_time":"2021-04-01T14:01:37+00:00","og_image":[{"width":1024,"height":716,"url":"https:\/\/likemetkovic.hr\/wp-content\/uploads\/2021\/01\/ivna-cupic-1.jpg","type":"image\/jpeg"}],"author":"LIKEmetkovic.hr","twitter_card":"summary_large_image","twitter_misc":{"Napisao\/la":"LIKEmetkovic.hr","Procijenjeno vrijeme \u010ditanja":"5 minuta"},"schema":{"@context":"https:\/\/schema.org","@graph":[{"@type":"WebPage","@id":"https:\/\/likemetkovic.hr\/ivan-cupic-glavna-tema-na-stranicama-ehf-a\/","url":"https:\/\/likemetkovic.hr\/ivan-cupic-glavna-tema-na-stranicama-ehf-a\/","name":"Ivan \u010cupi\u0107 glavna tema na stranicama EHF-a - likemetkovic.hr","isPartOf":{"@id":"https:\/\/likemetkovic.hr\/#website"},"primaryImageOfPage":{"@id":"https:\/\/likemetkovic.hr\/ivan-cupic-glavna-tema-na-stranicama-ehf-a\/#primaryimage"},"image":{"@id":"https:\/\/likemetkovic.hr\/ivan-cupic-glavna-tema-na-stranicama-ehf-a\/#primaryimage"},"thumbnailUrl":"https:\/\/likemetkovic.hr\/portal\/wp-content\/uploads\/2021\/01\/ivna-cupic-1.jpg","datePublished":"2021-04-01T14:00:50+00:00","dateModified":"2021-04-01T14:01:37+00:00","author":{"@id":"https:\/\/likemetkovic.hr\/#\/schema\/person\/a42711f3385a0e2be6f7e0443bfb28f0"},"breadcrumb":{"@id":"https:\/\/likemetkovic.hr\/ivan-cupic-glavna-tema-na-stranicama-ehf-a\/#breadcrumb"},"inLanguage":"hr","potentialAction":[{"@type":"ReadAction","target":["https:\/\/likemetkovic.hr\/ivan-cupic-glavna-tema-na-stranicama-ehf-a\/"]}]},{"@type":"ImageObject","inLanguage":"hr","@id":"https:\/\/likemetkovic.hr\/ivan-cupic-glavna-tema-na-stranicama-ehf-a\/#primaryimage","url":"https:\/\/likemetkovic.hr\/portal\/wp-content\/uploads\/2021\/01\/ivna-cupic-1.jpg","contentUrl":"https:\/\/likemetkovic.hr\/portal\/wp-content\/uploads\/2021\/01\/ivna-cupic-1.jpg","width":1024,"height":716},{"@type":"BreadcrumbList","@id":"https:\/\/likemetkovic.hr\/ivan-cupic-glavna-tema-na-stranicama-ehf-a\/#breadcrumb","itemListElement":[{"@type":"ListItem","position":1,"name":"Po\u010detna stranica","item":"https:\/\/likemetkovic.hr\/portal\/"},{"@type":"ListItem","position":2,"name":"Ivan \u010cupi\u0107 glavna tema na stranicama EHF-a"}]},{"@type":"WebSite","@id":"https:\/\/likemetkovic.hr\/#website","url":"https:\/\/likemetkovic.hr\/","name":"likemetkovic.hr","description":"Misli pozitivno... \u010ditaj LIKE","potentialAction":[{"@type":"SearchAction","target":{"@type":"EntryPoint","urlTemplate":"https:\/\/likemetkovic.hr\/?s={search_term_string}"},"query-input":{"@type":"PropertyValueSpecification","valueRequired":true,"valueName":"search_term_string"}}],"inLanguage":"hr"},{"@type":"Person","@id":"https:\/\/likemetkovic.hr\/#\/schema\/person\/a42711f3385a0e2be6f7e0443bfb28f0","name":"LIKEmetkovic.hr","sameAs":["http:\/\/likemetkovic.hr"],"url":"https:\/\/likemetkovic.hr\/portal\/author\/likemetkovic-hr\/"}]}},"_links":{"self":[{"href":"https:\/\/likemetkovic.hr\/portal\/wp-json\/wp\/v2\/posts\/115362","targetHints":{"allow":["GET"]}}],"collection":[{"href":"https:\/\/likemetkovic.hr\/portal\/wp-json\/wp\/v2\/posts"}],"about":[{"href":"https:\/\/likemetkovic.hr\/portal\/wp-json\/wp\/v2\/types\/post"}],"author":[{"embeddable":true,"href":"https:\/\/likemetkovic.hr\/portal\/wp-json\/wp\/v2\/users\/7"}],"replies":[{"embeddable":true,"href":"https:\/\/likemetkovic.hr\/portal\/wp-json\/wp\/v2\/comments?post=115362"}],"version-history":[{"count":0,"href":"https:\/\/likemetkovic.hr\/portal\/wp-json\/wp\/v2\/posts\/115362\/revisions"}],"wp:featuredmedia":[{"embeddable":true,"href":"https:\/\/likemetkovic.hr\/portal\/wp-json\/wp\/v2\/media\/112636"}],"wp:attachment":[{"href":"https:\/\/likemetkovic.hr\/portal\/wp-json\/wp\/v2\/media?parent=115362"}],"wp:term":[{"taxonomy":"category","embeddable":true,"href":"https:\/\/likemetkovic.hr\/portal\/wp-json\/wp\/v2\/categories?post=115362"},{"taxonomy":"post_tag","embeddable":true,"href":"https:\/\/likemetkovic.hr\/portal\/wp-json\/wp\/v2\/tags?post=115362"}],"curies":[{"name":"wp","href":"https:\/\/api.w.org\/{rel}","templated":true}]}}