{"id":115413,"date":"2021-04-03T10:04:01","date_gmt":"2021-04-03T08:04:01","guid":{"rendered":"https:\/\/likemetkovic.hr\/?p=115413"},"modified":"2021-04-03T10:04:01","modified_gmt":"2021-04-03T08:04:01","slug":"izbori-2021-dario-srsen-je-nezavisni-kandidat-za-nacelnika-opcine-slivno","status":"publish","type":"post","link":"https:\/\/likemetkovic.hr\/portal\/izbori-2021-dario-srsen-je-nezavisni-kandidat-za-nacelnika-opcine-slivno\/","title":{"rendered":"IZBORI 2021. Dario Sr\u0161en je nezavisni kandidat za na\u010delnika Op\u0107ine Slivno"},"content":{"rendered":"<p>Dario Sr\u0161en je danas objavio svoju kandidaturu za na\u010delnika Op\u0107ine Slivno na predstoje\u0107im lokalnim izborima koji \u0107e se odr\u017eati 16. svibjna.\u00a0Pandemija koronavirusa je sprije\u010dila njegovo javno predstavljanje koje se trebalo odr\u017eati danas pa se obratio javnosti priop\u0107enjem.<\/p>\n<p>Njegovo obra\u0107anje javnosti prenosimo u cijelosti:<\/p>\n<p><em><img decoding=\"async\" class=\"alignnone size-full wp-image-115418\" src=\"https:\/\/likemetkovic.hr\/wp-content\/uploads\/2021\/04\/dario-srsen-slivno-izbori.jpg\" alt=\"\" width=\"800\" height=\"552\" srcset=\"https:\/\/likemetkovic.hr\/portal\/wp-content\/uploads\/2021\/04\/dario-srsen-slivno-izbori.jpg 800w, https:\/\/likemetkovic.hr\/portal\/wp-content\/uploads\/2021\/04\/dario-srsen-slivno-izbori-768x530.jpg 768w, https:\/\/likemetkovic.hr\/portal\/wp-content\/uploads\/2021\/04\/dario-srsen-slivno-izbori-218x150.jpg 218w, https:\/\/likemetkovic.hr\/portal\/wp-content\/uploads\/2021\/04\/dario-srsen-slivno-izbori-696x480.jpg 696w, https:\/\/likemetkovic.hr\/portal\/wp-content\/uploads\/2021\/04\/dario-srsen-slivno-izbori-609x420.jpg 609w, https:\/\/likemetkovic.hr\/portal\/wp-content\/uploads\/2021\/04\/dario-srsen-slivno-izbori-100x70.jpg 100w\" sizes=\"(max-width: 800px) 100vw, 800px\" \/>Po\u0161tovani sugra\u0111ani, susjedi i prijatelji, ovim putem \u017eelim slu\u017ebeno objaviti kako \u0107u biti nezavisni kandidat za na\u010delnika Op\u0107ine Slivno na predstoje\u0107im lokalnim izborima 16. svibnja 2021. godine.<\/em><\/p>\n<p><em>Kao magistar politi\u010dkih znanosti, imao sam priliku kroz razne konferencije upoznati Europu od Gr\u010dke do Njema\u010dke te objaviti vlastite znanstvene radove, no uvijek sam se vra\u0107ao svojim korijenima, Op\u0107ini Slivno. I koliko god su me ti povratci veselili, toliko su me i rastu\u017eivali i ljutili. Jer pri svakom mom odlasku i povratku u Slivno, mijenjali smo se i Europa i Zagreb i ja, ali na\u0161a Op\u0107ina je stagnirala.<\/em><\/p>\n<p><em>Jedini vidljivi pomaci isklju\u010divo su vezani uz dobru volju pojedinaca koji samostalno ure\u0111uju svoja mjesta, stvaraju nove sadr\u017eaje te tako oboga\u0107uju ponudu u Op\u0107ini. Istovremeno od op\u0107inskih vlasti redovito, svako \u010detiri godine, slu\u0161amo ista obe\u0107anja: \u201enapravit \u0107emo kanalizaciju i rije\u0161iti pitanje poljoprivrednih zemlji\u0161ta\u201c. To su im bili glavni aduti na posljednjim izborima, a bit \u0107e i na ovima jer ni\u0161ta od navedenog nisu ispunili.<\/em><br \/>\n<em>No nevjerojatno je kako za op\u0107inu u kojoj se gradi jedan od najve\u0107ih infrastrukturnih projekata u povijesti dr\u017eave, Pelje\u0161ki most, gotovo nitko u Hrvatskoj nije \u010duo! Njegova gradnja daje mogu\u0107nost za daljnji razvoj turizma i prepoznatljivosti na\u0161e Op\u0107ine, ali trenutna vlast kao da nije svjesna prilike koja joj le\u017ei u krilu. Ili nije svjesna ili jednostavno ne zna \u0161to s njom u\u010diniti. A ne mo\u017ee se re\u0107i ni da nema novca za projekte, jer prora\u010dun Op\u0107ine posljednjih godina iznosi i po sedam do osam milijuna kuna \u0161to su veliki iznosi za jednu malu op\u0107inu.<\/em><\/p>\n<p><em>Zato u mojoj viziji Slivna postoji manifestacija Slivanjskog ljeta koja obuhva\u0107a kulturna, sportska i zabavna doga\u0111anja diljem Op\u0107ine, ne samo u onim mjestima koja se nalaze na obali i \u017eive od turizma.<\/em><\/p>\n<p><em>U toj viziji, mali poljoprivredni proizvo\u0111a\u010di tijekom ljeta imaju \u0161tandove za prodavanje vo\u0107a i povr\u0107a u onim mjestima koja turisti najvi\u0161e posje\u0107uju. To Slivno poti\u010de male poduzetnike i obrtnike na otvaranje poslova. Obiteljima s vi\u0161e djece dodatno smanjuje komunalnu naknadu te ispla\u0107uje ve\u0107e naknade za svako novoro\u0111eno dijete. To i takvo Slivno nagra\u0111uje svoje darovite u\u010denike i prati ih kroz njihovo obrazovanje. U tom Slivnu, mlade obitelji \u017eele \u017eivjeti.<\/em><\/p>\n<p><em>Veliki pomaci mogli su se ostvariti da je vlast oslu\u0161kivala potrebe naroda. Mnogo se moglo posti\u0107i da se mjesnim odborima dala ve\u0107a uloga, jer tko bolje mo\u017ee znati probleme jednog mjesta, ako ne njegovi mje\u0161tani.<\/em><\/p>\n<p><em>Ali kako bi se to ostvarilo, u Op\u0107ini Slivno trebaju zapuhati neki novi vjetrovi. Zato svi mi moramo biti glas promjene i na ovim lokalnim izborima ne birati one koji su desetlje\u0107ima na vlasti i pri vlasti, ve\u0107 birati one koji mogu, znaju i \u017eele raditi. Na ovim izborima izaberite Slivno,<\/em> objavio je Dario Sr\u0161en, nezavisni kandidat za na\u010delnika Op\u0107ine Slivno.<\/p>\n<p><strong>Dario Sr\u0161en<\/strong> ro\u0111en je 13. studenog 1994. u Metkovi\u0107u u kojem je zavr\u0161io i srednju \u0161kolu, dok je osnovnu poha\u0111ao u Blacama (Op\u0107ina Slivno) i Opuzenu. Diplomirao je 2018. godine na Fakultetu politi\u010dkih znanosti u Zagrebu, smjerovi Me\u0111unarodni odnosi i Nacionalna sigurnost. Kratko je radio kao zamjenik glavne tajnice i \u0161ef ljudskih resursa u Me\u0111unarodnom udru\u017eenju studenata politologije (IAPSS), nakon \u010dega se zapo\u0161ljava kao novinar \u2013 prvo u Zagrebu pa onda u Metkovi\u0107u gdje i sada radi. Autor je dvaju znanstvenih radova iz podru\u010dja geopolitike te aktivno govori engleski, a pasivno francuski jezik.<\/p>\n","protected":false},"excerpt":{"rendered":"<p>Dario Sr\u0161en je danas objavio svoju kandidaturu za na\u010delnika Op\u0107ine Slivno na predstoje\u0107im lokalnim izborima koji \u0107e se odr\u017eati 16. svibjna.\u00a0Pandemija koronavirusa je sprije\u010dila njegovo javno predstavljanje koje se trebalo odr\u017eati danas pa se obratio javnosti priop\u0107enjem. Njegovo obra\u0107anje javnosti prenosimo u cijelosti: Po\u0161tovani sugra\u0111ani, susjedi i prijatelji, ovim putem \u017eelim slu\u017ebeno objaviti kako \u0107u [&hellip;]<\/p>\n","protected":false},"author":7,"featured_media":115418,"comment_status":"open","ping_status":"open","sticky":false,"template":"","format":"standard","meta":{"footnotes":""},"categories":[296,11,290],"tags":[9143,8932,1120],"class_list":{"0":"post-115413","1":"post","2":"type-post","3":"status-publish","4":"format-standard","5":"has-post-thumbnail","7":"category-ab","8":"category-metkovic-dolina","9":"category-politika","10":"tag-dario-srsen","11":"tag-lokalni-izbori-2021","12":"tag-opcina-slivno"},"yoast_head":"<!-- This site is optimized with the Yoast SEO plugin v25.2 - https:\/\/yoast.com\/wordpress\/plugins\/seo\/ -->\n<title>IZBORI 2021. Dario Sr\u0161en je nezavisni kandidat za na\u010delnika Op\u0107ine Slivno - likemetkovic.hr<\/title>\n<meta name=\"robots\" content=\"index, follow, max-snippet:-1, max-image-preview:large, max-video-preview:-1\" \/>\n<link rel=\"canonical\" href=\"https:\/\/likemetkovic.hr\/izbori-2021-dario-srsen-je-nezavisni-kandidat-za-nacelnika-opcine-slivno\/\" \/>\n<meta property=\"og:locale\" content=\"hr_HR\" \/>\n<meta property=\"og:type\" content=\"article\" \/>\n<meta property=\"og:title\" content=\"IZBORI 2021. Dario Sr\u0161en je nezavisni kandidat za na\u010delnika Op\u0107ine Slivno - likemetkovic.hr\" \/>\n<meta property=\"og:description\" content=\"Dario Sr\u0161en je danas objavio svoju kandidaturu za na\u010delnika Op\u0107ine Slivno na predstoje\u0107im lokalnim izborima koji \u0107e se odr\u017eati 16. svibjna.\u00a0Pandemija koronavirusa je sprije\u010dila njegovo javno predstavljanje koje se trebalo odr\u017eati danas pa se obratio javnosti priop\u0107enjem. Njegovo obra\u0107anje javnosti prenosimo u cijelosti: Po\u0161tovani sugra\u0111ani, susjedi i prijatelji, ovim putem \u017eelim slu\u017ebeno objaviti kako \u0107u [&hellip;]\" \/>\n<meta property=\"og:url\" content=\"https:\/\/likemetkovic.hr\/izbori-2021-dario-srsen-je-nezavisni-kandidat-za-nacelnika-opcine-slivno\/\" \/>\n<meta property=\"og:site_name\" content=\"likemetkovic.hr\" \/>\n<meta property=\"article:publisher\" content=\"https:\/\/www.facebook.com\/likemetkovic.hr\/\" \/>\n<meta property=\"article:published_time\" content=\"2021-04-03T08:04:01+00:00\" \/>\n<meta property=\"og:image\" content=\"https:\/\/likemetkovic.hr\/wp-content\/uploads\/2021\/04\/dario-srsen-slivno-izbori.jpg\" \/>\n\t<meta property=\"og:image:width\" content=\"800\" \/>\n\t<meta property=\"og:image:height\" content=\"552\" \/>\n\t<meta property=\"og:image:type\" content=\"image\/jpeg\" \/>\n<meta name=\"author\" content=\"LIKEmetkovic.hr\" \/>\n<meta name=\"twitter:card\" content=\"summary_large_image\" \/>\n<meta name=\"twitter:label1\" content=\"Napisao\/la\" \/>\n\t<meta name=\"twitter:data1\" content=\"LIKEmetkovic.hr\" \/>\n\t<meta name=\"twitter:label2\" content=\"Procijenjeno vrijeme \u010ditanja\" \/>\n\t<meta name=\"twitter:data2\" content=\"3 minute\" \/>\n<script type=\"application\/ld+json\" class=\"yoast-schema-graph\">{\"@context\":\"https:\/\/schema.org\",\"@graph\":[{\"@type\":\"WebPage\",\"@id\":\"https:\/\/likemetkovic.hr\/izbori-2021-dario-srsen-je-nezavisni-kandidat-za-nacelnika-opcine-slivno\/\",\"url\":\"https:\/\/likemetkovic.hr\/izbori-2021-dario-srsen-je-nezavisni-kandidat-za-nacelnika-opcine-slivno\/\",\"name\":\"IZBORI 2021. Dario Sr\u0161en je nezavisni kandidat za na\u010delnika Op\u0107ine Slivno - likemetkovic.hr\",\"isPartOf\":{\"@id\":\"https:\/\/likemetkovic.hr\/#website\"},\"primaryImageOfPage\":{\"@id\":\"https:\/\/likemetkovic.hr\/izbori-2021-dario-srsen-je-nezavisni-kandidat-za-nacelnika-opcine-slivno\/#primaryimage\"},\"image\":{\"@id\":\"https:\/\/likemetkovic.hr\/izbori-2021-dario-srsen-je-nezavisni-kandidat-za-nacelnika-opcine-slivno\/#primaryimage\"},\"thumbnailUrl\":\"https:\/\/likemetkovic.hr\/portal\/wp-content\/uploads\/2021\/04\/dario-srsen-slivno-izbori.jpg\",\"datePublished\":\"2021-04-03T08:04:01+00:00\",\"author\":{\"@id\":\"https:\/\/likemetkovic.hr\/#\/schema\/person\/a42711f3385a0e2be6f7e0443bfb28f0\"},\"breadcrumb\":{\"@id\":\"https:\/\/likemetkovic.hr\/izbori-2021-dario-srsen-je-nezavisni-kandidat-za-nacelnika-opcine-slivno\/#breadcrumb\"},\"inLanguage\":\"hr\",\"potentialAction\":[{\"@type\":\"ReadAction\",\"target\":[\"https:\/\/likemetkovic.hr\/izbori-2021-dario-srsen-je-nezavisni-kandidat-za-nacelnika-opcine-slivno\/\"]}]},{\"@type\":\"ImageObject\",\"inLanguage\":\"hr\",\"@id\":\"https:\/\/likemetkovic.hr\/izbori-2021-dario-srsen-je-nezavisni-kandidat-za-nacelnika-opcine-slivno\/#primaryimage\",\"url\":\"https:\/\/likemetkovic.hr\/portal\/wp-content\/uploads\/2021\/04\/dario-srsen-slivno-izbori.jpg\",\"contentUrl\":\"https:\/\/likemetkovic.hr\/portal\/wp-content\/uploads\/2021\/04\/dario-srsen-slivno-izbori.jpg\",\"width\":800,\"height\":552},{\"@type\":\"BreadcrumbList\",\"@id\":\"https:\/\/likemetkovic.hr\/izbori-2021-dario-srsen-je-nezavisni-kandidat-za-nacelnika-opcine-slivno\/#breadcrumb\",\"itemListElement\":[{\"@type\":\"ListItem\",\"position\":1,\"name\":\"Po\u010detna stranica\",\"item\":\"https:\/\/likemetkovic.hr\/portal\/\"},{\"@type\":\"ListItem\",\"position\":2,\"name\":\"IZBORI 2021. Dario Sr\u0161en je nezavisni kandidat za na\u010delnika Op\u0107ine Slivno\"}]},{\"@type\":\"WebSite\",\"@id\":\"https:\/\/likemetkovic.hr\/#website\",\"url\":\"https:\/\/likemetkovic.hr\/\",\"name\":\"likemetkovic.hr\",\"description\":\"Misli pozitivno... \u010ditaj LIKE\",\"potentialAction\":[{\"@type\":\"SearchAction\",\"target\":{\"@type\":\"EntryPoint\",\"urlTemplate\":\"https:\/\/likemetkovic.hr\/?s={search_term_string}\"},\"query-input\":{\"@type\":\"PropertyValueSpecification\",\"valueRequired\":true,\"valueName\":\"search_term_string\"}}],\"inLanguage\":\"hr\"},{\"@type\":\"Person\",\"@id\":\"https:\/\/likemetkovic.hr\/#\/schema\/person\/a42711f3385a0e2be6f7e0443bfb28f0\",\"name\":\"LIKEmetkovic.hr\",\"sameAs\":[\"http:\/\/likemetkovic.hr\"],\"url\":\"https:\/\/likemetkovic.hr\/portal\/author\/likemetkovic-hr\/\"}]}<\/script>\n<!-- \/ Yoast SEO plugin. -->","yoast_head_json":{"title":"IZBORI 2021. Dario Sr\u0161en je nezavisni kandidat za na\u010delnika Op\u0107ine Slivno - likemetkovic.hr","robots":{"index":"index","follow":"follow","max-snippet":"max-snippet:-1","max-image-preview":"max-image-preview:large","max-video-preview":"max-video-preview:-1"},"canonical":"https:\/\/likemetkovic.hr\/izbori-2021-dario-srsen-je-nezavisni-kandidat-za-nacelnika-opcine-slivno\/","og_locale":"hr_HR","og_type":"article","og_title":"IZBORI 2021. Dario Sr\u0161en je nezavisni kandidat za na\u010delnika Op\u0107ine Slivno - likemetkovic.hr","og_description":"Dario Sr\u0161en je danas objavio svoju kandidaturu za na\u010delnika Op\u0107ine Slivno na predstoje\u0107im lokalnim izborima koji \u0107e se odr\u017eati 16. svibjna.\u00a0Pandemija koronavirusa je sprije\u010dila njegovo javno predstavljanje koje se trebalo odr\u017eati danas pa se obratio javnosti priop\u0107enjem. Njegovo obra\u0107anje javnosti prenosimo u cijelosti: Po\u0161tovani sugra\u0111ani, susjedi i prijatelji, ovim putem \u017eelim slu\u017ebeno objaviti kako \u0107u [&hellip;]","og_url":"https:\/\/likemetkovic.hr\/izbori-2021-dario-srsen-je-nezavisni-kandidat-za-nacelnika-opcine-slivno\/","og_site_name":"likemetkovic.hr","article_publisher":"https:\/\/www.facebook.com\/likemetkovic.hr\/","article_published_time":"2021-04-03T08:04:01+00:00","og_image":[{"width":800,"height":552,"url":"https:\/\/likemetkovic.hr\/wp-content\/uploads\/2021\/04\/dario-srsen-slivno-izbori.jpg","type":"image\/jpeg"}],"author":"LIKEmetkovic.hr","twitter_card":"summary_large_image","twitter_misc":{"Napisao\/la":"LIKEmetkovic.hr","Procijenjeno vrijeme \u010ditanja":"3 minute"},"schema":{"@context":"https:\/\/schema.org","@graph":[{"@type":"WebPage","@id":"https:\/\/likemetkovic.hr\/izbori-2021-dario-srsen-je-nezavisni-kandidat-za-nacelnika-opcine-slivno\/","url":"https:\/\/likemetkovic.hr\/izbori-2021-dario-srsen-je-nezavisni-kandidat-za-nacelnika-opcine-slivno\/","name":"IZBORI 2021. Dario Sr\u0161en je nezavisni kandidat za na\u010delnika Op\u0107ine Slivno - likemetkovic.hr","isPartOf":{"@id":"https:\/\/likemetkovic.hr\/#website"},"primaryImageOfPage":{"@id":"https:\/\/likemetkovic.hr\/izbori-2021-dario-srsen-je-nezavisni-kandidat-za-nacelnika-opcine-slivno\/#primaryimage"},"image":{"@id":"https:\/\/likemetkovic.hr\/izbori-2021-dario-srsen-je-nezavisni-kandidat-za-nacelnika-opcine-slivno\/#primaryimage"},"thumbnailUrl":"https:\/\/likemetkovic.hr\/portal\/wp-content\/uploads\/2021\/04\/dario-srsen-slivno-izbori.jpg","datePublished":"2021-04-03T08:04:01+00:00","author":{"@id":"https:\/\/likemetkovic.hr\/#\/schema\/person\/a42711f3385a0e2be6f7e0443bfb28f0"},"breadcrumb":{"@id":"https:\/\/likemetkovic.hr\/izbori-2021-dario-srsen-je-nezavisni-kandidat-za-nacelnika-opcine-slivno\/#breadcrumb"},"inLanguage":"hr","potentialAction":[{"@type":"ReadAction","target":["https:\/\/likemetkovic.hr\/izbori-2021-dario-srsen-je-nezavisni-kandidat-za-nacelnika-opcine-slivno\/"]}]},{"@type":"ImageObject","inLanguage":"hr","@id":"https:\/\/likemetkovic.hr\/izbori-2021-dario-srsen-je-nezavisni-kandidat-za-nacelnika-opcine-slivno\/#primaryimage","url":"https:\/\/likemetkovic.hr\/portal\/wp-content\/uploads\/2021\/04\/dario-srsen-slivno-izbori.jpg","contentUrl":"https:\/\/likemetkovic.hr\/portal\/wp-content\/uploads\/2021\/04\/dario-srsen-slivno-izbori.jpg","width":800,"height":552},{"@type":"BreadcrumbList","@id":"https:\/\/likemetkovic.hr\/izbori-2021-dario-srsen-je-nezavisni-kandidat-za-nacelnika-opcine-slivno\/#breadcrumb","itemListElement":[{"@type":"ListItem","position":1,"name":"Po\u010detna stranica","item":"https:\/\/likemetkovic.hr\/portal\/"},{"@type":"ListItem","position":2,"name":"IZBORI 2021. Dario Sr\u0161en je nezavisni kandidat za na\u010delnika Op\u0107ine Slivno"}]},{"@type":"WebSite","@id":"https:\/\/likemetkovic.hr\/#website","url":"https:\/\/likemetkovic.hr\/","name":"likemetkovic.hr","description":"Misli pozitivno... \u010ditaj LIKE","potentialAction":[{"@type":"SearchAction","target":{"@type":"EntryPoint","urlTemplate":"https:\/\/likemetkovic.hr\/?s={search_term_string}"},"query-input":{"@type":"PropertyValueSpecification","valueRequired":true,"valueName":"search_term_string"}}],"inLanguage":"hr"},{"@type":"Person","@id":"https:\/\/likemetkovic.hr\/#\/schema\/person\/a42711f3385a0e2be6f7e0443bfb28f0","name":"LIKEmetkovic.hr","sameAs":["http:\/\/likemetkovic.hr"],"url":"https:\/\/likemetkovic.hr\/portal\/author\/likemetkovic-hr\/"}]}},"_links":{"self":[{"href":"https:\/\/likemetkovic.hr\/portal\/wp-json\/wp\/v2\/posts\/115413","targetHints":{"allow":["GET"]}}],"collection":[{"href":"https:\/\/likemetkovic.hr\/portal\/wp-json\/wp\/v2\/posts"}],"about":[{"href":"https:\/\/likemetkovic.hr\/portal\/wp-json\/wp\/v2\/types\/post"}],"author":[{"embeddable":true,"href":"https:\/\/likemetkovic.hr\/portal\/wp-json\/wp\/v2\/users\/7"}],"replies":[{"embeddable":true,"href":"https:\/\/likemetkovic.hr\/portal\/wp-json\/wp\/v2\/comments?post=115413"}],"version-history":[{"count":0,"href":"https:\/\/likemetkovic.hr\/portal\/wp-json\/wp\/v2\/posts\/115413\/revisions"}],"wp:featuredmedia":[{"embeddable":true,"href":"https:\/\/likemetkovic.hr\/portal\/wp-json\/wp\/v2\/media\/115418"}],"wp:attachment":[{"href":"https:\/\/likemetkovic.hr\/portal\/wp-json\/wp\/v2\/media?parent=115413"}],"wp:term":[{"taxonomy":"category","embeddable":true,"href":"https:\/\/likemetkovic.hr\/portal\/wp-json\/wp\/v2\/categories?post=115413"},{"taxonomy":"post_tag","embeddable":true,"href":"https:\/\/likemetkovic.hr\/portal\/wp-json\/wp\/v2\/tags?post=115413"}],"curies":[{"name":"wp","href":"https:\/\/api.w.org\/{rel}","templated":true}]}}