{"id":115499,"date":"2021-04-05T08:44:35","date_gmt":"2021-04-05T06:44:35","guid":{"rendered":"https:\/\/likemetkovic.hr\/?p=115499"},"modified":"2021-04-05T08:44:35","modified_gmt":"2021-04-05T06:44:35","slug":"mrezu-5g-vec-ima-trecina-hrvatske-evo-kad-ce-je-dobiti-metkovic-opuzen-i-ploce","status":"publish","type":"post","link":"https:\/\/likemetkovic.hr\/portal\/mrezu-5g-vec-ima-trecina-hrvatske-evo-kad-ce-je-dobiti-metkovic-opuzen-i-ploce\/","title":{"rendered":"Mre\u017eu 5G ve\u0107 ima tre\u0107ina Hrvatske, evo kad \u0107e je dobiti Metkovi\u0107, Opuzen i Plo\u010de"},"content":{"rendered":"<p>U Hrvatskoj je, prema procjeni struke, tre\u0107ina stanovni\u0161tva pokrivena mre\u017eom pete generacije, no ne i na jugu. Budu\u0107i da \u0107e i ove godine zbog korone izostati turisti\u010dka sezona na kakve smo navikli, investitorima s podru\u010dja telekomunikacija nikud se ne \u017euri, makar skoro obe\u0107avaju pobolj\u0161anja, pi\u0161e <a href=\"https:\/\/dubrovacki.slobodnadalmacija.hr\/dubrovnik\/vijesti\/hrvatska-i-svijet\/mrezu-5g-vec-ima-trecina-hrvatske-evo-kad-ce-je-dobiti-dubrovnik-korcula-metkovic-opuzen-i-ploce-1089012\" target=\"_blank\" rel=\"noopener\">Dubrova\u010dki vjesnik<\/a>.<\/p>\n<p>Na popisu lokacija koje pokriva teleoperater<strong> Hrvatski telekom<\/strong> zasada su 34 grada i vi\u0161e od 1,5 milijuna gra\u0111ana&#8230; <strong>Dubrovnik, Metkovi\u0107, Plo\u010de i Opuzen 5G-om \u0107e pokriti tijekom ove godine.<\/strong><\/p>\n<p>U aktualnoj, ranoj fazi primjene 5G tehnologije, korisnik, ka\u017eu, mo\u017ee iskusiti ne\u0161to ve\u0107u brzinu i latenciju (vrijeme od doticaja zaslona do reakcije na zaslonu), a kroz naredne godine 5G tehnologija \u0107e se dodatno unaprijediti. Trenuta\u010dno je prioritet na boljoj pokrivenosti, pove\u0107anju brzina i pouzdanosti veze, navode iz HT-a.<\/p>\n<p>&#8211; To su prije svega br\u017ei i bolji pristup internetu, br\u017ei odaziv mre\u017ee te osjetno bolja povezanost velikog broja ure\u0111aja, \u0161to je preduvjet za razvoj pametnih industrija, modernih gradova i dru\u0161tva budu\u0107nosti. Zdravstvo, obrazovanje, proizvodnja, poljoprivreda, energetika, turizam, promet samo su neka od podru\u010dja koja \u0107e 5G uvelike unaprijediti \u2013 obe\u0107avaju iz Hrvatskog Telekoma. koji planira svojim korisnicima u pojedinim tarifama do 30. lipnja 2021. godine, bez dodatnih tro\u0161kova, ponuditi kori\u0161tenje 5G mre\u017ee. No, za to se svi zainteresirani moraju nalaziti na podru\u010dju pokrivenosti 5G mre\u017eom i imati kompatibilan ure\u0111aj.<\/p>\n<p><strong>Teleoperater A1<\/strong> pomake u planu uvo\u0111enja novih tehnologija najavljuju ovoga ljeta.<\/p>\n<p>&#8211; A1 Hrvatska testira 5G funkcionalnosti na podru\u010dju Dubrova\u010dko-neretvanske \u017eupanije i samog grada Dubrovnika. Cilj testiranja je posti\u0107i optimalni dizajn mre\u017ee za maksimalne 5G brzine i latenciju od nekoliko milisekundi \u0161to \u0107e omogu\u0107iti naprednu primjenu tehnologije u poslovne svrhe, ali i za privatne korisnike. Ispred A1 Hrvatska je veliki investicijski ciklus u bazne stanice, redizajn temeljne i transportne mre\u017ee i izgradnju podatkovnih centara, na \u010demu kompanija radi posljednje dvije godine te \u0107e biti spremna osigurati vrhunsko korisni\u010dko iskustvo s 5G-om \u2013 isti\u010du iz A1 Hrvatska i dodaju kako \u0107e korisnicima za<strong> pristup 5G mre\u017ei trebati novi ure\u0111aji.<\/strong><\/p>\n<p>&#8211; Na tr\u017ei\u0161tu ve\u0107 postoji niz modela s podr\u0161kom za 5G mre\u017eu te \u0107e uskoro postati \u0161iroko dostupni u razli\u010ditim cjenovnim razredima. Za o\u010dekivati je da \u0107e kroz godinu dana<strong> ve\u0107ina novih modela podr\u017eavati 5G mre\u017eu<\/strong>. Naravno, svi koji imati 4G ure\u0111aje i dalje \u0107e ih mo\u0107i koristiti, kao i do sada \u2013 utje\u0161ili su korisnike iz A1 Hrvatska, pi\u0161e <a href=\"https:\/\/dubrovacki.slobodnadalmacija.hr\/dubrovnik\/vijesti\/hrvatska-i-svijet\/mrezu-5g-vec-ima-trecina-hrvatske-evo-kad-ce-je-dobiti-dubrovnik-korcula-metkovic-opuzen-i-ploce-1089012\" target=\"_blank\" rel=\"noopener\">Dubrova\u010dki vjesnik<\/a>.<\/p>\n","protected":false},"excerpt":{"rendered":"<p>U Hrvatskoj je, prema procjeni struke, tre\u0107ina stanovni\u0161tva pokrivena mre\u017eom pete generacije, no ne i na jugu. Budu\u0107i da \u0107e i ove godine zbog korone izostati turisti\u010dka sezona na kakve smo navikli, investitorima s podru\u010dja telekomunikacija nikud se ne \u017euri, makar skoro obe\u0107avaju pobolj\u0161anja, pi\u0161e Dubrova\u010dki vjesnik. Na popisu lokacija koje pokriva teleoperater Hrvatski telekom [&hellip;]<\/p>\n","protected":false},"author":7,"featured_media":115500,"comment_status":"open","ping_status":"open","sticky":false,"template":"","format":"standard","meta":{"footnotes":""},"categories":[283,11],"tags":[9147,6648],"class_list":{"0":"post-115499","1":"post","2":"type-post","3":"status-publish","4":"format-standard","5":"has-post-thumbnail","7":"category-a","8":"category-metkovic-dolina","9":"tag-5g-mreza","10":"tag-teleoperateri"},"yoast_head":"<!-- This site is optimized with the Yoast SEO plugin v25.2 - https:\/\/yoast.com\/wordpress\/plugins\/seo\/ -->\n<title>Mre\u017eu 5G ve\u0107 ima tre\u0107ina Hrvatske, evo kad \u0107e je dobiti Metkovi\u0107, Opuzen i Plo\u010de - likemetkovic.hr<\/title>\n<meta name=\"robots\" content=\"index, follow, max-snippet:-1, max-image-preview:large, max-video-preview:-1\" \/>\n<link rel=\"canonical\" href=\"https:\/\/likemetkovic.hr\/mrezu-5g-vec-ima-trecina-hrvatske-evo-kad-ce-je-dobiti-metkovic-opuzen-i-ploce\/\" \/>\n<meta property=\"og:locale\" content=\"hr_HR\" \/>\n<meta property=\"og:type\" content=\"article\" \/>\n<meta property=\"og:title\" content=\"Mre\u017eu 5G ve\u0107 ima tre\u0107ina Hrvatske, evo kad \u0107e je dobiti Metkovi\u0107, Opuzen i Plo\u010de - likemetkovic.hr\" \/>\n<meta property=\"og:description\" content=\"U Hrvatskoj je, prema procjeni struke, tre\u0107ina stanovni\u0161tva pokrivena mre\u017eom pete generacije, no ne i na jugu. Budu\u0107i da \u0107e i ove godine zbog korone izostati turisti\u010dka sezona na kakve smo navikli, investitorima s podru\u010dja telekomunikacija nikud se ne \u017euri, makar skoro obe\u0107avaju pobolj\u0161anja, pi\u0161e Dubrova\u010dki vjesnik. Na popisu lokacija koje pokriva teleoperater Hrvatski telekom [&hellip;]\" \/>\n<meta property=\"og:url\" content=\"https:\/\/likemetkovic.hr\/mrezu-5g-vec-ima-trecina-hrvatske-evo-kad-ce-je-dobiti-metkovic-opuzen-i-ploce\/\" \/>\n<meta property=\"og:site_name\" content=\"likemetkovic.hr\" \/>\n<meta property=\"article:publisher\" content=\"https:\/\/www.facebook.com\/likemetkovic.hr\/\" \/>\n<meta property=\"article:published_time\" content=\"2021-04-05T06:44:35+00:00\" \/>\n<meta property=\"og:image\" content=\"https:\/\/likemetkovic.hr\/wp-content\/uploads\/2021\/04\/5g-mreza.jpg\" \/>\n\t<meta property=\"og:image:width\" content=\"850\" \/>\n\t<meta property=\"og:image:height\" content=\"425\" \/>\n\t<meta property=\"og:image:type\" content=\"image\/jpeg\" \/>\n<meta name=\"author\" content=\"LIKEmetkovic.hr\" \/>\n<meta name=\"twitter:card\" content=\"summary_large_image\" \/>\n<meta name=\"twitter:label1\" content=\"Napisao\/la\" \/>\n\t<meta name=\"twitter:data1\" content=\"LIKEmetkovic.hr\" \/>\n\t<meta name=\"twitter:label2\" content=\"Procijenjeno vrijeme \u010ditanja\" \/>\n\t<meta name=\"twitter:data2\" content=\"2 minute\" \/>\n<script type=\"application\/ld+json\" class=\"yoast-schema-graph\">{\"@context\":\"https:\/\/schema.org\",\"@graph\":[{\"@type\":\"WebPage\",\"@id\":\"https:\/\/likemetkovic.hr\/mrezu-5g-vec-ima-trecina-hrvatske-evo-kad-ce-je-dobiti-metkovic-opuzen-i-ploce\/\",\"url\":\"https:\/\/likemetkovic.hr\/mrezu-5g-vec-ima-trecina-hrvatske-evo-kad-ce-je-dobiti-metkovic-opuzen-i-ploce\/\",\"name\":\"Mre\u017eu 5G ve\u0107 ima tre\u0107ina Hrvatske, evo kad \u0107e je dobiti Metkovi\u0107, Opuzen i Plo\u010de - likemetkovic.hr\",\"isPartOf\":{\"@id\":\"https:\/\/likemetkovic.hr\/#website\"},\"primaryImageOfPage\":{\"@id\":\"https:\/\/likemetkovic.hr\/mrezu-5g-vec-ima-trecina-hrvatske-evo-kad-ce-je-dobiti-metkovic-opuzen-i-ploce\/#primaryimage\"},\"image\":{\"@id\":\"https:\/\/likemetkovic.hr\/mrezu-5g-vec-ima-trecina-hrvatske-evo-kad-ce-je-dobiti-metkovic-opuzen-i-ploce\/#primaryimage\"},\"thumbnailUrl\":\"https:\/\/likemetkovic.hr\/portal\/wp-content\/uploads\/2021\/04\/5g-mreza.jpg\",\"datePublished\":\"2021-04-05T06:44:35+00:00\",\"author\":{\"@id\":\"https:\/\/likemetkovic.hr\/#\/schema\/person\/a42711f3385a0e2be6f7e0443bfb28f0\"},\"breadcrumb\":{\"@id\":\"https:\/\/likemetkovic.hr\/mrezu-5g-vec-ima-trecina-hrvatske-evo-kad-ce-je-dobiti-metkovic-opuzen-i-ploce\/#breadcrumb\"},\"inLanguage\":\"hr\",\"potentialAction\":[{\"@type\":\"ReadAction\",\"target\":[\"https:\/\/likemetkovic.hr\/mrezu-5g-vec-ima-trecina-hrvatske-evo-kad-ce-je-dobiti-metkovic-opuzen-i-ploce\/\"]}]},{\"@type\":\"ImageObject\",\"inLanguage\":\"hr\",\"@id\":\"https:\/\/likemetkovic.hr\/mrezu-5g-vec-ima-trecina-hrvatske-evo-kad-ce-je-dobiti-metkovic-opuzen-i-ploce\/#primaryimage\",\"url\":\"https:\/\/likemetkovic.hr\/portal\/wp-content\/uploads\/2021\/04\/5g-mreza.jpg\",\"contentUrl\":\"https:\/\/likemetkovic.hr\/portal\/wp-content\/uploads\/2021\/04\/5g-mreza.jpg\",\"width\":850,\"height\":425},{\"@type\":\"BreadcrumbList\",\"@id\":\"https:\/\/likemetkovic.hr\/mrezu-5g-vec-ima-trecina-hrvatske-evo-kad-ce-je-dobiti-metkovic-opuzen-i-ploce\/#breadcrumb\",\"itemListElement\":[{\"@type\":\"ListItem\",\"position\":1,\"name\":\"Po\u010detna stranica\",\"item\":\"https:\/\/likemetkovic.hr\/portal\/\"},{\"@type\":\"ListItem\",\"position\":2,\"name\":\"Mre\u017eu 5G ve\u0107 ima tre\u0107ina Hrvatske, evo kad \u0107e je dobiti Metkovi\u0107, Opuzen i Plo\u010de\"}]},{\"@type\":\"WebSite\",\"@id\":\"https:\/\/likemetkovic.hr\/#website\",\"url\":\"https:\/\/likemetkovic.hr\/\",\"name\":\"likemetkovic.hr\",\"description\":\"Misli pozitivno... \u010ditaj LIKE\",\"potentialAction\":[{\"@type\":\"SearchAction\",\"target\":{\"@type\":\"EntryPoint\",\"urlTemplate\":\"https:\/\/likemetkovic.hr\/?s={search_term_string}\"},\"query-input\":{\"@type\":\"PropertyValueSpecification\",\"valueRequired\":true,\"valueName\":\"search_term_string\"}}],\"inLanguage\":\"hr\"},{\"@type\":\"Person\",\"@id\":\"https:\/\/likemetkovic.hr\/#\/schema\/person\/a42711f3385a0e2be6f7e0443bfb28f0\",\"name\":\"LIKEmetkovic.hr\",\"sameAs\":[\"http:\/\/likemetkovic.hr\"],\"url\":\"https:\/\/likemetkovic.hr\/portal\/author\/likemetkovic-hr\/\"}]}<\/script>\n<!-- \/ Yoast SEO plugin. -->","yoast_head_json":{"title":"Mre\u017eu 5G ve\u0107 ima tre\u0107ina Hrvatske, evo kad \u0107e je dobiti Metkovi\u0107, Opuzen i Plo\u010de - likemetkovic.hr","robots":{"index":"index","follow":"follow","max-snippet":"max-snippet:-1","max-image-preview":"max-image-preview:large","max-video-preview":"max-video-preview:-1"},"canonical":"https:\/\/likemetkovic.hr\/mrezu-5g-vec-ima-trecina-hrvatske-evo-kad-ce-je-dobiti-metkovic-opuzen-i-ploce\/","og_locale":"hr_HR","og_type":"article","og_title":"Mre\u017eu 5G ve\u0107 ima tre\u0107ina Hrvatske, evo kad \u0107e je dobiti Metkovi\u0107, Opuzen i Plo\u010de - likemetkovic.hr","og_description":"U Hrvatskoj je, prema procjeni struke, tre\u0107ina stanovni\u0161tva pokrivena mre\u017eom pete generacije, no ne i na jugu. Budu\u0107i da \u0107e i ove godine zbog korone izostati turisti\u010dka sezona na kakve smo navikli, investitorima s podru\u010dja telekomunikacija nikud se ne \u017euri, makar skoro obe\u0107avaju pobolj\u0161anja, pi\u0161e Dubrova\u010dki vjesnik. Na popisu lokacija koje pokriva teleoperater Hrvatski telekom [&hellip;]","og_url":"https:\/\/likemetkovic.hr\/mrezu-5g-vec-ima-trecina-hrvatske-evo-kad-ce-je-dobiti-metkovic-opuzen-i-ploce\/","og_site_name":"likemetkovic.hr","article_publisher":"https:\/\/www.facebook.com\/likemetkovic.hr\/","article_published_time":"2021-04-05T06:44:35+00:00","og_image":[{"width":850,"height":425,"url":"https:\/\/likemetkovic.hr\/wp-content\/uploads\/2021\/04\/5g-mreza.jpg","type":"image\/jpeg"}],"author":"LIKEmetkovic.hr","twitter_card":"summary_large_image","twitter_misc":{"Napisao\/la":"LIKEmetkovic.hr","Procijenjeno vrijeme \u010ditanja":"2 minute"},"schema":{"@context":"https:\/\/schema.org","@graph":[{"@type":"WebPage","@id":"https:\/\/likemetkovic.hr\/mrezu-5g-vec-ima-trecina-hrvatske-evo-kad-ce-je-dobiti-metkovic-opuzen-i-ploce\/","url":"https:\/\/likemetkovic.hr\/mrezu-5g-vec-ima-trecina-hrvatske-evo-kad-ce-je-dobiti-metkovic-opuzen-i-ploce\/","name":"Mre\u017eu 5G ve\u0107 ima tre\u0107ina Hrvatske, evo kad \u0107e je dobiti Metkovi\u0107, Opuzen i Plo\u010de - likemetkovic.hr","isPartOf":{"@id":"https:\/\/likemetkovic.hr\/#website"},"primaryImageOfPage":{"@id":"https:\/\/likemetkovic.hr\/mrezu-5g-vec-ima-trecina-hrvatske-evo-kad-ce-je-dobiti-metkovic-opuzen-i-ploce\/#primaryimage"},"image":{"@id":"https:\/\/likemetkovic.hr\/mrezu-5g-vec-ima-trecina-hrvatske-evo-kad-ce-je-dobiti-metkovic-opuzen-i-ploce\/#primaryimage"},"thumbnailUrl":"https:\/\/likemetkovic.hr\/portal\/wp-content\/uploads\/2021\/04\/5g-mreza.jpg","datePublished":"2021-04-05T06:44:35+00:00","author":{"@id":"https:\/\/likemetkovic.hr\/#\/schema\/person\/a42711f3385a0e2be6f7e0443bfb28f0"},"breadcrumb":{"@id":"https:\/\/likemetkovic.hr\/mrezu-5g-vec-ima-trecina-hrvatske-evo-kad-ce-je-dobiti-metkovic-opuzen-i-ploce\/#breadcrumb"},"inLanguage":"hr","potentialAction":[{"@type":"ReadAction","target":["https:\/\/likemetkovic.hr\/mrezu-5g-vec-ima-trecina-hrvatske-evo-kad-ce-je-dobiti-metkovic-opuzen-i-ploce\/"]}]},{"@type":"ImageObject","inLanguage":"hr","@id":"https:\/\/likemetkovic.hr\/mrezu-5g-vec-ima-trecina-hrvatske-evo-kad-ce-je-dobiti-metkovic-opuzen-i-ploce\/#primaryimage","url":"https:\/\/likemetkovic.hr\/portal\/wp-content\/uploads\/2021\/04\/5g-mreza.jpg","contentUrl":"https:\/\/likemetkovic.hr\/portal\/wp-content\/uploads\/2021\/04\/5g-mreza.jpg","width":850,"height":425},{"@type":"BreadcrumbList","@id":"https:\/\/likemetkovic.hr\/mrezu-5g-vec-ima-trecina-hrvatske-evo-kad-ce-je-dobiti-metkovic-opuzen-i-ploce\/#breadcrumb","itemListElement":[{"@type":"ListItem","position":1,"name":"Po\u010detna stranica","item":"https:\/\/likemetkovic.hr\/portal\/"},{"@type":"ListItem","position":2,"name":"Mre\u017eu 5G ve\u0107 ima tre\u0107ina Hrvatske, evo kad \u0107e je dobiti Metkovi\u0107, Opuzen i Plo\u010de"}]},{"@type":"WebSite","@id":"https:\/\/likemetkovic.hr\/#website","url":"https:\/\/likemetkovic.hr\/","name":"likemetkovic.hr","description":"Misli pozitivno... \u010ditaj LIKE","potentialAction":[{"@type":"SearchAction","target":{"@type":"EntryPoint","urlTemplate":"https:\/\/likemetkovic.hr\/?s={search_term_string}"},"query-input":{"@type":"PropertyValueSpecification","valueRequired":true,"valueName":"search_term_string"}}],"inLanguage":"hr"},{"@type":"Person","@id":"https:\/\/likemetkovic.hr\/#\/schema\/person\/a42711f3385a0e2be6f7e0443bfb28f0","name":"LIKEmetkovic.hr","sameAs":["http:\/\/likemetkovic.hr"],"url":"https:\/\/likemetkovic.hr\/portal\/author\/likemetkovic-hr\/"}]}},"_links":{"self":[{"href":"https:\/\/likemetkovic.hr\/portal\/wp-json\/wp\/v2\/posts\/115499","targetHints":{"allow":["GET"]}}],"collection":[{"href":"https:\/\/likemetkovic.hr\/portal\/wp-json\/wp\/v2\/posts"}],"about":[{"href":"https:\/\/likemetkovic.hr\/portal\/wp-json\/wp\/v2\/types\/post"}],"author":[{"embeddable":true,"href":"https:\/\/likemetkovic.hr\/portal\/wp-json\/wp\/v2\/users\/7"}],"replies":[{"embeddable":true,"href":"https:\/\/likemetkovic.hr\/portal\/wp-json\/wp\/v2\/comments?post=115499"}],"version-history":[{"count":0,"href":"https:\/\/likemetkovic.hr\/portal\/wp-json\/wp\/v2\/posts\/115499\/revisions"}],"wp:featuredmedia":[{"embeddable":true,"href":"https:\/\/likemetkovic.hr\/portal\/wp-json\/wp\/v2\/media\/115500"}],"wp:attachment":[{"href":"https:\/\/likemetkovic.hr\/portal\/wp-json\/wp\/v2\/media?parent=115499"}],"wp:term":[{"taxonomy":"category","embeddable":true,"href":"https:\/\/likemetkovic.hr\/portal\/wp-json\/wp\/v2\/categories?post=115499"},{"taxonomy":"post_tag","embeddable":true,"href":"https:\/\/likemetkovic.hr\/portal\/wp-json\/wp\/v2\/tags?post=115499"}],"curies":[{"name":"wp","href":"https:\/\/api.w.org\/{rel}","templated":true}]}}