{"id":115531,"date":"2021-04-06T11:52:57","date_gmt":"2021-04-06T09:52:57","guid":{"rendered":"https:\/\/likemetkovic.hr\/?p=115531"},"modified":"2021-04-06T11:56:08","modified_gmt":"2021-04-06T09:56:08","slug":"u-metkovicu-uhvacen-serijski-kradljivac-36-bicikla-osumnjicen-je-i-za-prijevaru","status":"publish","type":"post","link":"https:\/\/likemetkovic.hr\/portal\/u-metkovicu-uhvacen-serijski-kradljivac-36-bicikla-osumnjicen-je-i-za-prijevaru\/","title":{"rendered":"U Metkovi\u0107u uhva\u0107en kradljivac (36) bicikla, osumnji\u010den je i za prijevaru"},"content":{"rendered":"<p>Dovr\u0161enim kriminalisti\u010dkim istra\u017eivanjem policijskih slu\u017ebenika Policijske postaje Metkovi\u0107 36-godi\u0161nji hrvatski dr\u017eavljanin sumnji\u010di se za \u010detiri kaznena djela kra\u0111e i jedno kazneno djelo prijevare.<\/p>\n<p>Nakon \u0161to su policiji tijekom o\u017eujka prijavljena \u010detiri kaznena djela kra\u0111e bicikla na podru\u010dju Metkovi\u0107a, provedeno je kriminalisti\u010dko istra\u017eivanje kojim je utvr\u0111eno da je navedene kra\u0111e po\u010dinio spomenuti 36-godi\u0161njak.<\/p>\n<p>Dvije otu\u0111ene bicikle prona\u0111ene su u BiH i vra\u0107ene vlasnicima, a osumnji\u010deni 36-godi\u0161njak je kazneno prijavljen nadle\u017enom dr\u017eavnom odvjetni\u0161tvu u Metkovi\u0107u.<\/p>\n<p>Osim toga, utvr\u0111eno je da je 36-godi\u0161njak 17. o\u017eujka, predstavljaju\u0107i se drugim imenom, do\u0161ao u ku\u0107u 78-godi\u0161njaka od kojeg je posudio nov\u010dani iznos od 250 kuna koji mu je obe\u0107ao vratiti istog dana. Obzirom da do danas nije vratio posu\u0111eni novac, o\u0161te\u0107eni ga je prijavio za prijevaru za koju se progon po\u010dinitelja pokre\u0107e privatnom tu\u017ebom.<\/p>\n<p>Foto: Ilustracija<\/p>\n","protected":false},"excerpt":{"rendered":"<p>Dovr\u0161enim kriminalisti\u010dkim istra\u017eivanjem policijskih slu\u017ebenika Policijske postaje Metkovi\u0107 36-godi\u0161nji hrvatski dr\u017eavljanin sumnji\u010di se za \u010detiri kaznena djela kra\u0111e i jedno kazneno djelo prijevare. Nakon \u0161to su policiji tijekom o\u017eujka prijavljena \u010detiri kaznena djela kra\u0111e bicikla na podru\u010dju Metkovi\u0107a, provedeno je kriminalisti\u010dko istra\u017eivanje kojim je utvr\u0111eno da je navedene kra\u0111e po\u010dinio spomenuti 36-godi\u0161njak. Dvije otu\u0111ene bicikle [&hellip;]<\/p>\n","protected":false},"author":8,"featured_media":115109,"comment_status":"open","ping_status":"open","sticky":false,"template":"","format":"standard","meta":{"footnotes":""},"categories":[296,305],"tags":[5200,9149],"class_list":{"0":"post-115531","1":"post","2":"type-post","3":"status-publish","4":"format-standard","5":"has-post-thumbnail","7":"category-ab","8":"category-crna-kronika","9":"tag-bicikl","10":"tag-kradljivac"},"yoast_head":"<!-- This site is optimized with the Yoast SEO plugin v25.2 - https:\/\/yoast.com\/wordpress\/plugins\/seo\/ -->\n<title>U Metkovi\u0107u uhva\u0107en kradljivac (36) bicikla, osumnji\u010den je i za prijevaru - likemetkovic.hr<\/title>\n<meta name=\"robots\" content=\"index, follow, max-snippet:-1, max-image-preview:large, max-video-preview:-1\" \/>\n<link rel=\"canonical\" href=\"https:\/\/likemetkovic.hr\/u-metkovicu-uhvacen-serijski-kradljivac-36-bicikla-osumnjicen-je-i-za-prijevaru\/\" \/>\n<meta property=\"og:locale\" content=\"hr_HR\" \/>\n<meta property=\"og:type\" content=\"article\" \/>\n<meta property=\"og:title\" content=\"U Metkovi\u0107u uhva\u0107en kradljivac (36) bicikla, osumnji\u010den je i za prijevaru - likemetkovic.hr\" \/>\n<meta property=\"og:description\" content=\"Dovr\u0161enim kriminalisti\u010dkim istra\u017eivanjem policijskih slu\u017ebenika Policijske postaje Metkovi\u0107 36-godi\u0161nji hrvatski dr\u017eavljanin sumnji\u010di se za \u010detiri kaznena djela kra\u0111e i jedno kazneno djelo prijevare. Nakon \u0161to su policiji tijekom o\u017eujka prijavljena \u010detiri kaznena djela kra\u0111e bicikla na podru\u010dju Metkovi\u0107a, provedeno je kriminalisti\u010dko istra\u017eivanje kojim je utvr\u0111eno da je navedene kra\u0111e po\u010dinio spomenuti 36-godi\u0161njak. Dvije otu\u0111ene bicikle [&hellip;]\" \/>\n<meta property=\"og:url\" content=\"https:\/\/likemetkovic.hr\/u-metkovicu-uhvacen-serijski-kradljivac-36-bicikla-osumnjicen-je-i-za-prijevaru\/\" \/>\n<meta property=\"og:site_name\" content=\"likemetkovic.hr\" \/>\n<meta property=\"article:publisher\" content=\"https:\/\/www.facebook.com\/likemetkovic.hr\/\" \/>\n<meta property=\"article:published_time\" content=\"2021-04-06T09:52:57+00:00\" \/>\n<meta property=\"article:modified_time\" content=\"2021-04-06T09:56:08+00:00\" \/>\n<meta property=\"og:image\" content=\"https:\/\/likemetkovic.hr\/wp-content\/uploads\/2021\/03\/bicikl_.jpg\" \/>\n\t<meta property=\"og:image:width\" content=\"800\" \/>\n\t<meta property=\"og:image:height\" content=\"600\" \/>\n\t<meta property=\"og:image:type\" content=\"image\/jpeg\" \/>\n<meta name=\"author\" content=\"LIKEmetkovic.hr\" \/>\n<meta name=\"twitter:card\" content=\"summary_large_image\" \/>\n<meta name=\"twitter:label1\" content=\"Napisao\/la\" \/>\n\t<meta name=\"twitter:data1\" content=\"LIKEmetkovic.hr\" \/>\n\t<meta name=\"twitter:label2\" content=\"Procijenjeno vrijeme \u010ditanja\" \/>\n\t<meta name=\"twitter:data2\" content=\"1 minuta\" \/>\n<script type=\"application\/ld+json\" class=\"yoast-schema-graph\">{\"@context\":\"https:\/\/schema.org\",\"@graph\":[{\"@type\":\"WebPage\",\"@id\":\"https:\/\/likemetkovic.hr\/u-metkovicu-uhvacen-serijski-kradljivac-36-bicikla-osumnjicen-je-i-za-prijevaru\/\",\"url\":\"https:\/\/likemetkovic.hr\/u-metkovicu-uhvacen-serijski-kradljivac-36-bicikla-osumnjicen-je-i-za-prijevaru\/\",\"name\":\"U Metkovi\u0107u uhva\u0107en kradljivac (36) bicikla, osumnji\u010den je i za prijevaru - likemetkovic.hr\",\"isPartOf\":{\"@id\":\"https:\/\/likemetkovic.hr\/#website\"},\"primaryImageOfPage\":{\"@id\":\"https:\/\/likemetkovic.hr\/u-metkovicu-uhvacen-serijski-kradljivac-36-bicikla-osumnjicen-je-i-za-prijevaru\/#primaryimage\"},\"image\":{\"@id\":\"https:\/\/likemetkovic.hr\/u-metkovicu-uhvacen-serijski-kradljivac-36-bicikla-osumnjicen-je-i-za-prijevaru\/#primaryimage\"},\"thumbnailUrl\":\"https:\/\/likemetkovic.hr\/portal\/wp-content\/uploads\/2021\/03\/bicikl_.jpg\",\"datePublished\":\"2021-04-06T09:52:57+00:00\",\"dateModified\":\"2021-04-06T09:56:08+00:00\",\"author\":{\"@id\":\"https:\/\/likemetkovic.hr\/#\/schema\/person\/adba0fd43631b5fc581c97e6ca793693\"},\"breadcrumb\":{\"@id\":\"https:\/\/likemetkovic.hr\/u-metkovicu-uhvacen-serijski-kradljivac-36-bicikla-osumnjicen-je-i-za-prijevaru\/#breadcrumb\"},\"inLanguage\":\"hr\",\"potentialAction\":[{\"@type\":\"ReadAction\",\"target\":[\"https:\/\/likemetkovic.hr\/u-metkovicu-uhvacen-serijski-kradljivac-36-bicikla-osumnjicen-je-i-za-prijevaru\/\"]}]},{\"@type\":\"ImageObject\",\"inLanguage\":\"hr\",\"@id\":\"https:\/\/likemetkovic.hr\/u-metkovicu-uhvacen-serijski-kradljivac-36-bicikla-osumnjicen-je-i-za-prijevaru\/#primaryimage\",\"url\":\"https:\/\/likemetkovic.hr\/portal\/wp-content\/uploads\/2021\/03\/bicikl_.jpg\",\"contentUrl\":\"https:\/\/likemetkovic.hr\/portal\/wp-content\/uploads\/2021\/03\/bicikl_.jpg\",\"width\":800,\"height\":600},{\"@type\":\"BreadcrumbList\",\"@id\":\"https:\/\/likemetkovic.hr\/u-metkovicu-uhvacen-serijski-kradljivac-36-bicikla-osumnjicen-je-i-za-prijevaru\/#breadcrumb\",\"itemListElement\":[{\"@type\":\"ListItem\",\"position\":1,\"name\":\"Po\u010detna stranica\",\"item\":\"https:\/\/likemetkovic.hr\/portal\/\"},{\"@type\":\"ListItem\",\"position\":2,\"name\":\"U Metkovi\u0107u uhva\u0107en kradljivac (36) bicikla, osumnji\u010den je i za prijevaru\"}]},{\"@type\":\"WebSite\",\"@id\":\"https:\/\/likemetkovic.hr\/#website\",\"url\":\"https:\/\/likemetkovic.hr\/\",\"name\":\"likemetkovic.hr\",\"description\":\"Misli pozitivno... \u010ditaj LIKE\",\"potentialAction\":[{\"@type\":\"SearchAction\",\"target\":{\"@type\":\"EntryPoint\",\"urlTemplate\":\"https:\/\/likemetkovic.hr\/?s={search_term_string}\"},\"query-input\":{\"@type\":\"PropertyValueSpecification\",\"valueRequired\":true,\"valueName\":\"search_term_string\"}}],\"inLanguage\":\"hr\"},{\"@type\":\"Person\",\"@id\":\"https:\/\/likemetkovic.hr\/#\/schema\/person\/adba0fd43631b5fc581c97e6ca793693\",\"name\":\"LIKEmetkovic.hr\",\"url\":\"https:\/\/likemetkovic.hr\/portal\/author\/marijana\/\"}]}<\/script>\n<!-- \/ Yoast SEO plugin. -->","yoast_head_json":{"title":"U Metkovi\u0107u uhva\u0107en kradljivac (36) bicikla, osumnji\u010den je i za prijevaru - likemetkovic.hr","robots":{"index":"index","follow":"follow","max-snippet":"max-snippet:-1","max-image-preview":"max-image-preview:large","max-video-preview":"max-video-preview:-1"},"canonical":"https:\/\/likemetkovic.hr\/u-metkovicu-uhvacen-serijski-kradljivac-36-bicikla-osumnjicen-je-i-za-prijevaru\/","og_locale":"hr_HR","og_type":"article","og_title":"U Metkovi\u0107u uhva\u0107en kradljivac (36) bicikla, osumnji\u010den je i za prijevaru - likemetkovic.hr","og_description":"Dovr\u0161enim kriminalisti\u010dkim istra\u017eivanjem policijskih slu\u017ebenika Policijske postaje Metkovi\u0107 36-godi\u0161nji hrvatski dr\u017eavljanin sumnji\u010di se za \u010detiri kaznena djela kra\u0111e i jedno kazneno djelo prijevare. Nakon \u0161to su policiji tijekom o\u017eujka prijavljena \u010detiri kaznena djela kra\u0111e bicikla na podru\u010dju Metkovi\u0107a, provedeno je kriminalisti\u010dko istra\u017eivanje kojim je utvr\u0111eno da je navedene kra\u0111e po\u010dinio spomenuti 36-godi\u0161njak. Dvije otu\u0111ene bicikle [&hellip;]","og_url":"https:\/\/likemetkovic.hr\/u-metkovicu-uhvacen-serijski-kradljivac-36-bicikla-osumnjicen-je-i-za-prijevaru\/","og_site_name":"likemetkovic.hr","article_publisher":"https:\/\/www.facebook.com\/likemetkovic.hr\/","article_published_time":"2021-04-06T09:52:57+00:00","article_modified_time":"2021-04-06T09:56:08+00:00","og_image":[{"width":800,"height":600,"url":"https:\/\/likemetkovic.hr\/wp-content\/uploads\/2021\/03\/bicikl_.jpg","type":"image\/jpeg"}],"author":"LIKEmetkovic.hr","twitter_card":"summary_large_image","twitter_misc":{"Napisao\/la":"LIKEmetkovic.hr","Procijenjeno vrijeme \u010ditanja":"1 minuta"},"schema":{"@context":"https:\/\/schema.org","@graph":[{"@type":"WebPage","@id":"https:\/\/likemetkovic.hr\/u-metkovicu-uhvacen-serijski-kradljivac-36-bicikla-osumnjicen-je-i-za-prijevaru\/","url":"https:\/\/likemetkovic.hr\/u-metkovicu-uhvacen-serijski-kradljivac-36-bicikla-osumnjicen-je-i-za-prijevaru\/","name":"U Metkovi\u0107u uhva\u0107en kradljivac (36) bicikla, osumnji\u010den je i za prijevaru - likemetkovic.hr","isPartOf":{"@id":"https:\/\/likemetkovic.hr\/#website"},"primaryImageOfPage":{"@id":"https:\/\/likemetkovic.hr\/u-metkovicu-uhvacen-serijski-kradljivac-36-bicikla-osumnjicen-je-i-za-prijevaru\/#primaryimage"},"image":{"@id":"https:\/\/likemetkovic.hr\/u-metkovicu-uhvacen-serijski-kradljivac-36-bicikla-osumnjicen-je-i-za-prijevaru\/#primaryimage"},"thumbnailUrl":"https:\/\/likemetkovic.hr\/portal\/wp-content\/uploads\/2021\/03\/bicikl_.jpg","datePublished":"2021-04-06T09:52:57+00:00","dateModified":"2021-04-06T09:56:08+00:00","author":{"@id":"https:\/\/likemetkovic.hr\/#\/schema\/person\/adba0fd43631b5fc581c97e6ca793693"},"breadcrumb":{"@id":"https:\/\/likemetkovic.hr\/u-metkovicu-uhvacen-serijski-kradljivac-36-bicikla-osumnjicen-je-i-za-prijevaru\/#breadcrumb"},"inLanguage":"hr","potentialAction":[{"@type":"ReadAction","target":["https:\/\/likemetkovic.hr\/u-metkovicu-uhvacen-serijski-kradljivac-36-bicikla-osumnjicen-je-i-za-prijevaru\/"]}]},{"@type":"ImageObject","inLanguage":"hr","@id":"https:\/\/likemetkovic.hr\/u-metkovicu-uhvacen-serijski-kradljivac-36-bicikla-osumnjicen-je-i-za-prijevaru\/#primaryimage","url":"https:\/\/likemetkovic.hr\/portal\/wp-content\/uploads\/2021\/03\/bicikl_.jpg","contentUrl":"https:\/\/likemetkovic.hr\/portal\/wp-content\/uploads\/2021\/03\/bicikl_.jpg","width":800,"height":600},{"@type":"BreadcrumbList","@id":"https:\/\/likemetkovic.hr\/u-metkovicu-uhvacen-serijski-kradljivac-36-bicikla-osumnjicen-je-i-za-prijevaru\/#breadcrumb","itemListElement":[{"@type":"ListItem","position":1,"name":"Po\u010detna stranica","item":"https:\/\/likemetkovic.hr\/portal\/"},{"@type":"ListItem","position":2,"name":"U Metkovi\u0107u uhva\u0107en kradljivac (36) bicikla, osumnji\u010den je i za prijevaru"}]},{"@type":"WebSite","@id":"https:\/\/likemetkovic.hr\/#website","url":"https:\/\/likemetkovic.hr\/","name":"likemetkovic.hr","description":"Misli pozitivno... \u010ditaj LIKE","potentialAction":[{"@type":"SearchAction","target":{"@type":"EntryPoint","urlTemplate":"https:\/\/likemetkovic.hr\/?s={search_term_string}"},"query-input":{"@type":"PropertyValueSpecification","valueRequired":true,"valueName":"search_term_string"}}],"inLanguage":"hr"},{"@type":"Person","@id":"https:\/\/likemetkovic.hr\/#\/schema\/person\/adba0fd43631b5fc581c97e6ca793693","name":"LIKEmetkovic.hr","url":"https:\/\/likemetkovic.hr\/portal\/author\/marijana\/"}]}},"_links":{"self":[{"href":"https:\/\/likemetkovic.hr\/portal\/wp-json\/wp\/v2\/posts\/115531","targetHints":{"allow":["GET"]}}],"collection":[{"href":"https:\/\/likemetkovic.hr\/portal\/wp-json\/wp\/v2\/posts"}],"about":[{"href":"https:\/\/likemetkovic.hr\/portal\/wp-json\/wp\/v2\/types\/post"}],"author":[{"embeddable":true,"href":"https:\/\/likemetkovic.hr\/portal\/wp-json\/wp\/v2\/users\/8"}],"replies":[{"embeddable":true,"href":"https:\/\/likemetkovic.hr\/portal\/wp-json\/wp\/v2\/comments?post=115531"}],"version-history":[{"count":0,"href":"https:\/\/likemetkovic.hr\/portal\/wp-json\/wp\/v2\/posts\/115531\/revisions"}],"wp:featuredmedia":[{"embeddable":true,"href":"https:\/\/likemetkovic.hr\/portal\/wp-json\/wp\/v2\/media\/115109"}],"wp:attachment":[{"href":"https:\/\/likemetkovic.hr\/portal\/wp-json\/wp\/v2\/media?parent=115531"}],"wp:term":[{"taxonomy":"category","embeddable":true,"href":"https:\/\/likemetkovic.hr\/portal\/wp-json\/wp\/v2\/categories?post=115531"},{"taxonomy":"post_tag","embeddable":true,"href":"https:\/\/likemetkovic.hr\/portal\/wp-json\/wp\/v2\/tags?post=115531"}],"curies":[{"name":"wp","href":"https:\/\/api.w.org\/{rel}","templated":true}]}}