{"id":115565,"date":"2021-04-07T08:39:06","date_gmt":"2021-04-07T06:39:06","guid":{"rendered":"https:\/\/likemetkovic.hr\/?p=115565"},"modified":"2021-04-07T08:39:06","modified_gmt":"2021-04-07T06:39:06","slug":"epidemioloska-sluzba-stopa-novooboljelih-u-metkovicu-je-u-porastu-nije-vrijeme-za-popustanje","status":"publish","type":"post","link":"https:\/\/likemetkovic.hr\/portal\/epidemioloska-sluzba-stopa-novooboljelih-u-metkovicu-je-u-porastu-nije-vrijeme-za-popustanje\/","title":{"rendered":"Epidemiolo\u0161ka slu\u017eba: Stopa novooboljelih u Metkovi\u0107u je u porastu, nije vrijeme za popu\u0161tanje!"},"content":{"rendered":"<p>U \u0161est dana u Dubrova\u010dko-neretvanskoj \u017eupaniji umrlo je 14 osoba od posljedica bolesti COVID-19. Iako je dio \u017eupanije pet tjedana pod strogim epidemiolo\u0161kim mjerama, broj zara\u017eenih i hospitaliziranih ne opada, a<strong> pritisak rada u jedinici intenzivnog lije\u010denja je velik<\/strong>, pi\u0161e <a href=\"https:\/\/dubrovacki.slobodnadalmacija.hr\/dubrovnik\/vijesti\/hrvatska-i-svijet\/ima-li-vise-smisla-zivjeti-pod-kljucem-ako-je-pitati-zdravstvene-djelatnike-nije-vrijeme-za-raspravu-o-popustanju-mjera-1089438\" target=\"_blank\" rel=\"noopener\">Dubrova\u010dki vjesnik<\/a>.<\/p>\n<p>&#8211; Vidimo da su brojke u ovim dijelovima \u017eupanije, u kojima su ranije uvedene stro\u017ee mjere, stabilne, a rastu u onim dijelovima gdje takvih mjera uop\u0107e nije bilo ili se s njima krenulo nedavno. Proteklog je tjedna bilo dana kad je <strong>Metkovi\u0107 imao ve\u0107i broj oboljelih nego Dubrovnik<\/strong>, a broj stanovnika je daleko manji. Mjere imaju u\u010dinka do odre\u0111ene granice, jer sad <strong>imamo posla s britanskim sojem<\/strong> koji se br\u017ee \u0161iri i da bi se postigao isti u\u010dinak zahtijeva mnogo stro\u017ee mjere od onih lanjskih kod starog soja. Dobro je da nam se na ovim podru\u010djima Konavala, \u017dupe i Dubrovnika ne pogor\u0161ava stanje. Brojke jesu relativno visoke, ali su stabilne \u2013 komentira<strong> dr. Mato Laki\u0107<\/strong>, ravnatelj Zavoda za javno zdravstvo Dubrova\u010dko-neretvanske \u017eupanije.<\/p>\n<p>U Konavlima je stanje povoljnije s obzirom da su ne tako davno imali 14-dnevnu incidenciju 3.500 i pali na oko 800, \u017dupa je sa 2.100 pala na 1.300, dok je stopa incidencije oboljelih u Dubrovniku gotovo \u010ditavo vrijeme na istim vrijednostima \u2013 oko 900. <strong>Stopa novooboljelih u Metkovi\u0107u je u porastu<\/strong>, a trenuta\u010dna incidencija je na 1.440, podaci su Epidemiolo\u0161ke slu\u017ebe. Tzv. britanski soj preuzima primat i na dubrova\u010dkom podru\u010dju postaje dominantan u odnosu na vuhansku varijantu. S njim je i vi\u0161e te\u017eih slu\u010dajeva kod mla\u0111ih i ina\u010de zdravih osoba.<\/p>\n<p><strong>&#8211; Problem je \u0161to se virus jako brzo \u0161iri<\/strong>, mnogo je zarazniji od onog po\u010detnog oblika, a dio zara\u017eenih je posve asimptomatski \u0161to predstavlja dodatnu ote\u017eavaju\u0107u okolnost. Apsolutno, sad treba biti na pove\u0107anom oprezu \u2013 upozorava <strong>dr. Marija Dor\u0161ner<\/strong>, voditeljica Jedinice intenzivnog lije\u010denja Op\u0107e bolnice Dubrovnik.<\/p>\n<p><strong>Nije, dakle, vrijeme za raspravu o popu\u0161tanju mjera<\/strong>, ako je pitati zdravstvene djelatnike. Pitanje je kakva bi nam statisti\u010dka slika bila danas da prije pet tjedana \u0161kole u Konavlima, \u017dupi dubrova\u010dkoj i Dubrovniku nisu krenule u online nastavu.<\/p>\n<p>Pi\u0161e: Silvia Rudinovi\u0107\/<a href=\"https:\/\/dubrovacki.slobodnadalmacija.hr\/dubrovnik\/vijesti\/hrvatska-i-svijet\/ima-li-vise-smisla-zivjeti-pod-kljucem-ako-je-pitati-zdravstvene-djelatnike-nije-vrijeme-za-raspravu-o-popustanju-mjera-1089438\" target=\"_blank\" rel=\"noopener\">Dubrova\u010dki vjesnik<\/a><\/p>\n","protected":false},"excerpt":{"rendered":"<p>U \u0161est dana u Dubrova\u010dko-neretvanskoj \u017eupaniji umrlo je 14 osoba od posljedica bolesti COVID-19. Iako je dio \u017eupanije pet tjedana pod strogim epidemiolo\u0161kim mjerama, broj zara\u017eenih i hospitaliziranih ne opada, a pritisak rada u jedinici intenzivnog lije\u010denja je velik, pi\u0161e Dubrova\u010dki vjesnik. &#8211; Vidimo da su brojke u ovim dijelovima \u017eupanije, u kojima su ranije [&hellip;]<\/p>\n","protected":false},"author":7,"featured_media":111999,"comment_status":"open","ping_status":"open","sticky":false,"template":"","format":"standard","meta":{"footnotes":""},"categories":[283,300],"tags":[1218,9155,7597,6820,380],"class_list":{"0":"post-115565","1":"post","2":"type-post","3":"status-publish","4":"format-standard","5":"has-post-thumbnail","7":"category-a","8":"category-zupanija","9":"tag-dnz","10":"tag-epidemioloska-sluzba","11":"tag-epidemioloske-mjere","12":"tag-koronavirus","13":"tag-metkovic"},"yoast_head":"<!-- This site is optimized with the Yoast SEO plugin v25.2 - https:\/\/yoast.com\/wordpress\/plugins\/seo\/ -->\n<title>Epidemiolo\u0161ka slu\u017eba: Stopa novooboljelih u Metkovi\u0107u je u porastu, nije vrijeme za popu\u0161tanje! - likemetkovic.hr<\/title>\n<meta name=\"robots\" content=\"index, follow, max-snippet:-1, max-image-preview:large, max-video-preview:-1\" \/>\n<link rel=\"canonical\" href=\"https:\/\/likemetkovic.hr\/epidemioloska-sluzba-stopa-novooboljelih-u-metkovicu-je-u-porastu-nije-vrijeme-za-popustanje\/\" \/>\n<meta property=\"og:locale\" content=\"hr_HR\" \/>\n<meta property=\"og:type\" content=\"article\" \/>\n<meta property=\"og:title\" content=\"Epidemiolo\u0161ka slu\u017eba: Stopa novooboljelih u Metkovi\u0107u je u porastu, nije vrijeme za popu\u0161tanje! - likemetkovic.hr\" \/>\n<meta property=\"og:description\" content=\"U \u0161est dana u Dubrova\u010dko-neretvanskoj \u017eupaniji umrlo je 14 osoba od posljedica bolesti COVID-19. Iako je dio \u017eupanije pet tjedana pod strogim epidemiolo\u0161kim mjerama, broj zara\u017eenih i hospitaliziranih ne opada, a pritisak rada u jedinici intenzivnog lije\u010denja je velik, pi\u0161e Dubrova\u010dki vjesnik. &#8211; Vidimo da su brojke u ovim dijelovima \u017eupanije, u kojima su ranije [&hellip;]\" \/>\n<meta property=\"og:url\" content=\"https:\/\/likemetkovic.hr\/epidemioloska-sluzba-stopa-novooboljelih-u-metkovicu-je-u-porastu-nije-vrijeme-za-popustanje\/\" \/>\n<meta property=\"og:site_name\" content=\"likemetkovic.hr\" \/>\n<meta property=\"article:publisher\" content=\"https:\/\/www.facebook.com\/likemetkovic.hr\/\" \/>\n<meta property=\"article:published_time\" content=\"2021-04-07T06:39:06+00:00\" \/>\n<meta property=\"og:image\" content=\"https:\/\/likemetkovic.hr\/wp-content\/uploads\/2020\/12\/maot-lakic-cjepivo-koronavirus.jpg\" \/>\n\t<meta property=\"og:image:width\" content=\"800\" \/>\n\t<meta property=\"og:image:height\" content=\"533\" \/>\n\t<meta property=\"og:image:type\" content=\"image\/jpeg\" \/>\n<meta name=\"author\" content=\"LIKEmetkovic.hr\" \/>\n<meta name=\"twitter:card\" content=\"summary_large_image\" \/>\n<meta name=\"twitter:label1\" content=\"Napisao\/la\" \/>\n\t<meta name=\"twitter:data1\" content=\"LIKEmetkovic.hr\" \/>\n\t<meta name=\"twitter:label2\" content=\"Procijenjeno vrijeme \u010ditanja\" \/>\n\t<meta name=\"twitter:data2\" content=\"2 minute\" \/>\n<script type=\"application\/ld+json\" class=\"yoast-schema-graph\">{\"@context\":\"https:\/\/schema.org\",\"@graph\":[{\"@type\":\"WebPage\",\"@id\":\"https:\/\/likemetkovic.hr\/epidemioloska-sluzba-stopa-novooboljelih-u-metkovicu-je-u-porastu-nije-vrijeme-za-popustanje\/\",\"url\":\"https:\/\/likemetkovic.hr\/epidemioloska-sluzba-stopa-novooboljelih-u-metkovicu-je-u-porastu-nije-vrijeme-za-popustanje\/\",\"name\":\"Epidemiolo\u0161ka slu\u017eba: Stopa novooboljelih u Metkovi\u0107u je u porastu, nije vrijeme za popu\u0161tanje! - likemetkovic.hr\",\"isPartOf\":{\"@id\":\"https:\/\/likemetkovic.hr\/#website\"},\"primaryImageOfPage\":{\"@id\":\"https:\/\/likemetkovic.hr\/epidemioloska-sluzba-stopa-novooboljelih-u-metkovicu-je-u-porastu-nije-vrijeme-za-popustanje\/#primaryimage\"},\"image\":{\"@id\":\"https:\/\/likemetkovic.hr\/epidemioloska-sluzba-stopa-novooboljelih-u-metkovicu-je-u-porastu-nije-vrijeme-za-popustanje\/#primaryimage\"},\"thumbnailUrl\":\"https:\/\/likemetkovic.hr\/portal\/wp-content\/uploads\/2020\/12\/maot-lakic-cjepivo-koronavirus.jpg\",\"datePublished\":\"2021-04-07T06:39:06+00:00\",\"author\":{\"@id\":\"https:\/\/likemetkovic.hr\/#\/schema\/person\/a42711f3385a0e2be6f7e0443bfb28f0\"},\"breadcrumb\":{\"@id\":\"https:\/\/likemetkovic.hr\/epidemioloska-sluzba-stopa-novooboljelih-u-metkovicu-je-u-porastu-nije-vrijeme-za-popustanje\/#breadcrumb\"},\"inLanguage\":\"hr\",\"potentialAction\":[{\"@type\":\"ReadAction\",\"target\":[\"https:\/\/likemetkovic.hr\/epidemioloska-sluzba-stopa-novooboljelih-u-metkovicu-je-u-porastu-nije-vrijeme-za-popustanje\/\"]}]},{\"@type\":\"ImageObject\",\"inLanguage\":\"hr\",\"@id\":\"https:\/\/likemetkovic.hr\/epidemioloska-sluzba-stopa-novooboljelih-u-metkovicu-je-u-porastu-nije-vrijeme-za-popustanje\/#primaryimage\",\"url\":\"https:\/\/likemetkovic.hr\/portal\/wp-content\/uploads\/2020\/12\/maot-lakic-cjepivo-koronavirus.jpg\",\"contentUrl\":\"https:\/\/likemetkovic.hr\/portal\/wp-content\/uploads\/2020\/12\/maot-lakic-cjepivo-koronavirus.jpg\",\"width\":800,\"height\":533},{\"@type\":\"BreadcrumbList\",\"@id\":\"https:\/\/likemetkovic.hr\/epidemioloska-sluzba-stopa-novooboljelih-u-metkovicu-je-u-porastu-nije-vrijeme-za-popustanje\/#breadcrumb\",\"itemListElement\":[{\"@type\":\"ListItem\",\"position\":1,\"name\":\"Po\u010detna stranica\",\"item\":\"https:\/\/likemetkovic.hr\/portal\/\"},{\"@type\":\"ListItem\",\"position\":2,\"name\":\"Epidemiolo\u0161ka slu\u017eba: Stopa novooboljelih u Metkovi\u0107u je u porastu, nije vrijeme za popu\u0161tanje!\"}]},{\"@type\":\"WebSite\",\"@id\":\"https:\/\/likemetkovic.hr\/#website\",\"url\":\"https:\/\/likemetkovic.hr\/\",\"name\":\"likemetkovic.hr\",\"description\":\"Misli pozitivno... \u010ditaj LIKE\",\"potentialAction\":[{\"@type\":\"SearchAction\",\"target\":{\"@type\":\"EntryPoint\",\"urlTemplate\":\"https:\/\/likemetkovic.hr\/?s={search_term_string}\"},\"query-input\":{\"@type\":\"PropertyValueSpecification\",\"valueRequired\":true,\"valueName\":\"search_term_string\"}}],\"inLanguage\":\"hr\"},{\"@type\":\"Person\",\"@id\":\"https:\/\/likemetkovic.hr\/#\/schema\/person\/a42711f3385a0e2be6f7e0443bfb28f0\",\"name\":\"LIKEmetkovic.hr\",\"sameAs\":[\"http:\/\/likemetkovic.hr\"],\"url\":\"https:\/\/likemetkovic.hr\/portal\/author\/likemetkovic-hr\/\"}]}<\/script>\n<!-- \/ Yoast SEO plugin. -->","yoast_head_json":{"title":"Epidemiolo\u0161ka slu\u017eba: Stopa novooboljelih u Metkovi\u0107u je u porastu, nije vrijeme za popu\u0161tanje! - likemetkovic.hr","robots":{"index":"index","follow":"follow","max-snippet":"max-snippet:-1","max-image-preview":"max-image-preview:large","max-video-preview":"max-video-preview:-1"},"canonical":"https:\/\/likemetkovic.hr\/epidemioloska-sluzba-stopa-novooboljelih-u-metkovicu-je-u-porastu-nije-vrijeme-za-popustanje\/","og_locale":"hr_HR","og_type":"article","og_title":"Epidemiolo\u0161ka slu\u017eba: Stopa novooboljelih u Metkovi\u0107u je u porastu, nije vrijeme za popu\u0161tanje! - likemetkovic.hr","og_description":"U \u0161est dana u Dubrova\u010dko-neretvanskoj \u017eupaniji umrlo je 14 osoba od posljedica bolesti COVID-19. Iako je dio \u017eupanije pet tjedana pod strogim epidemiolo\u0161kim mjerama, broj zara\u017eenih i hospitaliziranih ne opada, a pritisak rada u jedinici intenzivnog lije\u010denja je velik, pi\u0161e Dubrova\u010dki vjesnik. &#8211; Vidimo da su brojke u ovim dijelovima \u017eupanije, u kojima su ranije [&hellip;]","og_url":"https:\/\/likemetkovic.hr\/epidemioloska-sluzba-stopa-novooboljelih-u-metkovicu-je-u-porastu-nije-vrijeme-za-popustanje\/","og_site_name":"likemetkovic.hr","article_publisher":"https:\/\/www.facebook.com\/likemetkovic.hr\/","article_published_time":"2021-04-07T06:39:06+00:00","og_image":[{"width":800,"height":533,"url":"https:\/\/likemetkovic.hr\/wp-content\/uploads\/2020\/12\/maot-lakic-cjepivo-koronavirus.jpg","type":"image\/jpeg"}],"author":"LIKEmetkovic.hr","twitter_card":"summary_large_image","twitter_misc":{"Napisao\/la":"LIKEmetkovic.hr","Procijenjeno vrijeme \u010ditanja":"2 minute"},"schema":{"@context":"https:\/\/schema.org","@graph":[{"@type":"WebPage","@id":"https:\/\/likemetkovic.hr\/epidemioloska-sluzba-stopa-novooboljelih-u-metkovicu-je-u-porastu-nije-vrijeme-za-popustanje\/","url":"https:\/\/likemetkovic.hr\/epidemioloska-sluzba-stopa-novooboljelih-u-metkovicu-je-u-porastu-nije-vrijeme-za-popustanje\/","name":"Epidemiolo\u0161ka slu\u017eba: Stopa novooboljelih u Metkovi\u0107u je u porastu, nije vrijeme za popu\u0161tanje! - likemetkovic.hr","isPartOf":{"@id":"https:\/\/likemetkovic.hr\/#website"},"primaryImageOfPage":{"@id":"https:\/\/likemetkovic.hr\/epidemioloska-sluzba-stopa-novooboljelih-u-metkovicu-je-u-porastu-nije-vrijeme-za-popustanje\/#primaryimage"},"image":{"@id":"https:\/\/likemetkovic.hr\/epidemioloska-sluzba-stopa-novooboljelih-u-metkovicu-je-u-porastu-nije-vrijeme-za-popustanje\/#primaryimage"},"thumbnailUrl":"https:\/\/likemetkovic.hr\/portal\/wp-content\/uploads\/2020\/12\/maot-lakic-cjepivo-koronavirus.jpg","datePublished":"2021-04-07T06:39:06+00:00","author":{"@id":"https:\/\/likemetkovic.hr\/#\/schema\/person\/a42711f3385a0e2be6f7e0443bfb28f0"},"breadcrumb":{"@id":"https:\/\/likemetkovic.hr\/epidemioloska-sluzba-stopa-novooboljelih-u-metkovicu-je-u-porastu-nije-vrijeme-za-popustanje\/#breadcrumb"},"inLanguage":"hr","potentialAction":[{"@type":"ReadAction","target":["https:\/\/likemetkovic.hr\/epidemioloska-sluzba-stopa-novooboljelih-u-metkovicu-je-u-porastu-nije-vrijeme-za-popustanje\/"]}]},{"@type":"ImageObject","inLanguage":"hr","@id":"https:\/\/likemetkovic.hr\/epidemioloska-sluzba-stopa-novooboljelih-u-metkovicu-je-u-porastu-nije-vrijeme-za-popustanje\/#primaryimage","url":"https:\/\/likemetkovic.hr\/portal\/wp-content\/uploads\/2020\/12\/maot-lakic-cjepivo-koronavirus.jpg","contentUrl":"https:\/\/likemetkovic.hr\/portal\/wp-content\/uploads\/2020\/12\/maot-lakic-cjepivo-koronavirus.jpg","width":800,"height":533},{"@type":"BreadcrumbList","@id":"https:\/\/likemetkovic.hr\/epidemioloska-sluzba-stopa-novooboljelih-u-metkovicu-je-u-porastu-nije-vrijeme-za-popustanje\/#breadcrumb","itemListElement":[{"@type":"ListItem","position":1,"name":"Po\u010detna stranica","item":"https:\/\/likemetkovic.hr\/portal\/"},{"@type":"ListItem","position":2,"name":"Epidemiolo\u0161ka slu\u017eba: Stopa novooboljelih u Metkovi\u0107u je u porastu, nije vrijeme za popu\u0161tanje!"}]},{"@type":"WebSite","@id":"https:\/\/likemetkovic.hr\/#website","url":"https:\/\/likemetkovic.hr\/","name":"likemetkovic.hr","description":"Misli pozitivno... \u010ditaj LIKE","potentialAction":[{"@type":"SearchAction","target":{"@type":"EntryPoint","urlTemplate":"https:\/\/likemetkovic.hr\/?s={search_term_string}"},"query-input":{"@type":"PropertyValueSpecification","valueRequired":true,"valueName":"search_term_string"}}],"inLanguage":"hr"},{"@type":"Person","@id":"https:\/\/likemetkovic.hr\/#\/schema\/person\/a42711f3385a0e2be6f7e0443bfb28f0","name":"LIKEmetkovic.hr","sameAs":["http:\/\/likemetkovic.hr"],"url":"https:\/\/likemetkovic.hr\/portal\/author\/likemetkovic-hr\/"}]}},"_links":{"self":[{"href":"https:\/\/likemetkovic.hr\/portal\/wp-json\/wp\/v2\/posts\/115565","targetHints":{"allow":["GET"]}}],"collection":[{"href":"https:\/\/likemetkovic.hr\/portal\/wp-json\/wp\/v2\/posts"}],"about":[{"href":"https:\/\/likemetkovic.hr\/portal\/wp-json\/wp\/v2\/types\/post"}],"author":[{"embeddable":true,"href":"https:\/\/likemetkovic.hr\/portal\/wp-json\/wp\/v2\/users\/7"}],"replies":[{"embeddable":true,"href":"https:\/\/likemetkovic.hr\/portal\/wp-json\/wp\/v2\/comments?post=115565"}],"version-history":[{"count":0,"href":"https:\/\/likemetkovic.hr\/portal\/wp-json\/wp\/v2\/posts\/115565\/revisions"}],"wp:featuredmedia":[{"embeddable":true,"href":"https:\/\/likemetkovic.hr\/portal\/wp-json\/wp\/v2\/media\/111999"}],"wp:attachment":[{"href":"https:\/\/likemetkovic.hr\/portal\/wp-json\/wp\/v2\/media?parent=115565"}],"wp:term":[{"taxonomy":"category","embeddable":true,"href":"https:\/\/likemetkovic.hr\/portal\/wp-json\/wp\/v2\/categories?post=115565"},{"taxonomy":"post_tag","embeddable":true,"href":"https:\/\/likemetkovic.hr\/portal\/wp-json\/wp\/v2\/tags?post=115565"}],"curies":[{"name":"wp","href":"https:\/\/api.w.org\/{rel}","templated":true}]}}