{"id":115629,"date":"2021-04-08T17:58:58","date_gmt":"2021-04-08T15:58:58","guid":{"rendered":"https:\/\/likemetkovic.hr\/?p=115629"},"modified":"2021-04-08T18:05:47","modified_gmt":"2021-04-08T16:05:47","slug":"most-odgovorio-gradonacelniku-stalo-nam-je-do-zdravlja-ljudi-zasto-se-sjednice-ne-odrzavaju-online","status":"publish","type":"post","link":"https:\/\/likemetkovic.hr\/portal\/most-odgovorio-gradonacelniku-stalo-nam-je-do-zdravlja-ljudi-zasto-se-sjednice-ne-odrzavaju-online\/","title":{"rendered":"Most odgovorio gradona\u010delniku: Stalo nam je do zdravlja ljudi, za\u0161to se sjednice ne odr\u017eavaju &#8216;online&#8217;?"},"content":{"rendered":"<p>Gradona\u010delnik <strong>Dalibor Milan<\/strong> je na kraju ju\u010dera\u0161nje sjednice Gradskoga vije\u0107a komentirao nedolazak <strong>vije\u0107nika Mosta<\/strong> kao neodgovorno pona\u0161anje, ali pri tome nije spomenuo njihov prijedlog da se zbog epidemiolo\u0161ke situacije sjednica odr\u017ei <em>online.<\/em> Reakciju Mosta prenesimo u cijelosti:<\/p>\n<p><em>Ju\u010dera\u0161nju 32. sjednicu Gradskoga vije\u0107a Grada Metkovi\u0107a gradona\u010delnik Dalibor Milan zavr\u0161io je poluminutnim obra\u0107anjem vije\u0107nicima. Pri tome, oporbenim vije\u0107nicima Mosta ironi\u010dno\/sarkasti\u010dno \u201ezahvalio je \u0161to su nedolaskom na sjednicu dokazali da ih nije briga za grad Metkovi\u0107 ni za gra\u0111ane grada Metkovi\u0107a\u201c.<\/em><\/p>\n<p><em>Sukladno \u010detverogodi\u0161njoj praksi izbjegavanja odgovora na neugodna pitanja i pre\u0161u\u0107ivanja \u010dinjenica, <strong>Dalibor Milan je pre\u0161utio<\/strong> da je Most Metkovi\u0107 od predsjednika Gradskoga vije\u0107a mailom zatra\u017eio da se razmotri odr\u017eavanje ove sjednice<strong> elektroni\u010dkim putem<\/strong>, na temelju \u010dlanka 49. Statuta Grada Metkovi\u0107a koji propisuje da se u situacijama koje ugro\u017eavaju \u017eivot, zdravlje ili sigurnost stanovni\u0161tva sjednice Gradskoga vije\u0107a mogu odr\u017eavati elektroni\u010dkim putem.<\/em><\/p>\n<p><em>Na\u0161 zahtjev proizlazio je iz \u010dinjenice da <strong>Metkovi\u0107 bilje\u017ei stalan dnevni porast broja osoba zara\u017eenih koronavirusom<\/strong> (danas dok pi\u0161emo ovo priop\u0107enje bilje\u017eimo 42 zara\u017eena, najvi\u0161e od studenoga 2020.) te da me\u0111u vije\u0107nicima Mosta ima oboljelih.<\/em><\/p>\n<p><em><strong>Na na\u0161 upit nije odgovorio<\/strong> ni predsjednik GV ni gradona\u010delnik Dalibor Milan. \u0160tovi\u0161e, gradona\u010delnik ne samo da nije odgovorio na na\u0161 zahtjev, nego ga je pre\u0161utio i na sjednici te nas prozvao zbog nebrige za gra\u0111ane Metkovi\u0107a.<\/em><\/p>\n<p><em>Nedolazak na\u0161ih vije\u0107nika na ovu sjednicu pokazao je upravo suprotno od onoga \u0161to tvrdi Dalibor Milan.<strong> Stalo nam je do \u201e\u017eivota, zdravlja ili sigurnosti stanovni\u0161tva\u201c<\/strong> kako pi\u0161e u spomenutom \u010dlanku Statuta Grada Metkovi\u0107a, stalo nam je do vlastitoga zdravlja i zdravlja kolega vije\u0107nika.<\/em><\/p>\n<p><em>Na kraju, potpuno smo sigurni da se s ovim sla\u017ee i Dalibor Milan, samo ne smije to javno re\u0107i.<\/em><\/p>\n<p><img decoding=\"async\" class=\"alignnone size-full wp-image-115633\" src=\"https:\/\/likemetkovic.hr\/wp-content\/uploads\/2021\/04\/Screenshot_GV.jpg\" alt=\"\" width=\"800\" height=\"389\" srcset=\"https:\/\/likemetkovic.hr\/portal\/wp-content\/uploads\/2021\/04\/Screenshot_GV.jpg 800w, https:\/\/likemetkovic.hr\/portal\/wp-content\/uploads\/2021\/04\/Screenshot_GV-768x373.jpg 768w, https:\/\/likemetkovic.hr\/portal\/wp-content\/uploads\/2021\/04\/Screenshot_GV-696x338.jpg 696w\" sizes=\"(max-width: 800px) 100vw, 800px\" \/><\/p>\n","protected":false},"excerpt":{"rendered":"<p>Gradona\u010delnik Dalibor Milan je na kraju ju\u010dera\u0161nje sjednice Gradskoga vije\u0107a komentirao nedolazak vije\u0107nika Mosta kao neodgovorno pona\u0161anje, ali pri tome nije spomenuo njihov prijedlog da se zbog epidemiolo\u0161ke situacije sjednica odr\u017ei online. Reakciju Mosta prenesimo u cijelosti: Ju\u010dera\u0161nju 32. sjednicu Gradskoga vije\u0107a Grada Metkovi\u0107a gradona\u010delnik Dalibor Milan zavr\u0161io je poluminutnim obra\u0107anjem vije\u0107nicima. Pri tome, oporbenim [&hellip;]<\/p>\n","protected":false},"author":7,"featured_media":80943,"comment_status":"open","ping_status":"open","sticky":false,"template":"","format":"standard","meta":{"footnotes":""},"categories":[283,290],"tags":[414,322],"class_list":{"0":"post-115629","1":"post","2":"type-post","3":"status-publish","4":"format-standard","5":"has-post-thumbnail","7":"category-a","8":"category-politika","9":"tag-dalibor-milan","10":"tag-most"},"yoast_head":"<!-- This site is optimized with the Yoast SEO plugin v25.2 - https:\/\/yoast.com\/wordpress\/plugins\/seo\/ -->\n<title>Most odgovorio gradona\u010delniku: Stalo nam je do zdravlja ljudi, za\u0161to se sjednice ne odr\u017eavaju &#039;online&#039;? - likemetkovic.hr<\/title>\n<meta name=\"robots\" content=\"index, follow, max-snippet:-1, max-image-preview:large, max-video-preview:-1\" \/>\n<link rel=\"canonical\" href=\"https:\/\/likemetkovic.hr\/most-odgovorio-gradonacelniku-stalo-nam-je-do-zdravlja-ljudi-zasto-se-sjednice-ne-odrzavaju-online\/\" \/>\n<meta property=\"og:locale\" content=\"hr_HR\" \/>\n<meta property=\"og:type\" content=\"article\" \/>\n<meta property=\"og:title\" content=\"Most odgovorio gradona\u010delniku: Stalo nam je do zdravlja ljudi, za\u0161to se sjednice ne odr\u017eavaju &#039;online&#039;? - likemetkovic.hr\" \/>\n<meta property=\"og:description\" content=\"Gradona\u010delnik Dalibor Milan je na kraju ju\u010dera\u0161nje sjednice Gradskoga vije\u0107a komentirao nedolazak vije\u0107nika Mosta kao neodgovorno pona\u0161anje, ali pri tome nije spomenuo njihov prijedlog da se zbog epidemiolo\u0161ke situacije sjednica odr\u017ei online. Reakciju Mosta prenesimo u cijelosti: Ju\u010dera\u0161nju 32. sjednicu Gradskoga vije\u0107a Grada Metkovi\u0107a gradona\u010delnik Dalibor Milan zavr\u0161io je poluminutnim obra\u0107anjem vije\u0107nicima. Pri tome, oporbenim [&hellip;]\" \/>\n<meta property=\"og:url\" content=\"https:\/\/likemetkovic.hr\/most-odgovorio-gradonacelniku-stalo-nam-je-do-zdravlja-ljudi-zasto-se-sjednice-ne-odrzavaju-online\/\" \/>\n<meta property=\"og:site_name\" content=\"likemetkovic.hr\" \/>\n<meta property=\"article:publisher\" content=\"https:\/\/www.facebook.com\/likemetkovic.hr\/\" \/>\n<meta property=\"article:published_time\" content=\"2021-04-08T15:58:58+00:00\" \/>\n<meta property=\"article:modified_time\" content=\"2021-04-08T16:05:47+00:00\" \/>\n<meta property=\"og:image\" content=\"https:\/\/likemetkovic.hr\/wp-content\/uploads\/2019\/05\/DSC_0006eu-projekti-zupanija-milan-dalibor.jpg\" \/>\n\t<meta property=\"og:image:width\" content=\"800\" \/>\n\t<meta property=\"og:image:height\" content=\"533\" \/>\n\t<meta property=\"og:image:type\" content=\"image\/jpeg\" \/>\n<meta name=\"author\" content=\"LIKEmetkovic.hr\" \/>\n<meta name=\"twitter:card\" content=\"summary_large_image\" \/>\n<meta name=\"twitter:label1\" content=\"Napisao\/la\" \/>\n\t<meta name=\"twitter:data1\" content=\"LIKEmetkovic.hr\" \/>\n\t<meta name=\"twitter:label2\" content=\"Procijenjeno vrijeme \u010ditanja\" \/>\n\t<meta name=\"twitter:data2\" content=\"2 minute\" \/>\n<script type=\"application\/ld+json\" class=\"yoast-schema-graph\">{\"@context\":\"https:\/\/schema.org\",\"@graph\":[{\"@type\":\"WebPage\",\"@id\":\"https:\/\/likemetkovic.hr\/most-odgovorio-gradonacelniku-stalo-nam-je-do-zdravlja-ljudi-zasto-se-sjednice-ne-odrzavaju-online\/\",\"url\":\"https:\/\/likemetkovic.hr\/most-odgovorio-gradonacelniku-stalo-nam-je-do-zdravlja-ljudi-zasto-se-sjednice-ne-odrzavaju-online\/\",\"name\":\"Most odgovorio gradona\u010delniku: Stalo nam je do zdravlja ljudi, za\u0161to se sjednice ne odr\u017eavaju 'online'? - likemetkovic.hr\",\"isPartOf\":{\"@id\":\"https:\/\/likemetkovic.hr\/#website\"},\"primaryImageOfPage\":{\"@id\":\"https:\/\/likemetkovic.hr\/most-odgovorio-gradonacelniku-stalo-nam-je-do-zdravlja-ljudi-zasto-se-sjednice-ne-odrzavaju-online\/#primaryimage\"},\"image\":{\"@id\":\"https:\/\/likemetkovic.hr\/most-odgovorio-gradonacelniku-stalo-nam-je-do-zdravlja-ljudi-zasto-se-sjednice-ne-odrzavaju-online\/#primaryimage\"},\"thumbnailUrl\":\"https:\/\/likemetkovic.hr\/portal\/wp-content\/uploads\/2019\/05\/DSC_0006eu-projekti-zupanija-milan-dalibor.jpg\",\"datePublished\":\"2021-04-08T15:58:58+00:00\",\"dateModified\":\"2021-04-08T16:05:47+00:00\",\"author\":{\"@id\":\"https:\/\/likemetkovic.hr\/#\/schema\/person\/a42711f3385a0e2be6f7e0443bfb28f0\"},\"breadcrumb\":{\"@id\":\"https:\/\/likemetkovic.hr\/most-odgovorio-gradonacelniku-stalo-nam-je-do-zdravlja-ljudi-zasto-se-sjednice-ne-odrzavaju-online\/#breadcrumb\"},\"inLanguage\":\"hr\",\"potentialAction\":[{\"@type\":\"ReadAction\",\"target\":[\"https:\/\/likemetkovic.hr\/most-odgovorio-gradonacelniku-stalo-nam-je-do-zdravlja-ljudi-zasto-se-sjednice-ne-odrzavaju-online\/\"]}]},{\"@type\":\"ImageObject\",\"inLanguage\":\"hr\",\"@id\":\"https:\/\/likemetkovic.hr\/most-odgovorio-gradonacelniku-stalo-nam-je-do-zdravlja-ljudi-zasto-se-sjednice-ne-odrzavaju-online\/#primaryimage\",\"url\":\"https:\/\/likemetkovic.hr\/portal\/wp-content\/uploads\/2019\/05\/DSC_0006eu-projekti-zupanija-milan-dalibor.jpg\",\"contentUrl\":\"https:\/\/likemetkovic.hr\/portal\/wp-content\/uploads\/2019\/05\/DSC_0006eu-projekti-zupanija-milan-dalibor.jpg\",\"width\":800,\"height\":533},{\"@type\":\"BreadcrumbList\",\"@id\":\"https:\/\/likemetkovic.hr\/most-odgovorio-gradonacelniku-stalo-nam-je-do-zdravlja-ljudi-zasto-se-sjednice-ne-odrzavaju-online\/#breadcrumb\",\"itemListElement\":[{\"@type\":\"ListItem\",\"position\":1,\"name\":\"Po\u010detna stranica\",\"item\":\"https:\/\/likemetkovic.hr\/portal\/\"},{\"@type\":\"ListItem\",\"position\":2,\"name\":\"Most odgovorio gradona\u010delniku: Stalo nam je do zdravlja ljudi, za\u0161to se sjednice ne odr\u017eavaju &#8216;online&#8217;?\"}]},{\"@type\":\"WebSite\",\"@id\":\"https:\/\/likemetkovic.hr\/#website\",\"url\":\"https:\/\/likemetkovic.hr\/\",\"name\":\"likemetkovic.hr\",\"description\":\"Misli pozitivno... \u010ditaj LIKE\",\"potentialAction\":[{\"@type\":\"SearchAction\",\"target\":{\"@type\":\"EntryPoint\",\"urlTemplate\":\"https:\/\/likemetkovic.hr\/?s={search_term_string}\"},\"query-input\":{\"@type\":\"PropertyValueSpecification\",\"valueRequired\":true,\"valueName\":\"search_term_string\"}}],\"inLanguage\":\"hr\"},{\"@type\":\"Person\",\"@id\":\"https:\/\/likemetkovic.hr\/#\/schema\/person\/a42711f3385a0e2be6f7e0443bfb28f0\",\"name\":\"LIKEmetkovic.hr\",\"sameAs\":[\"http:\/\/likemetkovic.hr\"],\"url\":\"https:\/\/likemetkovic.hr\/portal\/author\/likemetkovic-hr\/\"}]}<\/script>\n<!-- \/ Yoast SEO plugin. -->","yoast_head_json":{"title":"Most odgovorio gradona\u010delniku: Stalo nam je do zdravlja ljudi, za\u0161to se sjednice ne odr\u017eavaju 'online'? - likemetkovic.hr","robots":{"index":"index","follow":"follow","max-snippet":"max-snippet:-1","max-image-preview":"max-image-preview:large","max-video-preview":"max-video-preview:-1"},"canonical":"https:\/\/likemetkovic.hr\/most-odgovorio-gradonacelniku-stalo-nam-je-do-zdravlja-ljudi-zasto-se-sjednice-ne-odrzavaju-online\/","og_locale":"hr_HR","og_type":"article","og_title":"Most odgovorio gradona\u010delniku: Stalo nam je do zdravlja ljudi, za\u0161to se sjednice ne odr\u017eavaju 'online'? - likemetkovic.hr","og_description":"Gradona\u010delnik Dalibor Milan je na kraju ju\u010dera\u0161nje sjednice Gradskoga vije\u0107a komentirao nedolazak vije\u0107nika Mosta kao neodgovorno pona\u0161anje, ali pri tome nije spomenuo njihov prijedlog da se zbog epidemiolo\u0161ke situacije sjednica odr\u017ei online. Reakciju Mosta prenesimo u cijelosti: Ju\u010dera\u0161nju 32. sjednicu Gradskoga vije\u0107a Grada Metkovi\u0107a gradona\u010delnik Dalibor Milan zavr\u0161io je poluminutnim obra\u0107anjem vije\u0107nicima. Pri tome, oporbenim [&hellip;]","og_url":"https:\/\/likemetkovic.hr\/most-odgovorio-gradonacelniku-stalo-nam-je-do-zdravlja-ljudi-zasto-se-sjednice-ne-odrzavaju-online\/","og_site_name":"likemetkovic.hr","article_publisher":"https:\/\/www.facebook.com\/likemetkovic.hr\/","article_published_time":"2021-04-08T15:58:58+00:00","article_modified_time":"2021-04-08T16:05:47+00:00","og_image":[{"width":800,"height":533,"url":"https:\/\/likemetkovic.hr\/wp-content\/uploads\/2019\/05\/DSC_0006eu-projekti-zupanija-milan-dalibor.jpg","type":"image\/jpeg"}],"author":"LIKEmetkovic.hr","twitter_card":"summary_large_image","twitter_misc":{"Napisao\/la":"LIKEmetkovic.hr","Procijenjeno vrijeme \u010ditanja":"2 minute"},"schema":{"@context":"https:\/\/schema.org","@graph":[{"@type":"WebPage","@id":"https:\/\/likemetkovic.hr\/most-odgovorio-gradonacelniku-stalo-nam-je-do-zdravlja-ljudi-zasto-se-sjednice-ne-odrzavaju-online\/","url":"https:\/\/likemetkovic.hr\/most-odgovorio-gradonacelniku-stalo-nam-je-do-zdravlja-ljudi-zasto-se-sjednice-ne-odrzavaju-online\/","name":"Most odgovorio gradona\u010delniku: Stalo nam je do zdravlja ljudi, za\u0161to se sjednice ne odr\u017eavaju 'online'? - likemetkovic.hr","isPartOf":{"@id":"https:\/\/likemetkovic.hr\/#website"},"primaryImageOfPage":{"@id":"https:\/\/likemetkovic.hr\/most-odgovorio-gradonacelniku-stalo-nam-je-do-zdravlja-ljudi-zasto-se-sjednice-ne-odrzavaju-online\/#primaryimage"},"image":{"@id":"https:\/\/likemetkovic.hr\/most-odgovorio-gradonacelniku-stalo-nam-je-do-zdravlja-ljudi-zasto-se-sjednice-ne-odrzavaju-online\/#primaryimage"},"thumbnailUrl":"https:\/\/likemetkovic.hr\/portal\/wp-content\/uploads\/2019\/05\/DSC_0006eu-projekti-zupanija-milan-dalibor.jpg","datePublished":"2021-04-08T15:58:58+00:00","dateModified":"2021-04-08T16:05:47+00:00","author":{"@id":"https:\/\/likemetkovic.hr\/#\/schema\/person\/a42711f3385a0e2be6f7e0443bfb28f0"},"breadcrumb":{"@id":"https:\/\/likemetkovic.hr\/most-odgovorio-gradonacelniku-stalo-nam-je-do-zdravlja-ljudi-zasto-se-sjednice-ne-odrzavaju-online\/#breadcrumb"},"inLanguage":"hr","potentialAction":[{"@type":"ReadAction","target":["https:\/\/likemetkovic.hr\/most-odgovorio-gradonacelniku-stalo-nam-je-do-zdravlja-ljudi-zasto-se-sjednice-ne-odrzavaju-online\/"]}]},{"@type":"ImageObject","inLanguage":"hr","@id":"https:\/\/likemetkovic.hr\/most-odgovorio-gradonacelniku-stalo-nam-je-do-zdravlja-ljudi-zasto-se-sjednice-ne-odrzavaju-online\/#primaryimage","url":"https:\/\/likemetkovic.hr\/portal\/wp-content\/uploads\/2019\/05\/DSC_0006eu-projekti-zupanija-milan-dalibor.jpg","contentUrl":"https:\/\/likemetkovic.hr\/portal\/wp-content\/uploads\/2019\/05\/DSC_0006eu-projekti-zupanija-milan-dalibor.jpg","width":800,"height":533},{"@type":"BreadcrumbList","@id":"https:\/\/likemetkovic.hr\/most-odgovorio-gradonacelniku-stalo-nam-je-do-zdravlja-ljudi-zasto-se-sjednice-ne-odrzavaju-online\/#breadcrumb","itemListElement":[{"@type":"ListItem","position":1,"name":"Po\u010detna stranica","item":"https:\/\/likemetkovic.hr\/portal\/"},{"@type":"ListItem","position":2,"name":"Most odgovorio gradona\u010delniku: Stalo nam je do zdravlja ljudi, za\u0161to se sjednice ne odr\u017eavaju &#8216;online&#8217;?"}]},{"@type":"WebSite","@id":"https:\/\/likemetkovic.hr\/#website","url":"https:\/\/likemetkovic.hr\/","name":"likemetkovic.hr","description":"Misli pozitivno... \u010ditaj LIKE","potentialAction":[{"@type":"SearchAction","target":{"@type":"EntryPoint","urlTemplate":"https:\/\/likemetkovic.hr\/?s={search_term_string}"},"query-input":{"@type":"PropertyValueSpecification","valueRequired":true,"valueName":"search_term_string"}}],"inLanguage":"hr"},{"@type":"Person","@id":"https:\/\/likemetkovic.hr\/#\/schema\/person\/a42711f3385a0e2be6f7e0443bfb28f0","name":"LIKEmetkovic.hr","sameAs":["http:\/\/likemetkovic.hr"],"url":"https:\/\/likemetkovic.hr\/portal\/author\/likemetkovic-hr\/"}]}},"_links":{"self":[{"href":"https:\/\/likemetkovic.hr\/portal\/wp-json\/wp\/v2\/posts\/115629","targetHints":{"allow":["GET"]}}],"collection":[{"href":"https:\/\/likemetkovic.hr\/portal\/wp-json\/wp\/v2\/posts"}],"about":[{"href":"https:\/\/likemetkovic.hr\/portal\/wp-json\/wp\/v2\/types\/post"}],"author":[{"embeddable":true,"href":"https:\/\/likemetkovic.hr\/portal\/wp-json\/wp\/v2\/users\/7"}],"replies":[{"embeddable":true,"href":"https:\/\/likemetkovic.hr\/portal\/wp-json\/wp\/v2\/comments?post=115629"}],"version-history":[{"count":0,"href":"https:\/\/likemetkovic.hr\/portal\/wp-json\/wp\/v2\/posts\/115629\/revisions"}],"wp:featuredmedia":[{"embeddable":true,"href":"https:\/\/likemetkovic.hr\/portal\/wp-json\/wp\/v2\/media\/80943"}],"wp:attachment":[{"href":"https:\/\/likemetkovic.hr\/portal\/wp-json\/wp\/v2\/media?parent=115629"}],"wp:term":[{"taxonomy":"category","embeddable":true,"href":"https:\/\/likemetkovic.hr\/portal\/wp-json\/wp\/v2\/categories?post=115629"},{"taxonomy":"post_tag","embeddable":true,"href":"https:\/\/likemetkovic.hr\/portal\/wp-json\/wp\/v2\/tags?post=115629"}],"curies":[{"name":"wp","href":"https:\/\/api.w.org\/{rel}","templated":true}]}}