{"id":115641,"date":"2021-04-09T08:55:14","date_gmt":"2021-04-09T06:55:14","guid":{"rendered":"https:\/\/likemetkovic.hr\/?p=115641"},"modified":"2021-04-09T09:20:15","modified_gmt":"2021-04-09T07:20:15","slug":"sjednica-gv-a-online-da-ili-ne-gradonacelnik-odgovorio-most-uzvratio","status":"publish","type":"post","link":"https:\/\/likemetkovic.hr\/portal\/sjednica-gv-a-online-da-ili-ne-gradonacelnik-odgovorio-most-uzvratio\/","title":{"rendered":"Sjednica GV-a &#8216;online&#8217; &#8211; da ili ne? Gradona\u010delnik odgovorio, Most uzvratio"},"content":{"rendered":"<p>Prvo je gradona\u010delnik na kraju posljednje sjednice aktualnog saziva Gradskoga vije\u0107a prigovorio mostovcima da ne vode brigu o Gradu i gra\u0111anima jer nisu do\u0161li na sjednicu, a potom je Most odgovorio priop\u0107enjem da su zbog epidemiolo\u0161ke situacije tra\u017eili <em>online<\/em> sjednicu ba\u0161 zbog brige za zdravlje vije\u0107nika i ostalih gra\u0111ana.<\/p>\n<p>Nakon toga je <strong>gradona\u010delnik Milan<\/strong> odgovorio da je taj zahtjev <strong>stigao kasno<\/strong>:<\/p>\n<p><em>Sjednice Gradskoga vije\u0107a prije pandemije koronavirusa odr\u017eavale su se u Zgradi politi\u010dkih stranaka. U pandemijskom razdoblju, odnosno posljednjih godinu dana sjednice se, upravo zbog za\u0161tite zdravlja svih vije\u0107nika i ostalih pristutnih, odr\u017eavaju u znatno ve\u0107em prostoru Galerije GKS-a Metkovi\u0107. Tako\u0111er, na snazi su mjere u svrhu sprje\u010davanja \u0161irenja koronavirusa koje je Nacionalni sto\u017eer za civilnu za\u0161titu donio za Dubrova\u010dko-neretvansku \u017eupaniju. U njima jasno pi\u0161e: zabrana odr\u017eavanja svih javnih doga\u0111anja i okupljanja na kojima je prisutno vi\u0161e od 15 osoba ne odnosi se na profesionalne umjetni\u010dke izvedbe i programe koji ne uklju\u010duju zborno pjevanje, kinoprojekcije, izlo\u017ebe u muzejskim, galerijskim i ostalim izlo\u017ebenim prostorima te sjednice predstavni\u010dkih tijela. Navedena okupljanja potrebno je odr\u017eavati u skladu s preporukama Zavoda za javno zdravstvo, koje se na sjednicama Gradskoga vije\u0107a oduvijek po\u0161tuju, \u0161to kolege iz Mosta vrlo dobro znaju!<\/em><\/p>\n<p><em>Ipak, vjerojatno bi udovoljili zahtjevu vije\u0107nika Mosta da nam je isti na vrijeme stigao. Po njihovom dobrom starom obi\u010daju poslali su upit ve\u010der prije sjednice, u utorak, 6. travnja u 20:42, kada je ve\u0107 sve bilo organizacijski spremno za sjednicu. Dodat \u0107u i to da su poziv za sjednicu dobili u petak, 2. travnja te su svakako imali vremena upozoriti nas ako im na\u010din odr\u017eavanja nije po volji. Ali, nije im se dalo! Naknadna obra\u0107anja, priop\u0107enja i pljuvanja oduvijek su vije\u0107nicima Mosta bila zanimljivija od konstruktivnih rasprava. O\u010dekujem ih jo\u0161, posebno u idu\u0107em razdoblju,<\/em> kazao je gradona\u010delnik Milan.<\/p>\n<p><strong>Most je jutros poslao priop\u0107enje<\/strong> u kojem navode da je notorna \u010dinjenica da je gradona\u010delnik znao za njihov zahtjev i da je svojom izjavom<strong> obmanuo javnost<\/strong> na posljednjoj sjednici GV-a:<\/p>\n<p><em>Ju\u010der je gradona\u010delnik Dalibor Milan promptno odgovorio na Mostovo priop\u0107enje za medije, vezano uz odr\u017eavanje posljednje sjednice Gradskoga vije\u0107a u ovome sazivu. Naime, Most je predsjedniku GV-a Hrvoju Bebi\u0107u ve\u010der prije sjednice e-po\u0161tom uputio molbu da se ona odr\u017ei elektronskim putem s obzirom na enormno pove\u0107anje zara\u017eenih u Metkovi\u0107u. Upravo ju\u010der dosegnuli smo trostruko ve\u0107i Dubrovnik.<\/em><\/p>\n<p><em>Evo nekih \u010dinjenica, a na gra\u0111anima Metkovi\u0107a je da prosude vodimo li ra\u010duna o svima nama ili nas nije briga, kako imputira gradona\u010delnik Milan.<\/em><\/p>\n<p><em>To\u010dno je da smo poziv za Sjednicu dobili 2. travnja 2021., a e-poruku za njezino odr\u017eavanje elektronskim putem poslali 6. travnja 2021. Svi znamo \u0161to se dogodilo u Metkovi\u0107u za ta \u010detiri dana.<\/em><\/p>\n<p><em>\u010clanak 49. Statuta Grada Metkovi\u0107a, na koji smo se pozvali, a jedino se na Statut i mo\u017eemo pozvati, ka\u017ee da \u201eu slu\u010daju nastupanja posebnih okolnosti koje podrazumijevaju doga\u0111aj ili odre\u0111eno stanje koje se nije moglo predvidjeti i na koje se nije moglo utjecati, a koje trenutno ugro\u017eava pravni poredak, \u017eivot, zdravlje ili sigurnost stanovni\u0161tva te imovine ve\u0107e vrijednosti, za vrijeme trajanja posebnih okolnosti, sjednice Gradskoga vije\u0107a iznimno se mogu odr\u017eavati elektroni\u010dkim putem\u201c. Nitko, dakle, ni na\u0161i vije\u0107nici ni gradona\u010delnik Milan nisu mogli znati tko \u0107e se kada razboljeti pa smo zahtjev poslali u trenutku kad nam je postalo jasno da nitko od na\u0161ih vije\u0107nika ne\u0107e mo\u0107i nazo\u010diti sjednici GV-a. Dio ih je bolestan, dio disciplinirano u samoizolaciji, a jedan je odsutan.<\/em><\/p>\n<p><em>Ovdje se nije radilo ni o kakvom na\u010dinu \u201eodr\u017eavanja sjednice po ne\u010dijoj volji\u201c, kako imputira gradona\u010delnik, nego o pristojnom upitu koji je poslan u trenutku kada su nastale takve okolnosti, a na koji nismo dobili nikakav odgovor, \u010dak ni nepristojan. Dalibor Milan ne mo\u017ee nam oduzeti pravo na priop\u0107enja i obra\u0107anje javnosti jer, ipak, \u017eivimo u kakvoj-takvoj demokraciji. Pljuvali nismo ni po komu i tu disciplinu prepu\u0161tamo njemu, ako to \u017eeli. Samo smo, kao i sada, naveli \u010dinjenice i kronologiju doga\u0111aja.<\/em><\/p>\n<p><em>Zaklju\u010dno, notorna je \u010dinjenica da je gradona\u010delnik Dalibor Milan bio upoznat s na\u0161im zahtjevom kao \u0161to je i upoznat sa sadr\u017eajem \u010dlanka 49. Statuta Grada kojemu je na \u010delu. No, Dalibor Milan o tome, iz samo njemu znanih razloga, na Sjednici GV-a nije rekao ni rije\u010di, nego je re\u010denicom na kraju Sjednice (naveli smo je u priop\u0107enju) poku\u0161ao jeftino poentirati. Pitanje je \u2013 je li Milan izbjegao odr\u017eavanje Sjednice elektronskim putem jer gradske slu\u017ebe to nisu u stanju provesti ili su mu vije\u0107nici nevi\u010dni elementarnoj informatici pa se bojao blama\u017ee,<\/em> ka\u017eu iz Mosta Metkovi\u0107.<\/p>\n<p>&nbsp;<\/p>\n","protected":false},"excerpt":{"rendered":"<p>Prvo je gradona\u010delnik na kraju posljednje sjednice aktualnog saziva Gradskoga vije\u0107a prigovorio mostovcima da ne vode brigu o Gradu i gra\u0111anima jer nisu do\u0161li na sjednicu, a potom je Most odgovorio priop\u0107enjem da su zbog epidemiolo\u0161ke situacije tra\u017eili online sjednicu ba\u0161 zbog brige za zdravlje vije\u0107nika i ostalih gra\u0111ana. Nakon toga je gradona\u010delnik Milan odgovorio [&hellip;]<\/p>\n","protected":false},"author":7,"featured_media":99696,"comment_status":"open","ping_status":"open","sticky":false,"template":"","format":"standard","meta":{"footnotes":""},"categories":[296,290],"tags":[414,9000,9169],"class_list":{"0":"post-115641","1":"post","2":"type-post","3":"status-publish","4":"format-standard","5":"has-post-thumbnail","7":"category-ab","8":"category-politika","9":"tag-dalibor-milan","10":"tag-most-metkovic","11":"tag-sjednica-gradskoga-vijeca"},"yoast_head":"<!-- This site is optimized with the Yoast SEO plugin v25.2 - https:\/\/yoast.com\/wordpress\/plugins\/seo\/ -->\n<title>Sjednica GV-a &#039;online&#039; - da ili ne? Gradona\u010delnik odgovorio, Most uzvratio - likemetkovic.hr<\/title>\n<meta name=\"robots\" content=\"index, follow, max-snippet:-1, max-image-preview:large, max-video-preview:-1\" \/>\n<link rel=\"canonical\" href=\"https:\/\/likemetkovic.hr\/sjednica-gv-a-online-da-ili-ne-gradonacelnik-odgovorio-most-uzvratio\/\" \/>\n<meta property=\"og:locale\" content=\"hr_HR\" \/>\n<meta property=\"og:type\" content=\"article\" \/>\n<meta property=\"og:title\" content=\"Sjednica GV-a &#039;online&#039; - da ili ne? Gradona\u010delnik odgovorio, Most uzvratio - likemetkovic.hr\" \/>\n<meta property=\"og:description\" content=\"Prvo je gradona\u010delnik na kraju posljednje sjednice aktualnog saziva Gradskoga vije\u0107a prigovorio mostovcima da ne vode brigu o Gradu i gra\u0111anima jer nisu do\u0161li na sjednicu, a potom je Most odgovorio priop\u0107enjem da su zbog epidemiolo\u0161ke situacije tra\u017eili online sjednicu ba\u0161 zbog brige za zdravlje vije\u0107nika i ostalih gra\u0111ana. Nakon toga je gradona\u010delnik Milan odgovorio [&hellip;]\" \/>\n<meta property=\"og:url\" content=\"https:\/\/likemetkovic.hr\/sjednica-gv-a-online-da-ili-ne-gradonacelnik-odgovorio-most-uzvratio\/\" \/>\n<meta property=\"og:site_name\" content=\"likemetkovic.hr\" \/>\n<meta property=\"article:publisher\" content=\"https:\/\/www.facebook.com\/likemetkovic.hr\/\" \/>\n<meta property=\"article:published_time\" content=\"2021-04-09T06:55:14+00:00\" \/>\n<meta property=\"article:modified_time\" content=\"2021-04-09T07:20:15+00:00\" \/>\n<meta property=\"og:image\" content=\"https:\/\/likemetkovic.hr\/wp-content\/uploads\/2020\/03\/827sjednica-GV-korona.jpg\" \/>\n\t<meta property=\"og:image:width\" content=\"800\" \/>\n\t<meta property=\"og:image:height\" content=\"533\" \/>\n\t<meta property=\"og:image:type\" content=\"image\/jpeg\" \/>\n<meta name=\"author\" content=\"LIKEmetkovic.hr\" \/>\n<meta name=\"twitter:card\" content=\"summary_large_image\" \/>\n<meta name=\"twitter:label1\" content=\"Napisao\/la\" \/>\n\t<meta name=\"twitter:data1\" content=\"LIKEmetkovic.hr\" \/>\n\t<meta name=\"twitter:label2\" content=\"Procijenjeno vrijeme \u010ditanja\" \/>\n\t<meta name=\"twitter:data2\" content=\"4 minute\" \/>\n<script type=\"application\/ld+json\" class=\"yoast-schema-graph\">{\"@context\":\"https:\/\/schema.org\",\"@graph\":[{\"@type\":\"WebPage\",\"@id\":\"https:\/\/likemetkovic.hr\/sjednica-gv-a-online-da-ili-ne-gradonacelnik-odgovorio-most-uzvratio\/\",\"url\":\"https:\/\/likemetkovic.hr\/sjednica-gv-a-online-da-ili-ne-gradonacelnik-odgovorio-most-uzvratio\/\",\"name\":\"Sjednica GV-a 'online' - da ili ne? Gradona\u010delnik odgovorio, Most uzvratio - likemetkovic.hr\",\"isPartOf\":{\"@id\":\"https:\/\/likemetkovic.hr\/#website\"},\"primaryImageOfPage\":{\"@id\":\"https:\/\/likemetkovic.hr\/sjednica-gv-a-online-da-ili-ne-gradonacelnik-odgovorio-most-uzvratio\/#primaryimage\"},\"image\":{\"@id\":\"https:\/\/likemetkovic.hr\/sjednica-gv-a-online-da-ili-ne-gradonacelnik-odgovorio-most-uzvratio\/#primaryimage\"},\"thumbnailUrl\":\"https:\/\/likemetkovic.hr\/portal\/wp-content\/uploads\/2020\/03\/827sjednica-GV-korona.jpg\",\"datePublished\":\"2021-04-09T06:55:14+00:00\",\"dateModified\":\"2021-04-09T07:20:15+00:00\",\"author\":{\"@id\":\"https:\/\/likemetkovic.hr\/#\/schema\/person\/a42711f3385a0e2be6f7e0443bfb28f0\"},\"breadcrumb\":{\"@id\":\"https:\/\/likemetkovic.hr\/sjednica-gv-a-online-da-ili-ne-gradonacelnik-odgovorio-most-uzvratio\/#breadcrumb\"},\"inLanguage\":\"hr\",\"potentialAction\":[{\"@type\":\"ReadAction\",\"target\":[\"https:\/\/likemetkovic.hr\/sjednica-gv-a-online-da-ili-ne-gradonacelnik-odgovorio-most-uzvratio\/\"]}]},{\"@type\":\"ImageObject\",\"inLanguage\":\"hr\",\"@id\":\"https:\/\/likemetkovic.hr\/sjednica-gv-a-online-da-ili-ne-gradonacelnik-odgovorio-most-uzvratio\/#primaryimage\",\"url\":\"https:\/\/likemetkovic.hr\/portal\/wp-content\/uploads\/2020\/03\/827sjednica-GV-korona.jpg\",\"contentUrl\":\"https:\/\/likemetkovic.hr\/portal\/wp-content\/uploads\/2020\/03\/827sjednica-GV-korona.jpg\",\"width\":800,\"height\":533},{\"@type\":\"BreadcrumbList\",\"@id\":\"https:\/\/likemetkovic.hr\/sjednica-gv-a-online-da-ili-ne-gradonacelnik-odgovorio-most-uzvratio\/#breadcrumb\",\"itemListElement\":[{\"@type\":\"ListItem\",\"position\":1,\"name\":\"Po\u010detna stranica\",\"item\":\"https:\/\/likemetkovic.hr\/portal\/\"},{\"@type\":\"ListItem\",\"position\":2,\"name\":\"Sjednica GV-a &#8216;online&#8217; &#8211; da ili ne? Gradona\u010delnik odgovorio, Most uzvratio\"}]},{\"@type\":\"WebSite\",\"@id\":\"https:\/\/likemetkovic.hr\/#website\",\"url\":\"https:\/\/likemetkovic.hr\/\",\"name\":\"likemetkovic.hr\",\"description\":\"Misli pozitivno... \u010ditaj LIKE\",\"potentialAction\":[{\"@type\":\"SearchAction\",\"target\":{\"@type\":\"EntryPoint\",\"urlTemplate\":\"https:\/\/likemetkovic.hr\/?s={search_term_string}\"},\"query-input\":{\"@type\":\"PropertyValueSpecification\",\"valueRequired\":true,\"valueName\":\"search_term_string\"}}],\"inLanguage\":\"hr\"},{\"@type\":\"Person\",\"@id\":\"https:\/\/likemetkovic.hr\/#\/schema\/person\/a42711f3385a0e2be6f7e0443bfb28f0\",\"name\":\"LIKEmetkovic.hr\",\"sameAs\":[\"http:\/\/likemetkovic.hr\"],\"url\":\"https:\/\/likemetkovic.hr\/portal\/author\/likemetkovic-hr\/\"}]}<\/script>\n<!-- \/ Yoast SEO plugin. -->","yoast_head_json":{"title":"Sjednica GV-a 'online' - da ili ne? Gradona\u010delnik odgovorio, Most uzvratio - likemetkovic.hr","robots":{"index":"index","follow":"follow","max-snippet":"max-snippet:-1","max-image-preview":"max-image-preview:large","max-video-preview":"max-video-preview:-1"},"canonical":"https:\/\/likemetkovic.hr\/sjednica-gv-a-online-da-ili-ne-gradonacelnik-odgovorio-most-uzvratio\/","og_locale":"hr_HR","og_type":"article","og_title":"Sjednica GV-a 'online' - da ili ne? Gradona\u010delnik odgovorio, Most uzvratio - likemetkovic.hr","og_description":"Prvo je gradona\u010delnik na kraju posljednje sjednice aktualnog saziva Gradskoga vije\u0107a prigovorio mostovcima da ne vode brigu o Gradu i gra\u0111anima jer nisu do\u0161li na sjednicu, a potom je Most odgovorio priop\u0107enjem da su zbog epidemiolo\u0161ke situacije tra\u017eili online sjednicu ba\u0161 zbog brige za zdravlje vije\u0107nika i ostalih gra\u0111ana. Nakon toga je gradona\u010delnik Milan odgovorio [&hellip;]","og_url":"https:\/\/likemetkovic.hr\/sjednica-gv-a-online-da-ili-ne-gradonacelnik-odgovorio-most-uzvratio\/","og_site_name":"likemetkovic.hr","article_publisher":"https:\/\/www.facebook.com\/likemetkovic.hr\/","article_published_time":"2021-04-09T06:55:14+00:00","article_modified_time":"2021-04-09T07:20:15+00:00","og_image":[{"width":800,"height":533,"url":"https:\/\/likemetkovic.hr\/wp-content\/uploads\/2020\/03\/827sjednica-GV-korona.jpg","type":"image\/jpeg"}],"author":"LIKEmetkovic.hr","twitter_card":"summary_large_image","twitter_misc":{"Napisao\/la":"LIKEmetkovic.hr","Procijenjeno vrijeme \u010ditanja":"4 minute"},"schema":{"@context":"https:\/\/schema.org","@graph":[{"@type":"WebPage","@id":"https:\/\/likemetkovic.hr\/sjednica-gv-a-online-da-ili-ne-gradonacelnik-odgovorio-most-uzvratio\/","url":"https:\/\/likemetkovic.hr\/sjednica-gv-a-online-da-ili-ne-gradonacelnik-odgovorio-most-uzvratio\/","name":"Sjednica GV-a 'online' - da ili ne? Gradona\u010delnik odgovorio, Most uzvratio - likemetkovic.hr","isPartOf":{"@id":"https:\/\/likemetkovic.hr\/#website"},"primaryImageOfPage":{"@id":"https:\/\/likemetkovic.hr\/sjednica-gv-a-online-da-ili-ne-gradonacelnik-odgovorio-most-uzvratio\/#primaryimage"},"image":{"@id":"https:\/\/likemetkovic.hr\/sjednica-gv-a-online-da-ili-ne-gradonacelnik-odgovorio-most-uzvratio\/#primaryimage"},"thumbnailUrl":"https:\/\/likemetkovic.hr\/portal\/wp-content\/uploads\/2020\/03\/827sjednica-GV-korona.jpg","datePublished":"2021-04-09T06:55:14+00:00","dateModified":"2021-04-09T07:20:15+00:00","author":{"@id":"https:\/\/likemetkovic.hr\/#\/schema\/person\/a42711f3385a0e2be6f7e0443bfb28f0"},"breadcrumb":{"@id":"https:\/\/likemetkovic.hr\/sjednica-gv-a-online-da-ili-ne-gradonacelnik-odgovorio-most-uzvratio\/#breadcrumb"},"inLanguage":"hr","potentialAction":[{"@type":"ReadAction","target":["https:\/\/likemetkovic.hr\/sjednica-gv-a-online-da-ili-ne-gradonacelnik-odgovorio-most-uzvratio\/"]}]},{"@type":"ImageObject","inLanguage":"hr","@id":"https:\/\/likemetkovic.hr\/sjednica-gv-a-online-da-ili-ne-gradonacelnik-odgovorio-most-uzvratio\/#primaryimage","url":"https:\/\/likemetkovic.hr\/portal\/wp-content\/uploads\/2020\/03\/827sjednica-GV-korona.jpg","contentUrl":"https:\/\/likemetkovic.hr\/portal\/wp-content\/uploads\/2020\/03\/827sjednica-GV-korona.jpg","width":800,"height":533},{"@type":"BreadcrumbList","@id":"https:\/\/likemetkovic.hr\/sjednica-gv-a-online-da-ili-ne-gradonacelnik-odgovorio-most-uzvratio\/#breadcrumb","itemListElement":[{"@type":"ListItem","position":1,"name":"Po\u010detna stranica","item":"https:\/\/likemetkovic.hr\/portal\/"},{"@type":"ListItem","position":2,"name":"Sjednica GV-a &#8216;online&#8217; &#8211; da ili ne? Gradona\u010delnik odgovorio, Most uzvratio"}]},{"@type":"WebSite","@id":"https:\/\/likemetkovic.hr\/#website","url":"https:\/\/likemetkovic.hr\/","name":"likemetkovic.hr","description":"Misli pozitivno... \u010ditaj LIKE","potentialAction":[{"@type":"SearchAction","target":{"@type":"EntryPoint","urlTemplate":"https:\/\/likemetkovic.hr\/?s={search_term_string}"},"query-input":{"@type":"PropertyValueSpecification","valueRequired":true,"valueName":"search_term_string"}}],"inLanguage":"hr"},{"@type":"Person","@id":"https:\/\/likemetkovic.hr\/#\/schema\/person\/a42711f3385a0e2be6f7e0443bfb28f0","name":"LIKEmetkovic.hr","sameAs":["http:\/\/likemetkovic.hr"],"url":"https:\/\/likemetkovic.hr\/portal\/author\/likemetkovic-hr\/"}]}},"_links":{"self":[{"href":"https:\/\/likemetkovic.hr\/portal\/wp-json\/wp\/v2\/posts\/115641","targetHints":{"allow":["GET"]}}],"collection":[{"href":"https:\/\/likemetkovic.hr\/portal\/wp-json\/wp\/v2\/posts"}],"about":[{"href":"https:\/\/likemetkovic.hr\/portal\/wp-json\/wp\/v2\/types\/post"}],"author":[{"embeddable":true,"href":"https:\/\/likemetkovic.hr\/portal\/wp-json\/wp\/v2\/users\/7"}],"replies":[{"embeddable":true,"href":"https:\/\/likemetkovic.hr\/portal\/wp-json\/wp\/v2\/comments?post=115641"}],"version-history":[{"count":0,"href":"https:\/\/likemetkovic.hr\/portal\/wp-json\/wp\/v2\/posts\/115641\/revisions"}],"wp:featuredmedia":[{"embeddable":true,"href":"https:\/\/likemetkovic.hr\/portal\/wp-json\/wp\/v2\/media\/99696"}],"wp:attachment":[{"href":"https:\/\/likemetkovic.hr\/portal\/wp-json\/wp\/v2\/media?parent=115641"}],"wp:term":[{"taxonomy":"category","embeddable":true,"href":"https:\/\/likemetkovic.hr\/portal\/wp-json\/wp\/v2\/categories?post=115641"},{"taxonomy":"post_tag","embeddable":true,"href":"https:\/\/likemetkovic.hr\/portal\/wp-json\/wp\/v2\/tags?post=115641"}],"curies":[{"name":"wp","href":"https:\/\/api.w.org\/{rel}","templated":true}]}}