{"id":115690,"date":"2021-04-10T09:48:41","date_gmt":"2021-04-10T07:48:41","guid":{"rendered":"https:\/\/likemetkovic.hr\/?p=115690"},"modified":"2021-04-10T09:48:41","modified_gmt":"2021-04-10T07:48:41","slug":"izmjenjen-zakon-jambo-se-ne-moze-kandidirati-na-lokalnim-izborima-vlahusic-i-vican-rehabilitirani","status":"publish","type":"post","link":"https:\/\/likemetkovic.hr\/portal\/izmjenjen-zakon-jambo-se-ne-moze-kandidirati-na-lokalnim-izborima-vlahusic-i-vican-rehabilitirani\/","title":{"rendered":"IZMJENJEN ZAKON: Jambo se ne mo\u017ee kandidirati na lokalnim izborima. Vlahu\u0161i\u0107 i Vi\u0107an rehabilitirani!?"},"content":{"rendered":"<p>Malo prije svibanjskih lokalnih izbora, poo\u0161travaju se uvjeti kandidiranja. Sabor je ju\u010der izglasao izmjene Zakona o lokalnim izborima prema kojima \u0107e biti zabranjeno kandidiranje svima koji su osu\u0111eni na zatvorsku kaznu od najmanje \u0161est mjeseci ili uvjetno ili im je kazna zamijenjena radom za op\u0107e dobro. Isto tako, pravomo\u0107nom presudom za svako kazneno djelo lokalnim du\u017enosnicima automatski prestaje mandat, pi\u0161e <a href=\"https:\/\/dubrovacki.slobodnadalmacija.hr\/dubrovnik\/vijesti\/hrvatska-i-svijet\/mogu-li-se-vlahusic-i-vican-kandidirati-za-gradonacelnika-vican-recite-dusebriznicima-1090210\" target=\"_blank\" rel=\"noopener\">Dubrova\u010dki vjesnik<\/a>.<\/p>\n<p>Kandidatura bi po novim pravilima tako mogla propasti dvojici aktualnih kandidata za gradona\u010delnika Dubrovnika, <strong>Andru Vlahu\u0161i\u0107u<\/strong> i <strong>Peru Vi\u0107anu<\/strong>, i to zbog slu\u010daja u kojemu su sudjelovali zajedno.\u00a0Vrhovni sud je 2015. pravomo\u0107no osudio biv\u0161eg dubrova\u010dkog gradona\u010delnika Andra Vlahu\u0161i\u0107a i Pera Vi\u0107ana za aferu \u0160ipan, ali uz smanjenu kaznu. Kazna za Andra Vlahu\u0161i\u0107a smanjena je s 10 mjeseci zatvora uvjetno na 6 mjeseci zatvora uvjetno, dok je Vi\u0107anu s 12 mjeseci zatvora uvjetno smanjena tako\u0111er\u00a0na 6 mjeseci.<\/p>\n<p>No, tu je i ne\u0161to \u0161to se zove <em><strong>rje\u0161enje o rehabilitaciji<\/strong><\/em>. Naime, ako ste po\u010dinitelj kaznenog djela koji je pravomo\u0107no osu\u0111en ili oslobo\u0111en kazne, imate pravo smatrati se osobom koja nije po\u010dinila kazneno djelo nakon proteka zakonom odre\u0111enog vremena i pod uvjetima odre\u0111enima Zakonom o pravnim posljedicama osude, kaznenoj evidenciji i rehabilitaciji.\u00a0Rehabilitirana osoba ima pravo nijekati prija\u0161nju osu\u0111ivanost i zbog toga ne smije biti pozvana na odgovornost, niti imati bilo kakve pravne posljedice. Njezina prava i slobode ne mogu se razlikovati od prava i sloboda osoba koje nisu po\u010dinile kazneno djelo.<\/p>\n<p>Da biste to ostvarili, imate pravo podnijeti Ministarstvu pravosu\u0111a i uprave zahtjev za dono\u0161enje Rje\u0161enja o rehabilitaciji.<\/p>\n<p>Nazvali smo Andra Vlau\u0161i\u0107a da nam iskomentira je li rehabilitiran i misli li da se mo\u017ee kandidirati za gradona\u010delnika 16. svibnja, ali nam se nije odazvao na poziv. No, sve je na kraju objasnio Pero Vi\u0107an, nasmijan u subotnje jutro, rekav\u0161i da &#8216;ka\u017eemo du\u0161ebri\u017enicima da je kod njih davno nastupila rehabilitacija&#8217;.<\/p>\n<p>&#8211; To ima veze samo s Jambom &#8211; zaklju\u010dio je na kraju. Naime,\u00a0<strong>Stipo Gabri\u0107 Jambo<\/strong> ne mo\u017ee se kandidirati na predstoje\u0107im izborima jer je tek u studenom pro\u0161le godine pravomo\u0107no osu\u0111en na \u017dupanijskom sudu u Osijeku na kaznu zatvora u trajanju od 7 mjeseci, te mu je izre\u010dena uvjetna osuda s rokom provjeravanja od jedne godine, zbog po\u010dinjenja kaznenog djela sprje\u010davanje dokazivanja u sudskom postupku, pa mu vrijeme rehabilitacije tek treba sti\u0107i u budu\u0107nosti.<\/p>\n<p>Pi\u0161e: Dubravka Marjanovi\u0107 Lada\u0161i\u0107\/DV<\/p>\n","protected":false},"excerpt":{"rendered":"<p>Malo prije svibanjskih lokalnih izbora, poo\u0161travaju se uvjeti kandidiranja. Sabor je ju\u010der izglasao izmjene Zakona o lokalnim izborima prema kojima \u0107e biti zabranjeno kandidiranje svima koji su osu\u0111eni na zatvorsku kaznu od najmanje \u0161est mjeseci ili uvjetno ili im je kazna zamijenjena radom za op\u0107e dobro. Isto tako, pravomo\u0107nom presudom za svako kazneno djelo lokalnim [&hellip;]<\/p>\n","protected":false},"author":7,"featured_media":115691,"comment_status":"open","ping_status":"open","sticky":false,"template":"","format":"standard","meta":{"footnotes":""},"categories":[283,290],"tags":[9175,697,526,9118],"class_list":{"0":"post-115690","1":"post","2":"type-post","3":"status-publish","4":"format-standard","5":"has-post-thumbnail","7":"category-a","8":"category-politika","9":"tag-andro-vlahusic","10":"tag-pero-vican","11":"tag-stipo-gabric-jambo","12":"tag-zakon-o-lokalnim-izborima"},"yoast_head":"<!-- This site is optimized with the Yoast SEO plugin v25.2 - https:\/\/yoast.com\/wordpress\/plugins\/seo\/ -->\n<title>IZMJENJEN ZAKON: Jambo se ne mo\u017ee kandidirati na lokalnim izborima. Vlahu\u0161i\u0107 i Vi\u0107an rehabilitirani!? - likemetkovic.hr<\/title>\n<meta name=\"robots\" content=\"index, follow, max-snippet:-1, max-image-preview:large, max-video-preview:-1\" \/>\n<link rel=\"canonical\" href=\"https:\/\/likemetkovic.hr\/izmjenjen-zakon-jambo-se-ne-moze-kandidirati-na-lokalnim-izborima-vlahusic-i-vican-rehabilitirani\/\" \/>\n<meta property=\"og:locale\" content=\"hr_HR\" \/>\n<meta property=\"og:type\" content=\"article\" \/>\n<meta property=\"og:title\" content=\"IZMJENJEN ZAKON: Jambo se ne mo\u017ee kandidirati na lokalnim izborima. Vlahu\u0161i\u0107 i Vi\u0107an rehabilitirani!? - likemetkovic.hr\" \/>\n<meta property=\"og:description\" content=\"Malo prije svibanjskih lokalnih izbora, poo\u0161travaju se uvjeti kandidiranja. Sabor je ju\u010der izglasao izmjene Zakona o lokalnim izborima prema kojima \u0107e biti zabranjeno kandidiranje svima koji su osu\u0111eni na zatvorsku kaznu od najmanje \u0161est mjeseci ili uvjetno ili im je kazna zamijenjena radom za op\u0107e dobro. Isto tako, pravomo\u0107nom presudom za svako kazneno djelo lokalnim [&hellip;]\" \/>\n<meta property=\"og:url\" content=\"https:\/\/likemetkovic.hr\/izmjenjen-zakon-jambo-se-ne-moze-kandidirati-na-lokalnim-izborima-vlahusic-i-vican-rehabilitirani\/\" \/>\n<meta property=\"og:site_name\" content=\"likemetkovic.hr\" \/>\n<meta property=\"article:publisher\" content=\"https:\/\/www.facebook.com\/likemetkovic.hr\/\" \/>\n<meta property=\"article:published_time\" content=\"2021-04-10T07:48:41+00:00\" \/>\n<meta property=\"og:image\" content=\"https:\/\/likemetkovic.hr\/wp-content\/uploads\/2021\/04\/vican-vhahusic-jambo2.jpg\" \/>\n\t<meta property=\"og:image:width\" content=\"1146\" \/>\n\t<meta property=\"og:image:height\" content=\"600\" \/>\n\t<meta property=\"og:image:type\" content=\"image\/jpeg\" \/>\n<meta name=\"author\" content=\"LIKEmetkovic.hr\" \/>\n<meta name=\"twitter:card\" content=\"summary_large_image\" \/>\n<meta name=\"twitter:label1\" content=\"Napisao\/la\" \/>\n\t<meta name=\"twitter:data1\" content=\"LIKEmetkovic.hr\" \/>\n\t<meta name=\"twitter:label2\" content=\"Procijenjeno vrijeme \u010ditanja\" \/>\n\t<meta name=\"twitter:data2\" content=\"2 minute\" \/>\n<script type=\"application\/ld+json\" class=\"yoast-schema-graph\">{\"@context\":\"https:\/\/schema.org\",\"@graph\":[{\"@type\":\"WebPage\",\"@id\":\"https:\/\/likemetkovic.hr\/izmjenjen-zakon-jambo-se-ne-moze-kandidirati-na-lokalnim-izborima-vlahusic-i-vican-rehabilitirani\/\",\"url\":\"https:\/\/likemetkovic.hr\/izmjenjen-zakon-jambo-se-ne-moze-kandidirati-na-lokalnim-izborima-vlahusic-i-vican-rehabilitirani\/\",\"name\":\"IZMJENJEN ZAKON: Jambo se ne mo\u017ee kandidirati na lokalnim izborima. Vlahu\u0161i\u0107 i Vi\u0107an rehabilitirani!? - likemetkovic.hr\",\"isPartOf\":{\"@id\":\"https:\/\/likemetkovic.hr\/#website\"},\"primaryImageOfPage\":{\"@id\":\"https:\/\/likemetkovic.hr\/izmjenjen-zakon-jambo-se-ne-moze-kandidirati-na-lokalnim-izborima-vlahusic-i-vican-rehabilitirani\/#primaryimage\"},\"image\":{\"@id\":\"https:\/\/likemetkovic.hr\/izmjenjen-zakon-jambo-se-ne-moze-kandidirati-na-lokalnim-izborima-vlahusic-i-vican-rehabilitirani\/#primaryimage\"},\"thumbnailUrl\":\"https:\/\/likemetkovic.hr\/portal\/wp-content\/uploads\/2021\/04\/vican-vhahusic-jambo2.jpg\",\"datePublished\":\"2021-04-10T07:48:41+00:00\",\"author\":{\"@id\":\"https:\/\/likemetkovic.hr\/#\/schema\/person\/a42711f3385a0e2be6f7e0443bfb28f0\"},\"breadcrumb\":{\"@id\":\"https:\/\/likemetkovic.hr\/izmjenjen-zakon-jambo-se-ne-moze-kandidirati-na-lokalnim-izborima-vlahusic-i-vican-rehabilitirani\/#breadcrumb\"},\"inLanguage\":\"hr\",\"potentialAction\":[{\"@type\":\"ReadAction\",\"target\":[\"https:\/\/likemetkovic.hr\/izmjenjen-zakon-jambo-se-ne-moze-kandidirati-na-lokalnim-izborima-vlahusic-i-vican-rehabilitirani\/\"]}]},{\"@type\":\"ImageObject\",\"inLanguage\":\"hr\",\"@id\":\"https:\/\/likemetkovic.hr\/izmjenjen-zakon-jambo-se-ne-moze-kandidirati-na-lokalnim-izborima-vlahusic-i-vican-rehabilitirani\/#primaryimage\",\"url\":\"https:\/\/likemetkovic.hr\/portal\/wp-content\/uploads\/2021\/04\/vican-vhahusic-jambo2.jpg\",\"contentUrl\":\"https:\/\/likemetkovic.hr\/portal\/wp-content\/uploads\/2021\/04\/vican-vhahusic-jambo2.jpg\",\"width\":1146,\"height\":600},{\"@type\":\"BreadcrumbList\",\"@id\":\"https:\/\/likemetkovic.hr\/izmjenjen-zakon-jambo-se-ne-moze-kandidirati-na-lokalnim-izborima-vlahusic-i-vican-rehabilitirani\/#breadcrumb\",\"itemListElement\":[{\"@type\":\"ListItem\",\"position\":1,\"name\":\"Po\u010detna stranica\",\"item\":\"https:\/\/likemetkovic.hr\/portal\/\"},{\"@type\":\"ListItem\",\"position\":2,\"name\":\"IZMJENJEN ZAKON: Jambo se ne mo\u017ee kandidirati na lokalnim izborima. Vlahu\u0161i\u0107 i Vi\u0107an rehabilitirani!?\"}]},{\"@type\":\"WebSite\",\"@id\":\"https:\/\/likemetkovic.hr\/#website\",\"url\":\"https:\/\/likemetkovic.hr\/\",\"name\":\"likemetkovic.hr\",\"description\":\"Misli pozitivno... \u010ditaj LIKE\",\"potentialAction\":[{\"@type\":\"SearchAction\",\"target\":{\"@type\":\"EntryPoint\",\"urlTemplate\":\"https:\/\/likemetkovic.hr\/?s={search_term_string}\"},\"query-input\":{\"@type\":\"PropertyValueSpecification\",\"valueRequired\":true,\"valueName\":\"search_term_string\"}}],\"inLanguage\":\"hr\"},{\"@type\":\"Person\",\"@id\":\"https:\/\/likemetkovic.hr\/#\/schema\/person\/a42711f3385a0e2be6f7e0443bfb28f0\",\"name\":\"LIKEmetkovic.hr\",\"sameAs\":[\"http:\/\/likemetkovic.hr\"],\"url\":\"https:\/\/likemetkovic.hr\/portal\/author\/likemetkovic-hr\/\"}]}<\/script>\n<!-- \/ Yoast SEO plugin. -->","yoast_head_json":{"title":"IZMJENJEN ZAKON: Jambo se ne mo\u017ee kandidirati na lokalnim izborima. Vlahu\u0161i\u0107 i Vi\u0107an rehabilitirani!? - likemetkovic.hr","robots":{"index":"index","follow":"follow","max-snippet":"max-snippet:-1","max-image-preview":"max-image-preview:large","max-video-preview":"max-video-preview:-1"},"canonical":"https:\/\/likemetkovic.hr\/izmjenjen-zakon-jambo-se-ne-moze-kandidirati-na-lokalnim-izborima-vlahusic-i-vican-rehabilitirani\/","og_locale":"hr_HR","og_type":"article","og_title":"IZMJENJEN ZAKON: Jambo se ne mo\u017ee kandidirati na lokalnim izborima. Vlahu\u0161i\u0107 i Vi\u0107an rehabilitirani!? - likemetkovic.hr","og_description":"Malo prije svibanjskih lokalnih izbora, poo\u0161travaju se uvjeti kandidiranja. Sabor je ju\u010der izglasao izmjene Zakona o lokalnim izborima prema kojima \u0107e biti zabranjeno kandidiranje svima koji su osu\u0111eni na zatvorsku kaznu od najmanje \u0161est mjeseci ili uvjetno ili im je kazna zamijenjena radom za op\u0107e dobro. Isto tako, pravomo\u0107nom presudom za svako kazneno djelo lokalnim [&hellip;]","og_url":"https:\/\/likemetkovic.hr\/izmjenjen-zakon-jambo-se-ne-moze-kandidirati-na-lokalnim-izborima-vlahusic-i-vican-rehabilitirani\/","og_site_name":"likemetkovic.hr","article_publisher":"https:\/\/www.facebook.com\/likemetkovic.hr\/","article_published_time":"2021-04-10T07:48:41+00:00","og_image":[{"width":1146,"height":600,"url":"https:\/\/likemetkovic.hr\/wp-content\/uploads\/2021\/04\/vican-vhahusic-jambo2.jpg","type":"image\/jpeg"}],"author":"LIKEmetkovic.hr","twitter_card":"summary_large_image","twitter_misc":{"Napisao\/la":"LIKEmetkovic.hr","Procijenjeno vrijeme \u010ditanja":"2 minute"},"schema":{"@context":"https:\/\/schema.org","@graph":[{"@type":"WebPage","@id":"https:\/\/likemetkovic.hr\/izmjenjen-zakon-jambo-se-ne-moze-kandidirati-na-lokalnim-izborima-vlahusic-i-vican-rehabilitirani\/","url":"https:\/\/likemetkovic.hr\/izmjenjen-zakon-jambo-se-ne-moze-kandidirati-na-lokalnim-izborima-vlahusic-i-vican-rehabilitirani\/","name":"IZMJENJEN ZAKON: Jambo se ne mo\u017ee kandidirati na lokalnim izborima. Vlahu\u0161i\u0107 i Vi\u0107an rehabilitirani!? - likemetkovic.hr","isPartOf":{"@id":"https:\/\/likemetkovic.hr\/#website"},"primaryImageOfPage":{"@id":"https:\/\/likemetkovic.hr\/izmjenjen-zakon-jambo-se-ne-moze-kandidirati-na-lokalnim-izborima-vlahusic-i-vican-rehabilitirani\/#primaryimage"},"image":{"@id":"https:\/\/likemetkovic.hr\/izmjenjen-zakon-jambo-se-ne-moze-kandidirati-na-lokalnim-izborima-vlahusic-i-vican-rehabilitirani\/#primaryimage"},"thumbnailUrl":"https:\/\/likemetkovic.hr\/portal\/wp-content\/uploads\/2021\/04\/vican-vhahusic-jambo2.jpg","datePublished":"2021-04-10T07:48:41+00:00","author":{"@id":"https:\/\/likemetkovic.hr\/#\/schema\/person\/a42711f3385a0e2be6f7e0443bfb28f0"},"breadcrumb":{"@id":"https:\/\/likemetkovic.hr\/izmjenjen-zakon-jambo-se-ne-moze-kandidirati-na-lokalnim-izborima-vlahusic-i-vican-rehabilitirani\/#breadcrumb"},"inLanguage":"hr","potentialAction":[{"@type":"ReadAction","target":["https:\/\/likemetkovic.hr\/izmjenjen-zakon-jambo-se-ne-moze-kandidirati-na-lokalnim-izborima-vlahusic-i-vican-rehabilitirani\/"]}]},{"@type":"ImageObject","inLanguage":"hr","@id":"https:\/\/likemetkovic.hr\/izmjenjen-zakon-jambo-se-ne-moze-kandidirati-na-lokalnim-izborima-vlahusic-i-vican-rehabilitirani\/#primaryimage","url":"https:\/\/likemetkovic.hr\/portal\/wp-content\/uploads\/2021\/04\/vican-vhahusic-jambo2.jpg","contentUrl":"https:\/\/likemetkovic.hr\/portal\/wp-content\/uploads\/2021\/04\/vican-vhahusic-jambo2.jpg","width":1146,"height":600},{"@type":"BreadcrumbList","@id":"https:\/\/likemetkovic.hr\/izmjenjen-zakon-jambo-se-ne-moze-kandidirati-na-lokalnim-izborima-vlahusic-i-vican-rehabilitirani\/#breadcrumb","itemListElement":[{"@type":"ListItem","position":1,"name":"Po\u010detna stranica","item":"https:\/\/likemetkovic.hr\/portal\/"},{"@type":"ListItem","position":2,"name":"IZMJENJEN ZAKON: Jambo se ne mo\u017ee kandidirati na lokalnim izborima. Vlahu\u0161i\u0107 i Vi\u0107an rehabilitirani!?"}]},{"@type":"WebSite","@id":"https:\/\/likemetkovic.hr\/#website","url":"https:\/\/likemetkovic.hr\/","name":"likemetkovic.hr","description":"Misli pozitivno... \u010ditaj LIKE","potentialAction":[{"@type":"SearchAction","target":{"@type":"EntryPoint","urlTemplate":"https:\/\/likemetkovic.hr\/?s={search_term_string}"},"query-input":{"@type":"PropertyValueSpecification","valueRequired":true,"valueName":"search_term_string"}}],"inLanguage":"hr"},{"@type":"Person","@id":"https:\/\/likemetkovic.hr\/#\/schema\/person\/a42711f3385a0e2be6f7e0443bfb28f0","name":"LIKEmetkovic.hr","sameAs":["http:\/\/likemetkovic.hr"],"url":"https:\/\/likemetkovic.hr\/portal\/author\/likemetkovic-hr\/"}]}},"_links":{"self":[{"href":"https:\/\/likemetkovic.hr\/portal\/wp-json\/wp\/v2\/posts\/115690","targetHints":{"allow":["GET"]}}],"collection":[{"href":"https:\/\/likemetkovic.hr\/portal\/wp-json\/wp\/v2\/posts"}],"about":[{"href":"https:\/\/likemetkovic.hr\/portal\/wp-json\/wp\/v2\/types\/post"}],"author":[{"embeddable":true,"href":"https:\/\/likemetkovic.hr\/portal\/wp-json\/wp\/v2\/users\/7"}],"replies":[{"embeddable":true,"href":"https:\/\/likemetkovic.hr\/portal\/wp-json\/wp\/v2\/comments?post=115690"}],"version-history":[{"count":0,"href":"https:\/\/likemetkovic.hr\/portal\/wp-json\/wp\/v2\/posts\/115690\/revisions"}],"wp:featuredmedia":[{"embeddable":true,"href":"https:\/\/likemetkovic.hr\/portal\/wp-json\/wp\/v2\/media\/115691"}],"wp:attachment":[{"href":"https:\/\/likemetkovic.hr\/portal\/wp-json\/wp\/v2\/media?parent=115690"}],"wp:term":[{"taxonomy":"category","embeddable":true,"href":"https:\/\/likemetkovic.hr\/portal\/wp-json\/wp\/v2\/categories?post=115690"},{"taxonomy":"post_tag","embeddable":true,"href":"https:\/\/likemetkovic.hr\/portal\/wp-json\/wp\/v2\/tags?post=115690"}],"curies":[{"name":"wp","href":"https:\/\/api.w.org\/{rel}","templated":true}]}}