{"id":115698,"date":"2021-04-10T12:20:12","date_gmt":"2021-04-10T10:20:12","guid":{"rendered":"https:\/\/likemetkovic.hr\/?p=115698"},"modified":"2021-04-10T12:23:17","modified_gmt":"2021-04-10T10:23:17","slug":"foto-cijepljenje-protiv-bolesti-covid-19-u-metkovicu-stiglo-je-514-doza-pfizera","status":"publish","type":"post","link":"https:\/\/likemetkovic.hr\/portal\/foto-cijepljenje-protiv-bolesti-covid-19-u-metkovicu-stiglo-je-514-doza-pfizera\/","title":{"rendered":"FOTO Cijepljenje protiv bolesti COVID-19 u Metkovi\u0107u, stiglo je 514 doza Pfizera"},"content":{"rendered":"<p>Danas je organizirano masovno cijepljenje protiv bolesti COVID-19 u gimnazijskoj sportskoj dvorani u Metkovi\u0107u.<\/p>\n<p>Danas \u0107e se <strong>docijepiti 406 osoba Pfizer cjepivom<\/strong> koje su prvu dozu primile do 27. velja\u010de. Nakon toga \u0107e se istim cjepivom prvi put cijepiti <strong>jo\u0161 108 osoba<\/strong>. Svi danas cijepljeni su iz tzv. prioritetne skupine, rije\u010d je o starijim osobama i osobama s kroni\u010dnim bolestima i drugim komorbiditetima, koji su se prijavili kod svog lije\u010dnika obiteljske medicine.<\/p>\n<p>O\u010dekuje se skori dolazak u Metkovi\u0107 i oko <strong>600 doza cjepiva AstraZeneca<\/strong> \u0161to \u0107e omogu\u0107iti cijepljenje i mla\u0111e populacije jer je pri kraju procjepljivanje osoba iz prioritetne skupine.<\/p>\n<p><em>&#8211; Pozivamo ljude da se prijave za cijepljenje kod svojih<strong> lije\u010dnika obiteljske medicine<\/strong> ili putem platforme <strong><a href=\"https:\/\/cijepise.zdravlje.hr\/\" target=\"_blank\" rel=\"noopener\">cijepise.zdravlje.hr<\/a><\/strong>.<\/em> &#8211; kazala nam je koordinatorica cijepljenja <strong>Anica Maji\u0107<\/strong>, magistra sestrinstva.<\/p>\n\r\n                <style type=\"text\/css\">\r\n                    \r\n                    #tdi_1  .td-doubleSlider-2 .td-item1 {\r\n                        background: url(https:\/\/likemetkovic.hr\/portal\/wp-content\/uploads\/2021\/04\/cijepnjenje-covid-19-metkovic-80x60.jpg) 0 0 no-repeat;\r\n                    }\r\n                    #tdi_1  .td-doubleSlider-2 .td-item2 {\r\n                        background: url(https:\/\/likemetkovic.hr\/portal\/wp-content\/uploads\/2021\/04\/cijepnjenje-covid-19-metkovic_2-80x60.jpg) 0 0 no-repeat;\r\n                    }\r\n                    #tdi_1  .td-doubleSlider-2 .td-item3 {\r\n                        background: url(https:\/\/likemetkovic.hr\/portal\/wp-content\/uploads\/2021\/04\/cijepnjenje-covid-19-metkovic_3-80x60.jpg) 0 0 no-repeat;\r\n                    }\r\n                    #tdi_1  .td-doubleSlider-2 .td-item4 {\r\n                        background: url(https:\/\/likemetkovic.hr\/portal\/wp-content\/uploads\/2021\/04\/cijepnjenje-covid-19-metkovic_4-80x60.jpg) 0 0 no-repeat;\r\n                    }\r\n                    #tdi_1  .td-doubleSlider-2 .td-item5 {\r\n                        background: url(https:\/\/likemetkovic.hr\/portal\/wp-content\/uploads\/2021\/04\/cijepnjenje-covid-19-metkovic_5-80x60.jpg) 0 0 no-repeat;\r\n                    }\r\n                    #tdi_1  .td-doubleSlider-2 .td-item6 {\r\n                        background: url(https:\/\/likemetkovic.hr\/portal\/wp-content\/uploads\/2021\/04\/cijepnjenje-covid-19-metkovic_6-80x60.jpg) 0 0 no-repeat;\r\n                    }\r\n                    #tdi_1  .td-doubleSlider-2 .td-item7 {\r\n                        background: url(https:\/\/likemetkovic.hr\/portal\/wp-content\/uploads\/2021\/04\/cijepnjenje-covid-19-metkovic_6a-80x60.jpg) 0 0 no-repeat;\r\n                    }\r\n                    #tdi_1  .td-doubleSlider-2 .td-item8 {\r\n                        background: url(https:\/\/likemetkovic.hr\/portal\/wp-content\/uploads\/2021\/04\/cijepnjenje-covid-19-metkovic_7-80x60.jpg) 0 0 no-repeat;\r\n                    }\r\n                    #tdi_1  .td-doubleSlider-2 .td-item9 {\r\n                        background: url(https:\/\/likemetkovic.hr\/portal\/wp-content\/uploads\/2021\/04\/cijepnjenje-covid-19-metkovic_8-80x60.jpg) 0 0 no-repeat;\r\n                    }\r\n                <\/style>\r\n\r\n                <div id=\"tdi_1\" class=\"td-gallery td-slide-on-2-columns\">\r\n                    <div class=\"post_td_gallery\">\r\n                        <div class=\"td-gallery-slide-top\">\r\n                           <div class=\"td-gallery-title\"><\/div>\r\n\r\n                            <div class=\"td-gallery-controls-wrapper\">\r\n                                <div class=\"td-gallery-slide-count\"><span class=\"td-gallery-slide-item-focus\">1<\/span> of 9<\/div>\r\n                                <div class=\"td-gallery-slide-prev-next-but\">\r\n                                    <i class = \"td-icon-left doubleSliderPrevButton\"><\/i>\r\n                                    <i class = \"td-icon-right doubleSliderNextButton\"><\/i>\r\n                                <\/div>\r\n                            <\/div>\r\n                        <\/div>\r\n\r\n                        <div class = \"td-doubleSlider-1 \">\r\n                            <div class = \"td-slider\">\r\n                                \r\n                    <div class = \"td-slide-item td-item1\">\r\n                        <figure class=\"td-slide-galery-figure td-slide-popup-gallery\">\r\n                            <a class=\"slide-gallery-image-link\" href=\"https:\/\/likemetkovic.hr\/portal\/wp-content\/uploads\/2021\/04\/cijepnjenje-covid-19-metkovic.jpg\" title=\"cijepljenje-covid-19-metkovic\"  data-caption=\"\"  data-description=\"\">\r\n                                <img decoding=\"async\" src=\"https:\/\/likemetkovic.hr\/portal\/wp-content\/uploads\/2021\/04\/cijepnjenje-covid-19-metkovic-747x420.jpg\" srcset=\"https:\/\/likemetkovic.hr\/portal\/wp-content\/uploads\/2021\/04\/cijepnjenje-covid-19-metkovic-747x420.jpg 747w, https:\/\/likemetkovic.hr\/portal\/wp-content\/uploads\/2021\/04\/cijepnjenje-covid-19-metkovic-768x432.jpg 768w, https:\/\/likemetkovic.hr\/portal\/wp-content\/uploads\/2021\/04\/cijepnjenje-covid-19-metkovic-696x392.jpg 696w, https:\/\/likemetkovic.hr\/portal\/wp-content\/uploads\/2021\/04\/cijepnjenje-covid-19-metkovic.jpg 800w\" sizes=\"(max-width: 747px) 100vw, 747px\" alt=\"\">\r\n                            <\/a>\r\n                            \r\n                        <\/figure>\r\n                    <\/div>\r\n                    <div class = \"td-slide-item td-item2\">\r\n                        <figure class=\"td-slide-galery-figure td-slide-popup-gallery\">\r\n                            <a class=\"slide-gallery-image-link\" href=\"https:\/\/likemetkovic.hr\/portal\/wp-content\/uploads\/2021\/04\/cijepnjenje-covid-19-metkovic_2.jpg\" title=\"cijepnjelje-covid-19-metkovic_2\"  data-caption=\"\"  data-description=\"\">\r\n                                <img decoding=\"async\" src=\"https:\/\/likemetkovic.hr\/portal\/wp-content\/uploads\/2021\/04\/cijepnjenje-covid-19-metkovic_2-630x420.jpg\" srcset=\"https:\/\/likemetkovic.hr\/portal\/wp-content\/uploads\/2021\/04\/cijepnjenje-covid-19-metkovic_2-630x420.jpg 630w, https:\/\/likemetkovic.hr\/portal\/wp-content\/uploads\/2021\/04\/cijepnjenje-covid-19-metkovic_2-768x512.jpg 768w, https:\/\/likemetkovic.hr\/portal\/wp-content\/uploads\/2021\/04\/cijepnjenje-covid-19-metkovic_2-696x464.jpg 696w, https:\/\/likemetkovic.hr\/portal\/wp-content\/uploads\/2021\/04\/cijepnjenje-covid-19-metkovic_2.jpg 800w\" sizes=\"(max-width: 630px) 100vw, 630px\" alt=\"\">\r\n                            <\/a>\r\n                            \r\n                        <\/figure>\r\n                    <\/div>\r\n                    <div class = \"td-slide-item td-item3\">\r\n                        <figure class=\"td-slide-galery-figure td-slide-popup-gallery\">\r\n                            <a class=\"slide-gallery-image-link\" href=\"https:\/\/likemetkovic.hr\/portal\/wp-content\/uploads\/2021\/04\/cijepnjenje-covid-19-metkovic_3.jpg\" title=\"cijepnjelje-covid-19-metkovic_3\"  data-caption=\"\"  data-description=\"\">\r\n                                <img decoding=\"async\" src=\"https:\/\/likemetkovic.hr\/portal\/wp-content\/uploads\/2021\/04\/cijepnjenje-covid-19-metkovic_3-630x420.jpg\" srcset=\"https:\/\/likemetkovic.hr\/portal\/wp-content\/uploads\/2021\/04\/cijepnjenje-covid-19-metkovic_3-630x420.jpg 630w, https:\/\/likemetkovic.hr\/portal\/wp-content\/uploads\/2021\/04\/cijepnjenje-covid-19-metkovic_3-768x512.jpg 768w, https:\/\/likemetkovic.hr\/portal\/wp-content\/uploads\/2021\/04\/cijepnjenje-covid-19-metkovic_3-696x464.jpg 696w, https:\/\/likemetkovic.hr\/portal\/wp-content\/uploads\/2021\/04\/cijepnjenje-covid-19-metkovic_3.jpg 800w\" sizes=\"(max-width: 630px) 100vw, 630px\" alt=\"\">\r\n                            <\/a>\r\n                            \r\n                        <\/figure>\r\n                    <\/div>\r\n                    <div class = \"td-slide-item td-item4\">\r\n                        <figure class=\"td-slide-galery-figure td-slide-popup-gallery\">\r\n                            <a class=\"slide-gallery-image-link\" href=\"https:\/\/likemetkovic.hr\/portal\/wp-content\/uploads\/2021\/04\/cijepnjenje-covid-19-metkovic_4.jpg\" title=\"cijepnjelje-covid-19-metkovic_4\"  data-caption=\"\"  data-description=\"\">\r\n                                <img decoding=\"async\" src=\"https:\/\/likemetkovic.hr\/portal\/wp-content\/uploads\/2021\/04\/cijepnjenje-covid-19-metkovic_4-630x420.jpg\" srcset=\"https:\/\/likemetkovic.hr\/portal\/wp-content\/uploads\/2021\/04\/cijepnjenje-covid-19-metkovic_4-630x420.jpg 630w, https:\/\/likemetkovic.hr\/portal\/wp-content\/uploads\/2021\/04\/cijepnjenje-covid-19-metkovic_4-768x512.jpg 768w, https:\/\/likemetkovic.hr\/portal\/wp-content\/uploads\/2021\/04\/cijepnjenje-covid-19-metkovic_4-696x464.jpg 696w, https:\/\/likemetkovic.hr\/portal\/wp-content\/uploads\/2021\/04\/cijepnjenje-covid-19-metkovic_4.jpg 800w\" sizes=\"(max-width: 630px) 100vw, 630px\" alt=\"\">\r\n                            <\/a>\r\n                            \r\n                        <\/figure>\r\n                    <\/div>\r\n                    <div class = \"td-slide-item td-item5\">\r\n                        <figure class=\"td-slide-galery-figure td-slide-popup-gallery\">\r\n                            <a class=\"slide-gallery-image-link\" href=\"https:\/\/likemetkovic.hr\/portal\/wp-content\/uploads\/2021\/04\/cijepnjenje-covid-19-metkovic_5.jpg\" title=\"cijepljenje-covid-19-metkovic_5\"  data-caption=\"\"  data-description=\"\">\r\n                                <img decoding=\"async\" src=\"https:\/\/likemetkovic.hr\/portal\/wp-content\/uploads\/2021\/04\/cijepnjenje-covid-19-metkovic_5-630x420.jpg\" srcset=\"https:\/\/likemetkovic.hr\/portal\/wp-content\/uploads\/2021\/04\/cijepnjenje-covid-19-metkovic_5-630x420.jpg 630w, https:\/\/likemetkovic.hr\/portal\/wp-content\/uploads\/2021\/04\/cijepnjenje-covid-19-metkovic_5-768x512.jpg 768w, https:\/\/likemetkovic.hr\/portal\/wp-content\/uploads\/2021\/04\/cijepnjenje-covid-19-metkovic_5-696x464.jpg 696w, https:\/\/likemetkovic.hr\/portal\/wp-content\/uploads\/2021\/04\/cijepnjenje-covid-19-metkovic_5.jpg 800w\" sizes=\"(max-width: 630px) 100vw, 630px\" alt=\"\">\r\n                            <\/a>\r\n                            \r\n                        <\/figure>\r\n                    <\/div>\r\n                    <div class = \"td-slide-item td-item6\">\r\n                        <figure class=\"td-slide-galery-figure td-slide-popup-gallery\">\r\n                            <a class=\"slide-gallery-image-link\" href=\"https:\/\/likemetkovic.hr\/portal\/wp-content\/uploads\/2021\/04\/cijepnjenje-covid-19-metkovic_6.jpg\" title=\"cijepljenje-covid-19-metkovic_6\"  data-caption=\"\"  data-description=\"\">\r\n                                <img decoding=\"async\" src=\"https:\/\/likemetkovic.hr\/portal\/wp-content\/uploads\/2021\/04\/cijepnjenje-covid-19-metkovic_6-630x420.jpg\" srcset=\"https:\/\/likemetkovic.hr\/portal\/wp-content\/uploads\/2021\/04\/cijepnjenje-covid-19-metkovic_6-630x420.jpg 630w, https:\/\/likemetkovic.hr\/portal\/wp-content\/uploads\/2021\/04\/cijepnjenje-covid-19-metkovic_6-768x512.jpg 768w, https:\/\/likemetkovic.hr\/portal\/wp-content\/uploads\/2021\/04\/cijepnjenje-covid-19-metkovic_6-696x464.jpg 696w, https:\/\/likemetkovic.hr\/portal\/wp-content\/uploads\/2021\/04\/cijepnjenje-covid-19-metkovic_6.jpg 800w\" sizes=\"(max-width: 630px) 100vw, 630px\" alt=\"\">\r\n                            <\/a>\r\n                            \r\n                        <\/figure>\r\n                    <\/div>\r\n                    <div class = \"td-slide-item td-item7\">\r\n                        <figure class=\"td-slide-galery-figure td-slide-popup-gallery\">\r\n                            <a class=\"slide-gallery-image-link\" href=\"https:\/\/likemetkovic.hr\/portal\/wp-content\/uploads\/2021\/04\/cijepnjenje-covid-19-metkovic_6a.jpg\" title=\"cijepljenje-covid-19-metkovic_6a\"  data-caption=\"\"  data-description=\"\">\r\n                                <img decoding=\"async\" src=\"https:\/\/likemetkovic.hr\/portal\/wp-content\/uploads\/2021\/04\/cijepnjenje-covid-19-metkovic_6a-630x420.jpg\" srcset=\"https:\/\/likemetkovic.hr\/portal\/wp-content\/uploads\/2021\/04\/cijepnjenje-covid-19-metkovic_6a-630x420.jpg 630w, https:\/\/likemetkovic.hr\/portal\/wp-content\/uploads\/2021\/04\/cijepnjenje-covid-19-metkovic_6a-768x512.jpg 768w, https:\/\/likemetkovic.hr\/portal\/wp-content\/uploads\/2021\/04\/cijepnjenje-covid-19-metkovic_6a-696x464.jpg 696w, https:\/\/likemetkovic.hr\/portal\/wp-content\/uploads\/2021\/04\/cijepnjenje-covid-19-metkovic_6a.jpg 800w\" sizes=\"(max-width: 630px) 100vw, 630px\" alt=\"\">\r\n                            <\/a>\r\n                            \r\n                        <\/figure>\r\n                    <\/div>\r\n                    <div class = \"td-slide-item td-item8\">\r\n                        <figure class=\"td-slide-galery-figure td-slide-popup-gallery\">\r\n                            <a class=\"slide-gallery-image-link\" href=\"https:\/\/likemetkovic.hr\/portal\/wp-content\/uploads\/2021\/04\/cijepnjenje-covid-19-metkovic_7.jpg\" title=\"cijepljenje-covid-19-metkovic_7\"  data-caption=\"\"  data-description=\"\">\r\n                                <img decoding=\"async\" src=\"https:\/\/likemetkovic.hr\/portal\/wp-content\/uploads\/2021\/04\/cijepnjenje-covid-19-metkovic_7-630x420.jpg\" srcset=\"https:\/\/likemetkovic.hr\/portal\/wp-content\/uploads\/2021\/04\/cijepnjenje-covid-19-metkovic_7-630x420.jpg 630w, https:\/\/likemetkovic.hr\/portal\/wp-content\/uploads\/2021\/04\/cijepnjenje-covid-19-metkovic_7-768x512.jpg 768w, https:\/\/likemetkovic.hr\/portal\/wp-content\/uploads\/2021\/04\/cijepnjenje-covid-19-metkovic_7-696x464.jpg 696w, https:\/\/likemetkovic.hr\/portal\/wp-content\/uploads\/2021\/04\/cijepnjenje-covid-19-metkovic_7.jpg 800w\" sizes=\"(max-width: 630px) 100vw, 630px\" alt=\"\">\r\n                            <\/a>\r\n                            \r\n                        <\/figure>\r\n                    <\/div>\r\n                    <div class = \"td-slide-item td-item9\">\r\n                        <figure class=\"td-slide-galery-figure td-slide-popup-gallery\">\r\n                            <a class=\"slide-gallery-image-link\" href=\"https:\/\/likemetkovic.hr\/portal\/wp-content\/uploads\/2021\/04\/cijepnjenje-covid-19-metkovic_8.jpg\" title=\"cijepljenje-covid-19-metkovic_8\"  data-caption=\"\"  data-description=\"\">\r\n                                <img decoding=\"async\" src=\"https:\/\/likemetkovic.hr\/portal\/wp-content\/uploads\/2021\/04\/cijepnjenje-covid-19-metkovic_8-630x420.jpg\" srcset=\"https:\/\/likemetkovic.hr\/portal\/wp-content\/uploads\/2021\/04\/cijepnjenje-covid-19-metkovic_8-630x420.jpg 630w, https:\/\/likemetkovic.hr\/portal\/wp-content\/uploads\/2021\/04\/cijepnjenje-covid-19-metkovic_8-768x512.jpg 768w, https:\/\/likemetkovic.hr\/portal\/wp-content\/uploads\/2021\/04\/cijepnjenje-covid-19-metkovic_8-696x464.jpg 696w, https:\/\/likemetkovic.hr\/portal\/wp-content\/uploads\/2021\/04\/cijepnjenje-covid-19-metkovic_8.jpg 800w\" sizes=\"(max-width: 630px) 100vw, 630px\" alt=\"\">\r\n                            <\/a>\r\n                            \r\n                        <\/figure>\r\n                    <\/div>\r\n                            <\/div>\r\n                        <\/div>\r\n\r\n                        <div class = \"td-doubleSlider-2\">\r\n                            <div class = \"td-slider\">\r\n                                \r\n                    <div class = \"td-button td-item1\">\r\n                        <div class = \"td-border\"><\/div>\r\n                    <\/div>\r\n                    <div class = \"td-button td-item2\">\r\n                        <div class = \"td-border\"><\/div>\r\n                    <\/div>\r\n                    <div class = \"td-button td-item3\">\r\n                        <div class = \"td-border\"><\/div>\r\n                    <\/div>\r\n                    <div class = \"td-button td-item4\">\r\n                        <div class = \"td-border\"><\/div>\r\n                    <\/div>\r\n                    <div class = \"td-button td-item5\">\r\n                        <div class = \"td-border\"><\/div>\r\n                    <\/div>\r\n                    <div class = \"td-button td-item6\">\r\n                        <div class = \"td-border\"><\/div>\r\n                    <\/div>\r\n                    <div class = \"td-button td-item7\">\r\n                        <div class = \"td-border\"><\/div>\r\n                    <\/div>\r\n                    <div class = \"td-button td-item8\">\r\n                        <div class = \"td-border\"><\/div>\r\n                    <\/div>\r\n                    <div class = \"td-button td-item9\">\r\n                        <div class = \"td-border\"><\/div>\r\n                    <\/div>\r\n                            <\/div>\r\n                        <\/div>\r\n\r\n                    <\/div>\r\n\r\n                <\/div>\r\n                \n<p>O organizaciji ovoga masovnog cijepljenja sudjeluju Zavod za javno zdravstvo DN\u017d-a, DZ Metkovi\u0107 i GD Crvenoga kri\u017ea Metkovi\u0107.<\/p>\n","protected":false},"excerpt":{"rendered":"<p>Danas je organizirano masovno cijepljenje protiv bolesti COVID-19 u gimnazijskoj sportskoj dvorani u Metkovi\u0107u. Danas \u0107e se docijepiti 406 osoba Pfizer cjepivom koje su prvu dozu primile do 27. velja\u010de. Nakon toga \u0107e se istim cjepivom prvi put cijepiti jo\u0161 108 osoba. Svi danas cijepljeni su iz tzv. prioritetne skupine, rije\u010d je o starijim osobama [&hellip;]<\/p>\n","protected":false},"author":9,"featured_media":115702,"comment_status":"open","ping_status":"open","sticky":false,"template":"","format":"standard","meta":{"footnotes":""},"categories":[3265,283,11],"tags":[7222,469,4876,9176,7102],"class_list":{"0":"post-115698","1":"post","2":"type-post","3":"status-publish","4":"format-standard","5":"has-post-thumbnail","7":"category-a_privremeno","8":"category-a","9":"category-metkovic-dolina","10":"tag-covid-19","11":"tag-crveni-kriz-metkovic","12":"tag-dz-metkovic","13":"tag-masovno-cijepljenje","14":"tag-zavod-za-javno-zdravstvo-dnz"},"yoast_head":"<!-- This site is optimized with the Yoast SEO plugin v25.2 - https:\/\/yoast.com\/wordpress\/plugins\/seo\/ -->\n<title>FOTO Cijepljenje protiv bolesti COVID-19 u Metkovi\u0107u, stiglo je 514 doza Pfizera - likemetkovic.hr<\/title>\n<meta name=\"robots\" content=\"index, follow, max-snippet:-1, max-image-preview:large, max-video-preview:-1\" \/>\n<link rel=\"canonical\" href=\"https:\/\/likemetkovic.hr\/foto-cijepljenje-protiv-bolesti-covid-19-u-metkovicu-stiglo-je-514-doza-pfizera\/\" \/>\n<meta property=\"og:locale\" content=\"hr_HR\" \/>\n<meta property=\"og:type\" content=\"article\" \/>\n<meta property=\"og:title\" content=\"FOTO Cijepljenje protiv bolesti COVID-19 u Metkovi\u0107u, stiglo je 514 doza Pfizera - likemetkovic.hr\" \/>\n<meta property=\"og:description\" content=\"Danas je organizirano masovno cijepljenje protiv bolesti COVID-19 u gimnazijskoj sportskoj dvorani u Metkovi\u0107u. Danas \u0107e se docijepiti 406 osoba Pfizer cjepivom koje su prvu dozu primile do 27. velja\u010de. Nakon toga \u0107e se istim cjepivom prvi put cijepiti jo\u0161 108 osoba. Svi danas cijepljeni su iz tzv. prioritetne skupine, rije\u010d je o starijim osobama [&hellip;]\" \/>\n<meta property=\"og:url\" content=\"https:\/\/likemetkovic.hr\/foto-cijepljenje-protiv-bolesti-covid-19-u-metkovicu-stiglo-je-514-doza-pfizera\/\" \/>\n<meta property=\"og:site_name\" content=\"likemetkovic.hr\" \/>\n<meta property=\"article:publisher\" content=\"https:\/\/www.facebook.com\/likemetkovic.hr\/\" \/>\n<meta property=\"article:published_time\" content=\"2021-04-10T10:20:12+00:00\" \/>\n<meta property=\"article:modified_time\" content=\"2021-04-10T10:23:17+00:00\" \/>\n<meta property=\"og:image\" content=\"https:\/\/likemetkovic.hr\/wp-content\/uploads\/2021\/04\/cijepnjenje-covid-19-metkovic_4.jpg\" \/>\n\t<meta property=\"og:image:width\" content=\"800\" \/>\n\t<meta property=\"og:image:height\" content=\"533\" \/>\n\t<meta property=\"og:image:type\" content=\"image\/jpeg\" \/>\n<meta name=\"author\" content=\"K. J.\" \/>\n<meta name=\"twitter:card\" content=\"summary_large_image\" \/>\n<meta name=\"twitter:label1\" content=\"Napisao\/la\" \/>\n\t<meta name=\"twitter:data1\" content=\"K. J.\" \/>\n\t<meta name=\"twitter:label2\" content=\"Procijenjeno vrijeme \u010ditanja\" \/>\n\t<meta name=\"twitter:data2\" content=\"1 minuta\" \/>\n<script type=\"application\/ld+json\" class=\"yoast-schema-graph\">{\"@context\":\"https:\/\/schema.org\",\"@graph\":[{\"@type\":\"WebPage\",\"@id\":\"https:\/\/likemetkovic.hr\/foto-cijepljenje-protiv-bolesti-covid-19-u-metkovicu-stiglo-je-514-doza-pfizera\/\",\"url\":\"https:\/\/likemetkovic.hr\/foto-cijepljenje-protiv-bolesti-covid-19-u-metkovicu-stiglo-je-514-doza-pfizera\/\",\"name\":\"FOTO Cijepljenje protiv bolesti COVID-19 u Metkovi\u0107u, stiglo je 514 doza Pfizera - likemetkovic.hr\",\"isPartOf\":{\"@id\":\"https:\/\/likemetkovic.hr\/#website\"},\"primaryImageOfPage\":{\"@id\":\"https:\/\/likemetkovic.hr\/foto-cijepljenje-protiv-bolesti-covid-19-u-metkovicu-stiglo-je-514-doza-pfizera\/#primaryimage\"},\"image\":{\"@id\":\"https:\/\/likemetkovic.hr\/foto-cijepljenje-protiv-bolesti-covid-19-u-metkovicu-stiglo-je-514-doza-pfizera\/#primaryimage\"},\"thumbnailUrl\":\"https:\/\/likemetkovic.hr\/portal\/wp-content\/uploads\/2021\/04\/cijepnjenje-covid-19-metkovic_4.jpg\",\"datePublished\":\"2021-04-10T10:20:12+00:00\",\"dateModified\":\"2021-04-10T10:23:17+00:00\",\"author\":{\"@id\":\"https:\/\/likemetkovic.hr\/#\/schema\/person\/0a8b4ebfdfe1ff01192dccda40c5da0c\"},\"breadcrumb\":{\"@id\":\"https:\/\/likemetkovic.hr\/foto-cijepljenje-protiv-bolesti-covid-19-u-metkovicu-stiglo-je-514-doza-pfizera\/#breadcrumb\"},\"inLanguage\":\"hr\",\"potentialAction\":[{\"@type\":\"ReadAction\",\"target\":[\"https:\/\/likemetkovic.hr\/foto-cijepljenje-protiv-bolesti-covid-19-u-metkovicu-stiglo-je-514-doza-pfizera\/\"]}]},{\"@type\":\"ImageObject\",\"inLanguage\":\"hr\",\"@id\":\"https:\/\/likemetkovic.hr\/foto-cijepljenje-protiv-bolesti-covid-19-u-metkovicu-stiglo-je-514-doza-pfizera\/#primaryimage\",\"url\":\"https:\/\/likemetkovic.hr\/portal\/wp-content\/uploads\/2021\/04\/cijepnjenje-covid-19-metkovic_4.jpg\",\"contentUrl\":\"https:\/\/likemetkovic.hr\/portal\/wp-content\/uploads\/2021\/04\/cijepnjenje-covid-19-metkovic_4.jpg\",\"width\":800,\"height\":533},{\"@type\":\"BreadcrumbList\",\"@id\":\"https:\/\/likemetkovic.hr\/foto-cijepljenje-protiv-bolesti-covid-19-u-metkovicu-stiglo-je-514-doza-pfizera\/#breadcrumb\",\"itemListElement\":[{\"@type\":\"ListItem\",\"position\":1,\"name\":\"Po\u010detna stranica\",\"item\":\"https:\/\/likemetkovic.hr\/portal\/\"},{\"@type\":\"ListItem\",\"position\":2,\"name\":\"FOTO Cijepljenje protiv bolesti COVID-19 u Metkovi\u0107u, stiglo je 514 doza Pfizera\"}]},{\"@type\":\"WebSite\",\"@id\":\"https:\/\/likemetkovic.hr\/#website\",\"url\":\"https:\/\/likemetkovic.hr\/\",\"name\":\"likemetkovic.hr\",\"description\":\"Misli pozitivno... \u010ditaj LIKE\",\"potentialAction\":[{\"@type\":\"SearchAction\",\"target\":{\"@type\":\"EntryPoint\",\"urlTemplate\":\"https:\/\/likemetkovic.hr\/?s={search_term_string}\"},\"query-input\":{\"@type\":\"PropertyValueSpecification\",\"valueRequired\":true,\"valueName\":\"search_term_string\"}}],\"inLanguage\":\"hr\"},{\"@type\":\"Person\",\"@id\":\"https:\/\/likemetkovic.hr\/#\/schema\/person\/0a8b4ebfdfe1ff01192dccda40c5da0c\",\"name\":\"K. J.\",\"url\":\"https:\/\/likemetkovic.hr\/portal\/author\/likemetkovic\/\"}]}<\/script>\n<!-- \/ Yoast SEO plugin. -->","yoast_head_json":{"title":"FOTO Cijepljenje protiv bolesti COVID-19 u Metkovi\u0107u, stiglo je 514 doza Pfizera - likemetkovic.hr","robots":{"index":"index","follow":"follow","max-snippet":"max-snippet:-1","max-image-preview":"max-image-preview:large","max-video-preview":"max-video-preview:-1"},"canonical":"https:\/\/likemetkovic.hr\/foto-cijepljenje-protiv-bolesti-covid-19-u-metkovicu-stiglo-je-514-doza-pfizera\/","og_locale":"hr_HR","og_type":"article","og_title":"FOTO Cijepljenje protiv bolesti COVID-19 u Metkovi\u0107u, stiglo je 514 doza Pfizera - likemetkovic.hr","og_description":"Danas je organizirano masovno cijepljenje protiv bolesti COVID-19 u gimnazijskoj sportskoj dvorani u Metkovi\u0107u. Danas \u0107e se docijepiti 406 osoba Pfizer cjepivom koje su prvu dozu primile do 27. velja\u010de. Nakon toga \u0107e se istim cjepivom prvi put cijepiti jo\u0161 108 osoba. Svi danas cijepljeni su iz tzv. prioritetne skupine, rije\u010d je o starijim osobama [&hellip;]","og_url":"https:\/\/likemetkovic.hr\/foto-cijepljenje-protiv-bolesti-covid-19-u-metkovicu-stiglo-je-514-doza-pfizera\/","og_site_name":"likemetkovic.hr","article_publisher":"https:\/\/www.facebook.com\/likemetkovic.hr\/","article_published_time":"2021-04-10T10:20:12+00:00","article_modified_time":"2021-04-10T10:23:17+00:00","og_image":[{"width":800,"height":533,"url":"https:\/\/likemetkovic.hr\/wp-content\/uploads\/2021\/04\/cijepnjenje-covid-19-metkovic_4.jpg","type":"image\/jpeg"}],"author":"K. J.","twitter_card":"summary_large_image","twitter_misc":{"Napisao\/la":"K. J.","Procijenjeno vrijeme \u010ditanja":"1 minuta"},"schema":{"@context":"https:\/\/schema.org","@graph":[{"@type":"WebPage","@id":"https:\/\/likemetkovic.hr\/foto-cijepljenje-protiv-bolesti-covid-19-u-metkovicu-stiglo-je-514-doza-pfizera\/","url":"https:\/\/likemetkovic.hr\/foto-cijepljenje-protiv-bolesti-covid-19-u-metkovicu-stiglo-je-514-doza-pfizera\/","name":"FOTO Cijepljenje protiv bolesti COVID-19 u Metkovi\u0107u, stiglo je 514 doza Pfizera - likemetkovic.hr","isPartOf":{"@id":"https:\/\/likemetkovic.hr\/#website"},"primaryImageOfPage":{"@id":"https:\/\/likemetkovic.hr\/foto-cijepljenje-protiv-bolesti-covid-19-u-metkovicu-stiglo-je-514-doza-pfizera\/#primaryimage"},"image":{"@id":"https:\/\/likemetkovic.hr\/foto-cijepljenje-protiv-bolesti-covid-19-u-metkovicu-stiglo-je-514-doza-pfizera\/#primaryimage"},"thumbnailUrl":"https:\/\/likemetkovic.hr\/portal\/wp-content\/uploads\/2021\/04\/cijepnjenje-covid-19-metkovic_4.jpg","datePublished":"2021-04-10T10:20:12+00:00","dateModified":"2021-04-10T10:23:17+00:00","author":{"@id":"https:\/\/likemetkovic.hr\/#\/schema\/person\/0a8b4ebfdfe1ff01192dccda40c5da0c"},"breadcrumb":{"@id":"https:\/\/likemetkovic.hr\/foto-cijepljenje-protiv-bolesti-covid-19-u-metkovicu-stiglo-je-514-doza-pfizera\/#breadcrumb"},"inLanguage":"hr","potentialAction":[{"@type":"ReadAction","target":["https:\/\/likemetkovic.hr\/foto-cijepljenje-protiv-bolesti-covid-19-u-metkovicu-stiglo-je-514-doza-pfizera\/"]}]},{"@type":"ImageObject","inLanguage":"hr","@id":"https:\/\/likemetkovic.hr\/foto-cijepljenje-protiv-bolesti-covid-19-u-metkovicu-stiglo-je-514-doza-pfizera\/#primaryimage","url":"https:\/\/likemetkovic.hr\/portal\/wp-content\/uploads\/2021\/04\/cijepnjenje-covid-19-metkovic_4.jpg","contentUrl":"https:\/\/likemetkovic.hr\/portal\/wp-content\/uploads\/2021\/04\/cijepnjenje-covid-19-metkovic_4.jpg","width":800,"height":533},{"@type":"BreadcrumbList","@id":"https:\/\/likemetkovic.hr\/foto-cijepljenje-protiv-bolesti-covid-19-u-metkovicu-stiglo-je-514-doza-pfizera\/#breadcrumb","itemListElement":[{"@type":"ListItem","position":1,"name":"Po\u010detna stranica","item":"https:\/\/likemetkovic.hr\/portal\/"},{"@type":"ListItem","position":2,"name":"FOTO Cijepljenje protiv bolesti COVID-19 u Metkovi\u0107u, stiglo je 514 doza Pfizera"}]},{"@type":"WebSite","@id":"https:\/\/likemetkovic.hr\/#website","url":"https:\/\/likemetkovic.hr\/","name":"likemetkovic.hr","description":"Misli pozitivno... \u010ditaj LIKE","potentialAction":[{"@type":"SearchAction","target":{"@type":"EntryPoint","urlTemplate":"https:\/\/likemetkovic.hr\/?s={search_term_string}"},"query-input":{"@type":"PropertyValueSpecification","valueRequired":true,"valueName":"search_term_string"}}],"inLanguage":"hr"},{"@type":"Person","@id":"https:\/\/likemetkovic.hr\/#\/schema\/person\/0a8b4ebfdfe1ff01192dccda40c5da0c","name":"K. J.","url":"https:\/\/likemetkovic.hr\/portal\/author\/likemetkovic\/"}]}},"_links":{"self":[{"href":"https:\/\/likemetkovic.hr\/portal\/wp-json\/wp\/v2\/posts\/115698","targetHints":{"allow":["GET"]}}],"collection":[{"href":"https:\/\/likemetkovic.hr\/portal\/wp-json\/wp\/v2\/posts"}],"about":[{"href":"https:\/\/likemetkovic.hr\/portal\/wp-json\/wp\/v2\/types\/post"}],"author":[{"embeddable":true,"href":"https:\/\/likemetkovic.hr\/portal\/wp-json\/wp\/v2\/users\/9"}],"replies":[{"embeddable":true,"href":"https:\/\/likemetkovic.hr\/portal\/wp-json\/wp\/v2\/comments?post=115698"}],"version-history":[{"count":0,"href":"https:\/\/likemetkovic.hr\/portal\/wp-json\/wp\/v2\/posts\/115698\/revisions"}],"wp:featuredmedia":[{"embeddable":true,"href":"https:\/\/likemetkovic.hr\/portal\/wp-json\/wp\/v2\/media\/115702"}],"wp:attachment":[{"href":"https:\/\/likemetkovic.hr\/portal\/wp-json\/wp\/v2\/media?parent=115698"}],"wp:term":[{"taxonomy":"category","embeddable":true,"href":"https:\/\/likemetkovic.hr\/portal\/wp-json\/wp\/v2\/categories?post=115698"},{"taxonomy":"post_tag","embeddable":true,"href":"https:\/\/likemetkovic.hr\/portal\/wp-json\/wp\/v2\/tags?post=115698"}],"curies":[{"name":"wp","href":"https:\/\/api.w.org\/{rel}","templated":true}]}}