{"id":115913,"date":"2021-04-14T20:36:18","date_gmt":"2021-04-14T18:36:18","guid":{"rendered":"https:\/\/likemetkovic.hr\/?p=115913"},"modified":"2021-04-14T20:36:18","modified_gmt":"2021-04-14T18:36:18","slug":"raspisani-lokalni-izbori-odrzat-ce-se-u-nedjelju-16-svibnja","status":"publish","type":"post","link":"https:\/\/likemetkovic.hr\/portal\/raspisani-lokalni-izbori-odrzat-ce-se-u-nedjelju-16-svibnja\/","title":{"rendered":"Raspisani lokalni izbori, odr\u017eat \u0107e se u nedjelju, 16. svibnja"},"content":{"rendered":"<p>Vlada je na sjednici u srijedu raspisala lokalne izbore za nedjelju, 16. svibnja, te donijela odluke o visini naknade tro\u0161kova izborne promid\u017ebe.<\/p>\n<p>Izbori su raspisani za \u010dlanove predstavni\u010dkih tijela jedinica lokalne i podru\u010dne (regionalne) samouprave (JLS) i za izvr\u0161nu vlast u JLS-u, odnosno za op\u0107inske na\u010delnike, gradona\u010delnike i \u017eupane te njihove zamjenike, kao i za zamjenike op\u0107inskih na\u010delnika, gradona\u010delnika i \u017eupana iz reda pripadnika nacionalnih manjina, odnosno iz reda pripadnika hrvatskog naroda.<\/p>\n<p>Sukladno Zakonu o lokalnim izborima, ti\u00a0se izbori odr\u017eavaju istodobno, tre\u0107e nedjelje u mjesecu svibnju. Dana\u0161nje odluke vlade stupaju na snagu sutra, 15. travnja.<\/p>\n<p>Stupanjem na snagu ovih odluka prestaje mandat svih \u010dlanova predstavni\u010dkih tijela.<\/p>\n<p>Vlada je donijela i odluku o visini naknade tro\u0161kova izborne promid\u017ebe za izbor \u010dlanova predstavni\u010dkih tijela JLS te za izbor op\u0107inskih na\u010delnika, gradona\u010delnika, \u017eupana i\u00a0njihovih zamjenika, kao i za izbor zamjenika op\u0107inskih na\u010delnika, gradona\u010delnika i \u017eupana iz reda pripadnika nacionalnih manjina odnosno iz reda pripadnika hrvatskog naroda.<\/p>\n<p>Visinu naknade utvr\u0111uje Vlada svojom odlukom, a ispla\u0107uje se iz prora\u010duna JLS u roku od 15 dana od dana objave izvje\u0161\u0107a Dr\u017eavnog izbornog povjerenstva o nadzoru po\u0161tivanja zakonskih odredbi koje se odnose na izbornu promid\u017ebu.<\/p>\n<p>Pravo na naknadu na izborima za \u010dlanove predstavni\u010dkih tijela imaju politi\u010dke stranke i liste grupe bira\u010da koje dobiju najmanje jednog \u010dlana predstavni\u010dkog tijela, a za svakog \u010dlana ona iznosi minimalno 1000 do maksimalno 10 tisu\u0107a kuna, ovisno o broju stanovnika u JLS.<\/p>\n<p>Na izborima za op\u0107inskog na\u010delnika, gradona\u010delnika, \u017eupan i gradona\u010delnika Grada Zagreba te njihove zamjenike\u00a0pravo na naknadu\u00a0imaju kandidati koji dobiju najmanje 10 posto va\u017ee\u0107ih glasova bira\u010da od ukupnog broja bira\u010da koji su iza\u0161li\u00a0na izbore.<\/p>\n<p>Isto pravo ostvaruju i kandidati za zamjenika op\u0107inskog na\u010delnika, gradona\u010delnika i \u017eupana koji se kandidiraju iz reda pripadnika nacionalnih manjina te iz reda pripadnika hrvatskog naroda, naveo je Malenica.<\/p>\n<p>Naknada se\u00a0raspore\u0111uje se izme\u0111u kandidata, razmjerno dobivenim glasovima te tako za najve\u0107i broj dobivenih glasova u prvom\u00a0izbornom\u00a0krugu za gradona\u010delnika Grada Zagreba i njegove zamjenike iznosi\u00a0100.000 tisu\u0107a kuna, a pet tisu\u0107a kuna iznosi u najmanjim JLS, onima do 3.000 stanovnika.<\/p>\n<p>Naknada se ne smije isplatiti u iznosu ve\u0107em od ostvarenih tro\u0161kova izborne promid\u017ebe.<\/p>\n","protected":false},"excerpt":{"rendered":"<p>Vlada je na sjednici u srijedu raspisala lokalne izbore za nedjelju, 16. svibnja, te donijela odluke o visini naknade tro\u0161kova izborne promid\u017ebe. Izbori su raspisani za \u010dlanove predstavni\u010dkih tijela jedinica lokalne i podru\u010dne (regionalne) samouprave (JLS) i za izvr\u0161nu vlast u JLS-u, odnosno za op\u0107inske na\u010delnike, gradona\u010delnike i \u017eupane te njihove zamjenike, kao i za [&hellip;]<\/p>\n","protected":false},"author":7,"featured_media":104098,"comment_status":"open","ping_status":"open","sticky":false,"template":"","format":"standard","meta":{"footnotes":""},"categories":[296,290],"tags":[9200,532],"class_list":{"0":"post-115913","1":"post","2":"type-post","3":"status-publish","4":"format-standard","5":"has-post-thumbnail","7":"category-ab","8":"category-politika","9":"tag-lokani-izbori-2021","10":"tag-vlada-rh"},"yoast_head":"<!-- This site is optimized with the Yoast SEO plugin v25.2 - https:\/\/yoast.com\/wordpress\/plugins\/seo\/ -->\n<title>Raspisani lokalni izbori, odr\u017eat \u0107e se u nedjelju, 16. svibnja - likemetkovic.hr<\/title>\n<meta name=\"robots\" content=\"index, follow, max-snippet:-1, max-image-preview:large, max-video-preview:-1\" \/>\n<link rel=\"canonical\" href=\"https:\/\/likemetkovic.hr\/raspisani-lokalni-izbori-odrzat-ce-se-u-nedjelju-16-svibnja\/\" \/>\n<meta property=\"og:locale\" content=\"hr_HR\" \/>\n<meta property=\"og:type\" content=\"article\" \/>\n<meta property=\"og:title\" content=\"Raspisani lokalni izbori, odr\u017eat \u0107e se u nedjelju, 16. svibnja - likemetkovic.hr\" \/>\n<meta property=\"og:description\" content=\"Vlada je na sjednici u srijedu raspisala lokalne izbore za nedjelju, 16. svibnja, te donijela odluke o visini naknade tro\u0161kova izborne promid\u017ebe. Izbori su raspisani za \u010dlanove predstavni\u010dkih tijela jedinica lokalne i podru\u010dne (regionalne) samouprave (JLS) i za izvr\u0161nu vlast u JLS-u, odnosno za op\u0107inske na\u010delnike, gradona\u010delnike i \u017eupane te njihove zamjenike, kao i za [&hellip;]\" \/>\n<meta property=\"og:url\" content=\"https:\/\/likemetkovic.hr\/raspisani-lokalni-izbori-odrzat-ce-se-u-nedjelju-16-svibnja\/\" \/>\n<meta property=\"og:site_name\" content=\"likemetkovic.hr\" \/>\n<meta property=\"article:publisher\" content=\"https:\/\/www.facebook.com\/likemetkovic.hr\/\" \/>\n<meta property=\"article:published_time\" content=\"2021-04-14T18:36:18+00:00\" \/>\n<meta property=\"og:image\" content=\"https:\/\/likemetkovic.hr\/wp-content\/uploads\/2020\/07\/izbori-mostar.jpg\" \/>\n\t<meta property=\"og:image:width\" content=\"800\" \/>\n\t<meta property=\"og:image:height\" content=\"428\" \/>\n\t<meta property=\"og:image:type\" content=\"image\/jpeg\" \/>\n<meta name=\"author\" content=\"LIKEmetkovic.hr\" \/>\n<meta name=\"twitter:card\" content=\"summary_large_image\" \/>\n<meta name=\"twitter:label1\" content=\"Napisao\/la\" \/>\n\t<meta name=\"twitter:data1\" content=\"LIKEmetkovic.hr\" \/>\n\t<meta name=\"twitter:label2\" content=\"Procijenjeno vrijeme \u010ditanja\" \/>\n\t<meta name=\"twitter:data2\" content=\"2 minute\" \/>\n<script type=\"application\/ld+json\" class=\"yoast-schema-graph\">{\"@context\":\"https:\/\/schema.org\",\"@graph\":[{\"@type\":\"WebPage\",\"@id\":\"https:\/\/likemetkovic.hr\/raspisani-lokalni-izbori-odrzat-ce-se-u-nedjelju-16-svibnja\/\",\"url\":\"https:\/\/likemetkovic.hr\/raspisani-lokalni-izbori-odrzat-ce-se-u-nedjelju-16-svibnja\/\",\"name\":\"Raspisani lokalni izbori, odr\u017eat \u0107e se u nedjelju, 16. svibnja - likemetkovic.hr\",\"isPartOf\":{\"@id\":\"https:\/\/likemetkovic.hr\/#website\"},\"primaryImageOfPage\":{\"@id\":\"https:\/\/likemetkovic.hr\/raspisani-lokalni-izbori-odrzat-ce-se-u-nedjelju-16-svibnja\/#primaryimage\"},\"image\":{\"@id\":\"https:\/\/likemetkovic.hr\/raspisani-lokalni-izbori-odrzat-ce-se-u-nedjelju-16-svibnja\/#primaryimage\"},\"thumbnailUrl\":\"https:\/\/likemetkovic.hr\/portal\/wp-content\/uploads\/2020\/07\/izbori-mostar.jpg\",\"datePublished\":\"2021-04-14T18:36:18+00:00\",\"author\":{\"@id\":\"https:\/\/likemetkovic.hr\/#\/schema\/person\/a42711f3385a0e2be6f7e0443bfb28f0\"},\"breadcrumb\":{\"@id\":\"https:\/\/likemetkovic.hr\/raspisani-lokalni-izbori-odrzat-ce-se-u-nedjelju-16-svibnja\/#breadcrumb\"},\"inLanguage\":\"hr\",\"potentialAction\":[{\"@type\":\"ReadAction\",\"target\":[\"https:\/\/likemetkovic.hr\/raspisani-lokalni-izbori-odrzat-ce-se-u-nedjelju-16-svibnja\/\"]}]},{\"@type\":\"ImageObject\",\"inLanguage\":\"hr\",\"@id\":\"https:\/\/likemetkovic.hr\/raspisani-lokalni-izbori-odrzat-ce-se-u-nedjelju-16-svibnja\/#primaryimage\",\"url\":\"https:\/\/likemetkovic.hr\/portal\/wp-content\/uploads\/2020\/07\/izbori-mostar.jpg\",\"contentUrl\":\"https:\/\/likemetkovic.hr\/portal\/wp-content\/uploads\/2020\/07\/izbori-mostar.jpg\",\"width\":800,\"height\":428},{\"@type\":\"BreadcrumbList\",\"@id\":\"https:\/\/likemetkovic.hr\/raspisani-lokalni-izbori-odrzat-ce-se-u-nedjelju-16-svibnja\/#breadcrumb\",\"itemListElement\":[{\"@type\":\"ListItem\",\"position\":1,\"name\":\"Po\u010detna stranica\",\"item\":\"https:\/\/likemetkovic.hr\/portal\/\"},{\"@type\":\"ListItem\",\"position\":2,\"name\":\"Raspisani lokalni izbori, odr\u017eat \u0107e se u nedjelju, 16. svibnja\"}]},{\"@type\":\"WebSite\",\"@id\":\"https:\/\/likemetkovic.hr\/#website\",\"url\":\"https:\/\/likemetkovic.hr\/\",\"name\":\"likemetkovic.hr\",\"description\":\"Misli pozitivno... \u010ditaj LIKE\",\"potentialAction\":[{\"@type\":\"SearchAction\",\"target\":{\"@type\":\"EntryPoint\",\"urlTemplate\":\"https:\/\/likemetkovic.hr\/?s={search_term_string}\"},\"query-input\":{\"@type\":\"PropertyValueSpecification\",\"valueRequired\":true,\"valueName\":\"search_term_string\"}}],\"inLanguage\":\"hr\"},{\"@type\":\"Person\",\"@id\":\"https:\/\/likemetkovic.hr\/#\/schema\/person\/a42711f3385a0e2be6f7e0443bfb28f0\",\"name\":\"LIKEmetkovic.hr\",\"sameAs\":[\"http:\/\/likemetkovic.hr\"],\"url\":\"https:\/\/likemetkovic.hr\/portal\/author\/likemetkovic-hr\/\"}]}<\/script>\n<!-- \/ Yoast SEO plugin. -->","yoast_head_json":{"title":"Raspisani lokalni izbori, odr\u017eat \u0107e se u nedjelju, 16. svibnja - likemetkovic.hr","robots":{"index":"index","follow":"follow","max-snippet":"max-snippet:-1","max-image-preview":"max-image-preview:large","max-video-preview":"max-video-preview:-1"},"canonical":"https:\/\/likemetkovic.hr\/raspisani-lokalni-izbori-odrzat-ce-se-u-nedjelju-16-svibnja\/","og_locale":"hr_HR","og_type":"article","og_title":"Raspisani lokalni izbori, odr\u017eat \u0107e se u nedjelju, 16. svibnja - likemetkovic.hr","og_description":"Vlada je na sjednici u srijedu raspisala lokalne izbore za nedjelju, 16. svibnja, te donijela odluke o visini naknade tro\u0161kova izborne promid\u017ebe. Izbori su raspisani za \u010dlanove predstavni\u010dkih tijela jedinica lokalne i podru\u010dne (regionalne) samouprave (JLS) i za izvr\u0161nu vlast u JLS-u, odnosno za op\u0107inske na\u010delnike, gradona\u010delnike i \u017eupane te njihove zamjenike, kao i za [&hellip;]","og_url":"https:\/\/likemetkovic.hr\/raspisani-lokalni-izbori-odrzat-ce-se-u-nedjelju-16-svibnja\/","og_site_name":"likemetkovic.hr","article_publisher":"https:\/\/www.facebook.com\/likemetkovic.hr\/","article_published_time":"2021-04-14T18:36:18+00:00","og_image":[{"width":800,"height":428,"url":"https:\/\/likemetkovic.hr\/wp-content\/uploads\/2020\/07\/izbori-mostar.jpg","type":"image\/jpeg"}],"author":"LIKEmetkovic.hr","twitter_card":"summary_large_image","twitter_misc":{"Napisao\/la":"LIKEmetkovic.hr","Procijenjeno vrijeme \u010ditanja":"2 minute"},"schema":{"@context":"https:\/\/schema.org","@graph":[{"@type":"WebPage","@id":"https:\/\/likemetkovic.hr\/raspisani-lokalni-izbori-odrzat-ce-se-u-nedjelju-16-svibnja\/","url":"https:\/\/likemetkovic.hr\/raspisani-lokalni-izbori-odrzat-ce-se-u-nedjelju-16-svibnja\/","name":"Raspisani lokalni izbori, odr\u017eat \u0107e se u nedjelju, 16. svibnja - likemetkovic.hr","isPartOf":{"@id":"https:\/\/likemetkovic.hr\/#website"},"primaryImageOfPage":{"@id":"https:\/\/likemetkovic.hr\/raspisani-lokalni-izbori-odrzat-ce-se-u-nedjelju-16-svibnja\/#primaryimage"},"image":{"@id":"https:\/\/likemetkovic.hr\/raspisani-lokalni-izbori-odrzat-ce-se-u-nedjelju-16-svibnja\/#primaryimage"},"thumbnailUrl":"https:\/\/likemetkovic.hr\/portal\/wp-content\/uploads\/2020\/07\/izbori-mostar.jpg","datePublished":"2021-04-14T18:36:18+00:00","author":{"@id":"https:\/\/likemetkovic.hr\/#\/schema\/person\/a42711f3385a0e2be6f7e0443bfb28f0"},"breadcrumb":{"@id":"https:\/\/likemetkovic.hr\/raspisani-lokalni-izbori-odrzat-ce-se-u-nedjelju-16-svibnja\/#breadcrumb"},"inLanguage":"hr","potentialAction":[{"@type":"ReadAction","target":["https:\/\/likemetkovic.hr\/raspisani-lokalni-izbori-odrzat-ce-se-u-nedjelju-16-svibnja\/"]}]},{"@type":"ImageObject","inLanguage":"hr","@id":"https:\/\/likemetkovic.hr\/raspisani-lokalni-izbori-odrzat-ce-se-u-nedjelju-16-svibnja\/#primaryimage","url":"https:\/\/likemetkovic.hr\/portal\/wp-content\/uploads\/2020\/07\/izbori-mostar.jpg","contentUrl":"https:\/\/likemetkovic.hr\/portal\/wp-content\/uploads\/2020\/07\/izbori-mostar.jpg","width":800,"height":428},{"@type":"BreadcrumbList","@id":"https:\/\/likemetkovic.hr\/raspisani-lokalni-izbori-odrzat-ce-se-u-nedjelju-16-svibnja\/#breadcrumb","itemListElement":[{"@type":"ListItem","position":1,"name":"Po\u010detna stranica","item":"https:\/\/likemetkovic.hr\/portal\/"},{"@type":"ListItem","position":2,"name":"Raspisani lokalni izbori, odr\u017eat \u0107e se u nedjelju, 16. svibnja"}]},{"@type":"WebSite","@id":"https:\/\/likemetkovic.hr\/#website","url":"https:\/\/likemetkovic.hr\/","name":"likemetkovic.hr","description":"Misli pozitivno... \u010ditaj LIKE","potentialAction":[{"@type":"SearchAction","target":{"@type":"EntryPoint","urlTemplate":"https:\/\/likemetkovic.hr\/?s={search_term_string}"},"query-input":{"@type":"PropertyValueSpecification","valueRequired":true,"valueName":"search_term_string"}}],"inLanguage":"hr"},{"@type":"Person","@id":"https:\/\/likemetkovic.hr\/#\/schema\/person\/a42711f3385a0e2be6f7e0443bfb28f0","name":"LIKEmetkovic.hr","sameAs":["http:\/\/likemetkovic.hr"],"url":"https:\/\/likemetkovic.hr\/portal\/author\/likemetkovic-hr\/"}]}},"_links":{"self":[{"href":"https:\/\/likemetkovic.hr\/portal\/wp-json\/wp\/v2\/posts\/115913","targetHints":{"allow":["GET"]}}],"collection":[{"href":"https:\/\/likemetkovic.hr\/portal\/wp-json\/wp\/v2\/posts"}],"about":[{"href":"https:\/\/likemetkovic.hr\/portal\/wp-json\/wp\/v2\/types\/post"}],"author":[{"embeddable":true,"href":"https:\/\/likemetkovic.hr\/portal\/wp-json\/wp\/v2\/users\/7"}],"replies":[{"embeddable":true,"href":"https:\/\/likemetkovic.hr\/portal\/wp-json\/wp\/v2\/comments?post=115913"}],"version-history":[{"count":0,"href":"https:\/\/likemetkovic.hr\/portal\/wp-json\/wp\/v2\/posts\/115913\/revisions"}],"wp:featuredmedia":[{"embeddable":true,"href":"https:\/\/likemetkovic.hr\/portal\/wp-json\/wp\/v2\/media\/104098"}],"wp:attachment":[{"href":"https:\/\/likemetkovic.hr\/portal\/wp-json\/wp\/v2\/media?parent=115913"}],"wp:term":[{"taxonomy":"category","embeddable":true,"href":"https:\/\/likemetkovic.hr\/portal\/wp-json\/wp\/v2\/categories?post=115913"},{"taxonomy":"post_tag","embeddable":true,"href":"https:\/\/likemetkovic.hr\/portal\/wp-json\/wp\/v2\/tags?post=115913"}],"curies":[{"name":"wp","href":"https:\/\/api.w.org\/{rel}","templated":true}]}}