{"id":115948,"date":"2021-04-15T19:36:57","date_gmt":"2021-04-15T17:36:57","guid":{"rendered":"https:\/\/likemetkovic.hr\/?p=115948"},"modified":"2021-04-15T19:36:57","modified_gmt":"2021-04-15T17:36:57","slug":"od-ponoci-teku-rokovi-za-lokalne-izbore-koji-ce-se-odrzati-16-svibnja-evo-detalja","status":"publish","type":"post","link":"https:\/\/likemetkovic.hr\/portal\/od-ponoci-teku-rokovi-za-lokalne-izbore-koji-ce-se-odrzati-16-svibnja-evo-detalja\/","title":{"rendered":"Od pono\u0107i teku rokovi za lokalne izbore koji \u0107e se odr\u017eati 16. svibnja. Evo detalja"},"content":{"rendered":"<p>No\u0107as od pono\u0107i po\u010dinju te\u0107i rokovi za lokalne izbore koji \u0107e se odr\u017eati 16. svibnja, od bira\u010da se mogu prikupljati potpisi potpore, a te\u010de i rok od 14 dana za predaju kandidacijskih lista i kandidatura.<\/p>\n<p>Na lokalnim izborima bira se predstavni\u010dka i izvr\u0161na vlast, odnosno vije\u0107a i skup\u0161tine te op\u0107inski na\u010delnici, gradona\u010delnici i \u017eupani te njihovi zamjenici u 576 jedinica, 20 \u017eupanija, Gradu Zagrebu koji ima status \u017eupanije, 127 gradova i 428 op\u0107ina.<\/p>\n<p>Prijedlozi lista za predstavni\u010dka tijela i kandidature za izvr\u0161nu vlast moraju u nadle\u017ena izborna povjerenstva prispjeti do pono\u0107i, 29. travnja.<\/p>\n<p>Nadle\u017ena izborna povjerenstva zatim imaju rok od 48 sati da objave zbirnu listu pravovaljano predlo\u017eenih listi i kandidatura, a kad to u\u010dine &#8211; krenut \u0107e slu\u017ebena izborna promid\u017eba koje \u0107e zavr\u0161iti u pono\u0107, 14. svibnja.<\/p>\n<p><strong>Obrasci na stranicama DIP-a<\/strong><\/p>\n<p>Od pono\u0107i se od bira\u010da mogu prikupljati potpisi potpore, a obrasci za to mo\u0107i \u0107e se skinuti s mre\u017ene stranice Dr\u017eavnoga izbornog povjerenstva (DIP).<\/p>\n<p>Politi\u010dke stranke ne moraju, no bira\u010di (neovisne liste) moraju prikupiti potpise za kandidacijske liste za vije\u0107a i skup\u0161tine, koliko, ovisi o broju stanovnika svake jedinice, pa se broj potrebnih potpisa kre\u0107e od 25 u op\u0107inama do 350 stanovnika do 2.500 potpisa u gradovima i \u017eupanijama koje ih imaju vi\u0161e od pola milijuna.<\/p>\n<p>Neovisno stoje li iza njih politi\u010dke stranke ili bira\u010di, za kandidature za op\u0107inske na\u010delnike, gradona\u010delnike i \u017eupane\u00a0moraju se prikupiti potpisi, od 35 u op\u0107inama do 350 stanovnika, do 5.000 u gradovima i \u017eupanijama s vi\u0161e od 500.000 stanovnika.<\/p>\n<p>Kako bi se sprije\u010dilo \u0161irenje zaraze koronavirusom, Hrvatski zavod za javno zdravstvo (HZJZ) je preporu\u010dio da se potpisi prvenstveno prikupljaju na otvorenom, da gra\u0111ani koriste svoje olovke i nose maske, te da se po\u0161tuju op\u0107e epidemiolo\u0161ke mjere.<\/p>\n<p><strong>Kako do potpisa izoliranih\/samoizoliranih<\/strong><\/p>\n<p>DIP je, pak\u00a0uputio kako se prikupljaju potpisi bira\u010da te ovjeravaju o\u010ditovanja o prihva\u0107anju kandidature osobama kojima je izre\u010dena izolacija ili samoizolacija.<\/p>\n<p>Ako je na\u00a0propisanom\u00a0obrascu\u00a0ime samo jednog bira\u010da,\u00a0nadle\u017eno izborno povjerenstvo\u00a0priznat \u0107e njegovu podr\u0161ku\u00a0kandidacijskoj\u00a0listi\u00a0grupe bira\u010da,\u00a0odnosno kandidatu ako je na njega unio\u00a0svoje\u00a0osobne podatke i potpis te tako popunjen obrazac skeniran dostavio predlagatelju.<\/p>\n<p>Dakle, na tom obrascu ne morati biti\u00a0i\u00a0potpis osobe (volontera) koji u normalnim okolnostima fizi\u010dki prikuplja potpise.<\/p>\n<p>Na\u0111e li se na\u00a0obrascu vi\u0161e bira\u010da, primjerice, \u010dlanovi istog ku\u0107anstva\u00a0koji su u \u00a0izolaciji ili samoizolaciji,\u00a0tada na njega treba unijeti osobne podatke i potpise svih\u00a0\u010dlanova,\u00a0te ime, prezime, OIB i potpis jednog od njih koji je prikupio potpise pa skenirani obrazac dostaviti\u00a0predlagatelju.<\/p>\n<p>Politi\u010dke\u00a0stranke i bira\u010di koji predla\u017eu kandidacijske liste i kandidate du\u017eni su za svakog od kandidata prilo\u017eiti o\u010ditovanje o prihva\u0107anju kandidature, ovjereno kod javnog bilje\u017enika ili nadle\u017enog izbornog povjerenstva.<\/p>\n<p>Kako kandidati koji se zateknu\u00a0u izolaciji\u00a0ili\u00a0samoizolaciji ne\u0107e mo\u0107i ishoditi ovjeru o\u010ditovanja na opisani na\u010din, to \u0107e mo\u0107i u\u010diniti nadle\u017eno izborno povjerenstvo temeljem preslike o\u010ditovanja o prihva\u0107anju kandidature koje mu na\u00a0propisanom obrascu\u00a0dostavi predlagatelj, uz presliku osobne iskaznice kandidata i dokaz o izre\u010denoj izolaciji odnosno samoizolaciji.<\/p>\n","protected":false},"excerpt":{"rendered":"<p>No\u0107as od pono\u0107i po\u010dinju te\u0107i rokovi za lokalne izbore koji \u0107e se odr\u017eati 16. svibnja, od bira\u010da se mogu prikupljati potpisi potpore, a te\u010de i rok od 14 dana za predaju kandidacijskih lista i kandidatura. Na lokalnim izborima bira se predstavni\u010dka i izvr\u0161na vlast, odnosno vije\u0107a i skup\u0161tine te op\u0107inski na\u010delnici, gradona\u010delnici i \u017eupani te [&hellip;]<\/p>\n","protected":false},"author":7,"featured_media":115949,"comment_status":"open","ping_status":"open","sticky":false,"template":"","format":"standard","meta":{"footnotes":""},"categories":[296,290],"tags":[8932],"class_list":{"0":"post-115948","1":"post","2":"type-post","3":"status-publish","4":"format-standard","5":"has-post-thumbnail","7":"category-ab","8":"category-politika","9":"tag-lokalni-izbori-2021"},"yoast_head":"<!-- This site is optimized with the Yoast SEO plugin v25.2 - https:\/\/yoast.com\/wordpress\/plugins\/seo\/ -->\n<title>Od pono\u0107i teku rokovi za lokalne izbore koji \u0107e se odr\u017eati 16. svibnja. Evo detalja - likemetkovic.hr<\/title>\n<meta name=\"robots\" content=\"index, follow, max-snippet:-1, max-image-preview:large, max-video-preview:-1\" \/>\n<link rel=\"canonical\" href=\"https:\/\/likemetkovic.hr\/od-ponoci-teku-rokovi-za-lokalne-izbore-koji-ce-se-odrzati-16-svibnja-evo-detalja\/\" \/>\n<meta property=\"og:locale\" content=\"hr_HR\" \/>\n<meta property=\"og:type\" content=\"article\" \/>\n<meta property=\"og:title\" content=\"Od pono\u0107i teku rokovi za lokalne izbore koji \u0107e se odr\u017eati 16. svibnja. Evo detalja - likemetkovic.hr\" \/>\n<meta property=\"og:description\" content=\"No\u0107as od pono\u0107i po\u010dinju te\u0107i rokovi za lokalne izbore koji \u0107e se odr\u017eati 16. svibnja, od bira\u010da se mogu prikupljati potpisi potpore, a te\u010de i rok od 14 dana za predaju kandidacijskih lista i kandidatura. Na lokalnim izborima bira se predstavni\u010dka i izvr\u0161na vlast, odnosno vije\u0107a i skup\u0161tine te op\u0107inski na\u010delnici, gradona\u010delnici i \u017eupani te [&hellip;]\" \/>\n<meta property=\"og:url\" content=\"https:\/\/likemetkovic.hr\/od-ponoci-teku-rokovi-za-lokalne-izbore-koji-ce-se-odrzati-16-svibnja-evo-detalja\/\" \/>\n<meta property=\"og:site_name\" content=\"likemetkovic.hr\" \/>\n<meta property=\"article:publisher\" content=\"https:\/\/www.facebook.com\/likemetkovic.hr\/\" \/>\n<meta property=\"article:published_time\" content=\"2021-04-15T17:36:57+00:00\" \/>\n<meta property=\"og:image\" content=\"https:\/\/likemetkovic.hr\/wp-content\/uploads\/2021\/04\/Lokalni-izbori-2021-logo.jpg\" \/>\n\t<meta property=\"og:image:width\" content=\"800\" \/>\n\t<meta property=\"og:image:height\" content=\"507\" \/>\n\t<meta property=\"og:image:type\" content=\"image\/jpeg\" \/>\n<meta name=\"author\" content=\"LIKEmetkovic.hr\" \/>\n<meta name=\"twitter:card\" content=\"summary_large_image\" \/>\n<meta name=\"twitter:label1\" content=\"Napisao\/la\" \/>\n\t<meta name=\"twitter:data1\" content=\"LIKEmetkovic.hr\" \/>\n\t<meta name=\"twitter:label2\" content=\"Procijenjeno vrijeme \u010ditanja\" \/>\n\t<meta name=\"twitter:data2\" content=\"3 minute\" \/>\n<script type=\"application\/ld+json\" class=\"yoast-schema-graph\">{\"@context\":\"https:\/\/schema.org\",\"@graph\":[{\"@type\":\"WebPage\",\"@id\":\"https:\/\/likemetkovic.hr\/od-ponoci-teku-rokovi-za-lokalne-izbore-koji-ce-se-odrzati-16-svibnja-evo-detalja\/\",\"url\":\"https:\/\/likemetkovic.hr\/od-ponoci-teku-rokovi-za-lokalne-izbore-koji-ce-se-odrzati-16-svibnja-evo-detalja\/\",\"name\":\"Od pono\u0107i teku rokovi za lokalne izbore koji \u0107e se odr\u017eati 16. svibnja. Evo detalja - likemetkovic.hr\",\"isPartOf\":{\"@id\":\"https:\/\/likemetkovic.hr\/#website\"},\"primaryImageOfPage\":{\"@id\":\"https:\/\/likemetkovic.hr\/od-ponoci-teku-rokovi-za-lokalne-izbore-koji-ce-se-odrzati-16-svibnja-evo-detalja\/#primaryimage\"},\"image\":{\"@id\":\"https:\/\/likemetkovic.hr\/od-ponoci-teku-rokovi-za-lokalne-izbore-koji-ce-se-odrzati-16-svibnja-evo-detalja\/#primaryimage\"},\"thumbnailUrl\":\"https:\/\/likemetkovic.hr\/portal\/wp-content\/uploads\/2021\/04\/Lokalni-izbori-2021-logo.jpg\",\"datePublished\":\"2021-04-15T17:36:57+00:00\",\"author\":{\"@id\":\"https:\/\/likemetkovic.hr\/#\/schema\/person\/a42711f3385a0e2be6f7e0443bfb28f0\"},\"breadcrumb\":{\"@id\":\"https:\/\/likemetkovic.hr\/od-ponoci-teku-rokovi-za-lokalne-izbore-koji-ce-se-odrzati-16-svibnja-evo-detalja\/#breadcrumb\"},\"inLanguage\":\"hr\",\"potentialAction\":[{\"@type\":\"ReadAction\",\"target\":[\"https:\/\/likemetkovic.hr\/od-ponoci-teku-rokovi-za-lokalne-izbore-koji-ce-se-odrzati-16-svibnja-evo-detalja\/\"]}]},{\"@type\":\"ImageObject\",\"inLanguage\":\"hr\",\"@id\":\"https:\/\/likemetkovic.hr\/od-ponoci-teku-rokovi-za-lokalne-izbore-koji-ce-se-odrzati-16-svibnja-evo-detalja\/#primaryimage\",\"url\":\"https:\/\/likemetkovic.hr\/portal\/wp-content\/uploads\/2021\/04\/Lokalni-izbori-2021-logo.jpg\",\"contentUrl\":\"https:\/\/likemetkovic.hr\/portal\/wp-content\/uploads\/2021\/04\/Lokalni-izbori-2021-logo.jpg\",\"width\":800,\"height\":507},{\"@type\":\"BreadcrumbList\",\"@id\":\"https:\/\/likemetkovic.hr\/od-ponoci-teku-rokovi-za-lokalne-izbore-koji-ce-se-odrzati-16-svibnja-evo-detalja\/#breadcrumb\",\"itemListElement\":[{\"@type\":\"ListItem\",\"position\":1,\"name\":\"Po\u010detna stranica\",\"item\":\"https:\/\/likemetkovic.hr\/portal\/\"},{\"@type\":\"ListItem\",\"position\":2,\"name\":\"Od pono\u0107i teku rokovi za lokalne izbore koji \u0107e se odr\u017eati 16. svibnja. Evo detalja\"}]},{\"@type\":\"WebSite\",\"@id\":\"https:\/\/likemetkovic.hr\/#website\",\"url\":\"https:\/\/likemetkovic.hr\/\",\"name\":\"likemetkovic.hr\",\"description\":\"Misli pozitivno... \u010ditaj LIKE\",\"potentialAction\":[{\"@type\":\"SearchAction\",\"target\":{\"@type\":\"EntryPoint\",\"urlTemplate\":\"https:\/\/likemetkovic.hr\/?s={search_term_string}\"},\"query-input\":{\"@type\":\"PropertyValueSpecification\",\"valueRequired\":true,\"valueName\":\"search_term_string\"}}],\"inLanguage\":\"hr\"},{\"@type\":\"Person\",\"@id\":\"https:\/\/likemetkovic.hr\/#\/schema\/person\/a42711f3385a0e2be6f7e0443bfb28f0\",\"name\":\"LIKEmetkovic.hr\",\"sameAs\":[\"http:\/\/likemetkovic.hr\"],\"url\":\"https:\/\/likemetkovic.hr\/portal\/author\/likemetkovic-hr\/\"}]}<\/script>\n<!-- \/ Yoast SEO plugin. -->","yoast_head_json":{"title":"Od pono\u0107i teku rokovi za lokalne izbore koji \u0107e se odr\u017eati 16. svibnja. Evo detalja - likemetkovic.hr","robots":{"index":"index","follow":"follow","max-snippet":"max-snippet:-1","max-image-preview":"max-image-preview:large","max-video-preview":"max-video-preview:-1"},"canonical":"https:\/\/likemetkovic.hr\/od-ponoci-teku-rokovi-za-lokalne-izbore-koji-ce-se-odrzati-16-svibnja-evo-detalja\/","og_locale":"hr_HR","og_type":"article","og_title":"Od pono\u0107i teku rokovi za lokalne izbore koji \u0107e se odr\u017eati 16. svibnja. Evo detalja - likemetkovic.hr","og_description":"No\u0107as od pono\u0107i po\u010dinju te\u0107i rokovi za lokalne izbore koji \u0107e se odr\u017eati 16. svibnja, od bira\u010da se mogu prikupljati potpisi potpore, a te\u010de i rok od 14 dana za predaju kandidacijskih lista i kandidatura. Na lokalnim izborima bira se predstavni\u010dka i izvr\u0161na vlast, odnosno vije\u0107a i skup\u0161tine te op\u0107inski na\u010delnici, gradona\u010delnici i \u017eupani te [&hellip;]","og_url":"https:\/\/likemetkovic.hr\/od-ponoci-teku-rokovi-za-lokalne-izbore-koji-ce-se-odrzati-16-svibnja-evo-detalja\/","og_site_name":"likemetkovic.hr","article_publisher":"https:\/\/www.facebook.com\/likemetkovic.hr\/","article_published_time":"2021-04-15T17:36:57+00:00","og_image":[{"width":800,"height":507,"url":"https:\/\/likemetkovic.hr\/wp-content\/uploads\/2021\/04\/Lokalni-izbori-2021-logo.jpg","type":"image\/jpeg"}],"author":"LIKEmetkovic.hr","twitter_card":"summary_large_image","twitter_misc":{"Napisao\/la":"LIKEmetkovic.hr","Procijenjeno vrijeme \u010ditanja":"3 minute"},"schema":{"@context":"https:\/\/schema.org","@graph":[{"@type":"WebPage","@id":"https:\/\/likemetkovic.hr\/od-ponoci-teku-rokovi-za-lokalne-izbore-koji-ce-se-odrzati-16-svibnja-evo-detalja\/","url":"https:\/\/likemetkovic.hr\/od-ponoci-teku-rokovi-za-lokalne-izbore-koji-ce-se-odrzati-16-svibnja-evo-detalja\/","name":"Od pono\u0107i teku rokovi za lokalne izbore koji \u0107e se odr\u017eati 16. svibnja. Evo detalja - likemetkovic.hr","isPartOf":{"@id":"https:\/\/likemetkovic.hr\/#website"},"primaryImageOfPage":{"@id":"https:\/\/likemetkovic.hr\/od-ponoci-teku-rokovi-za-lokalne-izbore-koji-ce-se-odrzati-16-svibnja-evo-detalja\/#primaryimage"},"image":{"@id":"https:\/\/likemetkovic.hr\/od-ponoci-teku-rokovi-za-lokalne-izbore-koji-ce-se-odrzati-16-svibnja-evo-detalja\/#primaryimage"},"thumbnailUrl":"https:\/\/likemetkovic.hr\/portal\/wp-content\/uploads\/2021\/04\/Lokalni-izbori-2021-logo.jpg","datePublished":"2021-04-15T17:36:57+00:00","author":{"@id":"https:\/\/likemetkovic.hr\/#\/schema\/person\/a42711f3385a0e2be6f7e0443bfb28f0"},"breadcrumb":{"@id":"https:\/\/likemetkovic.hr\/od-ponoci-teku-rokovi-za-lokalne-izbore-koji-ce-se-odrzati-16-svibnja-evo-detalja\/#breadcrumb"},"inLanguage":"hr","potentialAction":[{"@type":"ReadAction","target":["https:\/\/likemetkovic.hr\/od-ponoci-teku-rokovi-za-lokalne-izbore-koji-ce-se-odrzati-16-svibnja-evo-detalja\/"]}]},{"@type":"ImageObject","inLanguage":"hr","@id":"https:\/\/likemetkovic.hr\/od-ponoci-teku-rokovi-za-lokalne-izbore-koji-ce-se-odrzati-16-svibnja-evo-detalja\/#primaryimage","url":"https:\/\/likemetkovic.hr\/portal\/wp-content\/uploads\/2021\/04\/Lokalni-izbori-2021-logo.jpg","contentUrl":"https:\/\/likemetkovic.hr\/portal\/wp-content\/uploads\/2021\/04\/Lokalni-izbori-2021-logo.jpg","width":800,"height":507},{"@type":"BreadcrumbList","@id":"https:\/\/likemetkovic.hr\/od-ponoci-teku-rokovi-za-lokalne-izbore-koji-ce-se-odrzati-16-svibnja-evo-detalja\/#breadcrumb","itemListElement":[{"@type":"ListItem","position":1,"name":"Po\u010detna stranica","item":"https:\/\/likemetkovic.hr\/portal\/"},{"@type":"ListItem","position":2,"name":"Od pono\u0107i teku rokovi za lokalne izbore koji \u0107e se odr\u017eati 16. svibnja. Evo detalja"}]},{"@type":"WebSite","@id":"https:\/\/likemetkovic.hr\/#website","url":"https:\/\/likemetkovic.hr\/","name":"likemetkovic.hr","description":"Misli pozitivno... \u010ditaj LIKE","potentialAction":[{"@type":"SearchAction","target":{"@type":"EntryPoint","urlTemplate":"https:\/\/likemetkovic.hr\/?s={search_term_string}"},"query-input":{"@type":"PropertyValueSpecification","valueRequired":true,"valueName":"search_term_string"}}],"inLanguage":"hr"},{"@type":"Person","@id":"https:\/\/likemetkovic.hr\/#\/schema\/person\/a42711f3385a0e2be6f7e0443bfb28f0","name":"LIKEmetkovic.hr","sameAs":["http:\/\/likemetkovic.hr"],"url":"https:\/\/likemetkovic.hr\/portal\/author\/likemetkovic-hr\/"}]}},"_links":{"self":[{"href":"https:\/\/likemetkovic.hr\/portal\/wp-json\/wp\/v2\/posts\/115948","targetHints":{"allow":["GET"]}}],"collection":[{"href":"https:\/\/likemetkovic.hr\/portal\/wp-json\/wp\/v2\/posts"}],"about":[{"href":"https:\/\/likemetkovic.hr\/portal\/wp-json\/wp\/v2\/types\/post"}],"author":[{"embeddable":true,"href":"https:\/\/likemetkovic.hr\/portal\/wp-json\/wp\/v2\/users\/7"}],"replies":[{"embeddable":true,"href":"https:\/\/likemetkovic.hr\/portal\/wp-json\/wp\/v2\/comments?post=115948"}],"version-history":[{"count":0,"href":"https:\/\/likemetkovic.hr\/portal\/wp-json\/wp\/v2\/posts\/115948\/revisions"}],"wp:featuredmedia":[{"embeddable":true,"href":"https:\/\/likemetkovic.hr\/portal\/wp-json\/wp\/v2\/media\/115949"}],"wp:attachment":[{"href":"https:\/\/likemetkovic.hr\/portal\/wp-json\/wp\/v2\/media?parent=115948"}],"wp:term":[{"taxonomy":"category","embeddable":true,"href":"https:\/\/likemetkovic.hr\/portal\/wp-json\/wp\/v2\/categories?post=115948"},{"taxonomy":"post_tag","embeddable":true,"href":"https:\/\/likemetkovic.hr\/portal\/wp-json\/wp\/v2\/tags?post=115948"}],"curies":[{"name":"wp","href":"https:\/\/api.w.org\/{rel}","templated":true}]}}