{"id":115966,"date":"2021-04-16T12:48:48","date_gmt":"2021-04-16T10:48:48","guid":{"rendered":"https:\/\/likemetkovic.hr\/?p=115966"},"modified":"2021-04-16T12:49:19","modified_gmt":"2021-04-16T10:49:19","slug":"potpisani-ugovori-o-financiranju-sa-sedam-udruga-iz-dnz-a-s-podrucja-socijalne-skrbi","status":"publish","type":"post","link":"https:\/\/likemetkovic.hr\/portal\/potpisani-ugovori-o-financiranju-sa-sedam-udruga-iz-dnz-a-s-podrucja-socijalne-skrbi\/","title":{"rendered":"Potpisani ugovori o financiranju sa sedam udruga iz DN\u017d-a koje djeluju u podru\u010dju socijalne skrbi"},"content":{"rendered":"<p>U petak u Dubrovniku su potpisani ugovori o financiranju sa sedam udruga s podru\u010dja Dubrova\u010dko-neretvanske \u017eupanije koje djeluju na podru\u010dju socijalne skrbi.<\/p>\n<p>Rije\u010d je o programima \u201dDnevni boravak i pomo\u0107 u ku\u0107i starijim osobama na podru\u010dju Dubrova\u010dko-neretvanske \u017eupanije\u201d, \u201dDnevni boravak za djecu s cerebralnom paralizom \u2013 Skalin po skalin\u201d te \u201dDnevni boravak za psihi\u010dki oboljele osobe\u201d.<\/p>\n<p><img decoding=\"async\" class=\"alignnone size-full wp-image-115967\" src=\"https:\/\/likemetkovic.hr\/wp-content\/uploads\/2021\/04\/udruge-socijala-ugovori-160421-19.jpg\" alt=\"\" width=\"800\" height=\"533\" srcset=\"https:\/\/likemetkovic.hr\/portal\/wp-content\/uploads\/2021\/04\/udruge-socijala-ugovori-160421-19.jpg 800w, https:\/\/likemetkovic.hr\/portal\/wp-content\/uploads\/2021\/04\/udruge-socijala-ugovori-160421-19-768x512.jpg 768w, https:\/\/likemetkovic.hr\/portal\/wp-content\/uploads\/2021\/04\/udruge-socijala-ugovori-160421-19-696x464.jpg 696w, https:\/\/likemetkovic.hr\/portal\/wp-content\/uploads\/2021\/04\/udruge-socijala-ugovori-160421-19-630x420.jpg 630w\" sizes=\"(max-width: 800px) 100vw, 800px\" \/>\u017dupan Dobroslavi\u0107 potpisao je tako ugovore s pet udruge koje skrbe o starijim osobama i to<strong> udrugom \u201eOtac Ante Gabri\u0107\u201c<\/strong> koja djeluje na podru\u010dju Grada Metkovi\u0107a, <strong>udrugom \u201eDobra\u201c<\/strong> koja pru\u017ea navedene usluge starijim osobama na podru\u010dju op\u0107ina Pojezerje, Za\u017eablje i Kula Norinska,<strong> udrugom \u201eDnevni boravak, pomo\u0107 i njega u ku\u0107i Plo\u010de\u201c<\/strong> koja djeluje na podru\u010dju Grada Plo\u010da, udrugom \u201eVal\u201c koja pru\u017ea usluge pomo\u0107i u ku\u0107i starijim osobama na otoku Lastovu te udrugom \u201eBlage ruke\u201c koja provodi aktivnosti iz navedenog programa na podru\u010dju op\u0107ine Dubrova\u010dko primorje.<\/p>\n<p>Tako\u0111er, \u017eupan Dobroslavi\u0107 potpisao je i ugovor o financiranju programa s udrugom roditelja djece s pote\u0161ko\u0107ama u razvoju i osoba s invaliditetom \u201eDva skalina\u201c, kao i udrugom za za\u0161titu prava psihijatrijskih pacijenata i unaprje\u0111enja du\u0161evnog zdravlja i kvalitete \u017eivota \u201eLukjernica\u201c.<\/p>\n<p>Ukupna vrijednost svih ugovora koji je 421 tisu\u0107a kuna, a spomenute udruge pokrivaju 214 korisnika (187 korisnika starije \u017eivotne dobi, 12 djece s pote\u0161ko\u0107ama u razvoju i 15 osoba s psihi\u010dkim smetnjama).<\/p>\n","protected":false},"excerpt":{"rendered":"<p>U petak u Dubrovniku su potpisani ugovori o financiranju sa sedam udruga s podru\u010dja Dubrova\u010dko-neretvanske \u017eupanije koje djeluju na podru\u010dju socijalne skrbi. Rije\u010d je o programima \u201dDnevni boravak i pomo\u0107 u ku\u0107i starijim osobama na podru\u010dju Dubrova\u010dko-neretvanske \u017eupanije\u201d, \u201dDnevni boravak za djecu s cerebralnom paralizom \u2013 Skalin po skalin\u201d te \u201dDnevni boravak za psihi\u010dki oboljele [&hellip;]<\/p>\n","protected":false},"author":7,"featured_media":115967,"comment_status":"open","ping_status":"open","sticky":false,"template":"","format":"standard","meta":{"footnotes":""},"categories":[296,95],"tags":[1218,4978,617,806],"class_list":{"0":"post-115966","1":"post","2":"type-post","3":"status-publish","4":"format-standard","5":"has-post-thumbnail","7":"category-ab","8":"category-udruge","9":"tag-dnz","10":"tag-socijalna-skrb","11":"tag-udruga-dobra","12":"tag-udruga-otac-ante-gabric"},"yoast_head":"<!-- This site is optimized with the Yoast SEO plugin v25.2 - https:\/\/yoast.com\/wordpress\/plugins\/seo\/ -->\n<title>Potpisani ugovori o financiranju sa sedam udruga iz DN\u017d-a koje djeluju u podru\u010dju socijalne skrbi - likemetkovic.hr<\/title>\n<meta name=\"robots\" content=\"index, follow, max-snippet:-1, max-image-preview:large, max-video-preview:-1\" \/>\n<link rel=\"canonical\" href=\"https:\/\/likemetkovic.hr\/potpisani-ugovori-o-financiranju-sa-sedam-udruga-iz-dnz-a-s-podrucja-socijalne-skrbi\/\" \/>\n<meta property=\"og:locale\" content=\"hr_HR\" \/>\n<meta property=\"og:type\" content=\"article\" \/>\n<meta property=\"og:title\" content=\"Potpisani ugovori o financiranju sa sedam udruga iz DN\u017d-a koje djeluju u podru\u010dju socijalne skrbi - likemetkovic.hr\" \/>\n<meta property=\"og:description\" content=\"U petak u Dubrovniku su potpisani ugovori o financiranju sa sedam udruga s podru\u010dja Dubrova\u010dko-neretvanske \u017eupanije koje djeluju na podru\u010dju socijalne skrbi. Rije\u010d je o programima \u201dDnevni boravak i pomo\u0107 u ku\u0107i starijim osobama na podru\u010dju Dubrova\u010dko-neretvanske \u017eupanije\u201d, \u201dDnevni boravak za djecu s cerebralnom paralizom \u2013 Skalin po skalin\u201d te \u201dDnevni boravak za psihi\u010dki oboljele [&hellip;]\" \/>\n<meta property=\"og:url\" content=\"https:\/\/likemetkovic.hr\/potpisani-ugovori-o-financiranju-sa-sedam-udruga-iz-dnz-a-s-podrucja-socijalne-skrbi\/\" \/>\n<meta property=\"og:site_name\" content=\"likemetkovic.hr\" \/>\n<meta property=\"article:publisher\" content=\"https:\/\/www.facebook.com\/likemetkovic.hr\/\" \/>\n<meta property=\"article:published_time\" content=\"2021-04-16T10:48:48+00:00\" \/>\n<meta property=\"article:modified_time\" content=\"2021-04-16T10:49:19+00:00\" \/>\n<meta property=\"og:image\" content=\"https:\/\/likemetkovic.hr\/wp-content\/uploads\/2021\/04\/udruge-socijala-ugovori-160421-19.jpg\" \/>\n\t<meta property=\"og:image:width\" content=\"800\" \/>\n\t<meta property=\"og:image:height\" content=\"533\" \/>\n\t<meta property=\"og:image:type\" content=\"image\/jpeg\" \/>\n<meta name=\"author\" content=\"LIKEmetkovic.hr\" \/>\n<meta name=\"twitter:card\" content=\"summary_large_image\" \/>\n<meta name=\"twitter:label1\" content=\"Napisao\/la\" \/>\n\t<meta name=\"twitter:data1\" content=\"LIKEmetkovic.hr\" \/>\n\t<meta name=\"twitter:label2\" content=\"Procijenjeno vrijeme \u010ditanja\" \/>\n\t<meta name=\"twitter:data2\" content=\"2 minute\" \/>\n<script type=\"application\/ld+json\" class=\"yoast-schema-graph\">{\"@context\":\"https:\/\/schema.org\",\"@graph\":[{\"@type\":\"WebPage\",\"@id\":\"https:\/\/likemetkovic.hr\/potpisani-ugovori-o-financiranju-sa-sedam-udruga-iz-dnz-a-s-podrucja-socijalne-skrbi\/\",\"url\":\"https:\/\/likemetkovic.hr\/potpisani-ugovori-o-financiranju-sa-sedam-udruga-iz-dnz-a-s-podrucja-socijalne-skrbi\/\",\"name\":\"Potpisani ugovori o financiranju sa sedam udruga iz DN\u017d-a koje djeluju u podru\u010dju socijalne skrbi - likemetkovic.hr\",\"isPartOf\":{\"@id\":\"https:\/\/likemetkovic.hr\/#website\"},\"primaryImageOfPage\":{\"@id\":\"https:\/\/likemetkovic.hr\/potpisani-ugovori-o-financiranju-sa-sedam-udruga-iz-dnz-a-s-podrucja-socijalne-skrbi\/#primaryimage\"},\"image\":{\"@id\":\"https:\/\/likemetkovic.hr\/potpisani-ugovori-o-financiranju-sa-sedam-udruga-iz-dnz-a-s-podrucja-socijalne-skrbi\/#primaryimage\"},\"thumbnailUrl\":\"https:\/\/likemetkovic.hr\/portal\/wp-content\/uploads\/2021\/04\/udruge-socijala-ugovori-160421-19.jpg\",\"datePublished\":\"2021-04-16T10:48:48+00:00\",\"dateModified\":\"2021-04-16T10:49:19+00:00\",\"author\":{\"@id\":\"https:\/\/likemetkovic.hr\/#\/schema\/person\/a42711f3385a0e2be6f7e0443bfb28f0\"},\"breadcrumb\":{\"@id\":\"https:\/\/likemetkovic.hr\/potpisani-ugovori-o-financiranju-sa-sedam-udruga-iz-dnz-a-s-podrucja-socijalne-skrbi\/#breadcrumb\"},\"inLanguage\":\"hr\",\"potentialAction\":[{\"@type\":\"ReadAction\",\"target\":[\"https:\/\/likemetkovic.hr\/potpisani-ugovori-o-financiranju-sa-sedam-udruga-iz-dnz-a-s-podrucja-socijalne-skrbi\/\"]}]},{\"@type\":\"ImageObject\",\"inLanguage\":\"hr\",\"@id\":\"https:\/\/likemetkovic.hr\/potpisani-ugovori-o-financiranju-sa-sedam-udruga-iz-dnz-a-s-podrucja-socijalne-skrbi\/#primaryimage\",\"url\":\"https:\/\/likemetkovic.hr\/portal\/wp-content\/uploads\/2021\/04\/udruge-socijala-ugovori-160421-19.jpg\",\"contentUrl\":\"https:\/\/likemetkovic.hr\/portal\/wp-content\/uploads\/2021\/04\/udruge-socijala-ugovori-160421-19.jpg\",\"width\":800,\"height\":533},{\"@type\":\"BreadcrumbList\",\"@id\":\"https:\/\/likemetkovic.hr\/potpisani-ugovori-o-financiranju-sa-sedam-udruga-iz-dnz-a-s-podrucja-socijalne-skrbi\/#breadcrumb\",\"itemListElement\":[{\"@type\":\"ListItem\",\"position\":1,\"name\":\"Po\u010detna stranica\",\"item\":\"https:\/\/likemetkovic.hr\/portal\/\"},{\"@type\":\"ListItem\",\"position\":2,\"name\":\"Potpisani ugovori o financiranju sa sedam udruga iz DN\u017d-a koje djeluju u podru\u010dju socijalne skrbi\"}]},{\"@type\":\"WebSite\",\"@id\":\"https:\/\/likemetkovic.hr\/#website\",\"url\":\"https:\/\/likemetkovic.hr\/\",\"name\":\"likemetkovic.hr\",\"description\":\"Misli pozitivno... \u010ditaj LIKE\",\"potentialAction\":[{\"@type\":\"SearchAction\",\"target\":{\"@type\":\"EntryPoint\",\"urlTemplate\":\"https:\/\/likemetkovic.hr\/?s={search_term_string}\"},\"query-input\":{\"@type\":\"PropertyValueSpecification\",\"valueRequired\":true,\"valueName\":\"search_term_string\"}}],\"inLanguage\":\"hr\"},{\"@type\":\"Person\",\"@id\":\"https:\/\/likemetkovic.hr\/#\/schema\/person\/a42711f3385a0e2be6f7e0443bfb28f0\",\"name\":\"LIKEmetkovic.hr\",\"sameAs\":[\"http:\/\/likemetkovic.hr\"],\"url\":\"https:\/\/likemetkovic.hr\/portal\/author\/likemetkovic-hr\/\"}]}<\/script>\n<!-- \/ Yoast SEO plugin. -->","yoast_head_json":{"title":"Potpisani ugovori o financiranju sa sedam udruga iz DN\u017d-a koje djeluju u podru\u010dju socijalne skrbi - likemetkovic.hr","robots":{"index":"index","follow":"follow","max-snippet":"max-snippet:-1","max-image-preview":"max-image-preview:large","max-video-preview":"max-video-preview:-1"},"canonical":"https:\/\/likemetkovic.hr\/potpisani-ugovori-o-financiranju-sa-sedam-udruga-iz-dnz-a-s-podrucja-socijalne-skrbi\/","og_locale":"hr_HR","og_type":"article","og_title":"Potpisani ugovori o financiranju sa sedam udruga iz DN\u017d-a koje djeluju u podru\u010dju socijalne skrbi - likemetkovic.hr","og_description":"U petak u Dubrovniku su potpisani ugovori o financiranju sa sedam udruga s podru\u010dja Dubrova\u010dko-neretvanske \u017eupanije koje djeluju na podru\u010dju socijalne skrbi. Rije\u010d je o programima \u201dDnevni boravak i pomo\u0107 u ku\u0107i starijim osobama na podru\u010dju Dubrova\u010dko-neretvanske \u017eupanije\u201d, \u201dDnevni boravak za djecu s cerebralnom paralizom \u2013 Skalin po skalin\u201d te \u201dDnevni boravak za psihi\u010dki oboljele [&hellip;]","og_url":"https:\/\/likemetkovic.hr\/potpisani-ugovori-o-financiranju-sa-sedam-udruga-iz-dnz-a-s-podrucja-socijalne-skrbi\/","og_site_name":"likemetkovic.hr","article_publisher":"https:\/\/www.facebook.com\/likemetkovic.hr\/","article_published_time":"2021-04-16T10:48:48+00:00","article_modified_time":"2021-04-16T10:49:19+00:00","og_image":[{"width":800,"height":533,"url":"https:\/\/likemetkovic.hr\/wp-content\/uploads\/2021\/04\/udruge-socijala-ugovori-160421-19.jpg","type":"image\/jpeg"}],"author":"LIKEmetkovic.hr","twitter_card":"summary_large_image","twitter_misc":{"Napisao\/la":"LIKEmetkovic.hr","Procijenjeno vrijeme \u010ditanja":"2 minute"},"schema":{"@context":"https:\/\/schema.org","@graph":[{"@type":"WebPage","@id":"https:\/\/likemetkovic.hr\/potpisani-ugovori-o-financiranju-sa-sedam-udruga-iz-dnz-a-s-podrucja-socijalne-skrbi\/","url":"https:\/\/likemetkovic.hr\/potpisani-ugovori-o-financiranju-sa-sedam-udruga-iz-dnz-a-s-podrucja-socijalne-skrbi\/","name":"Potpisani ugovori o financiranju sa sedam udruga iz DN\u017d-a koje djeluju u podru\u010dju socijalne skrbi - likemetkovic.hr","isPartOf":{"@id":"https:\/\/likemetkovic.hr\/#website"},"primaryImageOfPage":{"@id":"https:\/\/likemetkovic.hr\/potpisani-ugovori-o-financiranju-sa-sedam-udruga-iz-dnz-a-s-podrucja-socijalne-skrbi\/#primaryimage"},"image":{"@id":"https:\/\/likemetkovic.hr\/potpisani-ugovori-o-financiranju-sa-sedam-udruga-iz-dnz-a-s-podrucja-socijalne-skrbi\/#primaryimage"},"thumbnailUrl":"https:\/\/likemetkovic.hr\/portal\/wp-content\/uploads\/2021\/04\/udruge-socijala-ugovori-160421-19.jpg","datePublished":"2021-04-16T10:48:48+00:00","dateModified":"2021-04-16T10:49:19+00:00","author":{"@id":"https:\/\/likemetkovic.hr\/#\/schema\/person\/a42711f3385a0e2be6f7e0443bfb28f0"},"breadcrumb":{"@id":"https:\/\/likemetkovic.hr\/potpisani-ugovori-o-financiranju-sa-sedam-udruga-iz-dnz-a-s-podrucja-socijalne-skrbi\/#breadcrumb"},"inLanguage":"hr","potentialAction":[{"@type":"ReadAction","target":["https:\/\/likemetkovic.hr\/potpisani-ugovori-o-financiranju-sa-sedam-udruga-iz-dnz-a-s-podrucja-socijalne-skrbi\/"]}]},{"@type":"ImageObject","inLanguage":"hr","@id":"https:\/\/likemetkovic.hr\/potpisani-ugovori-o-financiranju-sa-sedam-udruga-iz-dnz-a-s-podrucja-socijalne-skrbi\/#primaryimage","url":"https:\/\/likemetkovic.hr\/portal\/wp-content\/uploads\/2021\/04\/udruge-socijala-ugovori-160421-19.jpg","contentUrl":"https:\/\/likemetkovic.hr\/portal\/wp-content\/uploads\/2021\/04\/udruge-socijala-ugovori-160421-19.jpg","width":800,"height":533},{"@type":"BreadcrumbList","@id":"https:\/\/likemetkovic.hr\/potpisani-ugovori-o-financiranju-sa-sedam-udruga-iz-dnz-a-s-podrucja-socijalne-skrbi\/#breadcrumb","itemListElement":[{"@type":"ListItem","position":1,"name":"Po\u010detna stranica","item":"https:\/\/likemetkovic.hr\/portal\/"},{"@type":"ListItem","position":2,"name":"Potpisani ugovori o financiranju sa sedam udruga iz DN\u017d-a koje djeluju u podru\u010dju socijalne skrbi"}]},{"@type":"WebSite","@id":"https:\/\/likemetkovic.hr\/#website","url":"https:\/\/likemetkovic.hr\/","name":"likemetkovic.hr","description":"Misli pozitivno... \u010ditaj LIKE","potentialAction":[{"@type":"SearchAction","target":{"@type":"EntryPoint","urlTemplate":"https:\/\/likemetkovic.hr\/?s={search_term_string}"},"query-input":{"@type":"PropertyValueSpecification","valueRequired":true,"valueName":"search_term_string"}}],"inLanguage":"hr"},{"@type":"Person","@id":"https:\/\/likemetkovic.hr\/#\/schema\/person\/a42711f3385a0e2be6f7e0443bfb28f0","name":"LIKEmetkovic.hr","sameAs":["http:\/\/likemetkovic.hr"],"url":"https:\/\/likemetkovic.hr\/portal\/author\/likemetkovic-hr\/"}]}},"_links":{"self":[{"href":"https:\/\/likemetkovic.hr\/portal\/wp-json\/wp\/v2\/posts\/115966","targetHints":{"allow":["GET"]}}],"collection":[{"href":"https:\/\/likemetkovic.hr\/portal\/wp-json\/wp\/v2\/posts"}],"about":[{"href":"https:\/\/likemetkovic.hr\/portal\/wp-json\/wp\/v2\/types\/post"}],"author":[{"embeddable":true,"href":"https:\/\/likemetkovic.hr\/portal\/wp-json\/wp\/v2\/users\/7"}],"replies":[{"embeddable":true,"href":"https:\/\/likemetkovic.hr\/portal\/wp-json\/wp\/v2\/comments?post=115966"}],"version-history":[{"count":0,"href":"https:\/\/likemetkovic.hr\/portal\/wp-json\/wp\/v2\/posts\/115966\/revisions"}],"wp:featuredmedia":[{"embeddable":true,"href":"https:\/\/likemetkovic.hr\/portal\/wp-json\/wp\/v2\/media\/115967"}],"wp:attachment":[{"href":"https:\/\/likemetkovic.hr\/portal\/wp-json\/wp\/v2\/media?parent=115966"}],"wp:term":[{"taxonomy":"category","embeddable":true,"href":"https:\/\/likemetkovic.hr\/portal\/wp-json\/wp\/v2\/categories?post=115966"},{"taxonomy":"post_tag","embeddable":true,"href":"https:\/\/likemetkovic.hr\/portal\/wp-json\/wp\/v2\/tags?post=115966"}],"curies":[{"name":"wp","href":"https:\/\/api.w.org\/{rel}","templated":true}]}}