{"id":115975,"date":"2021-04-16T16:42:02","date_gmt":"2021-04-16T14:42:02","guid":{"rendered":"https:\/\/likemetkovic.hr\/?p=115975"},"modified":"2021-04-17T09:14:58","modified_gmt":"2021-04-17T07:14:58","slug":"povrat-poreza-ove-godine-stize-ranije","status":"publish","type":"post","link":"https:\/\/likemetkovic.hr\/portal\/povrat-poreza-ove-godine-stize-ranije\/","title":{"rendered":"Povrat poreza ove godine sti\u017ee ranije"},"content":{"rendered":"<p>Iako kampanja za lokalne izbore slu\u017ebeno po\u010dinje tek za 15-ak dana, ona neformalna traje mjesecima. Usporedno s velikim planovima, projektima i obe\u0107anjima tipi\u010dnim za izbore, lokalne vlasti trenutno su zaokupljene (i) daleko prizemnijim brigama i ra\u010dunicama.<\/p>\n<p>U prvom redu to su trenutno one vezane uz povrate poreza na dohodak za \u0161to \u0107e za dva-tri mjeseca ove godine lokalni prora\u010duni zbog olak\u0161ica za mlade trebati osigurati znatno vi\u0161e novca nego lani. Problem je \u0161to dio gradova ba\u0161 i nema jasnu sliku koliko vi\u0161e, a taj porez, pa i povrat, im je zna\u010dajna stavka.<\/p>\n<p>Usto, na vratima su i rokovi za vra\u0107anje lanjskog beskamatnog zajma Ministarstva financija koji je gradovima, op\u0107inama i \u017eupanijama dan na raspolaganje na ime pada prihoda uslijed koronakrize odnosno Vladinih mjera odgoda, obro\u010dnih pla\u0107anja i\/li oslobo\u0111enja pla\u0107anja poreza i doprinosa.\u00a0 Radi se o pribli\u017eno 1,2 milijarde kuna odobrenih do godine dana. Dok je\u00a0 dio \u201clokalaca\u201d ve\u0107 vratio tu pozajmicu, neki \u0107e morati posegnuti za jo\u0161 jednom premosnicom.<\/p>\n<p>Ministar financija Zdravko Mari\u0107 u vezi <strong>s povratom poreza<\/strong> na dohodak je ve\u0107 potkraj velja\u010de najavio kako bi on ove godine <strong>trebao krenuti u svibnju<\/strong>, odnosno ne\u0161to ranije nego obi\u010dno. Ra\u010duna se da \u0107e povrat poreza ove godine mogao prema\u0161iti dvije milijarde kuna, pri \u010demu je efekt olak\u0161ica za mlade prvotno procjenjen na oko 700 milijuna kuna.<\/p>\n<p>Procjene su i da \u0107e pravo na tu olak\u0161icu imati oko 260 tisu\u0107a zaposlenih u dobi do 30 godina (koji su pla\u0107om zahva\u0107eni poreznim \u0161karama), s tim da bi se onima do 25 godina trebao vratiti cjelokupni pla\u0107eni porez na dohodak od nesamostalnog rada, a onima izme\u0111u 25 i 30 godina polovica.<\/p>\n<p>Tako bi npr. onima s neto pla\u0107om oko 8000 kuna ili oko 12.000 bruto, ako su dobi do 25 godina, na ra\u010dune za koji mjesec moglo sjesti i 19.000 kuna, a ako su bli\u017ee 30. godini, upola manje.<\/p>\n<p>Kako je za mnoge gradove porez na dohodak klju\u010dni prihodni oslonac, pove\u0107ani povrati mnogima su nemalo dodatno optere\u0107enje.<\/p>\n<p>U svakom slu\u010daju, gradovi jo\u0161 nemaju preciznu sliku pla\u0107a po dobnoj strukturi, ali Ministarstvo financija sad ve\u0107 zacijelo ima a\u017euriran pregled, a to zna\u010di da \u0107e se uskoro pokazati i jesu li efekti olak\u0161ica za mlade ve\u0107i ili manji od prvotne procjene od 700 milijuna kuna. \u017deljko Turk, predsjednik Udruge gradova i gradona\u010delnik Zapre\u0161i\u0107a ka\u017ee kako su standardni povrati u slu\u010daju Zapre\u0161i\u0107a iznosili pet, \u0161est milijuna kuna, a ra\u010duna da bi ove godine mogli iznositi izme\u0111u osam i devet.<\/p>\n<p>Ina\u010de, na razini svih lokalnih jedinica u Hrvatskoj pandemijska je 2020. zaklju\u010dena s nepunih 28 milijardi kuna prihoda, \u0161to je \u010detiri posto ili 780 milijuna manje u odnosu na prethodnu godinu.<\/p>\n<p>Pritom su u \u017eupanijama prihodi pove\u0107ani, na razini op\u0107ina pad je bio neznatan, a utjecaj koronakrize najvi\u0161e se osjetio na gradskim prora\u010dunima. Prihodi njihovih prora\u010duna okopnili su za milijardu kuna ili oko 5,8 posto.<\/p>\n<p>Uz Zagreb koji je izgubio najvi\u0161e prihoda u apsolutnim iznosima, postotno je najve\u0107i pad zabilje\u017eio Dubrovnik, a iznadprosje\u010dno su prihodi pali i nekim drugim jadranskim gradovima na \u010dije prora\u010dune turizam ima izra\u017eeniji utjecaj.<\/p>\n<p>Vi\u0161e mo\u017eete pro\u010ditati na <a href=\"https:\/\/www.poslovni.hr\/hrvatska\/samo-u-zagrebu-mladima-oko-270-mil-kuna-povrata-poreza-4282358\">poslovni.hr<\/a>.<\/p>\n","protected":false},"excerpt":{"rendered":"<p>Iako kampanja za lokalne izbore slu\u017ebeno po\u010dinje tek za 15-ak dana, ona neformalna traje mjesecima. Usporedno s velikim planovima, projektima i obe\u0107anjima tipi\u010dnim za izbore, lokalne vlasti trenutno su zaokupljene (i) daleko prizemnijim brigama i ra\u010dunicama. U prvom redu to su trenutno one vezane uz povrate poreza na dohodak za \u0161to \u0107e za dva-tri mjeseca [&hellip;]<\/p>\n","protected":false},"author":8,"featured_media":0,"comment_status":"open","ping_status":"open","sticky":false,"template":"","format":"standard","meta":{"footnotes":""},"categories":[296,290],"tags":[1038],"class_list":{"0":"post-115975","1":"post","2":"type-post","3":"status-publish","4":"format-standard","6":"category-ab","7":"category-politika","8":"tag-povrat-poreza"},"yoast_head":"<!-- This site is optimized with the Yoast SEO plugin v25.2 - https:\/\/yoast.com\/wordpress\/plugins\/seo\/ -->\n<title>Povrat poreza ove godine sti\u017ee ranije - likemetkovic.hr<\/title>\n<meta name=\"robots\" content=\"index, follow, max-snippet:-1, max-image-preview:large, max-video-preview:-1\" \/>\n<link rel=\"canonical\" href=\"https:\/\/likemetkovic.hr\/povrat-poreza-ove-godine-stize-ranije\/\" \/>\n<meta property=\"og:locale\" content=\"hr_HR\" \/>\n<meta property=\"og:type\" content=\"article\" \/>\n<meta property=\"og:title\" content=\"Povrat poreza ove godine sti\u017ee ranije - likemetkovic.hr\" \/>\n<meta property=\"og:description\" content=\"Iako kampanja za lokalne izbore slu\u017ebeno po\u010dinje tek za 15-ak dana, ona neformalna traje mjesecima. Usporedno s velikim planovima, projektima i obe\u0107anjima tipi\u010dnim za izbore, lokalne vlasti trenutno su zaokupljene (i) daleko prizemnijim brigama i ra\u010dunicama. U prvom redu to su trenutno one vezane uz povrate poreza na dohodak za \u0161to \u0107e za dva-tri mjeseca [&hellip;]\" \/>\n<meta property=\"og:url\" content=\"https:\/\/likemetkovic.hr\/povrat-poreza-ove-godine-stize-ranije\/\" \/>\n<meta property=\"og:site_name\" content=\"likemetkovic.hr\" \/>\n<meta property=\"article:publisher\" content=\"https:\/\/www.facebook.com\/likemetkovic.hr\/\" \/>\n<meta property=\"article:published_time\" content=\"2021-04-16T14:42:02+00:00\" \/>\n<meta property=\"article:modified_time\" content=\"2021-04-17T07:14:58+00:00\" \/>\n<meta property=\"og:image\" content=\"https:\/\/likemetkovic.hr\/wp-content\/uploads\/2016\/01\/prijava-poreza.jpg\" \/>\n\t<meta property=\"og:image:width\" content=\"800\" \/>\n\t<meta property=\"og:image:height\" content=\"533\" \/>\n\t<meta property=\"og:image:type\" content=\"image\/jpeg\" \/>\n<meta name=\"author\" content=\"LIKEmetkovic.hr\" \/>\n<meta name=\"twitter:card\" content=\"summary_large_image\" \/>\n<meta name=\"twitter:label1\" content=\"Napisao\/la\" \/>\n\t<meta name=\"twitter:data1\" content=\"LIKEmetkovic.hr\" \/>\n\t<meta name=\"twitter:label2\" content=\"Procijenjeno vrijeme \u010ditanja\" \/>\n\t<meta name=\"twitter:data2\" content=\"3 minute\" \/>\n<script type=\"application\/ld+json\" class=\"yoast-schema-graph\">{\"@context\":\"https:\/\/schema.org\",\"@graph\":[{\"@type\":\"WebPage\",\"@id\":\"https:\/\/likemetkovic.hr\/povrat-poreza-ove-godine-stize-ranije\/\",\"url\":\"https:\/\/likemetkovic.hr\/povrat-poreza-ove-godine-stize-ranije\/\",\"name\":\"Povrat poreza ove godine sti\u017ee ranije - likemetkovic.hr\",\"isPartOf\":{\"@id\":\"https:\/\/likemetkovic.hr\/#website\"},\"datePublished\":\"2021-04-16T14:42:02+00:00\",\"dateModified\":\"2021-04-17T07:14:58+00:00\",\"author\":{\"@id\":\"https:\/\/likemetkovic.hr\/#\/schema\/person\/adba0fd43631b5fc581c97e6ca793693\"},\"breadcrumb\":{\"@id\":\"https:\/\/likemetkovic.hr\/povrat-poreza-ove-godine-stize-ranije\/#breadcrumb\"},\"inLanguage\":\"hr\",\"potentialAction\":[{\"@type\":\"ReadAction\",\"target\":[\"https:\/\/likemetkovic.hr\/povrat-poreza-ove-godine-stize-ranije\/\"]}]},{\"@type\":\"BreadcrumbList\",\"@id\":\"https:\/\/likemetkovic.hr\/povrat-poreza-ove-godine-stize-ranije\/#breadcrumb\",\"itemListElement\":[{\"@type\":\"ListItem\",\"position\":1,\"name\":\"Po\u010detna stranica\",\"item\":\"https:\/\/likemetkovic.hr\/portal\/\"},{\"@type\":\"ListItem\",\"position\":2,\"name\":\"Povrat poreza ove godine sti\u017ee ranije\"}]},{\"@type\":\"WebSite\",\"@id\":\"https:\/\/likemetkovic.hr\/#website\",\"url\":\"https:\/\/likemetkovic.hr\/\",\"name\":\"likemetkovic.hr\",\"description\":\"Misli pozitivno... \u010ditaj LIKE\",\"potentialAction\":[{\"@type\":\"SearchAction\",\"target\":{\"@type\":\"EntryPoint\",\"urlTemplate\":\"https:\/\/likemetkovic.hr\/?s={search_term_string}\"},\"query-input\":{\"@type\":\"PropertyValueSpecification\",\"valueRequired\":true,\"valueName\":\"search_term_string\"}}],\"inLanguage\":\"hr\"},{\"@type\":\"Person\",\"@id\":\"https:\/\/likemetkovic.hr\/#\/schema\/person\/adba0fd43631b5fc581c97e6ca793693\",\"name\":\"LIKEmetkovic.hr\",\"url\":\"https:\/\/likemetkovic.hr\/portal\/author\/marijana\/\"}]}<\/script>\n<!-- \/ Yoast SEO plugin. -->","yoast_head_json":{"title":"Povrat poreza ove godine sti\u017ee ranije - likemetkovic.hr","robots":{"index":"index","follow":"follow","max-snippet":"max-snippet:-1","max-image-preview":"max-image-preview:large","max-video-preview":"max-video-preview:-1"},"canonical":"https:\/\/likemetkovic.hr\/povrat-poreza-ove-godine-stize-ranije\/","og_locale":"hr_HR","og_type":"article","og_title":"Povrat poreza ove godine sti\u017ee ranije - likemetkovic.hr","og_description":"Iako kampanja za lokalne izbore slu\u017ebeno po\u010dinje tek za 15-ak dana, ona neformalna traje mjesecima. Usporedno s velikim planovima, projektima i obe\u0107anjima tipi\u010dnim za izbore, lokalne vlasti trenutno su zaokupljene (i) daleko prizemnijim brigama i ra\u010dunicama. U prvom redu to su trenutno one vezane uz povrate poreza na dohodak za \u0161to \u0107e za dva-tri mjeseca [&hellip;]","og_url":"https:\/\/likemetkovic.hr\/povrat-poreza-ove-godine-stize-ranije\/","og_site_name":"likemetkovic.hr","article_publisher":"https:\/\/www.facebook.com\/likemetkovic.hr\/","article_published_time":"2021-04-16T14:42:02+00:00","article_modified_time":"2021-04-17T07:14:58+00:00","og_image":[{"width":800,"height":533,"url":"https:\/\/likemetkovic.hr\/wp-content\/uploads\/2016\/01\/prijava-poreza.jpg","type":"image\/jpeg"}],"author":"LIKEmetkovic.hr","twitter_card":"summary_large_image","twitter_misc":{"Napisao\/la":"LIKEmetkovic.hr","Procijenjeno vrijeme \u010ditanja":"3 minute"},"schema":{"@context":"https:\/\/schema.org","@graph":[{"@type":"WebPage","@id":"https:\/\/likemetkovic.hr\/povrat-poreza-ove-godine-stize-ranije\/","url":"https:\/\/likemetkovic.hr\/povrat-poreza-ove-godine-stize-ranije\/","name":"Povrat poreza ove godine sti\u017ee ranije - likemetkovic.hr","isPartOf":{"@id":"https:\/\/likemetkovic.hr\/#website"},"datePublished":"2021-04-16T14:42:02+00:00","dateModified":"2021-04-17T07:14:58+00:00","author":{"@id":"https:\/\/likemetkovic.hr\/#\/schema\/person\/adba0fd43631b5fc581c97e6ca793693"},"breadcrumb":{"@id":"https:\/\/likemetkovic.hr\/povrat-poreza-ove-godine-stize-ranije\/#breadcrumb"},"inLanguage":"hr","potentialAction":[{"@type":"ReadAction","target":["https:\/\/likemetkovic.hr\/povrat-poreza-ove-godine-stize-ranije\/"]}]},{"@type":"BreadcrumbList","@id":"https:\/\/likemetkovic.hr\/povrat-poreza-ove-godine-stize-ranije\/#breadcrumb","itemListElement":[{"@type":"ListItem","position":1,"name":"Po\u010detna stranica","item":"https:\/\/likemetkovic.hr\/portal\/"},{"@type":"ListItem","position":2,"name":"Povrat poreza ove godine sti\u017ee ranije"}]},{"@type":"WebSite","@id":"https:\/\/likemetkovic.hr\/#website","url":"https:\/\/likemetkovic.hr\/","name":"likemetkovic.hr","description":"Misli pozitivno... \u010ditaj LIKE","potentialAction":[{"@type":"SearchAction","target":{"@type":"EntryPoint","urlTemplate":"https:\/\/likemetkovic.hr\/?s={search_term_string}"},"query-input":{"@type":"PropertyValueSpecification","valueRequired":true,"valueName":"search_term_string"}}],"inLanguage":"hr"},{"@type":"Person","@id":"https:\/\/likemetkovic.hr\/#\/schema\/person\/adba0fd43631b5fc581c97e6ca793693","name":"LIKEmetkovic.hr","url":"https:\/\/likemetkovic.hr\/portal\/author\/marijana\/"}]}},"_links":{"self":[{"href":"https:\/\/likemetkovic.hr\/portal\/wp-json\/wp\/v2\/posts\/115975","targetHints":{"allow":["GET"]}}],"collection":[{"href":"https:\/\/likemetkovic.hr\/portal\/wp-json\/wp\/v2\/posts"}],"about":[{"href":"https:\/\/likemetkovic.hr\/portal\/wp-json\/wp\/v2\/types\/post"}],"author":[{"embeddable":true,"href":"https:\/\/likemetkovic.hr\/portal\/wp-json\/wp\/v2\/users\/8"}],"replies":[{"embeddable":true,"href":"https:\/\/likemetkovic.hr\/portal\/wp-json\/wp\/v2\/comments?post=115975"}],"version-history":[{"count":0,"href":"https:\/\/likemetkovic.hr\/portal\/wp-json\/wp\/v2\/posts\/115975\/revisions"}],"wp:attachment":[{"href":"https:\/\/likemetkovic.hr\/portal\/wp-json\/wp\/v2\/media?parent=115975"}],"wp:term":[{"taxonomy":"category","embeddable":true,"href":"https:\/\/likemetkovic.hr\/portal\/wp-json\/wp\/v2\/categories?post=115975"},{"taxonomy":"post_tag","embeddable":true,"href":"https:\/\/likemetkovic.hr\/portal\/wp-json\/wp\/v2\/tags?post=115975"}],"curies":[{"name":"wp","href":"https:\/\/api.w.org\/{rel}","templated":true}]}}