{"id":116641,"date":"2021-04-30T16:56:02","date_gmt":"2021-04-30T14:56:02","guid":{"rendered":"https:\/\/likemetkovic.hr\/?p=116641"},"modified":"2021-04-30T16:56:19","modified_gmt":"2021-04-30T14:56:19","slug":"sdp-na-izbore-u-metkovicu-ide-s-listom-za-gradsko-vijece-koju-nosi-dana-svagusa","status":"publish","type":"post","link":"https:\/\/likemetkovic.hr\/portal\/sdp-na-izbore-u-metkovicu-ide-s-listom-za-gradsko-vijece-koju-nosi-dana-svagusa\/","title":{"rendered":"SDP na izbore u Metkovi\u0107u ide s listom za Gradsko vije\u0107e koju nosi Dana Svagu\u0161a"},"content":{"rendered":"<p>Danas na \u017deljezni\u010dkom kolodvoru (<em>dalje<\/em><em>\u00a0od buke gra\u0111evinskih strojeva<\/em> kako je rekao Ivan \u0110erek), SDP Metkovi\u0107 je odr\u017eao konferenciji za medije na kojoj su ukratko predstavili svoju listu za Gradsko vije\u0107e i program.<\/p>\n<p>&#8211; Imao listu koja je sastavljena od sedam \u017eenskih osoba koje su na prvih sedam mjesta na\u0161e liste, me\u0111u njima su i tri nezavisne kandidatkinje koje su pristale biti dio SDP-ove pri\u010de na ove lokalne izbore u Metkovi\u0107u. Nositeljica na\u0161e liste je Dana Svagu\u0161a. &#8211; rekao je Ivan \u0110erek.<\/p>\n<p>&#8211; Tra\u017eimo povjerenje na\u0161ih gra\u0111ana da nakon provedenih izbora budemo u prilici \u010diniti ve\u0107inu u Gradskom vije\u0107u kako bi mogli realizirati to\u010dke na\u0161ega programa. Na\u0161 program se sastoji od vi\u0161e to\u010daka. Prva je <em>Metkovi\u0107 kao pametan grad<\/em> po uzoru na neke druge gradove u Hrvatskoj i mi za to imamo ljude i potencijal. Druga to\u010dka je <em>Metkovi\u0107 kao uklju\u010divi grad<\/em> u kojem nagla\u0161avamo brigu o starijima i nemo\u0107nima kojima \u017eelimo osigurati dnevne tople obroke u suradnji s udrugama, bo\u017ei\u0107nice i uskrsnice za umirovljenike, iznajmljivanje socijalnog stana u Zagrebu za osobe ikoje su na lije\u010denju, besplatan prijevoz na razini grada iz europskih sredstava, besplatne izvan\u0161kolske aktivnosti za u\u010denike, te smanjiti cijene dje\u010djih vrti\u0107a za 50 posto. Tre\u0107a to\u010dka je <em>Metkovi\u0107 kao odr\u017eivi grad<\/em>: putem europskih fondova \u0107emo se zalagati za ugradnju solarnih panela na javne objekte. smanjit \u0107emo iznose ra\u010duna za vodu po uzoru na Irsku bi cijena vode npr. do 100m\u00b3 bila besplatna. Mi smo progresivnijih stavova od onoga \u0161to sada vidimo, zato pozivamo sve one koji imaju ideje i potencijal da nam se pridru\u017ee. Molimo gra\u0111ane da iza\u0111u na izbore i da nam daju povjerenje, mi ih ne\u0107emo prevariti. &#8211; istakla je nositeljica liste Dana Svagu\u0161a.<\/p>\n\r\n                <style type=\"text\/css\">\r\n                    \r\n                    #tdi_1  .td-doubleSlider-2 .td-item1 {\r\n                        background: url(https:\/\/likemetkovic.hr\/portal\/wp-content\/uploads\/2021\/04\/sdp_metkovic_izbori-80x60.jpg) 0 0 no-repeat;\r\n                    }\r\n                    #tdi_1  .td-doubleSlider-2 .td-item2 {\r\n                        background: url(https:\/\/likemetkovic.hr\/portal\/wp-content\/uploads\/2021\/04\/sdp_metkovic_izbori_dana-svagusa-80x60.jpg) 0 0 no-repeat;\r\n                    }\r\n                    #tdi_1  .td-doubleSlider-2 .td-item3 {\r\n                        background: url(https:\/\/likemetkovic.hr\/portal\/wp-content\/uploads\/2021\/04\/sdp_metkovic_izbori_ivan-derek-80x60.jpg) 0 0 no-repeat;\r\n                    }\r\n                <\/style>\r\n\r\n                <div id=\"tdi_1\" class=\"td-gallery td-slide-on-2-columns\">\r\n                    <div class=\"post_td_gallery\">\r\n                        <div class=\"td-gallery-slide-top\">\r\n                           <div class=\"td-gallery-title\"><\/div>\r\n\r\n                            <div class=\"td-gallery-controls-wrapper\">\r\n                                <div class=\"td-gallery-slide-count\"><span class=\"td-gallery-slide-item-focus\">1<\/span> of 3<\/div>\r\n                                <div class=\"td-gallery-slide-prev-next-but\">\r\n                                    <i class = \"td-icon-left doubleSliderPrevButton\"><\/i>\r\n                                    <i class = \"td-icon-right doubleSliderNextButton\"><\/i>\r\n                                <\/div>\r\n                            <\/div>\r\n                        <\/div>\r\n\r\n                        <div class = \"td-doubleSlider-1 \">\r\n                            <div class = \"td-slider\">\r\n                                \r\n                    <div class = \"td-slide-item td-item1\">\r\n                        <figure class=\"td-slide-galery-figure td-slide-popup-gallery\">\r\n                            <a class=\"slide-gallery-image-link\" href=\"https:\/\/likemetkovic.hr\/portal\/wp-content\/uploads\/2021\/04\/sdp_metkovic_izbori.jpg\" title=\"sdp_metkovic_izbori\"  data-caption=\"\"  data-description=\"\">\r\n                                <img decoding=\"async\" src=\"https:\/\/likemetkovic.hr\/portal\/wp-content\/uploads\/2021\/04\/sdp_metkovic_izbori-630x420.jpg\" srcset=\"https:\/\/likemetkovic.hr\/portal\/wp-content\/uploads\/2021\/04\/sdp_metkovic_izbori-630x420.jpg 630w, https:\/\/likemetkovic.hr\/portal\/wp-content\/uploads\/2021\/04\/sdp_metkovic_izbori-768x512.jpg 768w, https:\/\/likemetkovic.hr\/portal\/wp-content\/uploads\/2021\/04\/sdp_metkovic_izbori-696x464.jpg 696w, https:\/\/likemetkovic.hr\/portal\/wp-content\/uploads\/2021\/04\/sdp_metkovic_izbori.jpg 800w\" sizes=\"(max-width: 630px) 100vw, 630px\" alt=\"\">\r\n                            <\/a>\r\n                            \r\n                        <\/figure>\r\n                    <\/div>\r\n                    <div class = \"td-slide-item td-item2\">\r\n                        <figure class=\"td-slide-galery-figure td-slide-popup-gallery\">\r\n                            <a class=\"slide-gallery-image-link\" href=\"https:\/\/likemetkovic.hr\/portal\/wp-content\/uploads\/2021\/04\/sdp_metkovic_izbori_dana-svagusa.jpg\" title=\"sdp_metkovic_izbori_dana-svagusa\"  data-caption=\"\"  data-description=\"\">\r\n                                <img decoding=\"async\" src=\"https:\/\/likemetkovic.hr\/portal\/wp-content\/uploads\/2021\/04\/sdp_metkovic_izbori_dana-svagusa-630x420.jpg\" srcset=\"https:\/\/likemetkovic.hr\/portal\/wp-content\/uploads\/2021\/04\/sdp_metkovic_izbori_dana-svagusa-630x420.jpg 630w, https:\/\/likemetkovic.hr\/portal\/wp-content\/uploads\/2021\/04\/sdp_metkovic_izbori_dana-svagusa-768x512.jpg 768w, https:\/\/likemetkovic.hr\/portal\/wp-content\/uploads\/2021\/04\/sdp_metkovic_izbori_dana-svagusa-696x464.jpg 696w, https:\/\/likemetkovic.hr\/portal\/wp-content\/uploads\/2021\/04\/sdp_metkovic_izbori_dana-svagusa.jpg 800w\" sizes=\"(max-width: 630px) 100vw, 630px\" alt=\"\">\r\n                            <\/a>\r\n                            \r\n                        <\/figure>\r\n                    <\/div>\r\n                    <div class = \"td-slide-item td-item3\">\r\n                        <figure class=\"td-slide-galery-figure td-slide-popup-gallery\">\r\n                            <a class=\"slide-gallery-image-link\" href=\"https:\/\/likemetkovic.hr\/portal\/wp-content\/uploads\/2021\/04\/sdp_metkovic_izbori_ivan-derek.jpg\" title=\"sdp_metkovic_izbori_ivan-\u0111erek\"  data-caption=\"\"  data-description=\"\">\r\n                                <img decoding=\"async\" src=\"https:\/\/likemetkovic.hr\/portal\/wp-content\/uploads\/2021\/04\/sdp_metkovic_izbori_ivan-derek-630x420.jpg\" srcset=\"https:\/\/likemetkovic.hr\/portal\/wp-content\/uploads\/2021\/04\/sdp_metkovic_izbori_ivan-derek-630x420.jpg 630w, https:\/\/likemetkovic.hr\/portal\/wp-content\/uploads\/2021\/04\/sdp_metkovic_izbori_ivan-derek-768x512.jpg 768w, https:\/\/likemetkovic.hr\/portal\/wp-content\/uploads\/2021\/04\/sdp_metkovic_izbori_ivan-derek-696x464.jpg 696w, https:\/\/likemetkovic.hr\/portal\/wp-content\/uploads\/2021\/04\/sdp_metkovic_izbori_ivan-derek.jpg 800w\" sizes=\"(max-width: 630px) 100vw, 630px\" alt=\"\">\r\n                            <\/a>\r\n                            \r\n                        <\/figure>\r\n                    <\/div>\r\n                            <\/div>\r\n                        <\/div>\r\n\r\n                        <div class = \"td-doubleSlider-2\">\r\n                            <div class = \"td-slider\">\r\n                                \r\n                    <div class = \"td-button td-item1\">\r\n                        <div class = \"td-border\"><\/div>\r\n                    <\/div>\r\n                    <div class = \"td-button td-item2\">\r\n                        <div class = \"td-border\"><\/div>\r\n                    <\/div>\r\n                    <div class = \"td-button td-item3\">\r\n                        <div class = \"td-border\"><\/div>\r\n                    <\/div>\r\n                            <\/div>\r\n                        <\/div>\r\n\r\n                    <\/div>\r\n\r\n                <\/div>\r\n                \n<p>&nbsp;<\/p>\n","protected":false},"excerpt":{"rendered":"<p>Danas na \u017deljezni\u010dkom kolodvoru (dalje\u00a0od buke gra\u0111evinskih strojeva kako je rekao Ivan \u0110erek), SDP Metkovi\u0107 je odr\u017eao konferenciji za medije na kojoj su ukratko predstavili svoju listu za Gradsko vije\u0107e i program. &#8211; Imao listu koja je sastavljena od sedam \u017eenskih osoba koje su na prvih sedam mjesta na\u0161e liste, me\u0111u njima su i tri [&hellip;]<\/p>\n","protected":false},"author":9,"featured_media":116642,"comment_status":"open","ping_status":"open","sticky":false,"template":"","format":"standard","meta":{"footnotes":""},"categories":[296,290],"tags":[9286,8932,361],"class_list":{"0":"post-116641","1":"post","2":"type-post","3":"status-publish","4":"format-standard","5":"has-post-thumbnail","7":"category-ab","8":"category-politika","9":"tag-dana-svagusa","10":"tag-lokalni-izbori-2021","11":"tag-sdp-metkovic"},"yoast_head":"<!-- This site is optimized with the Yoast SEO plugin v25.2 - https:\/\/yoast.com\/wordpress\/plugins\/seo\/ -->\n<title>SDP na izbore u Metkovi\u0107u ide s listom za Gradsko vije\u0107e koju nosi Dana Svagu\u0161a - likemetkovic.hr<\/title>\n<meta name=\"robots\" content=\"index, follow, max-snippet:-1, max-image-preview:large, max-video-preview:-1\" \/>\n<link rel=\"canonical\" href=\"https:\/\/likemetkovic.hr\/sdp-na-izbore-u-metkovicu-ide-s-listom-za-gradsko-vijece-koju-nosi-dana-svagusa\/\" \/>\n<meta property=\"og:locale\" content=\"hr_HR\" \/>\n<meta property=\"og:type\" content=\"article\" \/>\n<meta property=\"og:title\" content=\"SDP na izbore u Metkovi\u0107u ide s listom za Gradsko vije\u0107e koju nosi Dana Svagu\u0161a - likemetkovic.hr\" \/>\n<meta property=\"og:description\" content=\"Danas na \u017deljezni\u010dkom kolodvoru (dalje\u00a0od buke gra\u0111evinskih strojeva kako je rekao Ivan \u0110erek), SDP Metkovi\u0107 je odr\u017eao konferenciji za medije na kojoj su ukratko predstavili svoju listu za Gradsko vije\u0107e i program. &#8211; Imao listu koja je sastavljena od sedam \u017eenskih osoba koje su na prvih sedam mjesta na\u0161e liste, me\u0111u njima su i tri [&hellip;]\" \/>\n<meta property=\"og:url\" content=\"https:\/\/likemetkovic.hr\/sdp-na-izbore-u-metkovicu-ide-s-listom-za-gradsko-vijece-koju-nosi-dana-svagusa\/\" \/>\n<meta property=\"og:site_name\" content=\"likemetkovic.hr\" \/>\n<meta property=\"article:publisher\" content=\"https:\/\/www.facebook.com\/likemetkovic.hr\/\" \/>\n<meta property=\"article:published_time\" content=\"2021-04-30T14:56:02+00:00\" \/>\n<meta property=\"article:modified_time\" content=\"2021-04-30T14:56:19+00:00\" \/>\n<meta property=\"og:image\" content=\"https:\/\/likemetkovic.hr\/wp-content\/uploads\/2021\/04\/sdp_metkovic_izbori.jpg\" \/>\n\t<meta property=\"og:image:width\" content=\"800\" \/>\n\t<meta property=\"og:image:height\" content=\"533\" \/>\n\t<meta property=\"og:image:type\" content=\"image\/jpeg\" \/>\n<meta name=\"author\" content=\"K. J.\" \/>\n<meta name=\"twitter:card\" content=\"summary_large_image\" \/>\n<meta name=\"twitter:label1\" content=\"Napisao\/la\" \/>\n\t<meta name=\"twitter:data1\" content=\"K. J.\" \/>\n\t<meta name=\"twitter:label2\" content=\"Procijenjeno vrijeme \u010ditanja\" \/>\n\t<meta name=\"twitter:data2\" content=\"2 minute\" \/>\n<script type=\"application\/ld+json\" class=\"yoast-schema-graph\">{\"@context\":\"https:\/\/schema.org\",\"@graph\":[{\"@type\":\"WebPage\",\"@id\":\"https:\/\/likemetkovic.hr\/sdp-na-izbore-u-metkovicu-ide-s-listom-za-gradsko-vijece-koju-nosi-dana-svagusa\/\",\"url\":\"https:\/\/likemetkovic.hr\/sdp-na-izbore-u-metkovicu-ide-s-listom-za-gradsko-vijece-koju-nosi-dana-svagusa\/\",\"name\":\"SDP na izbore u Metkovi\u0107u ide s listom za Gradsko vije\u0107e koju nosi Dana Svagu\u0161a - likemetkovic.hr\",\"isPartOf\":{\"@id\":\"https:\/\/likemetkovic.hr\/#website\"},\"primaryImageOfPage\":{\"@id\":\"https:\/\/likemetkovic.hr\/sdp-na-izbore-u-metkovicu-ide-s-listom-za-gradsko-vijece-koju-nosi-dana-svagusa\/#primaryimage\"},\"image\":{\"@id\":\"https:\/\/likemetkovic.hr\/sdp-na-izbore-u-metkovicu-ide-s-listom-za-gradsko-vijece-koju-nosi-dana-svagusa\/#primaryimage\"},\"thumbnailUrl\":\"https:\/\/likemetkovic.hr\/portal\/wp-content\/uploads\/2021\/04\/sdp_metkovic_izbori.jpg\",\"datePublished\":\"2021-04-30T14:56:02+00:00\",\"dateModified\":\"2021-04-30T14:56:19+00:00\",\"author\":{\"@id\":\"https:\/\/likemetkovic.hr\/#\/schema\/person\/0a8b4ebfdfe1ff01192dccda40c5da0c\"},\"breadcrumb\":{\"@id\":\"https:\/\/likemetkovic.hr\/sdp-na-izbore-u-metkovicu-ide-s-listom-za-gradsko-vijece-koju-nosi-dana-svagusa\/#breadcrumb\"},\"inLanguage\":\"hr\",\"potentialAction\":[{\"@type\":\"ReadAction\",\"target\":[\"https:\/\/likemetkovic.hr\/sdp-na-izbore-u-metkovicu-ide-s-listom-za-gradsko-vijece-koju-nosi-dana-svagusa\/\"]}]},{\"@type\":\"ImageObject\",\"inLanguage\":\"hr\",\"@id\":\"https:\/\/likemetkovic.hr\/sdp-na-izbore-u-metkovicu-ide-s-listom-za-gradsko-vijece-koju-nosi-dana-svagusa\/#primaryimage\",\"url\":\"https:\/\/likemetkovic.hr\/portal\/wp-content\/uploads\/2021\/04\/sdp_metkovic_izbori.jpg\",\"contentUrl\":\"https:\/\/likemetkovic.hr\/portal\/wp-content\/uploads\/2021\/04\/sdp_metkovic_izbori.jpg\",\"width\":800,\"height\":533},{\"@type\":\"BreadcrumbList\",\"@id\":\"https:\/\/likemetkovic.hr\/sdp-na-izbore-u-metkovicu-ide-s-listom-za-gradsko-vijece-koju-nosi-dana-svagusa\/#breadcrumb\",\"itemListElement\":[{\"@type\":\"ListItem\",\"position\":1,\"name\":\"Po\u010detna stranica\",\"item\":\"https:\/\/likemetkovic.hr\/portal\/\"},{\"@type\":\"ListItem\",\"position\":2,\"name\":\"SDP na izbore u Metkovi\u0107u ide s listom za Gradsko vije\u0107e koju nosi Dana Svagu\u0161a\"}]},{\"@type\":\"WebSite\",\"@id\":\"https:\/\/likemetkovic.hr\/#website\",\"url\":\"https:\/\/likemetkovic.hr\/\",\"name\":\"likemetkovic.hr\",\"description\":\"Misli pozitivno... \u010ditaj LIKE\",\"potentialAction\":[{\"@type\":\"SearchAction\",\"target\":{\"@type\":\"EntryPoint\",\"urlTemplate\":\"https:\/\/likemetkovic.hr\/?s={search_term_string}\"},\"query-input\":{\"@type\":\"PropertyValueSpecification\",\"valueRequired\":true,\"valueName\":\"search_term_string\"}}],\"inLanguage\":\"hr\"},{\"@type\":\"Person\",\"@id\":\"https:\/\/likemetkovic.hr\/#\/schema\/person\/0a8b4ebfdfe1ff01192dccda40c5da0c\",\"name\":\"K. J.\",\"url\":\"https:\/\/likemetkovic.hr\/portal\/author\/likemetkovic\/\"}]}<\/script>\n<!-- \/ Yoast SEO plugin. -->","yoast_head_json":{"title":"SDP na izbore u Metkovi\u0107u ide s listom za Gradsko vije\u0107e koju nosi Dana Svagu\u0161a - likemetkovic.hr","robots":{"index":"index","follow":"follow","max-snippet":"max-snippet:-1","max-image-preview":"max-image-preview:large","max-video-preview":"max-video-preview:-1"},"canonical":"https:\/\/likemetkovic.hr\/sdp-na-izbore-u-metkovicu-ide-s-listom-za-gradsko-vijece-koju-nosi-dana-svagusa\/","og_locale":"hr_HR","og_type":"article","og_title":"SDP na izbore u Metkovi\u0107u ide s listom za Gradsko vije\u0107e koju nosi Dana Svagu\u0161a - likemetkovic.hr","og_description":"Danas na \u017deljezni\u010dkom kolodvoru (dalje\u00a0od buke gra\u0111evinskih strojeva kako je rekao Ivan \u0110erek), SDP Metkovi\u0107 je odr\u017eao konferenciji za medije na kojoj su ukratko predstavili svoju listu za Gradsko vije\u0107e i program. &#8211; Imao listu koja je sastavljena od sedam \u017eenskih osoba koje su na prvih sedam mjesta na\u0161e liste, me\u0111u njima su i tri [&hellip;]","og_url":"https:\/\/likemetkovic.hr\/sdp-na-izbore-u-metkovicu-ide-s-listom-za-gradsko-vijece-koju-nosi-dana-svagusa\/","og_site_name":"likemetkovic.hr","article_publisher":"https:\/\/www.facebook.com\/likemetkovic.hr\/","article_published_time":"2021-04-30T14:56:02+00:00","article_modified_time":"2021-04-30T14:56:19+00:00","og_image":[{"width":800,"height":533,"url":"https:\/\/likemetkovic.hr\/wp-content\/uploads\/2021\/04\/sdp_metkovic_izbori.jpg","type":"image\/jpeg"}],"author":"K. J.","twitter_card":"summary_large_image","twitter_misc":{"Napisao\/la":"K. J.","Procijenjeno vrijeme \u010ditanja":"2 minute"},"schema":{"@context":"https:\/\/schema.org","@graph":[{"@type":"WebPage","@id":"https:\/\/likemetkovic.hr\/sdp-na-izbore-u-metkovicu-ide-s-listom-za-gradsko-vijece-koju-nosi-dana-svagusa\/","url":"https:\/\/likemetkovic.hr\/sdp-na-izbore-u-metkovicu-ide-s-listom-za-gradsko-vijece-koju-nosi-dana-svagusa\/","name":"SDP na izbore u Metkovi\u0107u ide s listom za Gradsko vije\u0107e koju nosi Dana Svagu\u0161a - likemetkovic.hr","isPartOf":{"@id":"https:\/\/likemetkovic.hr\/#website"},"primaryImageOfPage":{"@id":"https:\/\/likemetkovic.hr\/sdp-na-izbore-u-metkovicu-ide-s-listom-za-gradsko-vijece-koju-nosi-dana-svagusa\/#primaryimage"},"image":{"@id":"https:\/\/likemetkovic.hr\/sdp-na-izbore-u-metkovicu-ide-s-listom-za-gradsko-vijece-koju-nosi-dana-svagusa\/#primaryimage"},"thumbnailUrl":"https:\/\/likemetkovic.hr\/portal\/wp-content\/uploads\/2021\/04\/sdp_metkovic_izbori.jpg","datePublished":"2021-04-30T14:56:02+00:00","dateModified":"2021-04-30T14:56:19+00:00","author":{"@id":"https:\/\/likemetkovic.hr\/#\/schema\/person\/0a8b4ebfdfe1ff01192dccda40c5da0c"},"breadcrumb":{"@id":"https:\/\/likemetkovic.hr\/sdp-na-izbore-u-metkovicu-ide-s-listom-za-gradsko-vijece-koju-nosi-dana-svagusa\/#breadcrumb"},"inLanguage":"hr","potentialAction":[{"@type":"ReadAction","target":["https:\/\/likemetkovic.hr\/sdp-na-izbore-u-metkovicu-ide-s-listom-za-gradsko-vijece-koju-nosi-dana-svagusa\/"]}]},{"@type":"ImageObject","inLanguage":"hr","@id":"https:\/\/likemetkovic.hr\/sdp-na-izbore-u-metkovicu-ide-s-listom-za-gradsko-vijece-koju-nosi-dana-svagusa\/#primaryimage","url":"https:\/\/likemetkovic.hr\/portal\/wp-content\/uploads\/2021\/04\/sdp_metkovic_izbori.jpg","contentUrl":"https:\/\/likemetkovic.hr\/portal\/wp-content\/uploads\/2021\/04\/sdp_metkovic_izbori.jpg","width":800,"height":533},{"@type":"BreadcrumbList","@id":"https:\/\/likemetkovic.hr\/sdp-na-izbore-u-metkovicu-ide-s-listom-za-gradsko-vijece-koju-nosi-dana-svagusa\/#breadcrumb","itemListElement":[{"@type":"ListItem","position":1,"name":"Po\u010detna stranica","item":"https:\/\/likemetkovic.hr\/portal\/"},{"@type":"ListItem","position":2,"name":"SDP na izbore u Metkovi\u0107u ide s listom za Gradsko vije\u0107e koju nosi Dana Svagu\u0161a"}]},{"@type":"WebSite","@id":"https:\/\/likemetkovic.hr\/#website","url":"https:\/\/likemetkovic.hr\/","name":"likemetkovic.hr","description":"Misli pozitivno... \u010ditaj LIKE","potentialAction":[{"@type":"SearchAction","target":{"@type":"EntryPoint","urlTemplate":"https:\/\/likemetkovic.hr\/?s={search_term_string}"},"query-input":{"@type":"PropertyValueSpecification","valueRequired":true,"valueName":"search_term_string"}}],"inLanguage":"hr"},{"@type":"Person","@id":"https:\/\/likemetkovic.hr\/#\/schema\/person\/0a8b4ebfdfe1ff01192dccda40c5da0c","name":"K. J.","url":"https:\/\/likemetkovic.hr\/portal\/author\/likemetkovic\/"}]}},"_links":{"self":[{"href":"https:\/\/likemetkovic.hr\/portal\/wp-json\/wp\/v2\/posts\/116641","targetHints":{"allow":["GET"]}}],"collection":[{"href":"https:\/\/likemetkovic.hr\/portal\/wp-json\/wp\/v2\/posts"}],"about":[{"href":"https:\/\/likemetkovic.hr\/portal\/wp-json\/wp\/v2\/types\/post"}],"author":[{"embeddable":true,"href":"https:\/\/likemetkovic.hr\/portal\/wp-json\/wp\/v2\/users\/9"}],"replies":[{"embeddable":true,"href":"https:\/\/likemetkovic.hr\/portal\/wp-json\/wp\/v2\/comments?post=116641"}],"version-history":[{"count":0,"href":"https:\/\/likemetkovic.hr\/portal\/wp-json\/wp\/v2\/posts\/116641\/revisions"}],"wp:featuredmedia":[{"embeddable":true,"href":"https:\/\/likemetkovic.hr\/portal\/wp-json\/wp\/v2\/media\/116642"}],"wp:attachment":[{"href":"https:\/\/likemetkovic.hr\/portal\/wp-json\/wp\/v2\/media?parent=116641"}],"wp:term":[{"taxonomy":"category","embeddable":true,"href":"https:\/\/likemetkovic.hr\/portal\/wp-json\/wp\/v2\/categories?post=116641"},{"taxonomy":"post_tag","embeddable":true,"href":"https:\/\/likemetkovic.hr\/portal\/wp-json\/wp\/v2\/tags?post=116641"}],"curies":[{"name":"wp","href":"https:\/\/api.w.org\/{rel}","templated":true}]}}